{"id":99,"count":13,"description":"","link":"https:\/\/leblog.wesco.fr\/fr\/tag\/vivre-ensemble\/","name":"Vivre ensemble","slug":"vivre-ensemble","taxonomy":"post_tag","meta":[],"yoast_head":"<!-- This site is optimized with the Yoast SEO plugin v27.5 - https:\/\/yoast.com\/product\/yoast-seo-wordpress\/ -->\n<title>Le vivre-ensemble chez les enfants<\/title>\n<meta name=\"description\" content=\"D\u00e9velopper le vivre-ensemble chez les enfants, les interactions et la communication pour les aider \u00e0 s&#039;int\u00e9grer dans une communaut\u00e9 ou dans un groupe.\" \/>\n<meta name=\"robots\" content=\"index, follow, max-snippet:-1, max-image-preview:large, max-video-preview:-1\" \/>\n<link rel=\"canonical\" href=\"https:\/\/leblog.wesco.fr\/fr\/tag\/vivre-ensemble\/\" \/>\n<meta property=\"og:locale\" content=\"fr_FR\" \/>\n<meta property=\"og:type\" content=\"article\" \/>\n<meta property=\"og:title\" content=\"Le vivre-ensemble chez les enfants\" \/>\n<meta property=\"og:description\" content=\"D\u00e9velopper le vivre-ensemble chez les enfants, les interactions et la communication pour les aider \u00e0 s&#039;int\u00e9grer dans une communaut\u00e9 ou dans un groupe.\" \/>\n<meta property=\"og:url\" content=\"https:\/\/leblog.wesco.fr\/fr\/tag\/vivre-ensemble\/\" \/>\n<meta property=\"og:site_name\" content=\"Blog Wesco\" \/>\n<meta name=\"twitter:card\" content=\"summary_large_image\" \/>\n<!-- \/ Yoast SEO plugin. -->","yoast_head_json":{"title":"Le vivre-ensemble chez les enfants","description":"D\u00e9velopper le vivre-ensemble chez les enfants, les interactions et la communication pour les aider \u00e0 s'int\u00e9grer dans une communaut\u00e9 ou dans un groupe.","robots":{"index":"index","follow":"follow","max-snippet":"max-snippet:-1","max-image-preview":"max-image-preview:large","max-video-preview":"max-video-preview:-1"},"canonical":"https:\/\/leblog.wesco.fr\/fr\/tag\/vivre-ensemble\/","og_locale":"fr_FR","og_type":"article","og_title":"Le vivre-ensemble chez les enfants","og_description":"D\u00e9velopper le vivre-ensemble chez les enfants, les interactions et la communication pour les aider \u00e0 s'int\u00e9grer dans une communaut\u00e9 ou dans un groupe.","og_url":"https:\/\/leblog.wesco.fr\/fr\/tag\/vivre-ensemble\/","og_site_name":"Blog Wesco","twitter_card":"summary_large_image","schema":{"@context":"https:\/\/schema.org","@graph":[{"@type":"CollectionPage","@id":"https:\/\/leblog.wesco.fr\/fr\/tag\/vivre-ensemble\/","url":"https:\/\/leblog.wesco.fr\/fr\/tag\/vivre-ensemble\/","name":"Le vivre-ensemble chez les enfants","isPartOf":{"@id":"https:\/\/leblog.wesco.fr\/fr\/#website"},"description":"D\u00e9velopper le vivre-ensemble chez les enfants, les interactions et la communication pour les aider \u00e0 s'int\u00e9grer dans une communaut\u00e9 ou dans un groupe.","breadcrumb":{"@id":"https:\/\/leblog.wesco.fr\/fr\/tag\/vivre-ensemble\/#breadcrumb"},"inLanguage":"fr-FR"},{"@type":"BreadcrumbList","@id":"https:\/\/leblog.wesco.fr\/fr\/tag\/vivre-ensemble\/#breadcrumb","itemListElement":[{"@type":"ListItem","position":1,"name":"Accueil","item":"https:\/\/leblog.wesco.fr\/fr\/"},{"@type":"ListItem","position":2,"name":"Vivre ensemble"}]},{"@type":"WebSite","@id":"https:\/\/leblog.wesco.fr\/fr\/#website","url":"https:\/\/leblog.wesco.fr\/fr\/","name":"Blog Wesco","description":"Le rendez-vous des enfants, des parents et des professionnels","potentialAction":[{"@type":"SearchAction","target":{"@type":"EntryPoint","urlTemplate":"https:\/\/leblog.wesco.fr\/fr\/?s={search_term_string}"},"query-input":{"@type":"PropertyValueSpecification","valueRequired":true,"valueName":"search_term_string"}}],"inLanguage":"fr-FR"}]}},"_links":{"self":[{"href":"https:\/\/leblog.wesco.fr\/fr\/wp-json\/wp\/v2\/tags\/99","targetHints":{"allow":["GET"]}}],"collection":[{"href":"https:\/\/leblog.wesco.fr\/fr\/wp-json\/wp\/v2\/tags"}],"about":[{"href":"https:\/\/leblog.wesco.fr\/fr\/wp-json\/wp\/v2\/taxonomies\/post_tag"}],"wp:post_type":[{"href":"https:\/\/leblog.wesco.fr\/fr\/wp-json\/wp\/v2\/posts?tags=99"},{"href":"https:\/\/leblog.wesco.fr\/fr\/wp-json\/wp\/v2\/podcast?tags=99"}],"curies":[{"name":"wp","href":"https:\/\/api.w.org\/{rel}","templated":true}]}}