{"id":6663,"date":"2021-11-16T13:22:25","date_gmt":"2021-11-16T12:22:25","guid":{"rendered":"https:\/\/leblog.wesco.fr\/fr\/?p=6663"},"modified":"2022-10-14T14:13:44","modified_gmt":"2022-10-14T12:13:44","slug":"la-convention-internationale-des-droits-de-lenfant-expliquee-aux-enfants-et-aux-adultes-aussi","status":"publish","type":"post","link":"https:\/\/leblog.wesco.fr\/fr\/la-convention-internationale-des-droits-de-lenfant-expliquee-aux-enfants-et-aux-adultes-aussi\/","title":{"rendered":"La Convention Internationale des Droits de l&#8217;Enfant expliqu\u00e9e aux enfants et aux adultes aussi\u00a0!"},"content":{"rendered":"\n<p>\u00c0 l&#8217;occasion de la Journ\u00e9e Internationale des Droits de l&#8217;Enfant le 20 novembre prochain, nous vous proposons de revenir dans cet article sur le contenu de la Convention Internationale des Droits de l&#8217;Enfant. Si tous les enfants dans le monde disposent des m\u00eames droits d\u00e8s la naissance, un trop grand nombre est encore loin d&#8217;y avoir acc\u00e8s de mani\u00e8re \u00e9galitaire. Alors, si nous faisions le point ensemble&nbsp;?<\/p>\n\n\n\n<h2 class=\"wp-block-heading\">C&#8217;est quoi la Convention Internationale des Droits de l&#8217;Enfant&nbsp;?<\/h2>\n\n\n\n<blockquote class=\"wp-block-quote has-text-align-center is-layout-flow wp-block-quote-is-layout-flow\"><p>Parce que les enfants sont plus vuln\u00e9rables que les adultes, parce qu&#8217;ils n&#8217;ont ni droit de vote ni influence politique ou \u00e9conomique, parce que le d\u00e9veloppement sain des enfants est crucial pour l&#8217;avenir de toute soci\u00e9t\u00e9&nbsp;: le monde s&#8217;est dot\u00e9 en 1989 de la Convention Internationale des Droits de l&#8217;Enfant.<\/p><p>&nbsp;<\/p><cite>UNICEF &#8211;<\/cite><\/blockquote>\n\n\n\n<p>Ratifi\u00e9e en 1989 par les membres des Nations Unies, la Convention Internationale des Droits de l&#8217;Enfant (\u00e9galement connue sous l&#8217;acronyme CIDE) est un texte international et officiel qui place les enfants (moins de 18 ans) comme des \u00eatres \u00e0 part enti\u00e8re disposant de droits fondamentaux, obligatoires et bien s\u00fbr non n\u00e9gociables. Ainsi, les enfants ont tous sans exception des droits sociaux, \u00e9conomiques, civils, culturels et politiques.<\/p>\n\n\n\n<p>&nbsp;<\/p>\n\n\n\n<p>Pos\u00e9s sur le papier, ces droits obligent les \u00c9tats signataires \u00e0 prendre les dispositions n\u00e9cessaires pour garantir la bonne ex\u00e9cution de la CIDE. Ainsi, chaque ann\u00e9e, depuis 1989, les \u00c9tats signataires et leurs repr\u00e9sentants doivent rendre compte de leurs actions aupr\u00e8s du comit\u00e9 des droits de l&#8217;enfant des Nations Unies. <\/p>\n\n\n\n<p>&nbsp;<\/p>\n\n\n\n<p>Pour la France, par exemple, c&#8217;est le Minist\u00e8re des Solidarit\u00e9s et de la Sant\u00e9 qui est charg\u00e9 de la protection de l&#8217;enfance et qui conduit un certain nombre d&#8217;actions&nbsp;: 119 Allo enfance en danger, r\u00e9forme de l&#8217;enfance prot\u00e9g\u00e9e (strat\u00e9gie 2019-2022)\u2026 Enfin, \u00e0 ce jour, 193 \u00c9tats ont ratifi\u00e9 le texte (\u00e0 l&#8217;exception des \u00c9tats-Unis et de la Somalie).<\/p>\n\n\n\n<h2 class=\"wp-block-heading\">Quels sont les droits pr\u00e9sent\u00e9s dans la CIDE&nbsp;?<\/h2>\n\n\n\n<p>La Convention Internationale des Droits de l&#8217;Enfant recense <a href=\"https:\/\/www.unicef.fr\/sites\/default\/files\/convention-des-droits-de-lenfant.pdf\" target=\"_blank\" rel=\"noreferrer noopener\">54 articles<\/a> pr\u00e9cisant les droits dont dispose chaque enfant, \u00e0 savoir&nbsp;:<\/p>\n\n\n\n<ul class=\"wp-block-list\"><li>Avoir un nom, une nationalit\u00e9 et une identit\u00e9&nbsp;;<\/li><li>J&#8217;ai le droit d&#8217;\u00eatre soign\u00e9, de manger \u00e0 ma faim et de mani\u00e8re \u00e9quilibr\u00e9e&nbsp;; <\/li><li>Aller \u00e0 l&#8217;\u00e9cole&nbsp;;<\/li><li>\u00catre prot\u00e9g\u00e9 de toute forme de violence, de maltraitance et d&#8217;exploitation&nbsp;;<\/li><li>Ne pas subir de discrimination&nbsp;;<\/li><li>Ne pas assister ou prendre part \u00e0 des sc\u00e8nes de guerre&nbsp;;<\/li><li>Avoir un refuge, \u00eatre secouru et disposer de conditions de vie d\u00e9centes&nbsp;;<\/li><li>Jouer et choisir des loisirs en toute libert\u00e9&nbsp;;<\/li><li>Le droit \u00e0 la libert\u00e9 d&#8217;information, d&#8217;expression et de participation&nbsp;;<\/li><li>Avoir une famille, \u00eatre entour\u00e9 et aim\u00e9. <\/li><\/ul>\n\n\n<div class=\"wp-block-image\">\n<figure class=\"aligncenter size-large is-resized\"><img loading=\"lazy\" decoding=\"async\" src=\"https:\/\/leblog.wesco.fr\/fr\/wp-content\/uploads\/2021\/11\/affiche-cide-2019-bd-1-724x1024.jpg\" alt=\"\" class=\"wp-image-6671\" width=\"489\" height=\"692\"\/><figcaption><a href=\"https:\/\/www.unicef.fr\/sites\/default\/files\/affiche-cide-2019-bd.pdf\" target=\"_blank\" rel=\"noreferrer noopener\">T\u00e9l\u00e9chargez la version illustr\u00e9e de la CIDE (source UNICEF)<\/a><\/figcaption><\/figure>\n<\/div>\n\n\n<p>Pour r\u00e9sumer, la Convention Internationale des Droits de l&#8217;Enfant repose sur 4 principes fondamentaux&nbsp;:<\/p>\n\n\n\n<ul class=\"wp-block-list\"><li>la non-discrimination&nbsp;;<\/li><li>la priorit\u00e9 donn\u00e9e \u00e0 l&#8217;int\u00e9r\u00eat sup\u00e9rieur de l&#8217;enfant&nbsp;;<\/li><li>le droit de vivre, de survivre et de se d\u00e9velopper&nbsp;;<\/li><li>le respect des opinions de l&#8217;enfant.<\/li><\/ul>\n\n\n\n<h2 class=\"wp-block-heading\">Comment aborder le sujet du droit des enfants&nbsp;?<\/h2>\n\n\n\n<p>\u00c0 l&#8217;\u00e9cole, \u00e0 la maison, lors d&#8217;une balade ou \u00e0 l&#8217;occasion de l&#8217;arriv\u00e9e d&#8217;une nouvelle famille dans le quartier&#8230; tous les moments sont propices pour lancer le sujet&nbsp;: &#8220;Est-ce que tu penses que les enfants ont des droits&nbsp;? D&#8217;ailleurs, est-ce que tu sais ce que \u00e7a veut dire avoir des droits&nbsp;?&#8221;. Par le jeu de questions\/r\u00e9ponses, vous amorcerez une discussion autour de ce sujet civique particuli\u00e8rement important. <\/p>\n\n\n\n<p>&nbsp;<\/p>\n\n\n\n<p>Si nous manquons parfois de r\u00e9ponses facilement compr\u00e9hensibles et adapt\u00e9es \u00e0 l&#8217;\u00e2ge des enfants, voici quelques outils p\u00e9dagogiques sur lesquels vous appuyer&nbsp;:<\/p>\n\n\n\n<ul class=\"wp-block-list\"><li><a href=\"https:\/\/my.unicef.fr\/sites\/default\/files\/livret_activites_unicef_france.pdf\" target=\"_blank\" rel=\"noreferrer noopener\">Livret d&#8217;activit\u00e9s<\/a>&nbsp;: propos\u00e9 par l&#8217;UNICEF, il permet aux enfants d&#8217;identifier leurs droits dans diff\u00e9rentes situations du quotidien.<\/li><li>Vid\u00e9o &#8220;C&#8217;est quoi les droits de l&#8217;enfant&#8221; (<a href=\"https:\/\/www.youtube.com\/playlist?list=PL7h1upgZ_vhJxVyrZdqGryeJCFzThEejx\" target=\"_blank\" rel=\"noreferrer noopener\">s\u00e9rie 1 jour, 1 question<\/a>)&nbsp;: <\/li><\/ul>\n\n\n\n<figure class=\"wp-block-embed is-type-video is-provider-youtube wp-block-embed-youtube wp-embed-aspect-16-9 wp-has-aspect-ratio\"><div class=\"wp-block-embed__wrapper\">\n<iframe loading=\"lazy\" title=\"C&#039;est quoi les droits de l&#039;enfant ? - 1 jour, 1 question\" width=\"1140\" height=\"641\" src=\"https:\/\/www.youtube.com\/embed\/etSsWE_R7gI?feature=oembed\" frameborder=\"0\" allow=\"accelerometer; autoplay; clipboard-write; encrypted-media; gyroscope; picture-in-picture\" allowfullscreen><\/iframe>\n<\/div><\/figure>\n\n\n\n<ul class=\"wp-block-list\"><li>Livres &#8220;<a href=\"https:\/\/www.wesco.fr\/58189171-j-ai-le-droit-d-etre-un-enfant.html\" target=\"_blank\" rel=\"noreferrer noopener\">J&#8217;ai le droit d&#8217;\u00eatre un enfant<\/a>&#8221; et &#8220;<a href=\"https:\/\/www.wesco.fr\/58224171-la-petite-encyclopedie-les-enfants-du-monde.html\" target=\"_blank\" rel=\"noreferrer noopener\">Les enfants du Monde<\/a>&#8221; \u00e0 retrouver sur notre site <a href=\"http:\/\/www.wesco.fr\" target=\"_blank\" rel=\"noreferrer noopener\">www.wesco.fr<\/a>.<\/li><\/ul>\n\n\n\n<p>Le sujet est vaste et peut interroger votre enfant \u00e0 diff\u00e9rents moments de sa vie. Restez disponible et \u00e0 l&#8217;\u00e9coute d\u00e8s qu&#8217;il souhaitera en reparler. Vous pouvez aussi encourager sa parole et la prise de conscience de l&#8217;environnement qui l&#8217;entoure. Si votre enfant est t\u00e9moin d&#8217;une situation qui l&#8217;interpelle, dites-lui qu&#8217;il peut s&#8217;exprimer aupr\u00e8s d&#8217;adultes r\u00e9f\u00e9rents comme ses parents, son professeur d&#8217;\u00e9cole\u2026 En somme, proposez-lui une oreille attentive&nbsp;!<\/p>\n\n\n\n<h2 class=\"wp-block-heading\">En conclusion<\/h2>\n\n\n\n<p>La Convention Internationale des Droits de l\u2019Enfant a permis d\u2019am\u00e9liorer l\u2019acc\u00e8s aux soins et d\u2019augmenter le taux de scolarisation des enfants dans certains pays. Pour autant, les efforts des \u00c9tats signataires doivent \u00eatre continus pour qu\u2019\u00e0 l\u2019avenir tous les enfants aient les m\u00eames chances. Et si nous prenions l\u2019engagement \u00e0 l\u2019issue de la lecture de cet article d\u2019en parler avec nos enfants et d\u2019encourager leur curiosit\u00e9 citoyenne&nbsp;? \u00c0 vos d\u00e9bats anim\u00e9s\u2026 et respectueux&nbsp;!<\/p>\n\n\n\n<h2 class=\"wp-block-heading\">Nos articles sur la m\u00eame th\u00e9matique <\/h2>\n\n\n\n<ul class=\"wp-block-list\"><li><a href=\"https:\/\/leblog.wesco.fr\/fr\/presidentielles-2017-expliquer-les-elections-aux-enfants-le-blog-wesco\/\">C&#8217;est quoi la Pr\u00e9sidentielle&nbsp;? <\/a><\/li><li><a href=\"https:\/\/leblog.wesco.fr\/lunion-europeenne-expliquee-aux-enfants\/\">L&#8217;Union Europ\u00e9enne expliqu\u00e9e aux enfants<\/a><\/li><li><a href=\"https:\/\/leblog.wesco.fr\/fr\/le-consentement-explique-a-mon-enfant\/\">Le consentement expliqu\u00e9 \u00e0 mon enfant<\/a><\/li><\/ul>\n\n\n\n<h2 class=\"wp-block-heading\">Pour aller plus loin <\/h2>\n\n\n\n<ul class=\"wp-block-list\"><li>Suivez et soutenez les actions de l&#8217;<a href=\"https:\/\/www.unicef.fr\/\" target=\"_blank\" rel=\"noreferrer noopener\">UNICEF<\/a><\/li><li>\u00c0 la maison, lisez avec votre enfant &#8220;<a href=\"https:\/\/site.nathan.fr\/livres\/cahiers-filliozat-les-droits-de-lenfant-des-5-ans-9782092580745.html\" target=\"_blank\" rel=\"noreferrer noopener\">Les droits de l&#8217;enfant<\/a>&#8221; dans la collection les Cahiers Filliozat<\/li><li>Sur le site <a href=\"https:\/\/eduscol.education.fr\/1754\/journee-internationale-des-droits-de-l-enfant\" target=\"_blank\" rel=\"noreferrer noopener\">\u00c9duscol<\/a>, d\u00e9couvrez des ressources p\u00e9dagogiques pour aborder le sujet en classe<\/li><\/ul>\n\n\n\n<p><\/p>\n","protected":false},"excerpt":{"rendered":"<p>\u00c0 l&#8217;occasion de la Journ\u00e9e Internationale des Droits de l&#8217;Enfant le 20 novembre prochain, nous vous proposons de revenir dans cet article sur le contenu de la Convention Internationale des Droits de l&#8217;Enfant. Si tous les enfants dans le monde disposent des m\u00eames droits d\u00e8s la naissance, un trop grand nombre est encore loin d&#8217;y avoir acc\u00e8s de mani\u00e8re \u00e9galitaire. Alors, si nous faisions le point ensemble&nbsp;? C&#8217;est quoi la Convention Internationale des Droits de l&#8217;Enfant&nbsp;? Parce que les enfants sont plus vuln\u00e9rables que les adultes, parce qu&#8217;ils n&#8217;ont ni droit de vote ni influence politique ou \u00e9conomique, parce que le d\u00e9veloppement sain des enfants est crucial pour l&#8217;avenir de toute soci\u00e9t\u00e9&nbsp;: le monde s&#8217;est dot\u00e9 en 1989 de la Convention Internationale des Droits de l&#8217;Enfant. &nbsp; UNICEF &#8211; Ratifi\u00e9e en 1989 par les membres [&hellip;]<\/p>\n","protected":false},"author":12,"featured_media":6680,"comment_status":"open","ping_status":"open","sticky":false,"template":"","format":"standard","meta":{"_lmt_disableupdate":"","_lmt_disable":"","episode_type":"","audio_file":"","podmotor_file_id":"","podmotor_episode_id":"","cover_image":"","cover_image_id":"","duration":"","filesize":"","filesize_raw":"","date_recorded":"","explicit":"","block":"","itunes_episode_number":"","itunes_title":"","itunes_season_number":"","itunes_episode_type":"","footnotes":""},"categories":[64],"tags":[19,20,29,32,37,52,99],"class_list":["post-6663","post","type-post","status-publish","format-standard","has-post-thumbnail","hentry","category-routines-et-emotions","tag-3-6-ans","tag-6-10-ans","tag-bienveillance","tag-communication","tag-education-civique","tag-parentalite","tag-vivre-ensemble"],"yoast_head":"<!-- This site is optimized with the Yoast SEO plugin v27.5 - https:\/\/yoast.com\/product\/yoast-seo-wordpress\/ -->\n<title>Savez-vous quels sont les droits des enfants ? - Le Blog Wesco<\/title>\n<meta name=\"description\" content=\"La Convention Internationale des Droits de l&#039;Enfant c&#039;est quoi ? Nous vous expliquons dans cet article quel est le but de cette convention.\" \/>\n<meta name=\"robots\" content=\"index, follow, max-snippet:-1, max-image-preview:large, max-video-preview:-1\" \/>\n<link rel=\"canonical\" href=\"https:\/\/leblog.wesco.fr\/fr\/la-convention-internationale-des-droits-de-lenfant-expliquee-aux-enfants-et-aux-adultes-aussi\/\" \/>\n<meta property=\"og:locale\" content=\"fr_FR\" \/>\n<meta property=\"og:type\" content=\"article\" \/>\n<meta property=\"og:title\" content=\"Savez-vous quels sont les droits des enfants ? - Le Blog Wesco\" \/>\n<meta property=\"og:description\" content=\"La Convention Internationale des Droits de l&#039;Enfant c&#039;est quoi ? Nous vous expliquons dans cet article quel est le but de cette convention.\" \/>\n<meta property=\"og:url\" content=\"https:\/\/leblog.wesco.fr\/fr\/la-convention-internationale-des-droits-de-lenfant-expliquee-aux-enfants-et-aux-adultes-aussi\/\" \/>\n<meta property=\"og:site_name\" content=\"Blog Wesco\" \/>\n<meta property=\"article:published_time\" content=\"2021-11-16T12:22:25+00:00\" \/>\n<meta property=\"article:modified_time\" content=\"2022-10-14T12:13:44+00:00\" \/>\n<meta property=\"og:image\" content=\"https:\/\/leblog.wesco.fr\/fr\/wp-content\/uploads\/2021\/11\/droits-enfants-e1656661810368.jpg\" \/>\n\t<meta property=\"og:image:width\" content=\"1400\" \/>\n\t<meta property=\"og:image:height\" content=\"700\" \/>\n\t<meta property=\"og:image:type\" content=\"image\/jpeg\" \/>\n<meta name=\"author\" content=\"Adeline Glotin\" \/>\n<meta name=\"twitter:card\" content=\"summary_large_image\" \/>\n<meta name=\"twitter:label1\" content=\"\u00c9crit par\" \/>\n\t<meta name=\"twitter:data1\" content=\"Adeline Glotin\" \/>\n\t<meta name=\"twitter:label2\" content=\"Dur\u00e9e de lecture estim\u00e9e\" \/>\n\t<meta name=\"twitter:data2\" content=\"5 minutes\" \/>\n<!-- \/ Yoast SEO plugin. -->","yoast_head_json":{"title":"Savez-vous quels sont les droits des enfants ? - Le Blog Wesco","description":"La Convention Internationale des Droits de l'Enfant c'est quoi ? Nous vous expliquons dans cet article quel est le but de cette convention.","robots":{"index":"index","follow":"follow","max-snippet":"max-snippet:-1","max-image-preview":"max-image-preview:large","max-video-preview":"max-video-preview:-1"},"canonical":"https:\/\/leblog.wesco.fr\/fr\/la-convention-internationale-des-droits-de-lenfant-expliquee-aux-enfants-et-aux-adultes-aussi\/","og_locale":"fr_FR","og_type":"article","og_title":"Savez-vous quels sont les droits des enfants ? - Le Blog Wesco","og_description":"La Convention Internationale des Droits de l'Enfant c'est quoi ? Nous vous expliquons dans cet article quel est le but de cette convention.","og_url":"https:\/\/leblog.wesco.fr\/fr\/la-convention-internationale-des-droits-de-lenfant-expliquee-aux-enfants-et-aux-adultes-aussi\/","og_site_name":"Blog Wesco","article_published_time":"2021-11-16T12:22:25+00:00","article_modified_time":"2022-10-14T12:13:44+00:00","og_image":[{"width":1400,"height":700,"url":"https:\/\/leblog.wesco.fr\/fr\/wp-content\/uploads\/2021\/11\/droits-enfants-e1656661810368.jpg","type":"image\/jpeg"}],"author":"Adeline Glotin","twitter_card":"summary_large_image","twitter_misc":{"\u00c9crit par":"Adeline Glotin","Dur\u00e9e de lecture estim\u00e9e":"5 minutes"},"schema":{"@context":"https:\/\/schema.org","@graph":[{"@type":"Article","@id":"https:\/\/leblog.wesco.fr\/fr\/la-convention-internationale-des-droits-de-lenfant-expliquee-aux-enfants-et-aux-adultes-aussi\/#article","isPartOf":{"@id":"https:\/\/leblog.wesco.fr\/fr\/la-convention-internationale-des-droits-de-lenfant-expliquee-aux-enfants-et-aux-adultes-aussi\/"},"author":{"name":"Adeline Glotin","@id":"https:\/\/leblog.wesco.fr\/fr\/#\/schema\/person\/5b3ee9a8dc2fd893039f49523cc60222"},"headline":"La Convention Internationale des Droits de l&#8217;Enfant expliqu\u00e9e aux enfants et aux adultes aussi\u00a0!","datePublished":"2021-11-16T12:22:25+00:00","dateModified":"2022-10-14T12:13:44+00:00","mainEntityOfPage":{"@id":"https:\/\/leblog.wesco.fr\/fr\/la-convention-internationale-des-droits-de-lenfant-expliquee-aux-enfants-et-aux-adultes-aussi\/"},"wordCount":928,"commentCount":0,"image":{"@id":"https:\/\/leblog.wesco.fr\/fr\/la-convention-internationale-des-droits-de-lenfant-expliquee-aux-enfants-et-aux-adultes-aussi\/#primaryimage"},"thumbnailUrl":"https:\/\/leblog.wesco.fr\/fr\/wp-content\/uploads\/2021\/11\/droits-enfants-e1656661810368.jpg","keywords":["3\/6 ans","6\/10 ans","Bienveillance","Communication","\u00c9ducation civique","Parentalit\u00e9","Vivre ensemble"],"articleSection":["Routines &amp; \u00e9motions"],"inLanguage":"fr-FR","potentialAction":[{"@type":"CommentAction","name":"Comment","target":["https:\/\/leblog.wesco.fr\/fr\/la-convention-internationale-des-droits-de-lenfant-expliquee-aux-enfants-et-aux-adultes-aussi\/#respond"]}]},{"@type":"WebPage","@id":"https:\/\/leblog.wesco.fr\/fr\/la-convention-internationale-des-droits-de-lenfant-expliquee-aux-enfants-et-aux-adultes-aussi\/","url":"https:\/\/leblog.wesco.fr\/fr\/la-convention-internationale-des-droits-de-lenfant-expliquee-aux-enfants-et-aux-adultes-aussi\/","name":"Savez-vous quels sont les droits des enfants ? - Le Blog Wesco","isPartOf":{"@id":"https:\/\/leblog.wesco.fr\/fr\/#website"},"primaryImageOfPage":{"@id":"https:\/\/leblog.wesco.fr\/fr\/la-convention-internationale-des-droits-de-lenfant-expliquee-aux-enfants-et-aux-adultes-aussi\/#primaryimage"},"image":{"@id":"https:\/\/leblog.wesco.fr\/fr\/la-convention-internationale-des-droits-de-lenfant-expliquee-aux-enfants-et-aux-adultes-aussi\/#primaryimage"},"thumbnailUrl":"https:\/\/leblog.wesco.fr\/fr\/wp-content\/uploads\/2021\/11\/droits-enfants-e1656661810368.jpg","datePublished":"2021-11-16T12:22:25+00:00","dateModified":"2022-10-14T12:13:44+00:00","author":{"@id":"https:\/\/leblog.wesco.fr\/fr\/#\/schema\/person\/5b3ee9a8dc2fd893039f49523cc60222"},"description":"La Convention Internationale des Droits de l'Enfant c'est quoi ? Nous vous expliquons dans cet article quel est le but de cette convention.","breadcrumb":{"@id":"https:\/\/leblog.wesco.fr\/fr\/la-convention-internationale-des-droits-de-lenfant-expliquee-aux-enfants-et-aux-adultes-aussi\/#breadcrumb"},"inLanguage":"fr-FR","potentialAction":[{"@type":"ReadAction","target":["https:\/\/leblog.wesco.fr\/fr\/la-convention-internationale-des-droits-de-lenfant-expliquee-aux-enfants-et-aux-adultes-aussi\/"]}]},{"@type":"ImageObject","inLanguage":"fr-FR","@id":"https:\/\/leblog.wesco.fr\/fr\/la-convention-internationale-des-droits-de-lenfant-expliquee-aux-enfants-et-aux-adultes-aussi\/#primaryimage","url":"https:\/\/leblog.wesco.fr\/fr\/wp-content\/uploads\/2021\/11\/droits-enfants-e1656661810368.jpg","contentUrl":"https:\/\/leblog.wesco.fr\/fr\/wp-content\/uploads\/2021\/11\/droits-enfants-e1656661810368.jpg","width":1400,"height":700,"caption":"groupe d'enfants qui se tiennent la main en ligne en exterieur blog wesco"},{"@type":"BreadcrumbList","@id":"https:\/\/leblog.wesco.fr\/fr\/la-convention-internationale-des-droits-de-lenfant-expliquee-aux-enfants-et-aux-adultes-aussi\/#breadcrumb","itemListElement":[{"@type":"ListItem","position":1,"name":"Accueil","item":"https:\/\/leblog.wesco.fr\/fr\/"},{"@type":"ListItem","position":2,"name":"Routines &amp; \u00e9motions","item":"https:\/\/leblog.wesco.fr\/fr\/category\/routines-et-emotions\/"},{"@type":"ListItem","position":3,"name":"La Convention Internationale des Droits de l&#8217;Enfant expliqu\u00e9e aux enfants et aux adultes aussi\u00a0!"}]},{"@type":"WebSite","@id":"https:\/\/leblog.wesco.fr\/fr\/#website","url":"https:\/\/leblog.wesco.fr\/fr\/","name":"Blog Wesco","description":"Le rendez-vous des enfants, des parents et des professionnels","potentialAction":[{"@type":"SearchAction","target":{"@type":"EntryPoint","urlTemplate":"https:\/\/leblog.wesco.fr\/fr\/?s={search_term_string}"},"query-input":{"@type":"PropertyValueSpecification","valueRequired":true,"valueName":"search_term_string"}}],"inLanguage":"fr-FR"},{"@type":"Person","@id":"https:\/\/leblog.wesco.fr\/fr\/#\/schema\/person\/5b3ee9a8dc2fd893039f49523cc60222","name":"Adeline Glotin","url":"https:\/\/leblog.wesco.fr\/fr\/author\/amoriniere\/"}]}},"modified_by":"Margaux Lidoine","_links":{"self":[{"href":"https:\/\/leblog.wesco.fr\/fr\/wp-json\/wp\/v2\/posts\/6663","targetHints":{"allow":["GET"]}}],"collection":[{"href":"https:\/\/leblog.wesco.fr\/fr\/wp-json\/wp\/v2\/posts"}],"about":[{"href":"https:\/\/leblog.wesco.fr\/fr\/wp-json\/wp\/v2\/types\/post"}],"author":[{"embeddable":true,"href":"https:\/\/leblog.wesco.fr\/fr\/wp-json\/wp\/v2\/users\/12"}],"replies":[{"embeddable":true,"href":"https:\/\/leblog.wesco.fr\/fr\/wp-json\/wp\/v2\/comments?post=6663"}],"version-history":[{"count":26,"href":"https:\/\/leblog.wesco.fr\/fr\/wp-json\/wp\/v2\/posts\/6663\/revisions"}],"predecessor-version":[{"id":127678,"href":"https:\/\/leblog.wesco.fr\/fr\/wp-json\/wp\/v2\/posts\/6663\/revisions\/127678"}],"wp:featuredmedia":[{"embeddable":true,"href":"https:\/\/leblog.wesco.fr\/fr\/wp-json\/wp\/v2\/media\/6680"}],"wp:attachment":[{"href":"https:\/\/leblog.wesco.fr\/fr\/wp-json\/wp\/v2\/media?parent=6663"}],"wp:term":[{"taxonomy":"category","embeddable":true,"href":"https:\/\/leblog.wesco.fr\/fr\/wp-json\/wp\/v2\/categories?post=6663"},{"taxonomy":"post_tag","embeddable":true,"href":"https:\/\/leblog.wesco.fr\/fr\/wp-json\/wp\/v2\/tags?post=6663"}],"curies":[{"name":"wp","href":"https:\/\/api.w.org\/{rel}","templated":true}]}}