{"id":6646,"date":"2021-11-15T12:18:07","date_gmt":"2021-11-15T11:18:07","guid":{"rendered":"https:\/\/leblog.wesco.fr\/fr\/?p=6646"},"modified":"2022-10-14T14:22:58","modified_gmt":"2022-10-14T12:22:58","slug":"jaime-ou-je-naime-pas-exprimer-sa-personnalite-et-son-independance","status":"publish","type":"post","link":"https:\/\/leblog.wesco.fr\/fr\/jaime-ou-je-naime-pas-exprimer-sa-personnalite-et-son-independance\/","title":{"rendered":"J&#8217;aime ou je n&#8217;aime pas\u00a0: exprimer sa personnalit\u00e9 et son ind\u00e9pendance"},"content":{"rendered":"\n<!--more-->\n\n\n\n<p>Apprendre \u00e0 dire j\u2019aime ou je n\u2019aime pas\u2026&nbsp;d\u00e9couvrir et exprimer sa personnalit\u00e9&nbsp;: cela peut nous para\u00eetre simple, \u00e0 nous, adultes. Mais c\u2019est un r\u00e9el apprentissage \u00e0 part enti\u00e8re pour votre tout-petit. Mettre des mots ou des sentiments sur ce qu\u2019il souhaite ou non, sur ce qu\u2019il aime ou qui le d\u00e9go\u00fbte\u2026 Cela peut parfois se r\u00e9v\u00e9ler \u00eatre un v\u00e9ritable d\u00e9fi. Pourtant, il existe des mani\u00e8res simples et ludiques de lui faire acqu\u00e9rir peu \u00e0 peu cet apprentissage le guidant ainsi vers l\u2019ind\u00e9pendance.<\/p>\n\n\n\n<h2 class=\"wp-block-heading\">Je m\u2019exprime, donc je suis&nbsp;!<\/h2>\n\n\n\n<p>C\u2019est vers 18 mois que B\u00e9b\u00e9 commence \u00e0 comprendre qu\u2019il est un \u00eatre humain \u00e0 part enti\u00e8re, bien distinct de ses parents. Et c\u2019est entre 18 mois et 2 ans qu\u2019interviendra la p\u00e9riode du \u201cnon\u201d.<\/p>\n\n\n\n<p>&nbsp;<\/p>\n\n\n\n<p>Pendant celle-ci, le tout-petit prend conscience qu\u2019il peut exprimer son propre avis et dire \u201cNon !\u201d, quand il ne veut pas ou n\u2019est pas d\u2019accord. Il prend de l\u2019autonomie par rapport aux adultes et il va ainsi pouvoir d\u00e9fendre ses choix et opinions. Ce \u201d non \u201d n\u2019est pas fait pour vous provoquer mais c\u2019est tout simplement le besoin d\u2019exprimer sa personnalit\u00e9. Pas de forcing, juste de la patience, du dialogue et du l\u00e2cher-prise seront les bienvenus de votre part. Il ne s\u2019agit tout de m\u00eame pas de laisser l\u2019enfant prendre le pouvoir. Cette p\u00e9riode finira par passer vers les 3 ans de B\u00e9b\u00e9. Dites-vous tout simplement que cette p\u00e9riode est une phase de cr\u00e9ation, d\u2019apprentissage et de \u201cbien-grandir\u201d. Profitez-en alors pour l\u2019inciter \u00e0 s\u2019exprimer davantage sur ce qu\u2019il ressent. C\u2019est finalement tout \u00e0 votre avantage \u00e0 tous les deux.<\/p>\n\n\n\n<h2 class=\"wp-block-heading\">En route vers l\u2019ind\u00e9pendance<\/h2>\n\n\n\n<p>L\u2019ind\u00e9pendance, un terme un petit peu pr\u00e9cipit\u00e9 pour les yeux d\u2019un jeune parent. Pourtant, il faudra bien guider le petit-bout vers ce chemin. Lorsqu\u2019il s\u2019exprime, le tout-petit prend peu \u00e0 peu sa route vers l\u2019autonomie car il prend des d\u00e9cisions par lui-m\u00eame&nbsp;! La prise de d\u00e9cision est la cl\u00e9 vers l\u2019ind\u00e9pendance.<\/p>\n\n\n\n<p>&nbsp;<\/p>\n\n\n\n<p>Exprimer sa personnalit\u00e9 &#8211;&gt;&nbsp;autonomie &#8211;&gt;&nbsp;ind\u00e9pendance<\/p>\n\n\n\n<h2 class=\"wp-block-heading\">Et l\u2019\u00e9motion dans tout \u00e7a&nbsp;?<\/h2>\n\n\n\n<p>Exprimer sa personnalit\u00e9, c\u2019est aussi \u00eatre capable d\u2019identifier et d\u2019exprimer verbalement ou corporellement ses \u00e9motions. Au contact de l\u2019enfant, prenons l\u2019habitude de verbaliser les diff\u00e9rentes \u00e9motions pour que par la suite l\u2019enfant sache facilement les identifier.<\/p>\n\n\n\n<h2 class=\"wp-block-heading\">Comment exprimer sa personnalit\u00e9&nbsp;?<\/h2>\n\n\n\n<p>Si le tout-petit peut \u00eatre r\u00e9ticent au d\u00e9but lorsque vous l\u2019amenez \u00e0 s\u2019exprimer, pas de panique. Il va falloir trouver les bonnes m\u00e9thodes pour aller dans cette direction.<\/p>\n\n\n\n<p>&nbsp;<\/p>\n\n\n\n<p><br>L&#8217;enfant peut parfois ne pas savoir comment faire pour s\u2019exprimer et donner son avis, ou bien il peut s\u2019agir d\u2019un manque de vocabulaire et\/ou de <a href=\"https:\/\/leblog.wesco.fr\/fr\/le-langage\/\">d\u00e9veloppement du langage<\/a>. Il faudra alors privil\u00e9gier les images qui vont l\u2019aider \u00e0 utiliser les bons mots et apprendre du vocabulaire. Peu \u00e0 peu les dessins dispara\u00eetront pour laisser place uniquement \u00e0 la parole et \u00e0 l\u2019\u00e9motion.<\/p>\n\n\n\n<p>&nbsp;<\/p>\n\n\n\n<p>Laisser l\u2019enfant exprimer ses \u00e9motions et sa pens\u00e9e l\u2019am\u00e8neront \u00e0 bien se conna\u00eetre. Il faut l\u2019aider \u00e0 reconna\u00eetre ce qu\u2019il aime, quelles sont ses forces et l\u2019encourager \u00e0 prendre des d\u00e9cisions.<\/p>\n\n\n\n<h2 class=\"wp-block-heading\">C\u2019est parti, je m\u2019exprime&nbsp;!<\/h2>\n\n\n\n<p>Que vous soyez \u00e0 la maison, \u00e0 la cr\u00e8che ou \u00e0 l\u2019\u00e9cole, et selon l\u2019\u00e2ge de l\u2019enfant, vous avez plusieurs moyens de l\u2019amener vers le chemin du \u201cje m\u2019exprime&nbsp;!\u201d. Nous vous pr\u00e9sentons ici quelques id\u00e9es pour que le tout-petit exprime sa personnalit\u00e9.<\/p>\n\n\n\n<h3 class=\"wp-block-heading\">Le b\u00e2ton de parole<\/h3>\n\n\n\n<p>En collectivit\u00e9, avec plusieurs enfants, ce n\u2019est pas toujours \u00e9vident de laisser tous les enfants s\u2019exprimer. A la cr\u00e8che ou \u00e0 l\u2019\u00e9cole, vous pouvez accorder un peu de temps \u00e0 chacun gr\u00e2ce \u00e0 des petits jeux comme le b\u00e2ton de parole par exemple.<\/p>\n\n\n\n<p>&nbsp;<\/p>\n\n\n\n<p><br>Les enfants se donnent chacun leur tour un b\u00e2ton et ils peuvent s\u2019exprimer UNIQUEMENT lorsqu\u2019ils ont le b\u00e2ton entre les mains. Ainsi, ils raconteront leur journ\u00e9e, comment s\u2019est d\u00e9roul\u00e9 le repas&nbsp;: s\u2019ils ont aim\u00e9 ou non et si non pourquoi, s\u2019ils ont aim\u00e9 une activit\u00e9 ou non. Cette activit\u00e9 permet \u00e0 l\u2019enfant de s\u2019exprimer au sein d\u2019un petit groupe, de se sentir \u00e9cout\u00e9 mais \u00e9galement d\u2019\u00eatre respectueux en \u00e9coutant les autres enfants lorsqu&#8217;ils ont le b\u00e2ton de parole entre les mains.<\/p>\n\n\n\n<p>&nbsp;<\/p>\n\n\n\n<p>Cette activit\u00e9 peut \u00e9galement \u00eatre r\u00e9alis\u00e9e en famille lorsqu\u2019il y a plusieurs enfants ou m\u00eame tout simplement avec les parents. C\u2019est une activit\u00e9 qui permet aussi \u00e0 l\u2019enfant de d\u00e9velopper son empathie envers les autres mais \u00e9galement d\u2019enrichir son vocabulaire et de se repr\u00e9senter les diff\u00e9rentes \u00e9motions<\/p>\n\n\n\n<h3 class=\"wp-block-heading\">J\u2019aime&nbsp;\/&nbsp;Je n\u2019aime pas<\/h3>\n\n\n\n<p>Lorsque l\u2019enfant manque de vocabulaire, vous pouvez l\u2019aider gr\u00e2ce \u00e0 des visuels simples plac\u00e9s devant lui, l\u2019incitant \u00e0 s\u2019exprimer et \u00e0 donner son avis. Quelques exemples&nbsp;:<\/p>\n\n\n\n<ul class=\"wp-block-list\"><li>As-tu aim\u00e9 l\u2019activit\u00e9&nbsp;? Oui ou non.<\/li><li>Aimes-tu manger des p\u00e2tes&nbsp;? Oui ou non.<\/li><li>Aimes-tu prendre ton bain&nbsp;? Oui ou non.<\/li><li>Aimes-tu jouer au ballon&nbsp;? Oui ou non.<\/li><li>Aimes-tu manger de la glace&nbsp;? Oui ou non.<\/li><\/ul>\n\n\n\n<p>Vous pouvez r\u00e9aliser un poster regroupant des images simples et ludiques des diff\u00e9rentes activit\u00e9s que vous souhaitez illustrer. L\u2019enfant pourra ainsi s\u2019exprimer simplement au d\u00e9but par oui ou non. Puis, par la suite, n\u2019h\u00e9sitez pas \u00e0 lui demander pourquoi&nbsp;? Qu\u2019est-ce qui lui d\u00e9plait ou qu\u2019est-ce qui lui plait&nbsp;? Attention, il faut bien expliquer \u00e0 l\u2019enfant qu\u2019il n\u2019y a pas de bonnes ou de mauvaises r\u00e9ponses. S\u2019opposer c\u2019est aussi s\u2019affirmer. Et en s\u2019affirmant on montre le reflet de sa personnalit\u00e9. Vous allez ainsi d\u00e9velopper de l\u2019interaction avec l\u2019enfant. Il apprendra alors \u00e0 d\u00e9velopper ses <a href=\"https:\/\/leblog.wesco.fr\/fr\/comment-accompagner-les-habiletes-sociales-de-bebe-avec-montessori\/\" target=\"_blank\" rel=\"noreferrer noopener\">habilet\u00e9s sociales<\/a>.<\/p>\n\n\n\n<p>&nbsp;<\/p>\n\n\n\n<p>L\u2019int\u00e9r\u00eat pour l\u2019enfant est de s\u2019exprimer mais aussi d\u2019apprendre \u00e0 exprimer les \u00e9motions qu\u2019ils ressent tout en \u00e9tant connect\u00e9 aux \u00e9motions de son entourage.<\/p>\n\n\n\n<p>&nbsp;<\/p>\n\n\n\n<p>Avec un simple j\u2019aime, j\u2019aime pas, l\u2019enfant pourra se faire son propre avis d\u2019un autre individu ou d\u2019un personnage. Il lui permettra de mieux conna\u00eetre une personne et de cr\u00e9er du lien avec celle-ci ou non selon son affinit\u00e9. <\/p>\n\n\n\n<h2 class=\"wp-block-heading\">En bref<\/h2>\n\n\n\n<p>Aider l\u2019enfant \u00e0 exprimer sa personnalit\u00e9, ce qu\u2019il aime, ce qu\u2019il n\u2019aime pas et savoir dire pourquoi est important pour l\u2019aider \u00e0 se construire. Cela permet de cr\u00e9er du lien et de comprendre le monde qui l\u2019entoure. Plus l\u2019enfant saura s\u2019exprimer facilement et mettre des mots sur les maux, plus il sera sur la route de l\u2019autonomie. Un atout important pour l\u2019adulte en devenir.<\/p>\n\n\n\n<h3 class=\"wp-block-heading\">Nos articles sur la m\u00eame th\u00e9matique <\/h3>\n\n\n\n<ul class=\"wp-block-list\"><li><a href=\"https:\/\/leblog.wesco.fr\/fr\/les-5-idees-pour-promouvoir-lautonomie-des-enfants\/\">Les 5 id\u00e9es pour promouvoir l\u2019autonomie des enfants.<\/a><\/li><li><a href=\"https:\/\/leblog.wesco.fr\/fr\/7-jeux-de-cooperation-le-blog-wesco\/\">7 activit\u00e9s \u00e0 faire avec les enfants en maternelle pour d\u00e9velopper leur empathie et leur esprit de coop\u00e9ration.<\/a><\/li><li><a href=\"https:\/\/leblog.wesco.fr\/fr\/la-difference-est-une-chance\/\">La diff\u00e9rence est une chance : comment encourager votre enfant \u00e0 d\u00e9couvrir l\u2019autre\u00a0?<\/a><\/li><\/ul>\n\n\n\n<h3 class=\"wp-block-heading\">Pour aller plus loin<\/h3>\n\n\n\n<ul class=\"wp-block-list\"><li><a href=\"https:\/\/naitreetgrandir.com\/fr\/etape\/1_3_ans\/fiches-activites\/jeux\/les-routines-avec-tourou\/\" target=\"_blank\" rel=\"noreferrer noopener\">Les routines avec Tourou<\/a><\/li><li><a href=\"https:\/\/naitreetgrandir.com\/fr\/etape\/3-5-ans\/fiches-activites\/jeux\/j-aime-j-aime-pas\/\" target=\"_blank\" rel=\"noreferrer noopener\">J\u2019aime ou j\u2019aime pas&nbsp;?<\/a><\/li><li>Vid\u00e9o&nbsp;: <a href=\"https:\/\/www.youtube.com\/watch?v=8qevvNB4Ibw\" target=\"_blank\" rel=\"noreferrer noopener\">Comment d\u00e9velopper la confiance des enfants en eux&nbsp;?<\/a><\/li><\/ul>\n","protected":false},"excerpt":{"rendered":"","protected":false},"author":13,"featured_media":6649,"comment_status":"open","ping_status":"open","sticky":false,"template":"","format":"standard","meta":{"_lmt_disableupdate":"","_lmt_disable":"","episode_type":"","audio_file":"","podmotor_file_id":"","podmotor_episode_id":"","cover_image":"","cover_image_id":"","duration":"","filesize":"","filesize_raw":"","date_recorded":"","explicit":"","block":"","itunes_episode_number":"","itunes_title":"","itunes_season_number":"","itunes_episode_type":"","footnotes":""},"categories":[64],"tags":[18,19,57,28,32,45],"class_list":["post-6646","post","type-post","status-publish","format-standard","has-post-thumbnail","hentry","category-routines-et-emotions","tag-12-36-mois","tag-3-6-ans","tag-accueil-et-gestion-des-emotions","tag-autonomie","tag-communication","tag-langage"],"yoast_head":"<!-- This site is optimized with the Yoast SEO plugin v27.5 - https:\/\/yoast.com\/product\/yoast-seo-wordpress\/ -->\n<title>J&#039;aime ou je n&#039;aime pas\u00a0: exprimer sa personnalit\u00e9 et son ind\u00e9pendance - Blog Wesco<\/title>\n<meta name=\"description\" content=\"Aider son enfant \u00e0 exprimer sa personnalit\u00e9 pour qu&#039;il devienne autonome, r\u00e9agir face au non et accompagner \u00e0 dire j&#039;aime ou je n&#039;aime pas.\" \/>\n<meta name=\"robots\" content=\"index, follow, max-snippet:-1, max-image-preview:large, max-video-preview:-1\" \/>\n<link rel=\"canonical\" href=\"https:\/\/leblog.wesco.fr\/fr\/jaime-ou-je-naime-pas-exprimer-sa-personnalite-et-son-independance\/\" \/>\n<meta property=\"og:locale\" content=\"fr_FR\" \/>\n<meta property=\"og:type\" content=\"article\" \/>\n<meta property=\"og:title\" content=\"J&#039;aime ou je n&#039;aime pas\u00a0: exprimer sa personnalit\u00e9 et son ind\u00e9pendance - Blog Wesco\" \/>\n<meta property=\"og:description\" content=\"Aider son enfant \u00e0 exprimer sa personnalit\u00e9 pour qu&#039;il devienne autonome, r\u00e9agir face au non et accompagner \u00e0 dire j&#039;aime ou je n&#039;aime pas.\" \/>\n<meta property=\"og:url\" content=\"https:\/\/leblog.wesco.fr\/fr\/jaime-ou-je-naime-pas-exprimer-sa-personnalite-et-son-independance\/\" \/>\n<meta property=\"og:site_name\" content=\"Blog Wesco\" \/>\n<meta property=\"article:published_time\" content=\"2021-11-15T11:18:07+00:00\" \/>\n<meta property=\"article:modified_time\" content=\"2022-10-14T12:22:58+00:00\" \/>\n<meta property=\"og:image\" content=\"https:\/\/leblog.wesco.fr\/fr\/wp-content\/uploads\/2021\/11\/jaime-jaimepas.jpg\" \/>\n\t<meta property=\"og:image:width\" content=\"1600\" \/>\n\t<meta property=\"og:image:height\" content=\"800\" \/>\n\t<meta property=\"og:image:type\" content=\"image\/jpeg\" \/>\n<meta name=\"author\" content=\"Caroline Bretaudeau\" \/>\n<meta name=\"twitter:card\" content=\"summary_large_image\" \/>\n<meta name=\"twitter:label1\" content=\"\u00c9crit par\" \/>\n\t<meta name=\"twitter:data1\" content=\"Caroline Bretaudeau\" \/>\n\t<meta name=\"twitter:label2\" content=\"Dur\u00e9e de lecture estim\u00e9e\" \/>\n\t<meta name=\"twitter:data2\" content=\"6 minutes\" \/>\n<!-- \/ Yoast SEO plugin. -->","yoast_head_json":{"title":"J'aime ou je n'aime pas\u00a0: exprimer sa personnalit\u00e9 et son ind\u00e9pendance - Blog Wesco","description":"Aider son enfant \u00e0 exprimer sa personnalit\u00e9 pour qu'il devienne autonome, r\u00e9agir face au non et accompagner \u00e0 dire j'aime ou je n'aime pas.","robots":{"index":"index","follow":"follow","max-snippet":"max-snippet:-1","max-image-preview":"max-image-preview:large","max-video-preview":"max-video-preview:-1"},"canonical":"https:\/\/leblog.wesco.fr\/fr\/jaime-ou-je-naime-pas-exprimer-sa-personnalite-et-son-independance\/","og_locale":"fr_FR","og_type":"article","og_title":"J'aime ou je n'aime pas\u00a0: exprimer sa personnalit\u00e9 et son ind\u00e9pendance - Blog Wesco","og_description":"Aider son enfant \u00e0 exprimer sa personnalit\u00e9 pour qu'il devienne autonome, r\u00e9agir face au non et accompagner \u00e0 dire j'aime ou je n'aime pas.","og_url":"https:\/\/leblog.wesco.fr\/fr\/jaime-ou-je-naime-pas-exprimer-sa-personnalite-et-son-independance\/","og_site_name":"Blog Wesco","article_published_time":"2021-11-15T11:18:07+00:00","article_modified_time":"2022-10-14T12:22:58+00:00","og_image":[{"width":1600,"height":800,"url":"https:\/\/leblog.wesco.fr\/fr\/wp-content\/uploads\/2021\/11\/jaime-jaimepas.jpg","type":"image\/jpeg"}],"author":"Caroline Bretaudeau","twitter_card":"summary_large_image","twitter_misc":{"\u00c9crit par":"Caroline Bretaudeau","Dur\u00e9e de lecture estim\u00e9e":"6 minutes"},"schema":{"@context":"https:\/\/schema.org","@graph":[{"@type":"Article","@id":"https:\/\/leblog.wesco.fr\/fr\/jaime-ou-je-naime-pas-exprimer-sa-personnalite-et-son-independance\/#article","isPartOf":{"@id":"https:\/\/leblog.wesco.fr\/fr\/jaime-ou-je-naime-pas-exprimer-sa-personnalite-et-son-independance\/"},"author":{"name":"Caroline Bretaudeau","@id":"https:\/\/leblog.wesco.fr\/fr\/#\/schema\/person\/3e6564df45acb4a6da39864b46a6a3a1"},"headline":"J&#8217;aime ou je n&#8217;aime pas\u00a0: exprimer sa personnalit\u00e9 et son ind\u00e9pendance","datePublished":"2021-11-15T11:18:07+00:00","dateModified":"2022-10-14T12:22:58+00:00","mainEntityOfPage":{"@id":"https:\/\/leblog.wesco.fr\/fr\/jaime-ou-je-naime-pas-exprimer-sa-personnalite-et-son-independance\/"},"wordCount":1275,"commentCount":0,"image":{"@id":"https:\/\/leblog.wesco.fr\/fr\/jaime-ou-je-naime-pas-exprimer-sa-personnalite-et-son-independance\/#primaryimage"},"thumbnailUrl":"https:\/\/leblog.wesco.fr\/fr\/wp-content\/uploads\/2021\/11\/jaime-jaimepas.jpg","keywords":["12\/36 mois","3\/6 ans","Accueil &amp; gestion des \u00e9motions","Autonomie","Communication","Langage"],"articleSection":["Routines &amp; \u00e9motions"],"inLanguage":"fr-FR","potentialAction":[{"@type":"CommentAction","name":"Comment","target":["https:\/\/leblog.wesco.fr\/fr\/jaime-ou-je-naime-pas-exprimer-sa-personnalite-et-son-independance\/#respond"]}]},{"@type":"WebPage","@id":"https:\/\/leblog.wesco.fr\/fr\/jaime-ou-je-naime-pas-exprimer-sa-personnalite-et-son-independance\/","url":"https:\/\/leblog.wesco.fr\/fr\/jaime-ou-je-naime-pas-exprimer-sa-personnalite-et-son-independance\/","name":"J'aime ou je n'aime pas\u00a0: exprimer sa personnalit\u00e9 et son ind\u00e9pendance - Blog Wesco","isPartOf":{"@id":"https:\/\/leblog.wesco.fr\/fr\/#website"},"primaryImageOfPage":{"@id":"https:\/\/leblog.wesco.fr\/fr\/jaime-ou-je-naime-pas-exprimer-sa-personnalite-et-son-independance\/#primaryimage"},"image":{"@id":"https:\/\/leblog.wesco.fr\/fr\/jaime-ou-je-naime-pas-exprimer-sa-personnalite-et-son-independance\/#primaryimage"},"thumbnailUrl":"https:\/\/leblog.wesco.fr\/fr\/wp-content\/uploads\/2021\/11\/jaime-jaimepas.jpg","datePublished":"2021-11-15T11:18:07+00:00","dateModified":"2022-10-14T12:22:58+00:00","author":{"@id":"https:\/\/leblog.wesco.fr\/fr\/#\/schema\/person\/3e6564df45acb4a6da39864b46a6a3a1"},"description":"Aider son enfant \u00e0 exprimer sa personnalit\u00e9 pour qu'il devienne autonome, r\u00e9agir face au non et accompagner \u00e0 dire j'aime ou je n'aime pas.","breadcrumb":{"@id":"https:\/\/leblog.wesco.fr\/fr\/jaime-ou-je-naime-pas-exprimer-sa-personnalite-et-son-independance\/#breadcrumb"},"inLanguage":"fr-FR","potentialAction":[{"@type":"ReadAction","target":["https:\/\/leblog.wesco.fr\/fr\/jaime-ou-je-naime-pas-exprimer-sa-personnalite-et-son-independance\/"]}]},{"@type":"ImageObject","inLanguage":"fr-FR","@id":"https:\/\/leblog.wesco.fr\/fr\/jaime-ou-je-naime-pas-exprimer-sa-personnalite-et-son-independance\/#primaryimage","url":"https:\/\/leblog.wesco.fr\/fr\/wp-content\/uploads\/2021\/11\/jaime-jaimepas.jpg","contentUrl":"https:\/\/leblog.wesco.fr\/fr\/wp-content\/uploads\/2021\/11\/jaime-jaimepas.jpg","width":1600,"height":800,"caption":"adulte avec deux enfants assis sur un canap\u00e9 avec poup\u00e9es blog wesco"},{"@type":"BreadcrumbList","@id":"https:\/\/leblog.wesco.fr\/fr\/jaime-ou-je-naime-pas-exprimer-sa-personnalite-et-son-independance\/#breadcrumb","itemListElement":[{"@type":"ListItem","position":1,"name":"Accueil","item":"https:\/\/leblog.wesco.fr\/fr\/"},{"@type":"ListItem","position":2,"name":"Routines &amp; \u00e9motions","item":"https:\/\/leblog.wesco.fr\/fr\/category\/routines-et-emotions\/"},{"@type":"ListItem","position":3,"name":"J&#8217;aime ou je n&#8217;aime pas\u00a0: exprimer sa personnalit\u00e9 et son ind\u00e9pendance"}]},{"@type":"WebSite","@id":"https:\/\/leblog.wesco.fr\/fr\/#website","url":"https:\/\/leblog.wesco.fr\/fr\/","name":"Blog Wesco","description":"Le rendez-vous des enfants, des parents et des professionnels","potentialAction":[{"@type":"SearchAction","target":{"@type":"EntryPoint","urlTemplate":"https:\/\/leblog.wesco.fr\/fr\/?s={search_term_string}"},"query-input":{"@type":"PropertyValueSpecification","valueRequired":true,"valueName":"search_term_string"}}],"inLanguage":"fr-FR"},{"@type":"Person","@id":"https:\/\/leblog.wesco.fr\/fr\/#\/schema\/person\/3e6564df45acb4a6da39864b46a6a3a1","name":"Caroline Bretaudeau","url":"https:\/\/leblog.wesco.fr\/fr\/author\/cbretaudeau\/"}]}},"modified_by":"Margaux Lidoine","_links":{"self":[{"href":"https:\/\/leblog.wesco.fr\/fr\/wp-json\/wp\/v2\/posts\/6646","targetHints":{"allow":["GET"]}}],"collection":[{"href":"https:\/\/leblog.wesco.fr\/fr\/wp-json\/wp\/v2\/posts"}],"about":[{"href":"https:\/\/leblog.wesco.fr\/fr\/wp-json\/wp\/v2\/types\/post"}],"author":[{"embeddable":true,"href":"https:\/\/leblog.wesco.fr\/fr\/wp-json\/wp\/v2\/users\/13"}],"replies":[{"embeddable":true,"href":"https:\/\/leblog.wesco.fr\/fr\/wp-json\/wp\/v2\/comments?post=6646"}],"version-history":[{"count":16,"href":"https:\/\/leblog.wesco.fr\/fr\/wp-json\/wp\/v2\/posts\/6646\/revisions"}],"predecessor-version":[{"id":127690,"href":"https:\/\/leblog.wesco.fr\/fr\/wp-json\/wp\/v2\/posts\/6646\/revisions\/127690"}],"wp:featuredmedia":[{"embeddable":true,"href":"https:\/\/leblog.wesco.fr\/fr\/wp-json\/wp\/v2\/media\/6649"}],"wp:attachment":[{"href":"https:\/\/leblog.wesco.fr\/fr\/wp-json\/wp\/v2\/media?parent=6646"}],"wp:term":[{"taxonomy":"category","embeddable":true,"href":"https:\/\/leblog.wesco.fr\/fr\/wp-json\/wp\/v2\/categories?post=6646"},{"taxonomy":"post_tag","embeddable":true,"href":"https:\/\/leblog.wesco.fr\/fr\/wp-json\/wp\/v2\/tags?post=6646"}],"curies":[{"name":"wp","href":"https:\/\/api.w.org\/{rel}","templated":true}]}}