{"id":4847,"date":"2021-01-27T11:37:17","date_gmt":"2021-01-27T10:37:17","guid":{"rendered":"https:\/\/leblog.wesco.fr\/?p=4847"},"modified":"2025-07-15T10:51:12","modified_gmt":"2025-07-15T08:51:12","slug":"comment-encourager-la-coordination-des-mouvements-de-bebe-avec-montessori","status":"publish","type":"post","link":"https:\/\/leblog.wesco.fr\/fr\/comment-encourager-la-coordination-des-mouvements-de-bebe-avec-montessori\/","title":{"rendered":"Comment encourager la coordination des mouvements de B\u00e9b\u00e9 avec Montessori ?"},"content":{"rendered":"\n<!--more-->\n\n\n\n<p>Saviez-vous que <strong>le tout-petit est particuli\u00e8rement pr\u00e9dispos\u00e9 \u00e0 d\u00e9velopper ses comp\u00e9tences motrices et sa coordination entre ses 18 mois et ses 4 ans<\/strong>&nbsp;? Il va faire en l\u2019espace de quelques mois des progr\u00e8s fulgurants qui lui permettront tout au long de sa vie d\u2019utiliser efficacement son plus proche outil&nbsp;: son corps.<\/p>\n\n\n\n<h2 class=\"wp-block-heading\">Qu&#8217;est-ce que la coordination motrice&nbsp;?<\/h2>\n\n\n\n<p>La coordination motrice, <strong>c\u2019est la capacit\u00e9 d\u2019un individu \u00e0 se mettre en mouvement volontairement<\/strong> dans l\u2019objectif d\u2019atteindre tel objet ou de se d\u00e9placer. Le cerveau s\u2019allie \u00e0 tous les muscles afin de reproduire des mouvements volontaires.<\/p>\n\n\n\n<p>Un b\u00e9b\u00e9 commence \u00e0 faire preuve de coordination des mouvements \u00e0 partir du moment o\u00f9 il attrape intentionnellement les objets autour de lui. Ses premiers crapahutages en sont \u00e9galement l\u2019expression.<\/p>\n\n\n\n<p>Avec le temps et l&#8217;entra\u00eenement, la finesse de ses mouvements se pr\u00e9cise et des gestes de plus en plus \u00e9labor\u00e9s voient le jour.<\/p>\n\n\n\n<h2 class=\"wp-block-heading\">Tout est question de p\u00e9riodes sensibles selon Maria Montessori<\/h2>\n\n\n\n<p>Maria Montessori d\u00e9termine, au cours des six premi\u00e8res ann\u00e9es de la vie, <strong>six p\u00e9riodes sensibles<\/strong>&nbsp;:<\/p>\n\n\n\n<ul class=\"wp-block-list\">\n<li><a href=\"https:\/\/leblog.wesco.fr\/comment-apprendre-a-ranger-avec-la-periode-sensible-de-lordre\/\" target=\"_blank\" rel=\"noopener\">la p\u00e9riode de l&#8217;ordre (0 \/ 6 ans)<\/a>&nbsp;;<\/li>\n\n\n\n<li>celle de la coordination des mouvements (18 mois \/ 4 ans)&nbsp;;<\/li>\n\n\n\n<li><a href=\"https:\/\/leblog.wesco.fr\/comment-bebe-developpe-son-super-pouvoir-sensoriel-pendant-la-periode-sensible-du-raffinement-des-sens-de-montessori\/\" target=\"_blank\" rel=\"noopener\">du raffinement des sens (18 mois \/ 5 ans)<\/a>&nbsp;;<\/li>\n\n\n\n<li><a href=\"https:\/\/leblog.wesco.fr\/comment-encourager-les-progres-en-motricite-fine-de-bebe-avec-la-periode-sensible-des-petits-objets\/\" target=\"_blank\" rel=\"noopener\">des petits objets (2 ans)<\/a>&nbsp;;<\/li>\n\n\n\n<li><a href=\"https:\/\/leblog.wesco.fr\/aidez-votre-enfant-a-apprendre-avec-la-periode-sensible-du-langage\/\" target=\"_blank\" rel=\"noopener\">du langage (2 \/ 6 ans)<\/a>&nbsp;;<\/li>\n\n\n\n<li><a href=\"https:\/\/leblog.wesco.fr\/comment-accompagner-les-habiletes-sociales-de-bebe-avec-montessori_5083_a\" target=\"_blank\" rel=\"noopener\">du comportement social (2,5 \/ 6 ans)<\/a>.<\/li>\n<\/ul>\n\n\n\n<p>Ces phases sont des tendances naturelles sur lesquelles s\u2019appuyer pour encourager le d\u00e9veloppement des enfants. Ainsi, les petits d\u2019homme pr\u00e9sentent une sensibilit\u00e9 accrue sur ces sujets. Ces p\u00e9riodes sensibles permettent d\u2019apprendre, de grandir et de d\u00e9velopper leurs comp\u00e9tences au mieux.<\/p>\n\n\n\n<figure class=\"wp-block-image size-large\"><img loading=\"lazy\" decoding=\"async\" width=\"1024\" height=\"231\" src=\"https:\/\/leblog.wesco.fr\/fr\/wp-content\/uploads\/2021\/07\/Periodes_montessori-04-1024x231.jpg\" alt=\"Comment accompagner le d\u00e9veloppement de son enfant avec les p\u00e9riodes sensibles Montessori ?\" class=\"wp-image-5969\" srcset=\"https:\/\/leblog.wesco.fr\/fr\/wp-content\/uploads\/2021\/07\/Periodes_montessori-04-1024x231.jpg 1024w, https:\/\/leblog.wesco.fr\/fr\/wp-content\/uploads\/2021\/07\/Periodes_montessori-04-300x68.jpg 300w, https:\/\/leblog.wesco.fr\/fr\/wp-content\/uploads\/2021\/07\/Periodes_montessori-04-768x173.jpg 768w, https:\/\/leblog.wesco.fr\/fr\/wp-content\/uploads\/2021\/07\/Periodes_montessori-04-1536x346.jpg 1536w, https:\/\/leblog.wesco.fr\/fr\/wp-content\/uploads\/2021\/07\/Periodes_montessori-04-2048x461.jpg 2048w, https:\/\/leblog.wesco.fr\/fr\/wp-content\/uploads\/2021\/07\/Periodes_montessori-04-1140x257.jpg 1140w, https:\/\/leblog.wesco.fr\/fr\/wp-content\/uploads\/2021\/07\/Periodes_montessori-04-1920x432.jpg 1920w\" sizes=\"auto, (max-width: 1024px) 100vw, 1024px\" \/><\/figure>\n\n\n\n<h3 class=\"wp-block-heading\">Le mouvement comme moteur des apprentissages<\/h3>\n\n\n\n<p>Chacune de ses activit\u00e9s, chacun de ses mouvements, de ses d\u00e9placements encouragent et aff\u00fbtent ses comp\u00e9tences motrices globales et fines.&nbsp;Ces mouvements, essentiels au bien-\u00eatre des enfants, sont \u00e9galement moteurs de la construction c\u00e9r\u00e9brale de ces derniers. <strong>C\u2019est le principe d\u2019int\u00e9gration psychomotrice<\/strong>.<\/p>\n\n\n\n<p>D\u00e8s les premiers mois, <a href=\"https:\/\/leblog.wesco.fr\/comment-sinitier-a-la-motricite-libre\/\" target=\"_blank\" rel=\"noopener\">la motricit\u00e9 libre est un excellent moteur de d\u00e9veloppement de ces comp\u00e9tences<\/a>. Plus tard, <a href=\"https:\/\/leblog.wesco.fr\/comment-creer-un-parcours-de-motricite-a-la-maison_4647_a\" target=\"_blank\" rel=\"noopener\">les parcours de motricit\u00e9 maisons<\/a> ou <a href=\"https:\/\/www.wesco.fr\/tous-les-produits\/motricite\/parcours-de-motricite.html\" target=\"_blank\" rel=\"noopener\">les parcours con\u00e7us par nos soins<\/a> vont permettre de donner un joyeux coup d\u2019acc\u00e9l\u00e9rateur aux crapahutages infantiles.<\/p>\n\n\n\n<h2 class=\"wp-block-heading\">Comment encourager la coordination \u0153il-main&nbsp;?<\/h2>\n\n\n\n<p>Souhaiter am\u00e9liorer la coordination de son enfant est tout \u00e0 fait naturel. Mais comment encourager le d\u00e9veloppement de la motricit\u00e9 fine sans pour autant imposer des exercices ou jeux r\u00e9barbatifs&nbsp;?<\/p>\n\n\n\n<h3 class=\"wp-block-heading\">Les jeux qui fonctionnent pour d\u00e9velopper la coordination<\/h3>\n\n\n\n<p>D\u00e8s le plus jeune \u00e2ge, il existe une grande quantit\u00e9 de jeux \u00e0 votre disposition pour encourager le d\u00e9veloppement de votre tout-petit&nbsp;:<\/p>\n\n\n\n<ul class=\"wp-block-list\">\n<li><a href=\"https:\/\/www.wesco.fr\/tous-les-produits\/jouets-d-eveil\/jouets-a-empiler-encastrer.html\" target=\"_blank\" rel=\"noopener\">les encastrements, les pyramides ou anneaux \u00e0 empiler<\/a>&nbsp;;<\/li>\n\n\n\n<li><a href=\"https:\/\/www.wesco.fr\/32803020-perles-geantes-a-lacer.html\">les perles \u00e0 enfiler<\/a>&nbsp;;<\/li>\n\n\n\n<li><a href=\"https:\/\/www.wesco.fr\/69718171-jeu-a-serrures-cabanalock-djeco.html?queryID=82d556bf4641be68e1e593bc90866731&amp;objectID=60572&amp;indexName=PRODUCTION_wesco_fr_products\" target=\"_blank\" rel=\"noreferrer noopener\">les jeux \u00e0 serrures<\/a>&nbsp;;<\/li>\n\n\n\n<li><a href=\"https:\/\/www.wesco.fr\/35532020-formes-a-visser-hape.html\">les formes \u00e0 visser<\/a>, etc.<\/li>\n<\/ul>\n\n\n\n<figure class=\"wp-block-image alignnone\"><a href=\"https:\/\/www.wesco.fr\/tous-les-produits\/jouets-d-eveil\/jeux-de-motricite-fine.html?dir=asc&amp;order=position&amp;p=1\" rel=\"noopener\"><img loading=\"lazy\" decoding=\"async\" width=\"1100\" height=\"200\" src=\"https:\/\/leblog.wesco.fr\/fr\/wp-content\/uploads\/2021\/01\/coordination_mouvement_produits-01.jpg\" alt=\"Des jeux pour encourager la manipulation et la motricit\u00e9 fine avec Wesco\" class=\"wp-image-4850\" srcset=\"https:\/\/leblog.wesco.fr\/fr\/wp-content\/uploads\/2021\/01\/coordination_mouvement_produits-01.jpg 1100w, https:\/\/leblog.wesco.fr\/fr\/wp-content\/uploads\/2021\/01\/coordination_mouvement_produits-01-300x55.jpg 300w, https:\/\/leblog.wesco.fr\/fr\/wp-content\/uploads\/2021\/01\/coordination_mouvement_produits-01-1024x186.jpg 1024w, https:\/\/leblog.wesco.fr\/fr\/wp-content\/uploads\/2021\/01\/coordination_mouvement_produits-01-768x140.jpg 768w\" sizes=\"auto, (max-width: 1100px) 100vw, 1100px\" \/><\/a><figcaption class=\"wp-element-caption\">D\u00e9couvrez nos jeux pour encourager la coordination \u0153il-main<\/figcaption><\/figure>\n\n\n\n<p><strong>\u00c0 partir de 3 ans<\/strong>, vous pouvez \u00e9galement lui proposer des jeux plus complexes afin d\u2019affiner ses comp\u00e9tences&nbsp;:<\/p>\n\n\n\n<ul class=\"wp-block-list\">\n<li><a href=\"https:\/\/www.wesco.fr\/2061014-fromage-a-lacer-wesco.html\" target=\"_blank\" rel=\"noreferrer noopener\">les jeux de la\u00e7age<\/a>&nbsp;;<\/li>\n\n\n\n<li><a href=\"https:\/\/www.wesco.fr\/47857171-atelier-mosaiques.html\" target=\"_blank\" rel=\"noreferrer noopener\">les mosa\u00efques et picots<\/a>&nbsp;;<\/li>\n\n\n\n<li><a href=\"https:\/\/www.wesco.fr\/64827171-jeu-d-equilibre-tropical-janod.html?queryID=d352609c93093e99edea4416ad675f0b&amp;objectID=40486&amp;indexName=PRODUCTION_wesco_fr_products\" target=\"_blank\" rel=\"noreferrer noopener\">les jeux d&#8217;\u00e9quilibre<\/a>\u00a0;<\/li>\n\n\n\n<li><a href=\"https:\/\/www.wesco.fr\/28399020-labyrinthes-magnetiques-les-couleurs.html?queryID=04b7511790bd2f795cad2b7558863521&amp;objectID=1897&amp;indexName=PRODUCTION_wesco_fr_products\" target=\"_blank\" rel=\"noreferrer noopener\">les labyrinthes<\/a>, etc.<\/li>\n<\/ul>\n\n\n<div class=\"wp-block-image\">\n<figure class=\"aligncenter\"><a href=\"https:\/\/www.wesco.fr\/tous-les-produits\/jeux-educatifs\/jeux-de-motricite-fine.html?wesco_age_facet%5B0%5D=3+%C3%A0+6+ans\" rel=\"noopener\"><img loading=\"lazy\" decoding=\"async\" width=\"1100\" height=\"200\" src=\"https:\/\/leblog.wesco.fr\/fr\/wp-content\/uploads\/2021\/01\/coordination_mouvement_produits-02.jpg\" alt=\"Des jeux pour encourager la manipulation et la motricit\u00e9 fine avec Wesco\" class=\"wp-image-4852\" srcset=\"https:\/\/leblog.wesco.fr\/fr\/wp-content\/uploads\/2021\/01\/coordination_mouvement_produits-02.jpg 1100w, https:\/\/leblog.wesco.fr\/fr\/wp-content\/uploads\/2021\/01\/coordination_mouvement_produits-02-300x55.jpg 300w, https:\/\/leblog.wesco.fr\/fr\/wp-content\/uploads\/2021\/01\/coordination_mouvement_produits-02-1024x186.jpg 1024w, https:\/\/leblog.wesco.fr\/fr\/wp-content\/uploads\/2021\/01\/coordination_mouvement_produits-02-768x140.jpg 768w\" sizes=\"auto, (max-width: 1100px) 100vw, 1100px\" \/><\/a><figcaption class=\"wp-element-caption\">D\u00e9couvrez nos jeux pour encourager la coordination \u0153il-main \u00e0 partir de 3 ans<\/figcaption><\/figure>\n<\/div>\n\n\n<p><strong>L\u2019important est de proposer \u00e0 l\u2019enfant une petite quantit\u00e9 de jeux \u00e0 la fois et de le laisser l\u2019explorer jusqu\u2019\u00e0 plus soif sans l\u2019interrompre.&nbsp;<\/strong><\/p>\n\n\n\n<h3 class=\"wp-block-heading\">Les activit\u00e9s du quotidien pour allier d\u00e9veloppement et bons r\u00e9flexes de coop\u00e9ration familiale<\/h3>\n\n\n\n<p>Il existe une multitude d\u2019activit\u00e9s du quotidien qui n\u00e9cessitent coordination et concentration (et qui vous aideront \u00e9galement)&nbsp;:<\/p>\n\n\n\n<ul class=\"wp-block-list\">\n<li>refermer les pots de confitures du petit-d\u00e9jeuner&nbsp;;<\/li>\n\n\n\n<li>arroser les plantes du salon ou du jardin&nbsp;;<\/li>\n\n\n\n<li>empiler les assiettes et les verres sur l\u2019\u00e9tag\u00e8re et vider le lave-vaisselle&nbsp;;<\/li>\n\n\n\n<li>dresser les assiettes \u00e0 l\u2019heure du repas (attention \u00e0 ne pas laisser des aliments ou ustensiles trop chauds \u00e0 sa port\u00e9e)&nbsp;;<\/li>\n\n\n\n<li>nettoyer les l\u00e9gumes et retirer les parties qui ne seront pas cuisin\u00e9es&nbsp;;<\/li>\n\n\n\n<li>passer la balayette pour ramasser les miettes&nbsp;;<\/li>\n\n\n\n<li><a href=\"https:\/\/leblog.wesco.fr\/fr\/animal-de-compagnie-les-bienfaits-pour-un-enfant\/\">nourrir le poisson rouge, le chat ou tout animal vivant<\/a> ami des b\u00e9b\u00e9s et enfants, etc.<\/li>\n<\/ul>\n\n\n\n<h2 class=\"wp-block-heading\">En bref<\/h2>\n\n\n\n<p>La coordination des mouvements est un apprentissage du quotidien gr\u00e2ce aux jeux et aux petites t\u00e2ches m\u00e9nag\u00e8res que vous pouvez lui confier. Bien s\u00fbr, ses contributions vous sembleront hasardeuses au d\u00e9but mais <strong>vous ne manquerez pas de vous esbaudir devant son incroyable capacit\u00e9 \u00e0 ma\u00eetriser l\u2019art de la coordination \u0153il-main<\/strong> !<\/p>\n\n\n\n<h3 class=\"wp-block-heading\">Nos articles sur la m\u00eame th\u00e9matique <\/h3>\n\n\n\n<ul class=\"wp-block-list\">\n<li>D\u00e9couvrez notre <a href=\"https:\/\/leblog.wesco.fr\/les-grands-dossiers\/motricite-fine\">grand dossier Motricit\u00e9 fine<\/a><\/li>\n\n\n\n<li><a href=\"https:\/\/leblog.wesco.fr\/fr\/6-jeux-pour-developper-la-motricite-des-enfants\/\">6 jeux pour d\u00e9velopper la motricit\u00e9 des enfants<\/a><\/li>\n\n\n\n<li><a href=\"https:\/\/leblog.wesco.fr\/comment-apprendre-a-ranger-avec-la-periode-sensible-de-lordre\/\">Comment apprendre \u00e0 ranger avec la p\u00e9riode sensible de l\u2019ordre&nbsp;?<\/a><\/li>\n\n\n\n<li><a href=\"https:\/\/leblog.wesco.fr\/fr\/un-guide-deveil-pour-conseiller-les-parents-de-bebes-de-0-a-24-mois\/\">Un guide d\u2019\u00e9veil pour conseiller les parents de b\u00e9b\u00e9s de 0 \u00e0 24 mois<\/a><\/li>\n<\/ul>\n\n\n\n<h2 class=\"wp-block-heading\">Pour aller plus loin<\/h2>\n\n\n\n<ul class=\"wp-block-list\">\n<li><a href=\"https:\/\/apprendreaeduquer.fr\/les-periodes-sensibles-selon-maria-montessori\/\" target=\"_blank\" rel=\"noopener\">L&#8217;article d&#8217;Apprendre \u00e0 \u00e9duquer vous dira tout sur les p\u00e9riodes sensibles<\/a><\/li>\n<\/ul>\n","protected":false},"excerpt":{"rendered":"","protected":false},"author":4,"featured_media":4853,"comment_status":"open","ping_status":"closed","sticky":false,"template":"","format":"standard","meta":{"_lmt_disableupdate":"","_lmt_disable":"","episode_type":"","audio_file":"","podmotor_file_id":"","podmotor_episode_id":"","cover_image":"","cover_image_id":"","duration":"","filesize":"","filesize_raw":"","date_recorded":"","explicit":"","block":"","itunes_episode_number":"","itunes_title":"","itunes_season_number":"","itunes_episode_type":"","footnotes":""},"categories":[62],"tags":[18,19,47,48,52,54],"class_list":["post-4847","post","type-post","status-publish","format-standard","has-post-thumbnail","hentry","category-eveil-et-apprentissage","tag-12-36-mois","tag-3-6-ans","tag-motricite-fine","tag-motricite-globale","tag-parentalite","tag-periodes-sensibles-montessori"],"yoast_head":"<!-- This site is optimized with the Yoast SEO plugin v27.5 - https:\/\/yoast.com\/product\/yoast-seo-wordpress\/ -->\n<title>Encourager la coordination motrice de b\u00e9b\u00e9 avec Montessori - Le Blog Wesco<\/title>\n<meta name=\"description\" content=\"Comment encourager la coordination des mouvements de b\u00e9b\u00e9 ? Nos conseils et des id\u00e9es de jeux et d\u2019activit\u00e9s \u00e0 faire \u00e0 la maison\" \/>\n<meta name=\"robots\" content=\"index, follow, max-snippet:-1, max-image-preview:large, max-video-preview:-1\" \/>\n<link rel=\"canonical\" href=\"https:\/\/leblog.wesco.fr\/fr\/comment-encourager-la-coordination-des-mouvements-de-bebe-avec-montessori\/\" \/>\n<meta property=\"og:locale\" content=\"fr_FR\" \/>\n<meta property=\"og:type\" content=\"article\" \/>\n<meta property=\"og:title\" content=\"Encourager la coordination motrice de b\u00e9b\u00e9 avec Montessori - Le Blog Wesco\" \/>\n<meta property=\"og:description\" content=\"Comment encourager la coordination des mouvements de b\u00e9b\u00e9 ? Nos conseils et des id\u00e9es de jeux et d\u2019activit\u00e9s \u00e0 faire \u00e0 la maison\" \/>\n<meta property=\"og:url\" content=\"https:\/\/leblog.wesco.fr\/fr\/comment-encourager-la-coordination-des-mouvements-de-bebe-avec-montessori\/\" \/>\n<meta property=\"og:site_name\" content=\"Blog Wesco\" \/>\n<meta property=\"article:published_time\" content=\"2021-01-27T10:37:17+00:00\" \/>\n<meta property=\"article:modified_time\" content=\"2025-07-15T08:51:12+00:00\" \/>\n<meta property=\"og:image\" content=\"https:\/\/leblog.wesco.fr\/fr\/wp-content\/uploads\/2021\/01\/coordination_mouvement_montessori.jpg\" \/>\n\t<meta property=\"og:image:width\" content=\"1600\" \/>\n\t<meta property=\"og:image:height\" content=\"800\" \/>\n\t<meta property=\"og:image:type\" content=\"image\/jpeg\" \/>\n<meta name=\"author\" content=\"Soline Dupont\" \/>\n<meta name=\"twitter:card\" content=\"summary_large_image\" \/>\n<meta name=\"twitter:label1\" content=\"\u00c9crit par\" \/>\n\t<meta name=\"twitter:data1\" content=\"Soline Dupont\" \/>\n\t<meta name=\"twitter:label2\" content=\"Dur\u00e9e de lecture estim\u00e9e\" \/>\n\t<meta name=\"twitter:data2\" content=\"5 minutes\" \/>\n<!-- \/ Yoast SEO plugin. -->","yoast_head_json":{"title":"Encourager la coordination motrice de b\u00e9b\u00e9 avec Montessori - Le Blog Wesco","description":"Comment encourager la coordination des mouvements de b\u00e9b\u00e9 ? Nos conseils et des id\u00e9es de jeux et d\u2019activit\u00e9s \u00e0 faire \u00e0 la maison","robots":{"index":"index","follow":"follow","max-snippet":"max-snippet:-1","max-image-preview":"max-image-preview:large","max-video-preview":"max-video-preview:-1"},"canonical":"https:\/\/leblog.wesco.fr\/fr\/comment-encourager-la-coordination-des-mouvements-de-bebe-avec-montessori\/","og_locale":"fr_FR","og_type":"article","og_title":"Encourager la coordination motrice de b\u00e9b\u00e9 avec Montessori - Le Blog Wesco","og_description":"Comment encourager la coordination des mouvements de b\u00e9b\u00e9 ? Nos conseils et des id\u00e9es de jeux et d\u2019activit\u00e9s \u00e0 faire \u00e0 la maison","og_url":"https:\/\/leblog.wesco.fr\/fr\/comment-encourager-la-coordination-des-mouvements-de-bebe-avec-montessori\/","og_site_name":"Blog Wesco","article_published_time":"2021-01-27T10:37:17+00:00","article_modified_time":"2025-07-15T08:51:12+00:00","og_image":[{"width":1600,"height":800,"url":"https:\/\/leblog.wesco.fr\/fr\/wp-content\/uploads\/2021\/01\/coordination_mouvement_montessori.jpg","type":"image\/jpeg"}],"author":"Soline Dupont","twitter_card":"summary_large_image","twitter_misc":{"\u00c9crit par":"Soline Dupont","Dur\u00e9e de lecture estim\u00e9e":"5 minutes"},"schema":{"@context":"https:\/\/schema.org","@graph":[{"@type":"Article","@id":"https:\/\/leblog.wesco.fr\/fr\/comment-encourager-la-coordination-des-mouvements-de-bebe-avec-montessori\/#article","isPartOf":{"@id":"https:\/\/leblog.wesco.fr\/fr\/comment-encourager-la-coordination-des-mouvements-de-bebe-avec-montessori\/"},"author":{"name":"Soline Dupont","@id":"https:\/\/leblog.wesco.fr\/fr\/#\/schema\/person\/c7cdcf2fa157e659e79e71f36334b657"},"headline":"Comment encourager la coordination des mouvements de B\u00e9b\u00e9 avec Montessori ?","datePublished":"2021-01-27T10:37:17+00:00","dateModified":"2025-07-15T08:51:12+00:00","mainEntityOfPage":{"@id":"https:\/\/leblog.wesco.fr\/fr\/comment-encourager-la-coordination-des-mouvements-de-bebe-avec-montessori\/"},"wordCount":825,"commentCount":0,"image":{"@id":"https:\/\/leblog.wesco.fr\/fr\/comment-encourager-la-coordination-des-mouvements-de-bebe-avec-montessori\/#primaryimage"},"thumbnailUrl":"https:\/\/leblog.wesco.fr\/fr\/wp-content\/uploads\/2021\/01\/coordination_mouvement_montessori.jpg","keywords":["12\/36 mois","3\/6 ans","Motricit\u00e9 fine","Motricit\u00e9 globale","Parentalit\u00e9","P\u00e9riodes sensibles Montessori"],"articleSection":["\u00c9veil &amp; apprentissage"],"inLanguage":"fr-FR","potentialAction":[{"@type":"CommentAction","name":"Comment","target":["https:\/\/leblog.wesco.fr\/fr\/comment-encourager-la-coordination-des-mouvements-de-bebe-avec-montessori\/#respond"]}]},{"@type":"WebPage","@id":"https:\/\/leblog.wesco.fr\/fr\/comment-encourager-la-coordination-des-mouvements-de-bebe-avec-montessori\/","url":"https:\/\/leblog.wesco.fr\/fr\/comment-encourager-la-coordination-des-mouvements-de-bebe-avec-montessori\/","name":"Encourager la coordination motrice de b\u00e9b\u00e9 avec Montessori - Le Blog Wesco","isPartOf":{"@id":"https:\/\/leblog.wesco.fr\/fr\/#website"},"primaryImageOfPage":{"@id":"https:\/\/leblog.wesco.fr\/fr\/comment-encourager-la-coordination-des-mouvements-de-bebe-avec-montessori\/#primaryimage"},"image":{"@id":"https:\/\/leblog.wesco.fr\/fr\/comment-encourager-la-coordination-des-mouvements-de-bebe-avec-montessori\/#primaryimage"},"thumbnailUrl":"https:\/\/leblog.wesco.fr\/fr\/wp-content\/uploads\/2021\/01\/coordination_mouvement_montessori.jpg","datePublished":"2021-01-27T10:37:17+00:00","dateModified":"2025-07-15T08:51:12+00:00","author":{"@id":"https:\/\/leblog.wesco.fr\/fr\/#\/schema\/person\/c7cdcf2fa157e659e79e71f36334b657"},"description":"Comment encourager la coordination des mouvements de b\u00e9b\u00e9 ? Nos conseils et des id\u00e9es de jeux et d\u2019activit\u00e9s \u00e0 faire \u00e0 la maison","breadcrumb":{"@id":"https:\/\/leblog.wesco.fr\/fr\/comment-encourager-la-coordination-des-mouvements-de-bebe-avec-montessori\/#breadcrumb"},"inLanguage":"fr-FR","potentialAction":[{"@type":"ReadAction","target":["https:\/\/leblog.wesco.fr\/fr\/comment-encourager-la-coordination-des-mouvements-de-bebe-avec-montessori\/"]}]},{"@type":"ImageObject","inLanguage":"fr-FR","@id":"https:\/\/leblog.wesco.fr\/fr\/comment-encourager-la-coordination-des-mouvements-de-bebe-avec-montessori\/#primaryimage","url":"https:\/\/leblog.wesco.fr\/fr\/wp-content\/uploads\/2021\/01\/coordination_mouvement_montessori.jpg","contentUrl":"https:\/\/leblog.wesco.fr\/fr\/wp-content\/uploads\/2021\/01\/coordination_mouvement_montessori.jpg","width":1600,"height":800,"caption":"b\u00e9b\u00e9 sur tapis assis avec objet dans la main blog wesco"},{"@type":"BreadcrumbList","@id":"https:\/\/leblog.wesco.fr\/fr\/comment-encourager-la-coordination-des-mouvements-de-bebe-avec-montessori\/#breadcrumb","itemListElement":[{"@type":"ListItem","position":1,"name":"Accueil","item":"https:\/\/leblog.wesco.fr\/fr\/"},{"@type":"ListItem","position":2,"name":"\u00c9veil &amp; apprentissage","item":"https:\/\/leblog.wesco.fr\/fr\/category\/eveil-et-apprentissage\/"},{"@type":"ListItem","position":3,"name":"Comment encourager la coordination des mouvements de B\u00e9b\u00e9 avec Montessori ?"}]},{"@type":"WebSite","@id":"https:\/\/leblog.wesco.fr\/fr\/#website","url":"https:\/\/leblog.wesco.fr\/fr\/","name":"Blog Wesco","description":"Le rendez-vous des enfants, des parents et des professionnels","potentialAction":[{"@type":"SearchAction","target":{"@type":"EntryPoint","urlTemplate":"https:\/\/leblog.wesco.fr\/fr\/?s={search_term_string}"},"query-input":{"@type":"PropertyValueSpecification","valueRequired":true,"valueName":"search_term_string"}}],"inLanguage":"fr-FR"},{"@type":"Person","@id":"https:\/\/leblog.wesco.fr\/fr\/#\/schema\/person\/c7cdcf2fa157e659e79e71f36334b657","name":"Soline Dupont","url":"https:\/\/leblog.wesco.fr\/fr\/author\/sdupont\/"}]}},"modified_by":"Adeline Glotin","_links":{"self":[{"href":"https:\/\/leblog.wesco.fr\/fr\/wp-json\/wp\/v2\/posts\/4847","targetHints":{"allow":["GET"]}}],"collection":[{"href":"https:\/\/leblog.wesco.fr\/fr\/wp-json\/wp\/v2\/posts"}],"about":[{"href":"https:\/\/leblog.wesco.fr\/fr\/wp-json\/wp\/v2\/types\/post"}],"author":[{"embeddable":true,"href":"https:\/\/leblog.wesco.fr\/fr\/wp-json\/wp\/v2\/users\/4"}],"replies":[{"embeddable":true,"href":"https:\/\/leblog.wesco.fr\/fr\/wp-json\/wp\/v2\/comments?post=4847"}],"version-history":[{"count":11,"href":"https:\/\/leblog.wesco.fr\/fr\/wp-json\/wp\/v2\/posts\/4847\/revisions"}],"predecessor-version":[{"id":131451,"href":"https:\/\/leblog.wesco.fr\/fr\/wp-json\/wp\/v2\/posts\/4847\/revisions\/131451"}],"wp:featuredmedia":[{"embeddable":true,"href":"https:\/\/leblog.wesco.fr\/fr\/wp-json\/wp\/v2\/media\/4853"}],"wp:attachment":[{"href":"https:\/\/leblog.wesco.fr\/fr\/wp-json\/wp\/v2\/media?parent=4847"}],"wp:term":[{"taxonomy":"category","embeddable":true,"href":"https:\/\/leblog.wesco.fr\/fr\/wp-json\/wp\/v2\/categories?post=4847"},{"taxonomy":"post_tag","embeddable":true,"href":"https:\/\/leblog.wesco.fr\/fr\/wp-json\/wp\/v2\/tags?post=4847"}],"curies":[{"name":"wp","href":"https:\/\/api.w.org\/{rel}","templated":true}]}}