{"id":4598,"date":"2020-10-20T15:44:44","date_gmt":"2020-10-20T13:44:44","guid":{"rendered":"https:\/\/leblog.wesco.fr\/?p=4598"},"modified":"2022-05-25T10:27:04","modified_gmt":"2022-05-25T08:27:04","slug":"comment-nait-le-langage","status":"publish","type":"post","link":"https:\/\/leblog.wesco.fr\/fr\/comment-nait-le-langage\/","title":{"rendered":"Comment na\u00eet le langage ?"},"content":{"rendered":"<p><!--more--><\/p>\n<h2>Le langage, le propre de l\u2019homme&nbsp;?<\/h2>\n<p>Longtemps, nous avons cru que la parole \u00e9tait au centre de notre dite sup\u00e9riorit\u00e9 dans le r\u00e8gne animal et v\u00e9g\u00e9tal. Aristote exprimait la vision de tout un pan de l\u2019humanit\u00e9 en verbalisant que \u00ab&nbsp;seules les personnes capables de parler, sont capables de penser&nbsp;\u00bb. Mais que penser des personnes sourdes ou muettes&nbsp;? Cette interrogation remet en effet en question cette vision. Les langues des signes sont, tout comme les langues orales, d\u2019une prodigieuse richesse et mobilisent une pens\u00e9e complexe.<\/p>\n<h3>Tout communique<\/h3>\n<p>Si l\u2019utilisation du langage articul\u00e9 est propre \u00e0 l\u2019homme, il n\u2019est pas le seul \u00eatre vivant \u00e0 interagir avec ses pairs. Charles Darwin module en toute logique l\u2019id\u00e9e du langage propre \u00e0 l\u2019homme en expliquant qu&#8217;il s\u2019agit en fait \u00ab&nbsp;d\u2019une diff\u00e9rence de degr\u00e9 et non de nature.&nbsp;\u00bb Ainsi, on retrouve chez nos cousins les chimpanz\u00e9s un langage d\u2019une grande complexit\u00e9 et \u00e0 la richesse lexicale \u00e0 faire rougir de honte Aristote (oui, rien que \u00e7a). Que dire aussi par exemple du langage des grands c\u00e9tac\u00e9s et m\u00eame plus r\u00e9cemment per\u00e7u, des arbres&nbsp;?<\/p>\n<h3>Qu\u2019est-ce que le langage&nbsp;?<\/h3>\n<p>Le langage est fait, dans le cadre des humains, de mots articul\u00e9s entre eux afin de faire sens et de partager une pens\u00e9e, un besoin, etc.<\/p>\n<p>Au del\u00e0 des mots, la tonalit\u00e9 ajoute \u00e9galement une nuance aux dits mots. La prosodie, la musicalit\u00e9, le rythme, le tempo expriment notre \u00e9tat \u00e9motionnel et nous renseignent sur celui de notre interlocuteur. Cette composante n\u2019est pas inn\u00e9e. Selon les cultures, cette composante musicale varie et cela nous induit \u00e0 penser que c\u2019est un apprentissage.<\/p>\n<p>Outre des sons prononc\u00e9s, le langage est \u00e9galement fait d\u2019expressions faciales et de gestes. Le corps est \u00e9galement un moyen de communication fort pour donner sens ou supplanter les sons. Ainsi, si nous faisons principalement r\u00e9f\u00e9rence au langage oral, il est int\u00e9ressant de consid\u00e9rer le langage sous toutes ses formes et dans sa compl\u00e9mentarit\u00e9.<\/p>\n<h3>A quoi sert le langage&nbsp;?<\/h3>\n<p><strong>Jean-Claude Ameisen<\/strong>, dans <strong>Sur les \u00e9paules de Darwin<\/strong>, pr\u00e9sente l\u2019incroyable aventure de la construction du langage comme une tentative de<\/p>\n<blockquote><p>tisser des liens avec les autres, habiter un univers de relations aux autres, apprendre diff\u00e9rentes formes de langages qui permettent de communiquer avec les autres, de se mettre \u00e0 la place des autres et de faire en sorte que les autres puissent se mettre \u00e0 notre place.<\/p><\/blockquote>\n<p><strong>Ainsi, nous cherchons, d\u00e8s nos premiers jours \u00e0 entrer en relation avec les autres, \u00e0 partager, \u00e0 \u00e9changer et entrer en dialogue avec <a href=\"https:\/\/leblog.wesco.fr\/lattachement-cet-obscur-objet-dont-monde-parle\/\" target=\"_blank\" rel=\"noopener\">nos figures d\u2019attachement<\/a><\/strong>.<\/p>\n<h2>Comment le nourrisson apprend le langage&nbsp;?<\/h2>\n<h3>Des g\u00e9nies ces b\u00e9b\u00e9s !<\/h3>\n<p>Les nourrissons sont d\u00e8s la naissance capables de reconna\u00eetre et de se souvenir \u00e0 court terme de mots. Ils sont particuli\u00e8rement sensibles aux voyelles, les \u00e9l\u00e9ments majeurs de la musicalit\u00e9 de la langue. <strong>C\u2019est ainsi, par la musique des sons que l\u2019enfant commence \u00e0 appr\u00e9hender sa propre langue maternelle<\/strong>. Le b\u00e9b\u00e9 imite les nuances de la musicalit\u00e9 de ses figures d\u2019attachement. Il fredonne et pleure selon la musicalit\u00e9 de sa langue maternelle.<\/p>\n<p>De plus, <strong>le son de la voix nous permet d&#8217;acc\u00e9der aux \u00e9motions de l\u2019autre<\/strong>. Le timbre, la teinte et les tonalit\u00e9s des sons induisent un \u00e9tat \u00e9motionnel particulier qui nous est audible. Ainsi, si ces sons nous r\u00e9v\u00e8lent l\u2019\u00e9tat d\u2019esprit de l\u2019autre, ils peuvent \u00e9galement nous indiquer notre propre \u00e9tat.<\/p>\n<h3>Le langage est plus qu\u2019une somme de mots<\/h3>\n<p>L\u2019apprentissage du langage ne saurait se limiter aux mots, <strong>il est le fruit d\u2019un ensemble d\u2019interactions entre le nourrisson et sa figure d\u2019attachement<\/strong> (sa m\u00e8re, son p\u00e8re, etc.)<\/p>\n<p>Les nouveaux-n\u00e9s sont d\u00e8s la naissance capables d\u2019imiter les mouvements du corps des personnes qui les entourent. Ainsi, les r\u00e9seaux miroirs sont d\u00e9j\u00e0 bien en place et \u00ab&nbsp;ils r\u00e9v\u00e8lent \u00e0 quel point est profond\u00e9ment ancr\u00e9 en nous le lien qui nous rattache aux autres.&nbsp;\u00bb (Giacomo Rizzolatti, Professeur de physiologie \u00e0 l&#8217;universit\u00e9 de Parme)<\/p>\n<h3>Le gazouillis polyglotte<\/h3>\n<p>La toute premi\u00e8re p\u00e9riode de vie est faite d\u2019une capacit\u00e9 d\u2019apprentissage incroyable (Quel dommage que les souvenirs de ce temps nous demeurent inatteignables).<\/p>\n<p><strong>Le nourrisson est capable d\u2019articuler une somme ph\u00e9nom\u00e9nale de sons<\/strong> et son babil ne traduit pas les sons d\u2019une langue, ni m\u00eame d\u2019un groupe de langue, il les transcende en \u00e9tant bien plus large et universel (lisez \u00e0 ce sujet <a href=\"https:\/\/leblog.wesco.fr\/immersion-en-milieu-sonore-ou-comment-decrypter-les-pleurs-de-bebe\/\" target=\"_blank\" rel=\"noopener\">notre article sur l\u2019universalit\u00e9 des pleurs des b\u00e9b\u00e9s<\/a>). Aucun adulte polyglotte ne saurait rivaliser avec le large \u00e9ventail de sons que le nourrisson ma\u00eetrise dans son gazouillement<a href=\"#1\">1<\/a>.<\/p>\n<h3>Les \u00e9tapes d\u2019apprentissage<\/h3>\n<p>Ainsi <strong>Daniel Heller-Roazen<\/strong> nous \u00e9claire sur <strong>le petit d\u2019homme qui dans sa premi\u00e8re ann\u00e9e de vie va r\u00e9duire son audition aux consonnes et voyelles propres \u00e0 sa langue maternelle<\/strong>. Avec cet oubli, le b\u00e9b\u00e9 va \u00e9galement r\u00e9duire sa capacit\u00e9 de babil que Jakobson qualifie d\u2019\u00ab atrophie partielle des capacit\u00e9s phoniques \u00bb. Cette atrophie marque le commencement de l&#8217;acquisition du langage&nbsp;:<\/p>\n<ul>\n<li>e\u0301mission de dentales (comme [t] et [d])&nbsp;;<\/li>\n<li>puis les palatales et les ve\u0301laires (comme [k] et [g])&nbsp;;<\/li>\n<li>les occlusives et des labiales (comme [b], [p], et [m])&nbsp;;<\/li>\n<li>les constrictives (comme [v], [s] et [\u222b])&nbsp;;<\/li>\n<li>jusqu\u2019\u00e0 s\u2019approprier tous les \u00e9l\u00e9ments de sa langue.<\/li>\n<\/ul>\n<p>On comprend alors \u00e0 quel point <a href=\"https:\/\/leblog.wesco.fr\/parler-a-bebe\/\" target=\"_blank\" rel=\"noopener\">il est essentiel de parler aux b\u00e9b\u00e9s<\/a> en utilisant un vocabulaire riche et vari\u00e9. Par la suite, le petit d\u2019homme va conna\u00eetre <a href=\"https:\/\/leblog.wesco.fr\/le-langage\/\" target=\"_blank\" rel=\"noopener\">de grandes \u00e9tapes d\u2019apprentissage du langage<\/a> et vous pouvez l\u2019\u00e9couter et <a href=\"https:\/\/leblog.wesco.fr\/comment-encourager-les-enfants-a-parler-et-a-communiquer\/\" target=\"_blank\" rel=\"noopener\">l\u2019accompagner dans ses d\u00e9couvertes<\/a>.<\/p>\n<h2>Langue maternelle ou pr\u00e9natale<\/h2>\n<p>L\u2019humain expos\u00e9 \u00e0 une autre langue lors de sa vie in-utero et dans ses premiers mois de vie conserve une compr\u00e9hension de la prosodie de cette premi\u00e8re langue sans pour autant en comprendre la signification. C\u2019est le cas d\u2019adolescents d\u2019origine chinoise ayant \u00e9t\u00e9 adopt\u00e9s par des familles qu\u00e9b\u00e9coises. Les images neuronales issues de cette \u00e9tude sp\u00e9cifique attestent l\u2019activation des r\u00e9gions c\u00e9r\u00e9brales associ\u00e9es dans la compr\u00e9hension des tons lexicaux de la langue chinoise comme une composante d\u2019une langue (et non seulement d\u2019une musique)<a href=\"#2\">2<\/a>.<\/p>\n<h2>En bref<\/h2>\n<p><strong>Les avanc\u00e9es scientifiques nous r\u00e9v\u00e8lent encore une fois \u00e0 quel point les b\u00e9b\u00e9s sont dot\u00e9s d\u2019un potentiel infini<\/strong>. Leur compr\u00e9hension du monde est bien plus large que ce que nous pouvions croire il y a encore seulement quelques ann\u00e9es. Ainsi, <strong>le b\u00e9b\u00e9 acquiert le langage selon un processus riche et empreint de bienveillance et d\u2019attention<\/strong>.<\/p>\n<p><strong>Vous pouvez faire confiance \u00e0 B\u00e9b\u00e9, il saura vous r\u00e9v\u00e9ler ses talents.<\/strong><\/p>\n<h3>Nos articles sur la m\u00eame th\u00e9matique<\/h3>\n<ul>\n<li><a href=\"https:\/\/leblog.wesco.fr\/immersion-en-milieu-sonore-ou-comment-decrypter-les-pleurs-de-bebe\/\">Immersion en milieu sonore ou comment d\u00e9crypter les pleurs de B\u00e9b\u00e9<\/a><\/li>\n<li><a href=\"https:\/\/leblog.wesco.fr\/parler-a-bebe\/\">Pourquoi parler \u00e0 un b\u00e9b\u00e9 ?<\/a><\/li>\n<li><a href=\"https:\/\/leblog.wesco.fr\/le-langage\/\">Les grandes \u00e9tapes du d\u00e9veloppement du langage\u2028<\/a><\/li>\n<li><a href=\"https:\/\/leblog.wesco.fr\/comment-encourager-les-enfants-a-parler-et-a-communiquer\/\">Comment encourager les enfants \u00e0 parler et \u00e0 communiquer ?<\/a><\/li>\n<\/ul>\n<h3>Nos sources&nbsp;:<\/h3>\n<ul>\n<li>\u00c9coutez l&#8217;incroyable \u00e9mission&nbsp;<a href=\"https:\/\/www.franceinter.fr\/emissions\/sur-les-epaules-de-darwin\/sur-les-epaules-de-darwin-23-mars-2013\" target=\"_blank\" rel=\"noopener\">Sur les \u00e9paules de Darwin &#8211; Aux origines du langage<\/a><\/li>\n<li>Lisez<a href=\"https:\/\/lejournal.cnrs.fr\/articles\/aux-origines-du-langage\" target=\"_blank\" rel=\"noopener\"> l&#8217;article du CNRS sur les origines du langage<\/a><\/li>\n<li>Laissez-vous porter par Jean-Claude Ameisen dans son podcast<a href=\"https:\/\/www.franceinter.fr\/emissions\/sur-les-epaules-de-darwin\/sur-les-epaules-de-darwin-29-novembre-2014\" target=\"_blank\" rel=\"noopener\"> Sur les \u00e9paules de Darwin &#8211; La musique des mots<\/a><\/li>\n<li><a href=\"https:\/\/www.franceinter.fr\/emissions\/sur-les-epaules-de-darwin\/sur-les-epaules-de-darwin-06-decembre-2014\" target=\"_blank\" rel=\"noopener\">Sur les \u00e9paules de Darwin &#8211; Des chants appris avant de na\u00eetre<\/a>&nbsp;vous expliquera la musicalit\u00e9, la prosodie du langage<\/li>\n<li>Pour tout comprendre sur l\u2019oublis des sons, lisez <a href=\"https:\/\/www.cairn.info\/revue-vacarme-2005-3-page-61.htm#\" target=\"_blank\" rel=\"noopener\">\u00c9cholalies, essai sur l\u2019oubli des langues par Daniel Heller-Roazen<\/a><\/li>\n<\/ul>\n<p><a name=\"1\"><\/a> 1. Roman Jakobson l\u2019observe dans Langage enfantin, aphasie et lois g\u00e9n\u00e9rales de la structure phonique<\/p>\n<p><a name=\"2\"><\/a> 2. Une cartographie de la persistance inconsciente de la premi\u00e8re langue perdue de Pierce LJ, Klein D, Chen JK, et coll . National Academy of Sciences of the USA 2014<\/p>\n","protected":false},"excerpt":{"rendered":"","protected":false},"author":4,"featured_media":4599,"comment_status":"open","ping_status":"closed","sticky":false,"template":"","format":"standard","meta":{"_lmt_disableupdate":"","_lmt_disable":"","episode_type":"","audio_file":"","podmotor_file_id":"","podmotor_episode_id":"","cover_image":"","cover_image_id":"","duration":"","filesize":"","filesize_raw":"","date_recorded":"","explicit":"","block":"","itunes_episode_number":"","itunes_title":"","itunes_season_number":"","itunes_episode_type":"","footnotes":""},"categories":[62],"tags":[16,18,32,45,53,52],"class_list":["post-4598","post","type-post","status-publish","format-standard","has-post-thumbnail","hentry","category-eveil-et-apprentissage","tag-0-12-mois","tag-12-36-mois","tag-communication","tag-langage","tag-les-grandes-pedagogies","tag-parentalite"],"yoast_head":"<!-- This site is optimized with the Yoast SEO plugin v27.5 - https:\/\/yoast.com\/product\/yoast-seo-wordpress\/ -->\n<title>Le d\u00e9veloppement du langage chez les b\u00e9b\u00e9s - Le Blog Wesco<\/title>\n<meta name=\"description\" content=\"L\u2019acquisition du langage d\u00e8s la naissance de b\u00e9b\u00e9s et les diff\u00e9rentes \u00e9tapes de cet apprentissage\" \/>\n<meta name=\"robots\" content=\"index, follow, max-snippet:-1, max-image-preview:large, max-video-preview:-1\" \/>\n<link rel=\"canonical\" href=\"https:\/\/leblog.wesco.fr\/fr\/comment-nait-le-langage\/\" \/>\n<meta property=\"og:locale\" content=\"fr_FR\" \/>\n<meta property=\"og:type\" content=\"article\" \/>\n<meta property=\"og:title\" content=\"Le d\u00e9veloppement du langage chez les b\u00e9b\u00e9s - Le Blog Wesco\" \/>\n<meta property=\"og:description\" content=\"L\u2019acquisition du langage d\u00e8s la naissance de b\u00e9b\u00e9s et les diff\u00e9rentes \u00e9tapes de cet apprentissage\" \/>\n<meta property=\"og:url\" content=\"https:\/\/leblog.wesco.fr\/fr\/comment-nait-le-langage\/\" \/>\n<meta property=\"og:site_name\" content=\"Blog Wesco\" \/>\n<meta property=\"article:published_time\" content=\"2020-10-20T13:44:44+00:00\" \/>\n<meta property=\"article:modified_time\" content=\"2022-05-25T08:27:04+00:00\" \/>\n<meta property=\"og:image\" content=\"https:\/\/leblog.wesco.fr\/fr\/wp-content\/uploads\/2020\/10\/naissance_langage.jpg\" \/>\n\t<meta property=\"og:image:width\" content=\"1600\" \/>\n\t<meta property=\"og:image:height\" content=\"800\" \/>\n\t<meta property=\"og:image:type\" content=\"image\/jpeg\" \/>\n<meta name=\"author\" content=\"Soline Dupont\" \/>\n<meta name=\"twitter:card\" content=\"summary_large_image\" \/>\n<meta name=\"twitter:label1\" content=\"\u00c9crit par\" \/>\n\t<meta name=\"twitter:data1\" content=\"Soline Dupont\" \/>\n\t<meta name=\"twitter:label2\" content=\"Dur\u00e9e de lecture estim\u00e9e\" \/>\n\t<meta name=\"twitter:data2\" content=\"7 minutes\" \/>\n<!-- \/ Yoast SEO plugin. -->","yoast_head_json":{"title":"Le d\u00e9veloppement du langage chez les b\u00e9b\u00e9s - Le Blog Wesco","description":"L\u2019acquisition du langage d\u00e8s la naissance de b\u00e9b\u00e9s et les diff\u00e9rentes \u00e9tapes de cet apprentissage","robots":{"index":"index","follow":"follow","max-snippet":"max-snippet:-1","max-image-preview":"max-image-preview:large","max-video-preview":"max-video-preview:-1"},"canonical":"https:\/\/leblog.wesco.fr\/fr\/comment-nait-le-langage\/","og_locale":"fr_FR","og_type":"article","og_title":"Le d\u00e9veloppement du langage chez les b\u00e9b\u00e9s - Le Blog Wesco","og_description":"L\u2019acquisition du langage d\u00e8s la naissance de b\u00e9b\u00e9s et les diff\u00e9rentes \u00e9tapes de cet apprentissage","og_url":"https:\/\/leblog.wesco.fr\/fr\/comment-nait-le-langage\/","og_site_name":"Blog Wesco","article_published_time":"2020-10-20T13:44:44+00:00","article_modified_time":"2022-05-25T08:27:04+00:00","og_image":[{"width":1600,"height":800,"url":"https:\/\/leblog.wesco.fr\/fr\/wp-content\/uploads\/2020\/10\/naissance_langage.jpg","type":"image\/jpeg"}],"author":"Soline Dupont","twitter_card":"summary_large_image","twitter_misc":{"\u00c9crit par":"Soline Dupont","Dur\u00e9e de lecture estim\u00e9e":"7 minutes"},"schema":{"@context":"https:\/\/schema.org","@graph":[{"@type":"Article","@id":"https:\/\/leblog.wesco.fr\/fr\/comment-nait-le-langage\/#article","isPartOf":{"@id":"https:\/\/leblog.wesco.fr\/fr\/comment-nait-le-langage\/"},"author":{"name":"Soline Dupont","@id":"https:\/\/leblog.wesco.fr\/fr\/#\/schema\/person\/c7cdcf2fa157e659e79e71f36334b657"},"headline":"Comment na\u00eet le langage ?","datePublished":"2020-10-20T13:44:44+00:00","dateModified":"2022-05-25T08:27:04+00:00","mainEntityOfPage":{"@id":"https:\/\/leblog.wesco.fr\/fr\/comment-nait-le-langage\/"},"wordCount":1346,"commentCount":0,"image":{"@id":"https:\/\/leblog.wesco.fr\/fr\/comment-nait-le-langage\/#primaryimage"},"thumbnailUrl":"https:\/\/leblog.wesco.fr\/fr\/wp-content\/uploads\/2020\/10\/naissance_langage.jpg","keywords":["0\/12 mois","12\/36 mois","Communication","Langage","Les grandes p\u00e9dagogies","Parentalit\u00e9"],"articleSection":["\u00c9veil &amp; apprentissage"],"inLanguage":"fr-FR","potentialAction":[{"@type":"CommentAction","name":"Comment","target":["https:\/\/leblog.wesco.fr\/fr\/comment-nait-le-langage\/#respond"]}]},{"@type":"WebPage","@id":"https:\/\/leblog.wesco.fr\/fr\/comment-nait-le-langage\/","url":"https:\/\/leblog.wesco.fr\/fr\/comment-nait-le-langage\/","name":"Le d\u00e9veloppement du langage chez les b\u00e9b\u00e9s - Le Blog Wesco","isPartOf":{"@id":"https:\/\/leblog.wesco.fr\/fr\/#website"},"primaryImageOfPage":{"@id":"https:\/\/leblog.wesco.fr\/fr\/comment-nait-le-langage\/#primaryimage"},"image":{"@id":"https:\/\/leblog.wesco.fr\/fr\/comment-nait-le-langage\/#primaryimage"},"thumbnailUrl":"https:\/\/leblog.wesco.fr\/fr\/wp-content\/uploads\/2020\/10\/naissance_langage.jpg","datePublished":"2020-10-20T13:44:44+00:00","dateModified":"2022-05-25T08:27:04+00:00","author":{"@id":"https:\/\/leblog.wesco.fr\/fr\/#\/schema\/person\/c7cdcf2fa157e659e79e71f36334b657"},"description":"L\u2019acquisition du langage d\u00e8s la naissance de b\u00e9b\u00e9s et les diff\u00e9rentes \u00e9tapes de cet apprentissage","breadcrumb":{"@id":"https:\/\/leblog.wesco.fr\/fr\/comment-nait-le-langage\/#breadcrumb"},"inLanguage":"fr-FR","potentialAction":[{"@type":"ReadAction","target":["https:\/\/leblog.wesco.fr\/fr\/comment-nait-le-langage\/"]}]},{"@type":"ImageObject","inLanguage":"fr-FR","@id":"https:\/\/leblog.wesco.fr\/fr\/comment-nait-le-langage\/#primaryimage","url":"https:\/\/leblog.wesco.fr\/fr\/wp-content\/uploads\/2020\/10\/naissance_langage.jpg","contentUrl":"https:\/\/leblog.wesco.fr\/fr\/wp-content\/uploads\/2020\/10\/naissance_langage.jpg","width":1600,"height":800,"caption":"b\u00e9b\u00e9 qui ouvre la bouche comment na\u00eet le langage blog wesco"},{"@type":"BreadcrumbList","@id":"https:\/\/leblog.wesco.fr\/fr\/comment-nait-le-langage\/#breadcrumb","itemListElement":[{"@type":"ListItem","position":1,"name":"Accueil","item":"https:\/\/leblog.wesco.fr\/fr\/"},{"@type":"ListItem","position":2,"name":"\u00c9veil &amp; apprentissage","item":"https:\/\/leblog.wesco.fr\/fr\/category\/eveil-et-apprentissage\/"},{"@type":"ListItem","position":3,"name":"Comment na\u00eet le langage ?"}]},{"@type":"WebSite","@id":"https:\/\/leblog.wesco.fr\/fr\/#website","url":"https:\/\/leblog.wesco.fr\/fr\/","name":"Blog Wesco","description":"Le rendez-vous des enfants, des parents et des professionnels","potentialAction":[{"@type":"SearchAction","target":{"@type":"EntryPoint","urlTemplate":"https:\/\/leblog.wesco.fr\/fr\/?s={search_term_string}"},"query-input":{"@type":"PropertyValueSpecification","valueRequired":true,"valueName":"search_term_string"}}],"inLanguage":"fr-FR"},{"@type":"Person","@id":"https:\/\/leblog.wesco.fr\/fr\/#\/schema\/person\/c7cdcf2fa157e659e79e71f36334b657","name":"Soline Dupont","url":"https:\/\/leblog.wesco.fr\/fr\/author\/sdupont\/"}]}},"modified_by":"L\u00e9na Morini\u00e8re","_links":{"self":[{"href":"https:\/\/leblog.wesco.fr\/fr\/wp-json\/wp\/v2\/posts\/4598","targetHints":{"allow":["GET"]}}],"collection":[{"href":"https:\/\/leblog.wesco.fr\/fr\/wp-json\/wp\/v2\/posts"}],"about":[{"href":"https:\/\/leblog.wesco.fr\/fr\/wp-json\/wp\/v2\/types\/post"}],"author":[{"embeddable":true,"href":"https:\/\/leblog.wesco.fr\/fr\/wp-json\/wp\/v2\/users\/4"}],"replies":[{"embeddable":true,"href":"https:\/\/leblog.wesco.fr\/fr\/wp-json\/wp\/v2\/comments?post=4598"}],"version-history":[{"count":3,"href":"https:\/\/leblog.wesco.fr\/fr\/wp-json\/wp\/v2\/posts\/4598\/revisions"}],"predecessor-version":[{"id":126107,"href":"https:\/\/leblog.wesco.fr\/fr\/wp-json\/wp\/v2\/posts\/4598\/revisions\/126107"}],"wp:featuredmedia":[{"embeddable":true,"href":"https:\/\/leblog.wesco.fr\/fr\/wp-json\/wp\/v2\/media\/4599"}],"wp:attachment":[{"href":"https:\/\/leblog.wesco.fr\/fr\/wp-json\/wp\/v2\/media?parent=4598"}],"wp:term":[{"taxonomy":"category","embeddable":true,"href":"https:\/\/leblog.wesco.fr\/fr\/wp-json\/wp\/v2\/categories?post=4598"},{"taxonomy":"post_tag","embeddable":true,"href":"https:\/\/leblog.wesco.fr\/fr\/wp-json\/wp\/v2\/tags?post=4598"}],"curies":[{"name":"wp","href":"https:\/\/api.w.org\/{rel}","templated":true}]}}