{"id":4269,"date":"2020-09-14T16:33:12","date_gmt":"2020-09-14T14:33:12","guid":{"rendered":"https:\/\/leblog.wesco.fr\/?p=4269"},"modified":"2022-05-04T14:56:25","modified_gmt":"2022-05-04T12:56:25","slug":"pourquoi-chanter-avec-les-enfants","status":"publish","type":"post","link":"https:\/\/leblog.wesco.fr\/fr\/pourquoi-chanter-avec-les-enfants\/","title":{"rendered":"Pourquoi chanter avec les enfants ?"},"content":{"rendered":"\n<!--more-->\n\n\n\n<p><strong>Situation :<\/strong> Comme tous les matins, Caroline et ses coll\u00e8gues chantent avec leurs groupes d\u2019enfants (\u00b11 \u00e0 3 ans).<br>\n<strong>Mieux comprendre&nbsp;:<\/strong>&nbsp;Les bienfaits de chanter avec les enfants&nbsp;sur le d\u00e9veloppement de leur langage.<\/p>\n\n\n\n<figure class=\"wp-block-embed is-type-video is-provider-youtube wp-block-embed-youtube wp-embed-aspect-16-9 wp-has-aspect-ratio\"><div class=\"wp-block-embed__wrapper\">\n<iframe loading=\"lazy\" title=\"Dis-moi... pourquoi chanter avec les enfants?\" width=\"1140\" height=\"641\" src=\"https:\/\/www.youtube.com\/embed\/liqpn0CkbD0?feature=oembed\" frameborder=\"0\" allow=\"accelerometer; autoplay; clipboard-write; encrypted-media; gyroscope; picture-in-picture\" allowfullscreen><\/iframe>\n<\/div><\/figure>\n\n\n\n<h2 class=\"wp-block-heading\">Dis-moi&#8230;&nbsp;: Pourquoi chanter avec les enfants ?<\/h2>\n\n\n\n<p>Chanter des chansons et des comptines est une belle fa\u00e7on de s\u2019amuser avec des jeunes enfants. En plus d\u2019\u00eatre une activit\u00e9 agr\u00e9able, c\u2019est un moyen privil\u00e9gi\u00e9 d\u2019apprendre. Les chansons ont surtout un effet sur le d\u00e9veloppement du langage. En plus de donner acc\u00e8s \u00e0 de nouveaux mots, chanter favorise une meilleure articulation et familiarise les enfants aux diff\u00e9rentes intonations. Les encha\u00eenements de mots sensibilisent l\u2019enfant aux rythmes vari\u00e9s de la langue. Les activit\u00e9s musicales permettent aussi aux enfants d\u2019augmenter leur capacit\u00e9 d\u2019attention et leur m\u00e9moire.<br>\nLorsqu\u2019ils associent des gestes aux paroles de la chanson, les enfants d\u00e9veloppent aussi leur motricit\u00e9. Les enfants prennent grand plaisir \u00e0 chanter les mots qu\u2019ils reconnaissent. Les chansons et les comptines sont une source inestimable de stimulation et d\u2019apprentissage.<\/p>\n\n\n\n<h2 class=\"wp-block-heading\">Accompagner l\u2019enfant, cela peut \u00eatre <\/h2>\n\n\n\n<ul class=\"wp-block-list\"><li>R\u00e9p\u00e9ter souvent la m\u00eame chanson<\/li><li>Modifier le rythme et les intonations des chansons connues<\/li><li>Organiser des temps de chants plus souvent<\/li><li>Cr\u00e9er des ateliers chants de fa\u00e7on divers<\/li><\/ul>\n\n\n\n<h2 class=\"wp-block-heading\">Pour aller plus loin <\/h2>\n\n\n\n<ul class=\"wp-block-list\"><li><a href=\"https:\/\/naitreetgrandir.com\/fr\/etape\/1_3_ans\/jeux\/fiche.aspx?doc=ik-naitre-grandir-enfant-bienfait-comptine\" target=\"_blank\" rel=\"noreferrer noopener\">Les bienfaits des chansons et des comptines<\/a><\/li><\/ul>\n\n\n\n<h3 class=\"wp-block-heading\">Nos articles sur la m\u00eame th\u00e9matique <\/h3>\n\n\n\n<ul class=\"wp-block-list\"><li><a href=\"http:\/\/www.enfant-encyclopedie.com\/sites\/default\/files\/docs\/coups-oeil\/alphabetisation-info.pdf\" target=\"_blank\" rel=\"noreferrer noopener\">L\u2019alphab\u00e9tisation&nbsp;: premi\u00e8res \u00e9tapes pour apprendre \u00e0 \u00e9crire et \u00e0 lire<\/a><\/li><li><a href=\"https:\/\/lesprosdelapetiteenfance.fr\/eveil-activites\/eveil-musical-et-culturel\/comptines-et-chansons-leurs-bienfaits-pour-les-enfants-et-les-pros\" target=\"_blank\" rel=\"noreferrer noopener\">Les comptines et les chansons&nbsp;: les bienfaits pour les enfants et les pros<\/a><\/li><li><a href=\"http:\/\/www.vosquestionsdeparents.fr\/dossier\/822\/eveil-musical-quelles-chansons-pour-les-bebes\/page\/2\" target=\"_blank\" rel=\"noreferrer noopener\">Int\u00e9r\u00eats chansons en cr\u00e8che<\/a><\/li><\/ul>\n\n\n\n<figure class=\"wp-block-image size-large\"><img loading=\"lazy\" decoding=\"async\" width=\"1024\" height=\"175\" src=\"https:\/\/leblog.wesco.fr\/fr\/wp-content\/uploads\/2020\/11\/epepep-ressources-1024x175.png\" alt=\"Ensemble pour l'Education de la Petite Enfance et la Fondation d'entreprise Wesco\" class=\"wp-image-4661\" srcset=\"https:\/\/leblog.wesco.fr\/fr\/wp-content\/uploads\/2020\/11\/epepep-ressources-1024x175.png 1024w, https:\/\/leblog.wesco.fr\/fr\/wp-content\/uploads\/2020\/11\/epepep-ressources-300x51.png 300w, https:\/\/leblog.wesco.fr\/fr\/wp-content\/uploads\/2020\/11\/epepep-ressources-768x131.png 768w, https:\/\/leblog.wesco.fr\/fr\/wp-content\/uploads\/2020\/11\/epepep-ressources.png 1089w\" sizes=\"auto, (max-width: 1024px) 100vw, 1024px\" \/><\/figure>\n","protected":false},"excerpt":{"rendered":"","protected":false},"author":5,"featured_media":6120,"comment_status":"open","ping_status":"closed","sticky":false,"template":"","format":"standard","meta":{"_lmt_disableupdate":"","_lmt_disable":"","episode_type":"","audio_file":"","podmotor_file_id":"","podmotor_episode_id":"","cover_image":"","cover_image_id":"","duration":"","filesize":"","filesize_raw":"","date_recorded":"","explicit":"","block":"","itunes_episode_number":"","itunes_title":"","itunes_season_number":"","itunes_episode_type":"","footnotes":""},"categories":[62],"tags":[16,18,32,45,48,34],"class_list":["post-4269","post","type-post","status-publish","format-standard","has-post-thumbnail","hentry","category-eveil-et-apprentissage","tag-0-12-mois","tag-12-36-mois","tag-communication","tag-langage","tag-motricite-globale","tag-videos-dis-moi-pour-eveiller-bebe"],"yoast_head":"<!-- This site is optimized with the Yoast SEO plugin v27.5 - https:\/\/yoast.com\/product\/yoast-seo-wordpress\/ -->\n<title>Pourquoi chanter des chansons et comptines avec les enfants ? - Le Blog Wesco<\/title>\n<meta name=\"description\" content=\"Les chansons et comptines pr\u00e9sentent de nombreux bienfaits pour les jeunes enfants : d\u00e9veloppement du langage, de l&#039;attention, de la m\u00e9moire\" \/>\n<meta name=\"robots\" content=\"index, follow, max-snippet:-1, max-image-preview:large, max-video-preview:-1\" \/>\n<link rel=\"canonical\" href=\"https:\/\/leblog.wesco.fr\/fr\/pourquoi-chanter-avec-les-enfants\/\" \/>\n<meta property=\"og:locale\" content=\"fr_FR\" \/>\n<meta property=\"og:type\" content=\"article\" \/>\n<meta property=\"og:title\" content=\"Pourquoi chanter des chansons et comptines avec les enfants ? - Le Blog Wesco\" \/>\n<meta property=\"og:description\" content=\"Les chansons et comptines pr\u00e9sentent de nombreux bienfaits pour les jeunes enfants : d\u00e9veloppement du langage, de l&#039;attention, de la m\u00e9moire\" \/>\n<meta property=\"og:url\" content=\"https:\/\/leblog.wesco.fr\/fr\/pourquoi-chanter-avec-les-enfants\/\" \/>\n<meta property=\"og:site_name\" content=\"Blog Wesco\" \/>\n<meta property=\"article:published_time\" content=\"2020-09-14T14:33:12+00:00\" \/>\n<meta property=\"article:modified_time\" content=\"2022-05-04T12:56:25+00:00\" \/>\n<meta property=\"og:image\" content=\"https:\/\/leblog.wesco.fr\/fr\/wp-content\/uploads\/2020\/09\/dis_moi_pourquoi_chanter.jpg\" \/>\n\t<meta property=\"og:image:width\" content=\"1600\" \/>\n\t<meta property=\"og:image:height\" content=\"800\" \/>\n\t<meta property=\"og:image:type\" content=\"image\/jpeg\" \/>\n<meta name=\"author\" content=\"Nathalie Casso-Vicarini\" \/>\n<meta name=\"twitter:card\" content=\"summary_large_image\" \/>\n<meta name=\"twitter:label1\" content=\"\u00c9crit par\" \/>\n\t<meta name=\"twitter:data1\" content=\"Nathalie Casso-Vicarini\" \/>\n\t<meta name=\"twitter:label2\" content=\"Dur\u00e9e de lecture estim\u00e9e\" \/>\n\t<meta name=\"twitter:data2\" content=\"2 minutes\" \/>\n<!-- \/ Yoast SEO plugin. -->","yoast_head_json":{"title":"Pourquoi chanter des chansons et comptines avec les enfants ? - Le Blog Wesco","description":"Les chansons et comptines pr\u00e9sentent de nombreux bienfaits pour les jeunes enfants : d\u00e9veloppement du langage, de l'attention, de la m\u00e9moire","robots":{"index":"index","follow":"follow","max-snippet":"max-snippet:-1","max-image-preview":"max-image-preview:large","max-video-preview":"max-video-preview:-1"},"canonical":"https:\/\/leblog.wesco.fr\/fr\/pourquoi-chanter-avec-les-enfants\/","og_locale":"fr_FR","og_type":"article","og_title":"Pourquoi chanter des chansons et comptines avec les enfants ? - Le Blog Wesco","og_description":"Les chansons et comptines pr\u00e9sentent de nombreux bienfaits pour les jeunes enfants : d\u00e9veloppement du langage, de l'attention, de la m\u00e9moire","og_url":"https:\/\/leblog.wesco.fr\/fr\/pourquoi-chanter-avec-les-enfants\/","og_site_name":"Blog Wesco","article_published_time":"2020-09-14T14:33:12+00:00","article_modified_time":"2022-05-04T12:56:25+00:00","og_image":[{"width":1600,"height":800,"url":"https:\/\/leblog.wesco.fr\/fr\/wp-content\/uploads\/2020\/09\/dis_moi_pourquoi_chanter.jpg","type":"image\/jpeg"}],"author":"Nathalie Casso-Vicarini","twitter_card":"summary_large_image","twitter_misc":{"\u00c9crit par":"Nathalie Casso-Vicarini","Dur\u00e9e de lecture estim\u00e9e":"2 minutes"},"schema":{"@context":"https:\/\/schema.org","@graph":[{"@type":"Article","@id":"https:\/\/leblog.wesco.fr\/fr\/pourquoi-chanter-avec-les-enfants\/#article","isPartOf":{"@id":"https:\/\/leblog.wesco.fr\/fr\/pourquoi-chanter-avec-les-enfants\/"},"author":{"name":"Nathalie Casso-Vicarini","@id":"https:\/\/leblog.wesco.fr\/fr\/#\/schema\/person\/26cdfc5cd8df6472503ea768c3ba7db1"},"headline":"Pourquoi chanter avec les enfants ?","datePublished":"2020-09-14T14:33:12+00:00","dateModified":"2022-05-04T12:56:25+00:00","mainEntityOfPage":{"@id":"https:\/\/leblog.wesco.fr\/fr\/pourquoi-chanter-avec-les-enfants\/"},"wordCount":290,"commentCount":0,"image":{"@id":"https:\/\/leblog.wesco.fr\/fr\/pourquoi-chanter-avec-les-enfants\/#primaryimage"},"thumbnailUrl":"https:\/\/leblog.wesco.fr\/fr\/wp-content\/uploads\/2020\/09\/dis_moi_pourquoi_chanter.jpg","keywords":["0\/12 mois","12\/36 mois","Communication","Langage","Motricit\u00e9 globale","Vid\u00e9os Dis-moi (pour \u00e9veiller b\u00e9b\u00e9)"],"articleSection":["\u00c9veil &amp; apprentissage"],"inLanguage":"fr-FR","potentialAction":[{"@type":"CommentAction","name":"Comment","target":["https:\/\/leblog.wesco.fr\/fr\/pourquoi-chanter-avec-les-enfants\/#respond"]}]},{"@type":"WebPage","@id":"https:\/\/leblog.wesco.fr\/fr\/pourquoi-chanter-avec-les-enfants\/","url":"https:\/\/leblog.wesco.fr\/fr\/pourquoi-chanter-avec-les-enfants\/","name":"Pourquoi chanter des chansons et comptines avec les enfants ? - Le Blog Wesco","isPartOf":{"@id":"https:\/\/leblog.wesco.fr\/fr\/#website"},"primaryImageOfPage":{"@id":"https:\/\/leblog.wesco.fr\/fr\/pourquoi-chanter-avec-les-enfants\/#primaryimage"},"image":{"@id":"https:\/\/leblog.wesco.fr\/fr\/pourquoi-chanter-avec-les-enfants\/#primaryimage"},"thumbnailUrl":"https:\/\/leblog.wesco.fr\/fr\/wp-content\/uploads\/2020\/09\/dis_moi_pourquoi_chanter.jpg","datePublished":"2020-09-14T14:33:12+00:00","dateModified":"2022-05-04T12:56:25+00:00","author":{"@id":"https:\/\/leblog.wesco.fr\/fr\/#\/schema\/person\/26cdfc5cd8df6472503ea768c3ba7db1"},"description":"Les chansons et comptines pr\u00e9sentent de nombreux bienfaits pour les jeunes enfants : d\u00e9veloppement du langage, de l'attention, de la m\u00e9moire","breadcrumb":{"@id":"https:\/\/leblog.wesco.fr\/fr\/pourquoi-chanter-avec-les-enfants\/#breadcrumb"},"inLanguage":"fr-FR","potentialAction":[{"@type":"ReadAction","target":["https:\/\/leblog.wesco.fr\/fr\/pourquoi-chanter-avec-les-enfants\/"]}]},{"@type":"ImageObject","inLanguage":"fr-FR","@id":"https:\/\/leblog.wesco.fr\/fr\/pourquoi-chanter-avec-les-enfants\/#primaryimage","url":"https:\/\/leblog.wesco.fr\/fr\/wp-content\/uploads\/2020\/09\/dis_moi_pourquoi_chanter.jpg","contentUrl":"https:\/\/leblog.wesco.fr\/fr\/wp-content\/uploads\/2020\/09\/dis_moi_pourquoi_chanter.jpg","width":1600,"height":800,"caption":"femme qui chantent avec un groupe d'enfants blog wesco"},{"@type":"BreadcrumbList","@id":"https:\/\/leblog.wesco.fr\/fr\/pourquoi-chanter-avec-les-enfants\/#breadcrumb","itemListElement":[{"@type":"ListItem","position":1,"name":"Accueil","item":"https:\/\/leblog.wesco.fr\/fr\/"},{"@type":"ListItem","position":2,"name":"\u00c9veil &amp; apprentissage","item":"https:\/\/leblog.wesco.fr\/fr\/category\/eveil-et-apprentissage\/"},{"@type":"ListItem","position":3,"name":"Pourquoi chanter avec les enfants ?"}]},{"@type":"WebSite","@id":"https:\/\/leblog.wesco.fr\/fr\/#website","url":"https:\/\/leblog.wesco.fr\/fr\/","name":"Blog Wesco","description":"Le rendez-vous des enfants, des parents et des professionnels","potentialAction":[{"@type":"SearchAction","target":{"@type":"EntryPoint","urlTemplate":"https:\/\/leblog.wesco.fr\/fr\/?s={search_term_string}"},"query-input":{"@type":"PropertyValueSpecification","valueRequired":true,"valueName":"search_term_string"}}],"inLanguage":"fr-FR"},{"@type":"Person","@id":"https:\/\/leblog.wesco.fr\/fr\/#\/schema\/person\/26cdfc5cd8df6472503ea768c3ba7db1","name":"Nathalie Casso-Vicarini","url":"https:\/\/leblog.wesco.fr\/fr\/author\/ncv\/"}]}},"modified_by":"L\u00e9na Morini\u00e8re","_links":{"self":[{"href":"https:\/\/leblog.wesco.fr\/fr\/wp-json\/wp\/v2\/posts\/4269","targetHints":{"allow":["GET"]}}],"collection":[{"href":"https:\/\/leblog.wesco.fr\/fr\/wp-json\/wp\/v2\/posts"}],"about":[{"href":"https:\/\/leblog.wesco.fr\/fr\/wp-json\/wp\/v2\/types\/post"}],"author":[{"embeddable":true,"href":"https:\/\/leblog.wesco.fr\/fr\/wp-json\/wp\/v2\/users\/5"}],"replies":[{"embeddable":true,"href":"https:\/\/leblog.wesco.fr\/fr\/wp-json\/wp\/v2\/comments?post=4269"}],"version-history":[{"count":4,"href":"https:\/\/leblog.wesco.fr\/fr\/wp-json\/wp\/v2\/posts\/4269\/revisions"}],"predecessor-version":[{"id":125399,"href":"https:\/\/leblog.wesco.fr\/fr\/wp-json\/wp\/v2\/posts\/4269\/revisions\/125399"}],"wp:featuredmedia":[{"embeddable":true,"href":"https:\/\/leblog.wesco.fr\/fr\/wp-json\/wp\/v2\/media\/6120"}],"wp:attachment":[{"href":"https:\/\/leblog.wesco.fr\/fr\/wp-json\/wp\/v2\/media?parent=4269"}],"wp:term":[{"taxonomy":"category","embeddable":true,"href":"https:\/\/leblog.wesco.fr\/fr\/wp-json\/wp\/v2\/categories?post=4269"},{"taxonomy":"post_tag","embeddable":true,"href":"https:\/\/leblog.wesco.fr\/fr\/wp-json\/wp\/v2\/tags?post=4269"}],"curies":[{"name":"wp","href":"https:\/\/api.w.org\/{rel}","templated":true}]}}