{"id":3020,"date":"2019-10-07T17:23:52","date_gmt":"2019-10-07T15:23:52","guid":{"rendered":"http:\/\/leblog.wesco.fr\/?p=3020"},"modified":"2024-08-05T09:55:19","modified_gmt":"2024-08-05T07:55:19","slug":"quest-ce-que-la-stimulation-vestibulaire","status":"publish","type":"post","link":"https:\/\/leblog.wesco.fr\/fr\/quest-ce-que-la-stimulation-vestibulaire\/","title":{"rendered":"Qu&#8217;est-ce que la stimulation vestibulaire ?"},"content":{"rendered":"<p><!--more--><\/p>\n<p class=\"p1\"><span class=\"s1\">Savez-vous que nous avons 7 sens et non 5 ? il y a ceux qui nous viennent en t\u00eate : la vue, l\u2019odorat, le toucher, l&#8217;audition et le go\u00fbt. Et puis, il y a les 2 autres, plus \u201ccach\u00e9s\u201d mais tout aussi importants : la proprioception et le sens vestibulaire.\u00a0 Malika Taganza et Dominique Cronier, toutes deux psychomotriciennes, nous en disent plus sur cette fonction qui r\u00e9glemente le sens de l\u2019\u00e9quilibre.\u00a0<\/span><\/p>\n<h2 class=\"p1\"><span class=\"s1\">Qu\u2019est-ce que le syst\u00e8me vestibulaire ?\u00a0<\/span><\/h2>\n<p class=\"p4\"><span class=\"s1\">\u00a0<\/span><span class=\"s1\">Notre cerveau se nourrit sans cesse d\u2019informations sensorielles pour s\u2019adapter \u00e0 notre environnement. Ainsi, nos sens par un m\u00e9canisme de discrimination et de modulation, sont pleinement impliqu\u00e9s dans notre d\u00e9veloppement et dans nos r\u00e9actions entres autres comportementales, \u00e9motionnelles, sociale et dans nos capacit\u00e9s praxiques. Au niveau de nos oreilles, le syst\u00e8me vestibulaire sous-tend notre sens de l\u2019\u00e9quilibre : il participe au contr\u00f4le des postures et \u00e0 la coordinations des mouvements r\u00e9flexes des yeux et de la t\u00eate. Par ailleurs, notre cerveau va int\u00e9grer les messages du syst\u00e8me vestibulaire aux informations provenant d\u2019autres capteurs (visuels, articulaires, musculaires ou de pressions) pour permettre la perception et l\u2019orientation du corps dans l\u2019espace.\u00a0<\/span><span class=\"s1\">Il est aussi impliqu\u00e9 dans la stabilit\u00e9 des yeux, dans notre \u00e9tat d\u2019\u00e9veil et notre sommeil. Il va de m\u00eame influencer notre syst\u00e8me limbique, impliqu\u00e9 entre autres dans les \u00e9motions comme la peur ou la s\u00e9curit\u00e9 du fait des mouvements du corps, la m\u00e9moire, les apprentissages, le contr\u00f4le du syst\u00e8me endocrinien\u2026<\/span><\/p>\n<h2 class=\"p4\"><span class=\"s1\">Des id\u00e9es pour stimuler le syst\u00e8me vestibulaire\u00a0\u00a0<\/span><\/h2>\n<p class=\"p2\"><span class=\"s1\">La diversit\u00e9 des \u00e9quipements de jeux Wesco va permettre \u00e0 tous les enfants de nourrir leurs besoins sensoriels, et de r\u00e9pondre plus particuli\u00e8rement aux besoins sp\u00e9cifiques des enfants ayant des troubles de la r\u00e9gulation sensorielle. A travers ce mat\u00e9riel color\u00e9, nous allons pouvoir apporter au syst\u00e8me vestibulaire de la variabilit\u00e9 dans les informations sensorielles en adaptant les vitesses, l\u2019orientation des mouvements et la dur\u00e9e. C\u2019est \u00e0 travers l\u2019ensemble de ces activit\u00e9s ludiques qu\u2019un travail de modulation des perceptions sensorielles vestibulaires va s\u2019op\u00e9rer. <\/span><span class=\"s1\">Se balancer dans le <\/span><span class=\"s2\">Hamac <\/span><span class=\"s1\">ou <a href=\"https:\/\/www.wesco.fr\/of55994-planche-d-equilibre-wavy-conception-wesco.html\" target=\"_blank\" rel=\"noopener\"><span class=\"s3\">sur la planche<\/span><\/a>, s\u2019\u00e9lancer sur la <a href=\"https:\/\/www.wesco.fr\/of45287-planche-de-motricite-ovi-slide-wesco.html\" target=\"_blank\" rel=\"noopener\"><span class=\"s3\">planche de motricit\u00e9 <\/span><\/a>ou encore tournoyer sur le <a href=\"https:\/\/www.wesco.fr\/53857011-carrousel.html\" target=\"_blank\" rel=\"noopener\"><span class=\"s3\">Carrousel<\/span><\/a> ou <a href=\"https:\/\/www.wesco.fr\/57297037-toopi-wesco.html\" target=\"_blank\" rel=\"noopener\"><span class=\"s3\">la Toopi,<\/span><\/a> voil\u00e0 autant de moyens ludiques, amusants et th\u00e9rapeutiques d\u2019accompagner les enfants hypor\u00e9actifs ou hyper\u00e9actifs \u00e0 mieux int\u00e9grer les informations sensorielles.\u00a0<\/span><\/p>\n<p class=\"p2\"><span class=\"s1\">Cette nouvelle approche offrira sans conteste aux enfants la possibilit\u00e9 de travailler les bases n\u00e9cessaires au d\u00e9veloppement des fonctions sensorimotrices, perceptivo-motrices, comportementales et cognitives.<\/span><\/p>\n<h3>Nos articles sur la m\u00eame th\u00e9matique<\/h3>\n<ul>\n<li><a href=\"https:\/\/leblog.wesco.fr\/6-jeux-pour-developper-la-motricite-des-enfants\/\">6 jeux pour d\u00e9velopper la motricit\u00e9 des enfants<\/a><\/li>\n<\/ul>\n","protected":false},"excerpt":{"rendered":"","protected":false},"author":6,"featured_media":3124,"comment_status":"open","ping_status":"closed","sticky":false,"template":"","format":"standard","meta":{"_lmt_disableupdate":"","_lmt_disable":"","episode_type":"","audio_file":"","podmotor_file_id":"","podmotor_episode_id":"","cover_image":"","cover_image_id":"","duration":"","filesize":"","filesize_raw":"","date_recorded":"","explicit":"","block":"","itunes_episode_number":"","itunes_title":"","itunes_season_number":"","itunes_episode_type":"","footnotes":""},"categories":[62,66],"tags":[16,18,28,95,48],"class_list":["post-3020","post","type-post","status-publish","format-standard","has-post-thumbnail","hentry","category-eveil-et-apprentissage","category-sport-motricite-et-plein-air","tag-0-12-mois","tag-12-36-mois","tag-autonomie","tag-motricite-des-petits","tag-motricite-globale"],"yoast_head":"<!-- This site is optimized with the Yoast SEO plugin v27.5 - https:\/\/yoast.com\/product\/yoast-seo-wordpress\/ -->\n<title>Qu\u2019est-ce que le syst\u00e8me vestibulaire et comment le stimuler ? - Le Blog Wesco<\/title>\n<meta name=\"description\" content=\"Le r\u00f4le du syst\u00e8me vestibulaire et des id\u00e9es d\u2019activit\u00e9s pour accompagner les enfants ayant des troubles de la r\u00e9gulation sensorielle\" \/>\n<meta name=\"robots\" content=\"index, follow, max-snippet:-1, max-image-preview:large, max-video-preview:-1\" \/>\n<link rel=\"canonical\" href=\"https:\/\/leblog.wesco.fr\/fr\/quest-ce-que-la-stimulation-vestibulaire\/\" \/>\n<meta property=\"og:locale\" content=\"fr_FR\" \/>\n<meta property=\"og:type\" content=\"article\" \/>\n<meta property=\"og:title\" content=\"Qu\u2019est-ce que le syst\u00e8me vestibulaire et comment le stimuler ? - Le Blog Wesco\" \/>\n<meta property=\"og:description\" content=\"Le r\u00f4le du syst\u00e8me vestibulaire et des id\u00e9es d\u2019activit\u00e9s pour accompagner les enfants ayant des troubles de la r\u00e9gulation sensorielle\" \/>\n<meta property=\"og:url\" content=\"https:\/\/leblog.wesco.fr\/fr\/quest-ce-que-la-stimulation-vestibulaire\/\" \/>\n<meta property=\"og:site_name\" content=\"Blog Wesco\" \/>\n<meta property=\"article:published_time\" content=\"2019-10-07T15:23:52+00:00\" \/>\n<meta property=\"article:modified_time\" content=\"2024-08-05T07:55:19+00:00\" \/>\n<meta property=\"og:image\" content=\"https:\/\/leblog.wesco.fr\/fr\/wp-content\/uploads\/2019\/09\/Vesti-1.jpg\" \/>\n\t<meta property=\"og:image:width\" content=\"1600\" \/>\n\t<meta property=\"og:image:height\" content=\"800\" \/>\n\t<meta property=\"og:image:type\" content=\"image\/jpeg\" \/>\n<meta name=\"author\" content=\"M\u00e9lanie Auriol\" \/>\n<meta name=\"twitter:card\" content=\"summary_large_image\" \/>\n<meta name=\"twitter:label1\" content=\"\u00c9crit par\" \/>\n\t<meta name=\"twitter:data1\" content=\"M\u00e9lanie Auriol\" \/>\n\t<meta name=\"twitter:label2\" content=\"Dur\u00e9e de lecture estim\u00e9e\" \/>\n\t<meta name=\"twitter:data2\" content=\"3 minutes\" \/>\n<!-- \/ Yoast SEO plugin. -->","yoast_head_json":{"title":"Qu\u2019est-ce que le syst\u00e8me vestibulaire et comment le stimuler ? - Le Blog Wesco","description":"Le r\u00f4le du syst\u00e8me vestibulaire et des id\u00e9es d\u2019activit\u00e9s pour accompagner les enfants ayant des troubles de la r\u00e9gulation sensorielle","robots":{"index":"index","follow":"follow","max-snippet":"max-snippet:-1","max-image-preview":"max-image-preview:large","max-video-preview":"max-video-preview:-1"},"canonical":"https:\/\/leblog.wesco.fr\/fr\/quest-ce-que-la-stimulation-vestibulaire\/","og_locale":"fr_FR","og_type":"article","og_title":"Qu\u2019est-ce que le syst\u00e8me vestibulaire et comment le stimuler ? - Le Blog Wesco","og_description":"Le r\u00f4le du syst\u00e8me vestibulaire et des id\u00e9es d\u2019activit\u00e9s pour accompagner les enfants ayant des troubles de la r\u00e9gulation sensorielle","og_url":"https:\/\/leblog.wesco.fr\/fr\/quest-ce-que-la-stimulation-vestibulaire\/","og_site_name":"Blog Wesco","article_published_time":"2019-10-07T15:23:52+00:00","article_modified_time":"2024-08-05T07:55:19+00:00","og_image":[{"width":1600,"height":800,"url":"https:\/\/leblog.wesco.fr\/fr\/wp-content\/uploads\/2019\/09\/Vesti-1.jpg","type":"image\/jpeg"}],"author":"M\u00e9lanie Auriol","twitter_card":"summary_large_image","twitter_misc":{"\u00c9crit par":"M\u00e9lanie Auriol","Dur\u00e9e de lecture estim\u00e9e":"3 minutes"},"schema":{"@context":"https:\/\/schema.org","@graph":[{"@type":"Article","@id":"https:\/\/leblog.wesco.fr\/fr\/quest-ce-que-la-stimulation-vestibulaire\/#article","isPartOf":{"@id":"https:\/\/leblog.wesco.fr\/fr\/quest-ce-que-la-stimulation-vestibulaire\/"},"author":{"name":"M\u00e9lanie Auriol","@id":"https:\/\/leblog.wesco.fr\/fr\/#\/schema\/person\/aecff8fd2f6fed4a8c5093b30ee5e472"},"headline":"Qu&#8217;est-ce que la stimulation vestibulaire ?","datePublished":"2019-10-07T15:23:52+00:00","dateModified":"2024-08-05T07:55:19+00:00","mainEntityOfPage":{"@id":"https:\/\/leblog.wesco.fr\/fr\/quest-ce-que-la-stimulation-vestibulaire\/"},"wordCount":458,"commentCount":0,"image":{"@id":"https:\/\/leblog.wesco.fr\/fr\/quest-ce-que-la-stimulation-vestibulaire\/#primaryimage"},"thumbnailUrl":"https:\/\/leblog.wesco.fr\/fr\/wp-content\/uploads\/2019\/09\/Vesti-1.jpg","keywords":["0\/12 mois","12\/36 mois","Autonomie","Motricit\u00e9 des petits","Motricit\u00e9 globale"],"articleSection":["\u00c9veil &amp; apprentissage","Sport, motricit\u00e9 &amp; plein-air"],"inLanguage":"fr-FR","potentialAction":[{"@type":"CommentAction","name":"Comment","target":["https:\/\/leblog.wesco.fr\/fr\/quest-ce-que-la-stimulation-vestibulaire\/#respond"]}]},{"@type":"WebPage","@id":"https:\/\/leblog.wesco.fr\/fr\/quest-ce-que-la-stimulation-vestibulaire\/","url":"https:\/\/leblog.wesco.fr\/fr\/quest-ce-que-la-stimulation-vestibulaire\/","name":"Qu\u2019est-ce que le syst\u00e8me vestibulaire et comment le stimuler ? - Le Blog Wesco","isPartOf":{"@id":"https:\/\/leblog.wesco.fr\/fr\/#website"},"primaryImageOfPage":{"@id":"https:\/\/leblog.wesco.fr\/fr\/quest-ce-que-la-stimulation-vestibulaire\/#primaryimage"},"image":{"@id":"https:\/\/leblog.wesco.fr\/fr\/quest-ce-que-la-stimulation-vestibulaire\/#primaryimage"},"thumbnailUrl":"https:\/\/leblog.wesco.fr\/fr\/wp-content\/uploads\/2019\/09\/Vesti-1.jpg","datePublished":"2019-10-07T15:23:52+00:00","dateModified":"2024-08-05T07:55:19+00:00","author":{"@id":"https:\/\/leblog.wesco.fr\/fr\/#\/schema\/person\/aecff8fd2f6fed4a8c5093b30ee5e472"},"description":"Le r\u00f4le du syst\u00e8me vestibulaire et des id\u00e9es d\u2019activit\u00e9s pour accompagner les enfants ayant des troubles de la r\u00e9gulation sensorielle","breadcrumb":{"@id":"https:\/\/leblog.wesco.fr\/fr\/quest-ce-que-la-stimulation-vestibulaire\/#breadcrumb"},"inLanguage":"fr-FR","potentialAction":[{"@type":"ReadAction","target":["https:\/\/leblog.wesco.fr\/fr\/quest-ce-que-la-stimulation-vestibulaire\/"]}]},{"@type":"ImageObject","inLanguage":"fr-FR","@id":"https:\/\/leblog.wesco.fr\/fr\/quest-ce-que-la-stimulation-vestibulaire\/#primaryimage","url":"https:\/\/leblog.wesco.fr\/fr\/wp-content\/uploads\/2019\/09\/Vesti-1.jpg","contentUrl":"https:\/\/leblog.wesco.fr\/fr\/wp-content\/uploads\/2019\/09\/Vesti-1.jpg","width":1600,"height":800,"caption":"stimulation vestibulaire enfant blog wesco"},{"@type":"BreadcrumbList","@id":"https:\/\/leblog.wesco.fr\/fr\/quest-ce-que-la-stimulation-vestibulaire\/#breadcrumb","itemListElement":[{"@type":"ListItem","position":1,"name":"Accueil","item":"https:\/\/leblog.wesco.fr\/fr\/"},{"@type":"ListItem","position":2,"name":"\u00c9veil &amp; apprentissage","item":"https:\/\/leblog.wesco.fr\/fr\/category\/eveil-et-apprentissage\/"},{"@type":"ListItem","position":3,"name":"Qu&#8217;est-ce que la stimulation vestibulaire ?"}]},{"@type":"WebSite","@id":"https:\/\/leblog.wesco.fr\/fr\/#website","url":"https:\/\/leblog.wesco.fr\/fr\/","name":"Blog Wesco","description":"Le rendez-vous des enfants, des parents et des professionnels","potentialAction":[{"@type":"SearchAction","target":{"@type":"EntryPoint","urlTemplate":"https:\/\/leblog.wesco.fr\/fr\/?s={search_term_string}"},"query-input":{"@type":"PropertyValueSpecification","valueRequired":true,"valueName":"search_term_string"}}],"inLanguage":"fr-FR"},{"@type":"Person","@id":"https:\/\/leblog.wesco.fr\/fr\/#\/schema\/person\/aecff8fd2f6fed4a8c5093b30ee5e472","name":"M\u00e9lanie Auriol","url":"https:\/\/leblog.wesco.fr\/fr\/author\/mauriol\/"}]}},"modified_by":"Caroline Bretaudeau","_links":{"self":[{"href":"https:\/\/leblog.wesco.fr\/fr\/wp-json\/wp\/v2\/posts\/3020","targetHints":{"allow":["GET"]}}],"collection":[{"href":"https:\/\/leblog.wesco.fr\/fr\/wp-json\/wp\/v2\/posts"}],"about":[{"href":"https:\/\/leblog.wesco.fr\/fr\/wp-json\/wp\/v2\/types\/post"}],"author":[{"embeddable":true,"href":"https:\/\/leblog.wesco.fr\/fr\/wp-json\/wp\/v2\/users\/6"}],"replies":[{"embeddable":true,"href":"https:\/\/leblog.wesco.fr\/fr\/wp-json\/wp\/v2\/comments?post=3020"}],"version-history":[{"count":5,"href":"https:\/\/leblog.wesco.fr\/fr\/wp-json\/wp\/v2\/posts\/3020\/revisions"}],"predecessor-version":[{"id":129866,"href":"https:\/\/leblog.wesco.fr\/fr\/wp-json\/wp\/v2\/posts\/3020\/revisions\/129866"}],"wp:featuredmedia":[{"embeddable":true,"href":"https:\/\/leblog.wesco.fr\/fr\/wp-json\/wp\/v2\/media\/3124"}],"wp:attachment":[{"href":"https:\/\/leblog.wesco.fr\/fr\/wp-json\/wp\/v2\/media?parent=3020"}],"wp:term":[{"taxonomy":"category","embeddable":true,"href":"https:\/\/leblog.wesco.fr\/fr\/wp-json\/wp\/v2\/categories?post=3020"},{"taxonomy":"post_tag","embeddable":true,"href":"https:\/\/leblog.wesco.fr\/fr\/wp-json\/wp\/v2\/tags?post=3020"}],"curies":[{"name":"wp","href":"https:\/\/api.w.org\/{rel}","templated":true}]}}