{"id":2894,"date":"2019-05-22T16:54:05","date_gmt":"2019-05-22T14:54:05","guid":{"rendered":"http:\/\/leblog.wesco.fr\/?p=2894"},"modified":"2024-02-01T14:55:40","modified_gmt":"2024-02-01T13:55:40","slug":"immersion-en-milieu-sonore-ou-comment-decrypter-les-pleurs-de-bebe","status":"publish","type":"post","link":"https:\/\/leblog.wesco.fr\/fr\/immersion-en-milieu-sonore-ou-comment-decrypter-les-pleurs-de-bebe\/","title":{"rendered":"Immersion en milieu sonore ou comment d\u00e9crypter les pleurs de B\u00e9b\u00e9"},"content":{"rendered":"<p><!--more-->Avouons-le d\u2019embl\u00e9e, un pleur de nourrisson peut \u00eatre totalement d\u00e9stabilisant, que dis-je, d\u00e9sarmant. Il agit sur notre petit c\u0153ur comme un gyrophare mais aussi sur nos nerfs comme une aiguille. Avant alarme et perte de patience, nous vous proposons de vous immerger dans cet univers sonore tout particulier.<\/p>\n<p>Nous sommes all\u00e9s \u00e0 la rencontre de l\u2019association Ensemble pour l\u2019Education de la Petite Enfance pour faire le point sur ce sujet et vous proposer des r\u00e9ponses.<\/p>\n<p>Vous allez d\u00e9couvrir que <strong>B\u00e9b\u00e9, avec ses mots, vous parle et vous donne des indications sur ses besoins<\/strong> et ce que vous pouvez faire pour l\u2019accompagner.\u00a0Adieu frustration !<\/p>\n<h2>Pourquoi pleures-tu B\u00e9b\u00e9 ?<\/h2>\n<p><strong>Les pleurs jouent un r\u00f4le essentiel pour la sant\u00e9 et le d\u00e9veloppement du nourrisson. Ils sont une r\u00e9action physiologique \u00e0 ses besoins primaires.<\/strong><\/p>\n<p>\u00c0 partir de cinq mois, les pleurs de B\u00e9b\u00e9 se modulent et ce langage se diversifie pour communiquer des besoins plus pr\u00e9cis encore.<\/p>\n<p>Ces premiers pleurs sont en r\u00e9alit\u00e9 des signaux que son corps \u00e9met. Sans r\u00e9ponse \u00e0 ces signaux, les pleurs deviennent de v\u00e9ritables cris d\u2019alarme et, d\u2019un besoin inassouvi na\u00eet une frustration qui se mue en \u00e9motion.<\/p>\n<p><a href=\"http:\/\/leblog.wesco.fr\/fr\/wp-content\/uploads\/2017\/04\/cerveau-bebe-emotions.jpg\"><img loading=\"lazy\" decoding=\"async\" class=\"alignleft wp-image-2010 \" src=\"http:\/\/leblog.wesco.fr\/fr\/wp-content\/uploads\/2017\/04\/cerveau-bebe-emotions.jpg\" alt=\"\" width=\"165\" height=\"131\" \/><\/a><\/p>\n<p><strong>B\u00e9b\u00e9 vit ses \u00e9motions de mani\u00e8re tr\u00e8s intense<\/strong> (dans le cerveau, les \u00e9motions si\u00e8gent dans l\u2019amygdale). Il ne sait pas encore comment r\u00e9guler ces temp\u00eates \u00e9motionnelles qui le traversent (<a href=\"https:\/\/leblog.wesco.fr\/fr\/tag\/accueil-et-gestion-des-emotions\/\">lisez nos articles sur les \u00e9motions<\/a>). Les pleurs, parfois spectaculaires, sont l\u2019expression de ces temp\u00eates. Afin de mieux appr\u00e9hender vos propres \u00e9motions face \u00e0 B\u00e9b\u00e9, vous pouvez vous imaginer comme la partie pr\u00e9frontale de son cerveau, celle qui va venir dans les prochaines ann\u00e9es r\u00e9guler ses \u00e9motions. En \u00e9tant \u00e0 l\u2019\u00e9coute de ces pleurs, vous participez \u00e0 la cr\u00e9ation d\u2019un lien de confiance.<\/p>\n<h2><\/h2>\n<h2>Que veux-tu me dire B\u00e9b\u00e9 ?<\/h2>\n<p><strong>Ce qui est absolument incroyable, c\u2019est que tous les b\u00e9b\u00e9s, sans distinction de langue maternelle, parlent le m\u00eame langage \u00e0 la naissance.<\/strong> Les sons qu\u2019ils \u00e9mettent sont un r\u00e9flexe physiologique pour exprimer un besoin. Plus que des pleurs, ce sont des signaux exprimant des besoins. Ces premiers sons vous permettent de pouvoir r\u00e9pondre aux besoins de B\u00e9b\u00e9 avant que son inconfort soit trop fort. La th\u00e9orie scientifique de <strong>Priscilla Dunstan<\/strong>, valid\u00e9e via ses recherches internationales, nous permet ici de les classifier. <strong>Avec le &#8220;Dunstan Baby Language&#8221;,<\/strong> v<strong>ous allez pouvoir reconna\u00eetre les pleurs de B\u00e9b\u00e9<\/strong>.<\/p>\n<p><a href=\"http:\/\/leblog.wesco.fr\/fr\/wp-content\/uploads\/2019\/05\/pleurs_bebe-Ne\u0300h.png\"><img loading=\"lazy\" decoding=\"async\" class=\"wp-image-2903 aligncenter\" src=\"http:\/\/leblog.wesco.fr\/fr\/wp-content\/uploads\/2019\/05\/pleurs_bebe-Ne\u0300h.png\" alt=\"Reconna\u00eetre les pleurs de b\u00e9b\u00e9 : N\u00e8h\" width=\"110\" height=\"165\" srcset=\"https:\/\/leblog.wesco.fr\/fr\/wp-content\/uploads\/2019\/05\/pleurs_bebe-Ne\u0300h.png 400w, https:\/\/leblog.wesco.fr\/fr\/wp-content\/uploads\/2019\/05\/pleurs_bebe-Ne\u0300h-200x300.png 200w\" sizes=\"auto, (max-width: 110px) 100vw, 110px\" \/><\/a><\/p>\n<audio class=\"wp-audio-shortcode\" id=\"audio-2894-1\" preload=\"none\" style=\"width: 100%;\" controls=\"controls\"><source type=\"audio\/mpeg\" src=\"http:\/\/leblog.wesco.fr\/fr\/wp-content\/uploads\/2019\/05\/Ne\u0300h-faim.m4a?_=1\" \/><a href=\"http:\/\/leblog.wesco.fr\/fr\/wp-content\/uploads\/2019\/05\/Ne\u0300h-faim.m4a\">http:\/\/leblog.wesco.fr\/fr\/wp-content\/uploads\/2019\/05\/Ne\u0300h-faim.m4a<\/a><\/audio>\n<p>Comme pour t\u00e9ter, la langue de B\u00e9b\u00e9 vient se coller sur son palais et le son qui sort est \u201cN\u00e9h\u201d.\u00a0B\u00e9b\u00e9 a besoin de manger.<\/p>\n<p><a href=\"http:\/\/leblog.wesco.fr\/fr\/wp-content\/uploads\/2019\/05\/pleurs_bebe-E\u0300h.png\"><img loading=\"lazy\" decoding=\"async\" class=\"wp-image-2898 aligncenter\" src=\"http:\/\/leblog.wesco.fr\/fr\/wp-content\/uploads\/2019\/05\/pleurs_bebe-E\u0300h.png\" alt=\"Reconna\u00eetre les pleurs de b\u00e9b\u00e9 : \u00c9h\" width=\"110\" height=\"165\" srcset=\"https:\/\/leblog.wesco.fr\/fr\/wp-content\/uploads\/2019\/05\/pleurs_bebe-E\u0300h.png 400w, https:\/\/leblog.wesco.fr\/fr\/wp-content\/uploads\/2019\/05\/pleurs_bebe-E\u0300h-200x300.png 200w\" sizes=\"auto, (max-width: 110px) 100vw, 110px\" \/><\/a><\/p>\n<audio class=\"wp-audio-shortcode\" id=\"audio-2894-2\" preload=\"none\" style=\"width: 100%;\" controls=\"controls\"><source type=\"audio\/mpeg\" src=\"http:\/\/leblog.wesco.fr\/fr\/wp-content\/uploads\/2019\/05\/E\u0300h-rots.m4a?_=2\" \/><a href=\"http:\/\/leblog.wesco.fr\/fr\/wp-content\/uploads\/2019\/05\/E\u0300h-rots.m4a\">http:\/\/leblog.wesco.fr\/fr\/wp-content\/uploads\/2019\/05\/E\u0300h-rots.m4a<\/a><\/audio>\n<p>Le diaphragme s\u2019abaisse, le larynx se referme et l\u2019air cherche \u00e0 sortir de fa\u00e7on assez br\u00e8ve et saccad\u00e9e.Aidez B\u00e9b\u00e9 \u00e0 faire son rot et ne le nourrissez que s\u2019il ne produit plus ce son.<\/p>\n<p><a href=\"http:\/\/leblog.wesco.fr\/fr\/wp-content\/uploads\/2019\/05\/pleurs_bebe-Aoh.png\"><img loading=\"lazy\" decoding=\"async\" class=\"wp-image-2896 aligncenter\" src=\"http:\/\/leblog.wesco.fr\/fr\/wp-content\/uploads\/2019\/05\/pleurs_bebe-Aoh.png\" alt=\"Reconna\u00eetre les pleurs de b\u00e9b\u00e9 : Aoh\" width=\"110\" height=\"165\" srcset=\"https:\/\/leblog.wesco.fr\/fr\/wp-content\/uploads\/2019\/05\/pleurs_bebe-Aoh.png 400w, https:\/\/leblog.wesco.fr\/fr\/wp-content\/uploads\/2019\/05\/pleurs_bebe-Aoh-200x300.png 200w\" sizes=\"auto, (max-width: 110px) 100vw, 110px\" \/><\/a><\/p>\n<audio class=\"wp-audio-shortcode\" id=\"audio-2894-3\" preload=\"none\" style=\"width: 100%;\" controls=\"controls\"><source type=\"audio\/mpeg\" src=\"http:\/\/leblog.wesco.fr\/fr\/wp-content\/uploads\/2019\/05\/Aoh-sommeil.m4a?_=3\" \/><a href=\"http:\/\/leblog.wesco.fr\/fr\/wp-content\/uploads\/2019\/05\/Aoh-sommeil.m4a\">http:\/\/leblog.wesco.fr\/fr\/wp-content\/uploads\/2019\/05\/Aoh-sommeil.m4a<\/a><\/audio>\n<p>Avec le b\u00e2illement, la bouche s\u2019ouvre grand, la langue s&#8217;aplatit vers le bas et se recule.\u00a0C\u2019est le signal pour aller dormir, vite !<\/p>\n<p><a href=\"http:\/\/leblog.wesco.fr\/fr\/wp-content\/uploads\/2019\/05\/pleurs_bebe-E\u0301e\u0301rh.png\"><img loading=\"lazy\" decoding=\"async\" class=\"wp-image-2897 aligncenter\" src=\"http:\/\/leblog.wesco.fr\/fr\/wp-content\/uploads\/2019\/05\/pleurs_bebe-E\u0301e\u0301rh.png\" alt=\"Reconna\u00eetre les pleurs de b\u00e9b\u00e9 : \u00c9\u00e9rh\" width=\"110\" height=\"165\" srcset=\"https:\/\/leblog.wesco.fr\/fr\/wp-content\/uploads\/2019\/05\/pleurs_bebe-E\u0301e\u0301rh.png 400w, https:\/\/leblog.wesco.fr\/fr\/wp-content\/uploads\/2019\/05\/pleurs_bebe-E\u0301e\u0301rh-200x300.png 200w\" sizes=\"auto, (max-width: 110px) 100vw, 110px\" \/><\/a><\/p>\n<audio class=\"wp-audio-shortcode\" id=\"audio-2894-4\" preload=\"none\" style=\"width: 100%;\" controls=\"controls\"><source type=\"audio\/mpeg\" src=\"http:\/\/leblog.wesco.fr\/fr\/wp-content\/uploads\/2019\/05\/E\u0300e\u0300rh-gazs.m4a?_=4\" \/><a href=\"http:\/\/leblog.wesco.fr\/fr\/wp-content\/uploads\/2019\/05\/E\u0300e\u0300rh-gazs.m4a\">http:\/\/leblog.wesco.fr\/fr\/wp-content\/uploads\/2019\/05\/E\u0300e\u0300rh-gazs.m4a<\/a><\/audio>\n<p>Le son est rauque, contract\u00e9, prolong\u00e9. Le ventre de B\u00e9b\u00e9 est souvent tiraill\u00e9 par des gaz douloureux et B\u00e9b\u00e9 se tortille.\u00a0B\u00e9b\u00e9 a besoin de mouvement pour se soulager. Massez son bidon.<\/p>\n<p><a href=\"http:\/\/leblog.wesco.fr\/fr\/wp-content\/uploads\/2019\/05\/pleurs_bebe-He\u0300h.png\"><img loading=\"lazy\" decoding=\"async\" class=\"wp-image-2900 aligncenter\" src=\"http:\/\/leblog.wesco.fr\/fr\/wp-content\/uploads\/2019\/05\/pleurs_bebe-He\u0300h.png\" alt=\"Reconna\u00eetre les pleurs de b\u00e9b\u00e9 : H\u00e8h\" width=\"110\" height=\"165\" srcset=\"https:\/\/leblog.wesco.fr\/fr\/wp-content\/uploads\/2019\/05\/pleurs_bebe-He\u0300h.png 400w, https:\/\/leblog.wesco.fr\/fr\/wp-content\/uploads\/2019\/05\/pleurs_bebe-He\u0300h-200x300.png 200w\" sizes=\"auto, (max-width: 110px) 100vw, 110px\" \/><\/a><\/p>\n<audio class=\"wp-audio-shortcode\" id=\"audio-2894-5\" preload=\"none\" style=\"width: 100%;\" controls=\"controls\"><source type=\"audio\/mpeg\" src=\"http:\/\/leblog.wesco.fr\/fr\/wp-content\/uploads\/2019\/05\/He\u0300h-inconfort.m4a?_=5\" \/><a href=\"http:\/\/leblog.wesco.fr\/fr\/wp-content\/uploads\/2019\/05\/He\u0300h-inconfort.m4a\">http:\/\/leblog.wesco.fr\/fr\/wp-content\/uploads\/2019\/05\/He\u0300h-inconfort.m4a<\/a><\/audio>\n<p>Le H doux est particuli\u00e8rement reconnaissable. Ici, la peau de B\u00e9b\u00e9 est inconfortable.\u00a0Il a besoin d\u2019\u00eatre chang\u00e9, il a chaud, il a froid, sa position n\u2019est pas confortable ou encore un \u00e9ryth\u00e8me fessier est apparu. Une v\u00e9rification s\u2019impose.<\/p>\n<p><a href=\"http:\/\/leblog.wesco.fr\/fr\/wp-content\/uploads\/2019\/05\/pleurs_bebe-Gue\u0300n.png\"><img loading=\"lazy\" decoding=\"async\" class=\"wp-image-2899 aligncenter\" src=\"http:\/\/leblog.wesco.fr\/fr\/wp-content\/uploads\/2019\/05\/pleurs_bebe-Gue\u0300n.png\" alt=\"Reconna\u00eetre les pleurs de b\u00e9b\u00e9 : Gu\u00e8n\" width=\"110\" height=\"165\" srcset=\"https:\/\/leblog.wesco.fr\/fr\/wp-content\/uploads\/2019\/05\/pleurs_bebe-Gue\u0300n.png 400w, https:\/\/leblog.wesco.fr\/fr\/wp-content\/uploads\/2019\/05\/pleurs_bebe-Gue\u0300n-200x300.png 200w\" sizes=\"auto, (max-width: 110px) 100vw, 110px\" \/><\/a><\/p>\n<audio class=\"wp-audio-shortcode\" id=\"audio-2894-6\" preload=\"none\" style=\"width: 100%;\" controls=\"controls\"><source type=\"audio\/mpeg\" src=\"http:\/\/leblog.wesco.fr\/fr\/wp-content\/uploads\/2019\/05\/Gue\u0300n-dents.m4a?_=6\" \/><a href=\"http:\/\/leblog.wesco.fr\/fr\/wp-content\/uploads\/2019\/05\/Gue\u0300n-dents.m4a\">http:\/\/leblog.wesco.fr\/fr\/wp-content\/uploads\/2019\/05\/Gue\u0300n-dents.m4a<\/a><\/audio>\n<p>Ce son s\u2019accompagne d\u2019une salivation accrue et il semble frotter ses gencives l\u2019une contre l\u2019autre.\u00a0Vous pouvez proposer \u00e0 B\u00e9b\u00e9 un anneau de dentition.<\/p>\n<p><a href=\"http:\/\/leblog.wesco.fr\/fr\/wp-content\/uploads\/2019\/05\/pleurs_bebe-Lelaol.png\"><img loading=\"lazy\" decoding=\"async\" class=\"wp-image-2901 aligncenter\" src=\"http:\/\/leblog.wesco.fr\/fr\/wp-content\/uploads\/2019\/05\/pleurs_bebe-Lelaol.png\" alt=\"Reconna\u00eetre les pleurs de b\u00e9b\u00e9 : Lelaol\" width=\"110\" height=\"165\" srcset=\"https:\/\/leblog.wesco.fr\/fr\/wp-content\/uploads\/2019\/05\/pleurs_bebe-Lelaol.png 400w, https:\/\/leblog.wesco.fr\/fr\/wp-content\/uploads\/2019\/05\/pleurs_bebe-Lelaol-200x300.png 200w\" sizes=\"auto, (max-width: 110px) 100vw, 110px\" \/><\/a><\/p>\n<audio class=\"wp-audio-shortcode\" id=\"audio-2894-7\" preload=\"none\" style=\"width: 100%;\" controls=\"controls\"><source type=\"audio\/mpeg\" src=\"http:\/\/leblog.wesco.fr\/fr\/wp-content\/uploads\/2019\/05\/Lelaol-solitude.m4a?_=7\" \/><a href=\"http:\/\/leblog.wesco.fr\/fr\/wp-content\/uploads\/2019\/05\/Lelaol-solitude.m4a\">http:\/\/leblog.wesco.fr\/fr\/wp-content\/uploads\/2019\/05\/Lelaol-solitude.m4a<\/a><\/audio>\n<p>Le son est calme et triste. Avec ce petit miaulement, B\u00e9b\u00e9 dit qu\u2019il s\u2019ennuie et qu\u2019il a besoin de lien et de pr\u00e9sence. Interagissez avec B\u00e9b\u00e9, il vous attend !<\/p>\n<p><a href=\"http:\/\/leblog.wesco.fr\/fr\/wp-content\/uploads\/2019\/05\/pleurs_bebe-Nah.png\"><img loading=\"lazy\" decoding=\"async\" class=\"wp-image-2902 aligncenter\" src=\"http:\/\/leblog.wesco.fr\/fr\/wp-content\/uploads\/2019\/05\/pleurs_bebe-Nah.png\" alt=\"Reconna\u00eetre les pleurs de b\u00e9b\u00e9 : Nah\" width=\"110\" height=\"165\" srcset=\"https:\/\/leblog.wesco.fr\/fr\/wp-content\/uploads\/2019\/05\/pleurs_bebe-Nah.png 400w, https:\/\/leblog.wesco.fr\/fr\/wp-content\/uploads\/2019\/05\/pleurs_bebe-Nah-200x300.png 200w\" sizes=\"auto, (max-width: 110px) 100vw, 110px\" \/><\/a><\/p>\n<audio class=\"wp-audio-shortcode\" id=\"audio-2894-8\" preload=\"none\" style=\"width: 100%;\" controls=\"controls\"><source type=\"audio\/mpeg\" src=\"http:\/\/leblog.wesco.fr\/fr\/wp-content\/uploads\/2019\/05\/Nah-soif.m4a?_=8\" \/><a href=\"http:\/\/leblog.wesco.fr\/fr\/wp-content\/uploads\/2019\/05\/Nah-soif.m4a\">http:\/\/leblog.wesco.fr\/fr\/wp-content\/uploads\/2019\/05\/Nah-soif.m4a<\/a><\/audio>\n<p>La langue se d\u00e9colle du palais.Une petite boisson s\u2019impose.<\/p>\n<p><a href=\"http:\/\/leblog.wesco.fr\/fr\/wp-content\/uploads\/2019\/05\/pleurs_bebe-Ouin.png\"><img loading=\"lazy\" decoding=\"async\" class=\"wp-image-2904 aligncenter\" src=\"http:\/\/leblog.wesco.fr\/fr\/wp-content\/uploads\/2019\/05\/pleurs_bebe-Ouin.png\" alt=\"Reconna\u00eetre les pleurs de b\u00e9b\u00e9 : Ouin\" width=\"110\" height=\"165\" srcset=\"https:\/\/leblog.wesco.fr\/fr\/wp-content\/uploads\/2019\/05\/pleurs_bebe-Ouin.png 400w, https:\/\/leblog.wesco.fr\/fr\/wp-content\/uploads\/2019\/05\/pleurs_bebe-Ouin-200x300.png 200w\" sizes=\"auto, (max-width: 110px) 100vw, 110px\" \/><\/a><\/p>\n<audio class=\"wp-audio-shortcode\" id=\"audio-2894-9\" preload=\"none\" style=\"width: 100%;\" controls=\"controls\"><source type=\"audio\/mpeg\" src=\"http:\/\/leblog.wesco.fr\/fr\/wp-content\/uploads\/2019\/05\/Ouin-jen-peux-plus.m4a?_=9\" \/><a href=\"http:\/\/leblog.wesco.fr\/fr\/wp-content\/uploads\/2019\/05\/Ouin-jen-peux-plus.m4a\">http:\/\/leblog.wesco.fr\/fr\/wp-content\/uploads\/2019\/05\/Ouin-jen-peux-plus.m4a<\/a><\/audio>\n<p>Tout le corps de B\u00e9b\u00e9 est tendu et plus rien ne va. Il ne vous reste plus qu\u2019\u00e0 c\u00e2liner B\u00e9b\u00e9 pour le calmer.<\/p>\n<p>Bien que B\u00e9b\u00e9 et vous ne parliez pas encore le m\u00eame langage, il vous dit d\u00e9j\u00e0 ce qu\u2019il ressent. <strong>En mettant vos propres mots sur les siens, en lui proposant les soins adapt\u00e9s, vous lui montrez que vous avez compris son message et que vous \u00eates pr\u00e9sent(e)(s) pour lui.<\/strong> Cela va lui permettre de retrouver un confort et de l\u2019aider \u00e0 se calmer.<\/p>\n<p>Imaginez quel r\u00e9confort pour votre nouveau n\u00e9 de se savoir entendu et compris !<\/p>\n<h2>Faut-il laisser B\u00e9b\u00e9 pleurer ?<\/h2>\n<p>Il n\u2019y a pas de r\u00e9ponse unique. <strong>En fonction de son \u00e2ge, de sa maturit\u00e9 et de son caract\u00e8re, votre pr\u00e9sence active sera requise ou non pour l\u2019accompagner<\/strong>.<\/p>\n<p><strong>Dans ses premi\u00e8res semaines de vie, les sons exprim\u00e9s sont l\u00e0 pour r\u00e9pondre \u00e0 ses besoins<\/strong>. Il n\u2019est pas question de parler d\u2019un b\u00e9b\u00e9 capricieux. <strong>En r\u00e9pondant \u00e0 ses besoins, vous lui permettez de mettre en place rapidement son alimentation, son sommeil, son attachement &#8220;s\u00e9cure&#8221;<\/strong>. Vous lui permettez aussi de g\u00e9rer son stress et de se pr\u00e9munir d\u2019\u00e9ventuels troubles comportementaux (nourrir en r\u00e9ponse \u00e0 chaque pleur n\u2019est pas une solution recommand\u00e9e par exemple). C\u2019est aussi <strong>un b\u00e9n\u00e9fice pour l\u2019adulte<\/strong> car s\u2019il comprend plus vite les besoins du b\u00e9b\u00e9, il peut cr\u00e9er un lien serein avec celui-ci. Les parents trouvent leur \u00e9quilibre plus facilement et peuvent collaborer. Il peut aussi \u00eatre int\u00e9ressant de partager cet outil avec la fratrie. Les \u201cgrands\u201d vont ainsi pouvoir cr\u00e9er une complicit\u00e9 in\u00e9dite avec B\u00e9b\u00e9.<\/p>\n<p><strong>Quand B\u00e9b\u00e9 grandit, un temps d\u2019observation est souvent n\u00e9cessaire pour comprendre de quoi il en retourne<\/strong>&#8230;<\/p>\n<p>Lors d\u2019une situation de pleurs intenses, il est important que l\u2019adulte soit pr\u00e9sent. Vous apprenez \u00e0 B\u00e9b\u00e9 \u00e0 reconna\u00eetre l\u2019\u00e9motion qui le traverse en la nommant. Votre reconnaissance, votre \u00e9coute, votre proximit\u00e9 physique, votre disponibilit\u00e9 et votre attitude l\u2019apaise.<\/p>\n<p><strong>S\u2019il n\u2019est pas en situation de d\u00e9tresse<\/strong>, que ses besoins sont combl\u00e9s et que vous avez d\u00e9j\u00e0 signifi\u00e9 votre pr\u00e9sence \u00e0 l\u2019enfant, vous pouvez aussi aider l\u2019enfant \u00e0 apprendre l\u2019auto-contr\u00f4le. En vous \u00e9loignant doucement, il va pouvoir <strong>apprendre seul \u00e0 calmer ses \u00e9motions<\/strong>. T\u00e9ter ses doigts, machouiller un doudou, chaque B\u00e9b\u00e9 trouve son \u201ctruc\u201d pour se rassurer.<\/p>\n<p><strong>Il est important de garder en t\u00eate que le pleur est normal et que la frustration du b\u00e9b\u00e9 est une situation in\u00e9vitable<\/strong>. Vous ne pouvez anticiper tous ses besoins.\u00a0Bien s\u00fbr, certains sons vous \u00e9chapperont et vous ferez face \u00e0 l\u2019incompr\u00e9hension. Soyez certain(e) que votre pr\u00e9sence est d\u00e9j\u00e0 un grand soulagement pour B\u00e9b\u00e9.\u00a0Soyez aussi \u00e0 l\u2019\u00e9coute de vos propres \u00e9motions. Lorsque vous perdez patience, parlez-en \u00e0 vos proches : ce n\u2019est pas une d\u00e9faite car chaque parent passe par des phases d\u2019\u00e9puisement, de doute et de frustration. Mettre en place des solutions pour les d\u00e9passer est la plus belle des victoires, et sera certainement votre plus grande fiert\u00e9.<br \/>\nLa r\u00e9ponse que vous apporterez \u00e0 ce petit d\u2019homme l\u2019aidera \u00e0 se construire gr\u00e2ce au lien de confiance que vous aurez cr\u00e9\u00e9 avec lui.<\/p>\n<p><a href=\"https:\/\/leblog.wesco.fr\/fr\/wp-content\/uploads\/2019\/05\/decrypter-pleurs-bebe-min.pdf\">&gt; T\u00e9l\u00e9chargez le pdf pour pouvoir d\u00e9crypter les pleurs de B\u00e9b\u00e9 o\u00f9 que vous soyez&#8230; Et collez-leur le frigo, dans sa chambre (joli en cadre), etc.<\/a><\/p>\n<p>Nous souhaitons remercier particuli\u00e8rement <a href=\"https:\/\/eduensemble.org\/\" target=\"_blank\" rel=\"noopener\">l&#8217;association Ensemble pour l&#8217;\u00e9ducation<\/a> qui a eu la gentillesse de nous partager ces informations.<a href=\"http:\/\/leblog.wesco.fr\/fr\/wp-content\/uploads\/2017\/12\/logo-eduensemble-2.png\"><img loading=\"lazy\" decoding=\"async\" class=\"aligncenter wp-image-2254\" src=\"http:\/\/leblog.wesco.fr\/fr\/wp-content\/uploads\/2017\/12\/logo-eduensemble-2.png\" alt=\"\" width=\"110\" height=\"109\" srcset=\"https:\/\/leblog.wesco.fr\/fr\/wp-content\/uploads\/2017\/12\/logo-eduensemble-2.png 200w, https:\/\/leblog.wesco.fr\/fr\/wp-content\/uploads\/2017\/12\/logo-eduensemble-2-150x150.png 150w, https:\/\/leblog.wesco.fr\/fr\/wp-content\/uploads\/2017\/12\/logo-eduensemble-2-80x80.png 80w\" sizes=\"auto, (max-width: 110px) 100vw, 110px\" \/><\/a><\/p>\n<h3>Pour en savoir plus :<\/h3>\n<ul>\n<li>Lisez le livre de Priscilla Dunstan &amp; Isabelle Filliozat \u201cIl pleure, que dit-il ? &#8211; D\u00e9coder enfin le langage cach\u00e9 des b\u00e9b\u00e9s\u201d<\/li>\n<li>Am\u00e9liorez votre capacit\u00e9 \u00e0 d\u00e9coder les pleurs avec la <a href=\"https:\/\/www.youtube.com\/watch?v=zjT178jUIag\" target=\"_blank\" rel=\"noopener\">Conf\u00e9rence #tpep17 Dr. Claude Swaenepoel, d\u00e9coder les pleurs du b\u00e9b\u00e9\u2028 <\/a><\/li>\n<li>Les pleurs sont aussi le fruit d&#8217;\u00e9motions. Regardez la vid\u00e9o<a href=\"https:\/\/www.youtube.com\/watch?v=ILC1rFW4htM\" target=\"_blank\" rel=\"noopener\"> Dis-moi&#8230; comment aider l&#8217;enfant \u00e0 mieux g\u00e9rer ses \u00e9motions\u2028 <\/a><\/li>\n<li>Regardez la vid\u00e9o<a href=\"https:\/\/www.youtube.com\/watch?v=rtX0lpfZIhs\" target=\"_blank\" rel=\"noopener\"> Dis-moi&#8230; pourquoi les b\u00e9b\u00e9s pleurent ?\u2028 <\/a><\/li>\n<li>Approfondissez vos connaissances en suivant la<a href=\"https:\/\/www.youtube.com\/watch?v=nW4cN4hLDLY\" target=\"_blank\" rel=\"noopener\"> Conf\u00e9rence #tpep17 &#8220;le b\u00e9b\u00e9, ses pleurs et la gestion des \u00e9motions&#8221;<\/a><\/li>\n<\/ul>\n<h3>Nos articles sur la m\u00eame th\u00e9matique<\/h3>\n<ul>\n<li><a href=\"https:\/\/leblog.wesco.fr\/les-premieres-interactions-sociales-de-bebe\/\">Les premi\u00e8res interactions sociales de B\u00e9b\u00e9<\/a><\/li>\n<li><a href=\"https:\/\/leblog.wesco.fr\/les-emotions\/\">Les \u00e9motions chez l\u2019enfant<\/a><\/li>\n<\/ul>\n","protected":false},"excerpt":{"rendered":"","protected":false},"author":4,"featured_media":2906,"comment_status":"open","ping_status":"closed","sticky":false,"template":"","format":"standard","meta":{"_lmt_disableupdate":"","_lmt_disable":"","episode_type":"","audio_file":"http:\/\/leblog.wesco.fr\/fr\/wp-content\/uploads\/2019\/05\/Ne\u0300h-faim.m4a\n228042\naudio\/mpeg\n","podmotor_file_id":"","podmotor_episode_id":"","cover_image":"","cover_image_id":"","duration":"","filesize":"","filesize_raw":"","date_recorded":"","explicit":"","block":"","itunes_episode_number":"","itunes_title":"","itunes_season_number":"","itunes_episode_type":"","footnotes":""},"categories":[62],"tags":[16,18,57,29,32,38,45,52],"class_list":["post-2894","post","type-post","status-publish","format-standard","has-post-thumbnail","hentry","category-eveil-et-apprentissage","tag-0-12-mois","tag-12-36-mois","tag-accueil-et-gestion-des-emotions","tag-bienveillance","tag-communication","tag-eveil","tag-langage","tag-parentalite"],"yoast_head":"<!-- This site is optimized with the Yoast SEO plugin v27.5 - https:\/\/yoast.com\/product\/yoast-seo-wordpress\/ -->\n<title>Comprendre et reconna\u00eetre les pleurs de b\u00e9b\u00e9 - Le Blog Wesco<\/title>\n<meta name=\"description\" content=\"D\u00e9couvrez le r\u00f4le des pleurs du b\u00e9b\u00e9, la signification des diff\u00e9rents pleurs et nos conseils pour r\u00e9pondre aux besoins de b\u00e9b\u00e9\" \/>\n<meta name=\"robots\" content=\"index, follow, max-snippet:-1, max-image-preview:large, max-video-preview:-1\" \/>\n<link rel=\"canonical\" href=\"https:\/\/leblog.wesco.fr\/fr\/immersion-en-milieu-sonore-ou-comment-decrypter-les-pleurs-de-bebe\/\" \/>\n<meta property=\"og:locale\" content=\"fr_FR\" \/>\n<meta property=\"og:type\" content=\"article\" \/>\n<meta property=\"og:title\" content=\"Comprendre et reconna\u00eetre les pleurs de b\u00e9b\u00e9 - Le Blog Wesco\" \/>\n<meta property=\"og:description\" content=\"D\u00e9couvrez le r\u00f4le des pleurs du b\u00e9b\u00e9, la signification des diff\u00e9rents pleurs et nos conseils pour r\u00e9pondre aux besoins de b\u00e9b\u00e9\" \/>\n<meta property=\"og:url\" content=\"https:\/\/leblog.wesco.fr\/fr\/immersion-en-milieu-sonore-ou-comment-decrypter-les-pleurs-de-bebe\/\" \/>\n<meta property=\"og:site_name\" content=\"Blog Wesco\" \/>\n<meta property=\"article:published_time\" content=\"2019-05-22T14:54:05+00:00\" \/>\n<meta property=\"article:modified_time\" content=\"2024-02-01T13:55:40+00:00\" \/>\n<meta property=\"og:image\" content=\"https:\/\/leblog.wesco.fr\/fr\/wp-content\/uploads\/2019\/05\/decrypter_bebe.jpg\" \/>\n\t<meta property=\"og:image:width\" content=\"1600\" \/>\n\t<meta property=\"og:image:height\" content=\"800\" \/>\n\t<meta property=\"og:image:type\" content=\"image\/jpeg\" \/>\n<meta name=\"author\" content=\"Soline Dupont\" \/>\n<meta name=\"twitter:card\" content=\"summary_large_image\" \/>\n<meta name=\"twitter:label1\" content=\"\u00c9crit par\" \/>\n\t<meta name=\"twitter:data1\" content=\"Soline Dupont\" \/>\n\t<meta name=\"twitter:label2\" content=\"Dur\u00e9e de lecture estim\u00e9e\" \/>\n\t<meta name=\"twitter:data2\" content=\"9 minutes\" \/>\n<!-- \/ Yoast SEO plugin. -->","yoast_head_json":{"title":"Comprendre et reconna\u00eetre les pleurs de b\u00e9b\u00e9 - Le Blog Wesco","description":"D\u00e9couvrez le r\u00f4le des pleurs du b\u00e9b\u00e9, la signification des diff\u00e9rents pleurs et nos conseils pour r\u00e9pondre aux besoins de b\u00e9b\u00e9","robots":{"index":"index","follow":"follow","max-snippet":"max-snippet:-1","max-image-preview":"max-image-preview:large","max-video-preview":"max-video-preview:-1"},"canonical":"https:\/\/leblog.wesco.fr\/fr\/immersion-en-milieu-sonore-ou-comment-decrypter-les-pleurs-de-bebe\/","og_locale":"fr_FR","og_type":"article","og_title":"Comprendre et reconna\u00eetre les pleurs de b\u00e9b\u00e9 - Le Blog Wesco","og_description":"D\u00e9couvrez le r\u00f4le des pleurs du b\u00e9b\u00e9, la signification des diff\u00e9rents pleurs et nos conseils pour r\u00e9pondre aux besoins de b\u00e9b\u00e9","og_url":"https:\/\/leblog.wesco.fr\/fr\/immersion-en-milieu-sonore-ou-comment-decrypter-les-pleurs-de-bebe\/","og_site_name":"Blog Wesco","article_published_time":"2019-05-22T14:54:05+00:00","article_modified_time":"2024-02-01T13:55:40+00:00","og_image":[{"width":1600,"height":800,"url":"https:\/\/leblog.wesco.fr\/fr\/wp-content\/uploads\/2019\/05\/decrypter_bebe.jpg","type":"image\/jpeg"}],"author":"Soline Dupont","twitter_card":"summary_large_image","twitter_misc":{"\u00c9crit par":"Soline Dupont","Dur\u00e9e de lecture estim\u00e9e":"9 minutes"},"schema":{"@context":"https:\/\/schema.org","@graph":[{"@type":"Article","@id":"https:\/\/leblog.wesco.fr\/fr\/immersion-en-milieu-sonore-ou-comment-decrypter-les-pleurs-de-bebe\/#article","isPartOf":{"@id":"https:\/\/leblog.wesco.fr\/fr\/immersion-en-milieu-sonore-ou-comment-decrypter-les-pleurs-de-bebe\/"},"author":{"name":"Soline Dupont","@id":"https:\/\/leblog.wesco.fr\/fr\/#\/schema\/person\/c7cdcf2fa157e659e79e71f36334b657"},"headline":"Immersion en milieu sonore ou comment d\u00e9crypter les pleurs de B\u00e9b\u00e9","datePublished":"2019-05-22T14:54:05+00:00","dateModified":"2024-02-01T13:55:40+00:00","mainEntityOfPage":{"@id":"https:\/\/leblog.wesco.fr\/fr\/immersion-en-milieu-sonore-ou-comment-decrypter-les-pleurs-de-bebe\/"},"wordCount":1569,"commentCount":0,"image":{"@id":"https:\/\/leblog.wesco.fr\/fr\/immersion-en-milieu-sonore-ou-comment-decrypter-les-pleurs-de-bebe\/#primaryimage"},"thumbnailUrl":"https:\/\/leblog.wesco.fr\/fr\/wp-content\/uploads\/2019\/05\/decrypter_bebe.jpg","keywords":["0\/12 mois","12\/36 mois","Accueil &amp; gestion des \u00e9motions","Bienveillance","Communication","\u00c9veil","Langage","Parentalit\u00e9"],"articleSection":["\u00c9veil &amp; apprentissage"],"inLanguage":"fr-FR","potentialAction":[{"@type":"CommentAction","name":"Comment","target":["https:\/\/leblog.wesco.fr\/fr\/immersion-en-milieu-sonore-ou-comment-decrypter-les-pleurs-de-bebe\/#respond"]}]},{"@type":"WebPage","@id":"https:\/\/leblog.wesco.fr\/fr\/immersion-en-milieu-sonore-ou-comment-decrypter-les-pleurs-de-bebe\/","url":"https:\/\/leblog.wesco.fr\/fr\/immersion-en-milieu-sonore-ou-comment-decrypter-les-pleurs-de-bebe\/","name":"Comprendre et reconna\u00eetre les pleurs de b\u00e9b\u00e9 - Le Blog Wesco","isPartOf":{"@id":"https:\/\/leblog.wesco.fr\/fr\/#website"},"primaryImageOfPage":{"@id":"https:\/\/leblog.wesco.fr\/fr\/immersion-en-milieu-sonore-ou-comment-decrypter-les-pleurs-de-bebe\/#primaryimage"},"image":{"@id":"https:\/\/leblog.wesco.fr\/fr\/immersion-en-milieu-sonore-ou-comment-decrypter-les-pleurs-de-bebe\/#primaryimage"},"thumbnailUrl":"https:\/\/leblog.wesco.fr\/fr\/wp-content\/uploads\/2019\/05\/decrypter_bebe.jpg","datePublished":"2019-05-22T14:54:05+00:00","dateModified":"2024-02-01T13:55:40+00:00","author":{"@id":"https:\/\/leblog.wesco.fr\/fr\/#\/schema\/person\/c7cdcf2fa157e659e79e71f36334b657"},"description":"D\u00e9couvrez le r\u00f4le des pleurs du b\u00e9b\u00e9, la signification des diff\u00e9rents pleurs et nos conseils pour r\u00e9pondre aux besoins de b\u00e9b\u00e9","breadcrumb":{"@id":"https:\/\/leblog.wesco.fr\/fr\/immersion-en-milieu-sonore-ou-comment-decrypter-les-pleurs-de-bebe\/#breadcrumb"},"inLanguage":"fr-FR","potentialAction":[{"@type":"ReadAction","target":["https:\/\/leblog.wesco.fr\/fr\/immersion-en-milieu-sonore-ou-comment-decrypter-les-pleurs-de-bebe\/"]}]},{"@type":"ImageObject","inLanguage":"fr-FR","@id":"https:\/\/leblog.wesco.fr\/fr\/immersion-en-milieu-sonore-ou-comment-decrypter-les-pleurs-de-bebe\/#primaryimage","url":"https:\/\/leblog.wesco.fr\/fr\/wp-content\/uploads\/2019\/05\/decrypter_bebe.jpg","contentUrl":"https:\/\/leblog.wesco.fr\/fr\/wp-content\/uploads\/2019\/05\/decrypter_bebe.jpg","width":1600,"height":800,"caption":"regard entre une femme et un b\u00e9b\u00e9 blog wesco"},{"@type":"BreadcrumbList","@id":"https:\/\/leblog.wesco.fr\/fr\/immersion-en-milieu-sonore-ou-comment-decrypter-les-pleurs-de-bebe\/#breadcrumb","itemListElement":[{"@type":"ListItem","position":1,"name":"Accueil","item":"https:\/\/leblog.wesco.fr\/fr\/"},{"@type":"ListItem","position":2,"name":"\u00c9veil &amp; apprentissage","item":"https:\/\/leblog.wesco.fr\/fr\/category\/eveil-et-apprentissage\/"},{"@type":"ListItem","position":3,"name":"Immersion en milieu sonore ou comment d\u00e9crypter les pleurs de B\u00e9b\u00e9"}]},{"@type":"WebSite","@id":"https:\/\/leblog.wesco.fr\/fr\/#website","url":"https:\/\/leblog.wesco.fr\/fr\/","name":"Blog Wesco","description":"Le rendez-vous des enfants, des parents et des professionnels","potentialAction":[{"@type":"SearchAction","target":{"@type":"EntryPoint","urlTemplate":"https:\/\/leblog.wesco.fr\/fr\/?s={search_term_string}"},"query-input":{"@type":"PropertyValueSpecification","valueRequired":true,"valueName":"search_term_string"}}],"inLanguage":"fr-FR"},{"@type":"Person","@id":"https:\/\/leblog.wesco.fr\/fr\/#\/schema\/person\/c7cdcf2fa157e659e79e71f36334b657","name":"Soline Dupont","url":"https:\/\/leblog.wesco.fr\/fr\/author\/sdupont\/"}]}},"modified_by":"Mathilde Allin","_links":{"self":[{"href":"https:\/\/leblog.wesco.fr\/fr\/wp-json\/wp\/v2\/posts\/2894","targetHints":{"allow":["GET"]}}],"collection":[{"href":"https:\/\/leblog.wesco.fr\/fr\/wp-json\/wp\/v2\/posts"}],"about":[{"href":"https:\/\/leblog.wesco.fr\/fr\/wp-json\/wp\/v2\/types\/post"}],"author":[{"embeddable":true,"href":"https:\/\/leblog.wesco.fr\/fr\/wp-json\/wp\/v2\/users\/4"}],"replies":[{"embeddable":true,"href":"https:\/\/leblog.wesco.fr\/fr\/wp-json\/wp\/v2\/comments?post=2894"}],"version-history":[{"count":6,"href":"https:\/\/leblog.wesco.fr\/fr\/wp-json\/wp\/v2\/posts\/2894\/revisions"}],"predecessor-version":[{"id":128448,"href":"https:\/\/leblog.wesco.fr\/fr\/wp-json\/wp\/v2\/posts\/2894\/revisions\/128448"}],"wp:featuredmedia":[{"embeddable":true,"href":"https:\/\/leblog.wesco.fr\/fr\/wp-json\/wp\/v2\/media\/2906"}],"wp:attachment":[{"href":"https:\/\/leblog.wesco.fr\/fr\/wp-json\/wp\/v2\/media?parent=2894"}],"wp:term":[{"taxonomy":"category","embeddable":true,"href":"https:\/\/leblog.wesco.fr\/fr\/wp-json\/wp\/v2\/categories?post=2894"},{"taxonomy":"post_tag","embeddable":true,"href":"https:\/\/leblog.wesco.fr\/fr\/wp-json\/wp\/v2\/tags?post=2894"}],"curies":[{"name":"wp","href":"https:\/\/api.w.org\/{rel}","templated":true}]}}