{"id":2866,"date":"2019-04-29T11:48:34","date_gmt":"2019-04-29T09:48:34","guid":{"rendered":"http:\/\/leblog.wesco.fr\/?p=2866"},"modified":"2025-02-14T14:46:47","modified_gmt":"2025-02-14T13:46:47","slug":"pourquoi-ecouter-de-la-musique","status":"publish","type":"post","link":"https:\/\/leblog.wesco.fr\/fr\/pourquoi-ecouter-de-la-musique\/","title":{"rendered":"Pourquoi \u00e9couter de la musique avec les enfants\u00a0?"},"content":{"rendered":"\n<!--more-->\n\n\n\n<p class=\"p1\"><span class=\"s1\">La plupart des enfants sont expos\u00e9s \u00e0 la magie de la musique d\u00e8s leur plus jeune \u00e2ge. Cette d\u00e9couverte leur offre des moments de plaisir et de d\u00e9tente tout en leur apportant de nombreux autres bienfaits. Ce <a href=\"https:\/\/youtu.be\/3bcZBE2y4f4\">nouvel \u00e9pisode de la s\u00e9rie Dis-moi <\/a>vous \u00e9claire sur l\u2019importance de cette activit\u00e9. <\/span><\/p>\n\n\n\n<p class=\"has-text-align-center\"><iframe loading=\"lazy\" src=\"https:\/\/www.youtube.com\/embed\/rD8fNhSe4Do\" width=\"560\" height=\"315\" frameborder=\"0\" allowfullscreen=\"allowfullscreen\"><\/iframe><\/p>\n\n\n\n<h2 class=\"wp-block-heading p2\"><span class=\"s1\">Dis-moi\u2026 pourquoi \u00e9couter de la musique avec les enfants\u00a0? <\/span><\/h2>\n\n\n\n<p class=\"p2\"><span class=\"s1\">Secouer un hochet, souffler dans une fl\u00fbte ou se laisser bercer par une m\u00e9lodie sont d\u2019autant de moyens d\u2019initier les plus jeunes \u00e0 cet art. Lorsqu\u2019on \u00e9coute de la musique avec des enfants, on peut les encourager \u00e0 porter attention aux sons et aux rythmes qui la composent. On peut aussi les laisser vivre l\u2019exp\u00e9rience dans la plus grande des libert\u00e9s. <\/span><\/p>\n\n\n\n<p class=\"p2\"><span class=\"s1\">Expos\u00e9es \u00e0 la musique, les deux parties du cerveau sont fortement sollicit\u00e9es :<\/span><\/p>\n\n\n\n<ul class=\"wp-block-list\">\n<li><span class=\"s1\"> La partie gauche, plus analytique, d\u00e9cortique les notes, le rythme et les harmonies, ce qui permet \u00e0 l\u2019enfant d\u2019en saisir la logique. <\/span><\/li>\n\n\n\n<li><span class=\"s1\">La partie droite, sensible et cr\u00e9ative, est activ\u00e9e par les \u00e9motions que lui font vivre la musique.&nbsp;<\/span><\/li>\n<\/ul>\n\n\n\n<p><span class=\"s1\">Le cerveau n\u2019est pas le seul \u00e0 profiter de la musique pour se d\u00e9velopper, le corps en profite aussi. Quand ils se balancent, sautillent, fl\u00e9chissent les genoux et remuent les bras de fa\u00e7on rythm\u00e9e, les enfants d\u00e9veloppent leur coordination, leur \u00e9quilibre et m\u00eame leur tonus. <\/span><\/p>\n\n\n\n<h2 class=\"wp-block-heading p2\"><span class=\"s1\">Comment accompagner l\u2019enfant\u00a0? <\/span><\/h2>\n\n\n\n<ul class=\"wp-block-list ul1\">\n<li><span class=\"s1\">Cr\u00e9er des ateliers musicaux afin de faire d\u00e9couvrir la musique aux enfants : chants, musique plus traditionnelle, etc.<\/span><\/li>\n\n\n\n<li><span class=\"s1\">Inviter l\u2019enfant \u00e0 pr\u00eater attention aux sons, en lui faisant reconna\u00eetre les instruments de musique par exemple.<\/span><\/li>\n\n\n\n<li><span class=\"s1\">D\u00e9velopper sa m\u00e9moire auditive en lui faisant \u00e9couter plusieurs fois le m\u00eame extrait ou chanter la m\u00eame chanson.<\/span><\/li>\n\n\n\n<li><span class=\"s1\">Inviter les enfants \u00e0 danser et\/ou jouer sur la musique afin de travailler leur motricit\u00e9. Selon la musique, danser avec l\u2019enfant, bercer un ourson, jouer \u00e0 la statue ou \u00e0 la chaise musicale\u2026<\/span><\/li>\n\n\n\n<li><span class=\"s1\">En tant que parents ou grands-parents, faites d\u00e9couvrir \u00e0 l\u2019enfant les musiques que vous aimez (du classique au hard rock&#8230;) : ce sont des moments privil\u00e9gi\u00e9s avec l\u2019enfant qui contribuent \u00e0 cr\u00e9er de la complicit\u00e9.<\/span><\/li>\n<\/ul>\n\n\n\n<h5 class=\"wp-block-heading\">En bref<\/h5>\n\n\n\n<p><span class=\"s1\">Pour les plus grands, vous pouvez leur proposer d\u2019\u00e9couter des contes qui m\u00ealent histoire et musique. <\/span><\/p>\n\n\n\n<p><span class=\"s1\">D\u00e9couvrez \u00e9galement notre gamme de <a href=\"https:\/\/www.wesco.fr\/tous-les-produits\/materiel-educatif\/musique\/jouets-musicaux.html\" target=\"_blank\" rel=\"noreferrer noopener\"><span class=\"s3\">jouets musicaux<\/span><\/a>, <a href=\"https:\/\/www.wesco.fr\/tous-les-produits\/materiel-educatif\/musique\/instruments.html\" target=\"_blank\" rel=\"noreferrer noopener\"><span class=\"s3\">instruments de musique<\/span><\/a> et de <a href=\"https:\/\/www.wesco.fr\/tous-les-produits\/materiel-educatif\/musique\/cd.html\" target=\"_blank\" rel=\"noreferrer noopener\"><span class=\"s3\">CD<\/span><\/a><\/span>.<\/p>\n\n\n\n<h5 class=\"wp-block-heading p3\"><span class=\"s1\">Nos articles sur la m\u00eame th\u00e9matique <\/span><\/h5>\n\n\n\n<ul class=\"wp-block-list ul1\">\n<li><span class=\"s2\"><span class=\"s3\"><a href=\"https:\/\/leblog.wesco.fr\/fr\/pourquoi-chanter-avec-les-enfants\/\">Pourquoi chanter avec les enfants ?<\/a><\/span><\/span><span class=\"s3\"><\/span><\/li>\n\n\n\n<li><a href=\"https:\/\/leblog.wesco.fr\/la-musicotherapie-kesako\/\">Qu&#8217;est-ce que la musicoth\u00e9rapie ?<\/a><\/li>\n\n\n\n<li><a href=\"https:\/\/leblog.wesco.fr\/fr\/un-guide-deveil-pour-conseiller-les-parents-de-bebes-de-0-a-24-mois\/\">Un guide d\u2019\u00e9veil pour conseiller les parents de b\u00e9b\u00e9s de 0 \u00e0 24 mois<\/a><\/li>\n<\/ul>\n","protected":false},"excerpt":{"rendered":"","protected":false},"author":5,"featured_media":2867,"comment_status":"open","ping_status":"closed","sticky":false,"template":"","format":"standard","meta":{"_lmt_disableupdate":"","_lmt_disable":"","episode_type":"","audio_file":"","podmotor_file_id":"","podmotor_episode_id":"","cover_image":"","cover_image_id":"","duration":"","filesize":"","filesize_raw":"","date_recorded":"","explicit":"","block":"","itunes_episode_number":"","itunes_title":"","itunes_season_number":"","itunes_episode_type":"","footnotes":""},"categories":[62],"tags":[16,18,28,32,45,47,48,52,34],"class_list":["post-2866","post","type-post","status-publish","format-standard","has-post-thumbnail","hentry","category-eveil-et-apprentissage","tag-0-12-mois","tag-12-36-mois","tag-autonomie","tag-communication","tag-langage","tag-motricite-fine","tag-motricite-globale","tag-parentalite","tag-videos-dis-moi-pour-eveiller-bebe"],"yoast_head":"<!-- This site is optimized with the Yoast SEO plugin v27.5 - https:\/\/yoast.com\/product\/yoast-seo-wordpress\/ -->\n<title>Pourquoi \u00e9couter de la musique avec les enfants ? - Le Blog Wesco<\/title>\n<meta name=\"description\" content=\"D\u00e9couvrez l\u2019importance de la musique et ses bienfaits pour les enfants d\u00e8s le plus jeune \u00e2ge, ainsi que des conseils pour les accompagner dans cette d\u00e9couverte\" \/>\n<meta name=\"robots\" content=\"index, follow, max-snippet:-1, max-image-preview:large, max-video-preview:-1\" \/>\n<link rel=\"canonical\" href=\"https:\/\/leblog.wesco.fr\/fr\/pourquoi-ecouter-de-la-musique\/\" \/>\n<meta property=\"og:locale\" content=\"fr_FR\" \/>\n<meta property=\"og:type\" content=\"article\" \/>\n<meta property=\"og:title\" content=\"Pourquoi \u00e9couter de la musique avec les enfants ? - Le Blog Wesco\" \/>\n<meta property=\"og:description\" content=\"D\u00e9couvrez l\u2019importance de la musique et ses bienfaits pour les enfants d\u00e8s le plus jeune \u00e2ge, ainsi que des conseils pour les accompagner dans cette d\u00e9couverte\" \/>\n<meta property=\"og:url\" content=\"https:\/\/leblog.wesco.fr\/fr\/pourquoi-ecouter-de-la-musique\/\" \/>\n<meta property=\"og:site_name\" content=\"Blog Wesco\" \/>\n<meta property=\"article:published_time\" content=\"2019-04-29T09:48:34+00:00\" \/>\n<meta property=\"article:modified_time\" content=\"2025-02-14T13:46:47+00:00\" \/>\n<meta property=\"og:image\" content=\"https:\/\/leblog.wesco.fr\/fr\/wp-content\/uploads\/2019\/04\/Musique.jpg\" \/>\n\t<meta property=\"og:image:width\" content=\"1600\" \/>\n\t<meta property=\"og:image:height\" content=\"800\" \/>\n\t<meta property=\"og:image:type\" content=\"image\/jpeg\" \/>\n<meta name=\"author\" content=\"Nathalie Casso-Vicarini\" \/>\n<meta name=\"twitter:card\" content=\"summary_large_image\" \/>\n<meta name=\"twitter:label1\" content=\"\u00c9crit par\" \/>\n\t<meta name=\"twitter:data1\" content=\"Nathalie Casso-Vicarini\" \/>\n\t<meta name=\"twitter:label2\" content=\"Dur\u00e9e de lecture estim\u00e9e\" \/>\n\t<meta name=\"twitter:data2\" content=\"3 minutes\" \/>\n<!-- \/ Yoast SEO plugin. -->","yoast_head_json":{"title":"Pourquoi \u00e9couter de la musique avec les enfants ? - Le Blog Wesco","description":"D\u00e9couvrez l\u2019importance de la musique et ses bienfaits pour les enfants d\u00e8s le plus jeune \u00e2ge, ainsi que des conseils pour les accompagner dans cette d\u00e9couverte","robots":{"index":"index","follow":"follow","max-snippet":"max-snippet:-1","max-image-preview":"max-image-preview:large","max-video-preview":"max-video-preview:-1"},"canonical":"https:\/\/leblog.wesco.fr\/fr\/pourquoi-ecouter-de-la-musique\/","og_locale":"fr_FR","og_type":"article","og_title":"Pourquoi \u00e9couter de la musique avec les enfants ? - Le Blog Wesco","og_description":"D\u00e9couvrez l\u2019importance de la musique et ses bienfaits pour les enfants d\u00e8s le plus jeune \u00e2ge, ainsi que des conseils pour les accompagner dans cette d\u00e9couverte","og_url":"https:\/\/leblog.wesco.fr\/fr\/pourquoi-ecouter-de-la-musique\/","og_site_name":"Blog Wesco","article_published_time":"2019-04-29T09:48:34+00:00","article_modified_time":"2025-02-14T13:46:47+00:00","og_image":[{"width":1600,"height":800,"url":"https:\/\/leblog.wesco.fr\/fr\/wp-content\/uploads\/2019\/04\/Musique.jpg","type":"image\/jpeg"}],"author":"Nathalie Casso-Vicarini","twitter_card":"summary_large_image","twitter_misc":{"\u00c9crit par":"Nathalie Casso-Vicarini","Dur\u00e9e de lecture estim\u00e9e":"3 minutes"},"schema":{"@context":"https:\/\/schema.org","@graph":[{"@type":"Article","@id":"https:\/\/leblog.wesco.fr\/fr\/pourquoi-ecouter-de-la-musique\/#article","isPartOf":{"@id":"https:\/\/leblog.wesco.fr\/fr\/pourquoi-ecouter-de-la-musique\/"},"author":{"name":"Nathalie Casso-Vicarini","@id":"https:\/\/leblog.wesco.fr\/fr\/#\/schema\/person\/26cdfc5cd8df6472503ea768c3ba7db1"},"headline":"Pourquoi \u00e9couter de la musique avec les enfants\u00a0?","datePublished":"2019-04-29T09:48:34+00:00","dateModified":"2025-02-14T13:46:47+00:00","mainEntityOfPage":{"@id":"https:\/\/leblog.wesco.fr\/fr\/pourquoi-ecouter-de-la-musique\/"},"wordCount":447,"commentCount":0,"image":{"@id":"https:\/\/leblog.wesco.fr\/fr\/pourquoi-ecouter-de-la-musique\/#primaryimage"},"thumbnailUrl":"https:\/\/leblog.wesco.fr\/fr\/wp-content\/uploads\/2019\/04\/Musique.jpg","keywords":["0\/12 mois","12\/36 mois","Autonomie","Communication","Langage","Motricit\u00e9 fine","Motricit\u00e9 globale","Parentalit\u00e9","Vid\u00e9os Dis-moi (pour \u00e9veiller b\u00e9b\u00e9)"],"articleSection":["\u00c9veil &amp; apprentissage"],"inLanguage":"fr-FR","potentialAction":[{"@type":"CommentAction","name":"Comment","target":["https:\/\/leblog.wesco.fr\/fr\/pourquoi-ecouter-de-la-musique\/#respond"]}]},{"@type":"WebPage","@id":"https:\/\/leblog.wesco.fr\/fr\/pourquoi-ecouter-de-la-musique\/","url":"https:\/\/leblog.wesco.fr\/fr\/pourquoi-ecouter-de-la-musique\/","name":"Pourquoi \u00e9couter de la musique avec les enfants ? - Le Blog Wesco","isPartOf":{"@id":"https:\/\/leblog.wesco.fr\/fr\/#website"},"primaryImageOfPage":{"@id":"https:\/\/leblog.wesco.fr\/fr\/pourquoi-ecouter-de-la-musique\/#primaryimage"},"image":{"@id":"https:\/\/leblog.wesco.fr\/fr\/pourquoi-ecouter-de-la-musique\/#primaryimage"},"thumbnailUrl":"https:\/\/leblog.wesco.fr\/fr\/wp-content\/uploads\/2019\/04\/Musique.jpg","datePublished":"2019-04-29T09:48:34+00:00","dateModified":"2025-02-14T13:46:47+00:00","author":{"@id":"https:\/\/leblog.wesco.fr\/fr\/#\/schema\/person\/26cdfc5cd8df6472503ea768c3ba7db1"},"description":"D\u00e9couvrez l\u2019importance de la musique et ses bienfaits pour les enfants d\u00e8s le plus jeune \u00e2ge, ainsi que des conseils pour les accompagner dans cette d\u00e9couverte","breadcrumb":{"@id":"https:\/\/leblog.wesco.fr\/fr\/pourquoi-ecouter-de-la-musique\/#breadcrumb"},"inLanguage":"fr-FR","potentialAction":[{"@type":"ReadAction","target":["https:\/\/leblog.wesco.fr\/fr\/pourquoi-ecouter-de-la-musique\/"]}]},{"@type":"ImageObject","inLanguage":"fr-FR","@id":"https:\/\/leblog.wesco.fr\/fr\/pourquoi-ecouter-de-la-musique\/#primaryimage","url":"https:\/\/leblog.wesco.fr\/fr\/wp-content\/uploads\/2019\/04\/Musique.jpg","contentUrl":"https:\/\/leblog.wesco.fr\/fr\/wp-content\/uploads\/2019\/04\/Musique.jpg","width":1600,"height":800,"caption":"cours de musique avec les enfants blog wesco"},{"@type":"BreadcrumbList","@id":"https:\/\/leblog.wesco.fr\/fr\/pourquoi-ecouter-de-la-musique\/#breadcrumb","itemListElement":[{"@type":"ListItem","position":1,"name":"Accueil","item":"https:\/\/leblog.wesco.fr\/fr\/"},{"@type":"ListItem","position":2,"name":"\u00c9veil &amp; apprentissage","item":"https:\/\/leblog.wesco.fr\/fr\/category\/eveil-et-apprentissage\/"},{"@type":"ListItem","position":3,"name":"Pourquoi \u00e9couter de la musique avec les enfants\u00a0?"}]},{"@type":"WebSite","@id":"https:\/\/leblog.wesco.fr\/fr\/#website","url":"https:\/\/leblog.wesco.fr\/fr\/","name":"Blog Wesco","description":"Le rendez-vous des enfants, des parents et des professionnels","potentialAction":[{"@type":"SearchAction","target":{"@type":"EntryPoint","urlTemplate":"https:\/\/leblog.wesco.fr\/fr\/?s={search_term_string}"},"query-input":{"@type":"PropertyValueSpecification","valueRequired":true,"valueName":"search_term_string"}}],"inLanguage":"fr-FR"},{"@type":"Person","@id":"https:\/\/leblog.wesco.fr\/fr\/#\/schema\/person\/26cdfc5cd8df6472503ea768c3ba7db1","name":"Nathalie Casso-Vicarini","url":"https:\/\/leblog.wesco.fr\/fr\/author\/ncv\/"}]}},"modified_by":"Mathilde Allin","_links":{"self":[{"href":"https:\/\/leblog.wesco.fr\/fr\/wp-json\/wp\/v2\/posts\/2866","targetHints":{"allow":["GET"]}}],"collection":[{"href":"https:\/\/leblog.wesco.fr\/fr\/wp-json\/wp\/v2\/posts"}],"about":[{"href":"https:\/\/leblog.wesco.fr\/fr\/wp-json\/wp\/v2\/types\/post"}],"author":[{"embeddable":true,"href":"https:\/\/leblog.wesco.fr\/fr\/wp-json\/wp\/v2\/users\/5"}],"replies":[{"embeddable":true,"href":"https:\/\/leblog.wesco.fr\/fr\/wp-json\/wp\/v2\/comments?post=2866"}],"version-history":[{"count":9,"href":"https:\/\/leblog.wesco.fr\/fr\/wp-json\/wp\/v2\/posts\/2866\/revisions"}],"predecessor-version":[{"id":130783,"href":"https:\/\/leblog.wesco.fr\/fr\/wp-json\/wp\/v2\/posts\/2866\/revisions\/130783"}],"wp:featuredmedia":[{"embeddable":true,"href":"https:\/\/leblog.wesco.fr\/fr\/wp-json\/wp\/v2\/media\/2867"}],"wp:attachment":[{"href":"https:\/\/leblog.wesco.fr\/fr\/wp-json\/wp\/v2\/media?parent=2866"}],"wp:term":[{"taxonomy":"category","embeddable":true,"href":"https:\/\/leblog.wesco.fr\/fr\/wp-json\/wp\/v2\/categories?post=2866"},{"taxonomy":"post_tag","embeddable":true,"href":"https:\/\/leblog.wesco.fr\/fr\/wp-json\/wp\/v2\/tags?post=2866"}],"curies":[{"name":"wp","href":"https:\/\/api.w.org\/{rel}","templated":true}]}}