{"id":2855,"date":"2019-04-03T14:23:47","date_gmt":"2019-04-03T12:23:47","guid":{"rendered":"http:\/\/leblog.wesco.fr\/?p=2855"},"modified":"2022-05-12T09:18:46","modified_gmt":"2022-05-12T07:18:46","slug":"bebe-mode-demploi","status":"publish","type":"post","link":"https:\/\/leblog.wesco.fr\/fr\/bebe-mode-demploi\/","title":{"rendered":"B\u00e9b\u00e9 mode d&#8217;emploi"},"content":{"rendered":"\n<!--more-->\n\n\n\n<p><strong>Enfin ! Vous l\u2019attendiez ce petit bout de machin qui vient r\u00e9volutionner vos vies. B\u00e9b\u00e9 est lov\u00e9 dans vos bras (gauches) et vous ressentez ce doux vent de panique qui vous pousse \u00e0 vous demander \u201cSerait-il livr\u00e9 sans mode d\u2019emploi ?\u201d<\/strong><\/p>\n\n\n\n<p>Et oui, si le corps de la future maman s\u2019est transform\u00e9 tout seul (ou presque) en une formidable machine \u00e0 fabriquer un petit \u00eatre si complexe, et que la naissance du b\u00e9b\u00e9 s\u2019est d\u00e9cid\u00e9e sans l\u2019accord parental, il va maintenant falloir apprivoiser ce petit bouchon et r\u00e9pondre \u00e0 ses besoins. Ses besoins primaires sont-ils assouvis ? Oui\/Non\u2026 \u00c0 quelle heure proposer le biberon ? Et d\u2019ailleurs, biberon ou allaitement ? Et pour dormir, comment \u00e7a se passe ? &#8230;<\/p>\n\n\n\n<p>Les parents sont bombard\u00e9s de questions \u00e0 l\u2019arriv\u00e9e de B\u00e9b\u00e9. Heureusement, chaque nouveau-n\u00e9 est diff\u00e9rent et aura des besoins plus ou moins marqu\u00e9s. Je vous propose ici un tour d\u2019horizon des points cl\u00e9s.<\/p>\n\n\n\n<h2 class=\"wp-block-heading\">Dormir comme un b\u00e9b\u00e9\u2026<\/h2>\n\n\n\n<p>Si l\u2019expression donne l\u2019id\u00e9e d\u2019un sommeil long, continu et r\u00e9parateur, la r\u00e9alit\u00e9 est toute autre. <strong>B\u00e9b\u00e9 va dormir entre 18 et 23h par tranche de 24h<\/strong>, de mani\u00e8re intermittente, par plages de quelques heures ou quelques dizaines de minutes. Il dormira certainement plus le jour que la nuit au d\u00e9but. Sauf indication contraire de votre professionnel de sant\u00e9, laissez-le dormir autant qu\u2019il le veut. C\u2019est dans ces p\u00e9riodes souveraines qu\u2019<strong>il active ses connexions et que son hypophyse fabrique l\u2019hormone de croissance<\/strong>. Respectez les r\u00e8gles de <strong>s\u00e9curit\u00e9<\/strong> pour son sommeil : un lit avec son matelas adapt\u00e9, une temp\u00e9rature comprise entre 19\u00b0 et 21\u00b0, pas de couvertures ou de coussins, une gigoteuse et pas d\u2019objets dans son lit.<\/p>\n\n\n\n<h2 class=\"wp-block-heading\">Manger comme un glouton<\/h2>\n\n\n\n<p><a href=\"https:\/\/leblog.wesco.fr\/lallaitement-ca-coule-de-source_2378_a\" target=\"_blank\" rel=\"noopener\">Biberon ou allaitement<\/a> ? Choix hautement critique s\u2019il en est ! Quel que soit votre choix, sachez que <strong>vous avez pris la bonne d\u00e9cision<\/strong>. Si vous avez choisi le biberon, respectez les indications du lait maternis\u00e9 et si vous avez choisi l\u2019allaitement, donnez \u00e0 la demande.<\/p>\n\n\n\n<h2 class=\"wp-block-heading\">Communiquer sur toutes les octaves<\/h2>\n\n\n\n<p>Des pleurs courts, des pleurs longs, des pleurs gutturaux, des pleurs aux tonalit\u00e9s nasales\u2026 Vous allez d\u00e9couvrir une infinit\u00e9 de pleurs, votre oreille va s\u2019affiner et comprendre de plus en plus facilement son langage. Sachez que <strong>les pleurs ne sont l\u00e0 que pour communiquer avec vous<\/strong> et vous indiquer ses besoins et inconforts. Si B\u00e9b\u00e9 pleure beaucoup lors de ses premi\u00e8res semaines, cela s\u2019att\u00e9nue et il apprend \u00e0 calmer une partie de ses besoins seul.<\/p>\n\n\n\n<h2 class=\"wp-block-heading\">S\u2019\u00e9veiller au monde<\/h2>\n\n\n\n<p>Bien qu\u2019il d\u00e9pende enti\u00e8rement de vous, <strong>il a des comp\u00e9tences insoup\u00e7onn\u00e9es et il peut d\u00e9j\u00e0 faire tant de choses<\/strong>. Les sons qu\u2019il entend, les objets qu\u2019il voit, les tissus qui le touche, sont autant de stimuli qui alimentent son cerveau. Une comptine chant\u00e9e et rechant\u00e9e (et enchant\u00e9e ?), un mobile au pied du berceau, un doudou tr\u00e8s doux, etc. offrent un cadre rassurant au nouveau-n\u00e9.<br>\nSa personnalit\u00e9, bien qu\u2019incertaine \u00e0 ce stade, est d\u00e9j\u00e0 l\u00e0, souterraine. Ses traits de caract\u00e8re vont s\u2019affirmer avec le temps et ce petit inconnu deviendra bient\u00f4t votre complice de comptines. Son mobile, un objet quasi hypnotique qui le fascinera. <strong>S\u2019\u00e9veiller au monde, c\u2019est pour lui s\u2019\u00e9veiller \u00e0 votre monde<\/strong>.<\/p>\n\n\n\n<h2 class=\"wp-block-heading\">Le secret ultime<\/h2>\n\n\n\n<p>Mais gardons le meilleur pour la fin\u2026 Vous vous \u00eates pos\u00e9 beaucoup de questions sur son sommeil, son alimentation, son confort, son d\u00e9veloppement, etc. Maintenant, voyons le secret qui fera vraiment la diff\u00e9rence pour que ce petit d\u2019homme devienne l\u2019enfant puis l\u2019adulte \u00e9quilibr\u00e9 que vous r\u00eavez d\u2019engendrer : <strong>votre amour !<\/strong><\/p>\n\n\n\n<p>Aujourd\u2019hui, <strong>les neurosciences nous prouvent cette intuition folle qui est que l\u2019amour que nous portons \u00e0 nos enfants n\u2019est autre que le puissant carburant de son d\u00e9veloppement<\/strong>. Vos regards, votre voix, vos gestes, votre attention sont les \u00e9l\u00e9ments cl\u00e9s de son bien-\u00eatre.<br>\nIls sont les conditions d\u2019un bon d\u00e9veloppement cognitif et sensoriel.<\/p>\n\n\n\n<p>L\u2019affection est tellement importante qu\u2019elle laisse une signature \u00e9pig\u00e9n\u00e9tique (elle s\u2019inscrit dans ses g\u00e8nes) visible dans son ADN. Les carences affectives provoquent, inversement, une certaine \u201cimmaturit\u00e9 biologique\u201d. <a href=\"https:\/\/ici.radio-canada.ca\/nouvelle\/1069946\/contacts-physiques-reconfort-adulte-bebe-genes-enfant\" target=\"_blank\" rel=\"noopener\">Le Professeur Michael Kobor, de l\u2019Universit\u00e9 de la Colombie-Britanique<\/a>, a mis en lumi\u00e8re \u00e0 quel point le r\u00e9confort est essentiel pour le nourrisson.<\/p>\n\n\n\n<p>Alors pourquoi se priver de c\u00e2liner ce petit \u00eatre qui en a tellement besoin ? Couvrez-le de bisous. Assumez votre part d\u00e9goulinante d\u2019amour. \u00c7a vous fait du bien. Et rappelez-vous que votre b\u00e9b\u00e9 est fait pour vous.<\/p>\n\n\n\n<p><strong>\u00c0 vos marques. Pr\u00eats. C\u00e2linez !<\/strong><\/p>\n\n\n<p><a href=\"https:\/\/www.facebook.com\/france2\/videos\/10156368599892598\/\">https:\/\/www.facebook.com\/france2\/videos\/10156368599892598\/<\/a><\/p>\n\n\n\n<p>Pour aller plus loin :<\/p>\n\n\n\n<ul class=\"wp-block-list\"><li><a href=\"https:\/\/naitreetgrandir.com\/fr\/Etape\/0_12_mois\/Developpement\/nouveau_ne\/Fiche.aspx?doc=ik-naitre-grandir-bebe-nouveau-ne\" target=\"_blank\" rel=\"noopener\">Les fiches b\u00e9b\u00e9 de 0 \u00e0 12 mois<\/a><\/li><li><a href=\"https:\/\/positivr.fr\/etude-scientifique-amour-impact-adn-genes-bebe\/\" target=\"_blank\" rel=\"noopener\">L&#8217;article de Positivr traitant de l&#8217;impact de l&#8217;amour sur l&#8217;ADN<\/a><\/li><li>Retrouvez sur le site <a href=\"https:\/\/www.1000-premiers-jours.fr\/fr\" target=\"_blank\" rel=\"noreferrer noopener\">1000 premiers jours<\/a> des conseils et des informations destin\u00e9s aux futurs parents et parents de moins de 20 ans <\/li><\/ul>\n\n\n\n<p>A lire aussi sur notre blog :<\/p>\n\n\n\n<ul class=\"wp-block-list\"><li><a href=\"https:\/\/leblog.wesco.fr\/immersion-en-milieu-sonore-ou-comment-decrypter-les-pleurs-de-bebe\/\">Immersion en milieu sonore ou comment d\u00e9crypter les pleurs de B\u00e9b\u00e9<\/a><\/li><li><a href=\"https:\/\/leblog.wesco.fr\/bebe-tsunami_3005_a\">B\u00e9b\u00e9 tsunami<\/a><\/li><li><a href=\"https:\/\/leblog.wesco.fr\/les-premieres-interactions-sociales-de-bebe\/\">Les premi\u00e8res interactions sociales de B\u00e9b\u00e9<\/a><\/li><li><a href=\"https:\/\/leblog.wesco.fr\/lattachement-cet-obscur-objet-dont-monde-parle\/\">L\u2019attachement\u2026 Cet obscur objet dont tout le monde parle<\/a><\/li><\/ul>\n","protected":false},"excerpt":{"rendered":"","protected":false},"author":4,"featured_media":2857,"comment_status":"open","ping_status":"closed","sticky":false,"template":"","format":"standard","meta":{"_lmt_disableupdate":"","_lmt_disable":"","episode_type":"","audio_file":"","podmotor_file_id":"","podmotor_episode_id":"","cover_image":"","cover_image_id":"","duration":"","filesize":"","filesize_raw":"","date_recorded":"","explicit":"","block":"","itunes_episode_number":"","itunes_title":"","itunes_season_number":"","itunes_episode_type":"","footnotes":""},"categories":[62],"tags":[16,32,38,52],"class_list":["post-2855","post","type-post","status-publish","format-standard","has-post-thumbnail","hentry","category-eveil-et-apprentissage","tag-0-12-mois","tag-communication","tag-eveil","tag-parentalite"],"yoast_head":"<!-- This site is optimized with the Yoast SEO plugin v27.5 - https:\/\/yoast.com\/product\/yoast-seo-wordpress\/ -->\n<title>Arriv\u00e9e de b\u00e9b\u00e9 : r\u00e9pondre aux besoins du nouveau-n\u00e9 - Le Blog Wesco<\/title>\n<meta name=\"description\" content=\"Sommeil, alimentation, communication, \u00e9veil, retrouvez nos conseils pour r\u00e9pondre aux besoins de votre nouveau-n\u00e9 et favoriser son d\u00e9veloppement\" \/>\n<meta name=\"robots\" content=\"index, follow, max-snippet:-1, max-image-preview:large, max-video-preview:-1\" \/>\n<link rel=\"canonical\" href=\"https:\/\/leblog.wesco.fr\/fr\/bebe-mode-demploi\/\" \/>\n<meta property=\"og:locale\" content=\"fr_FR\" \/>\n<meta property=\"og:type\" content=\"article\" \/>\n<meta property=\"og:title\" content=\"Arriv\u00e9e de b\u00e9b\u00e9 : r\u00e9pondre aux besoins du nouveau-n\u00e9 - Le Blog Wesco\" \/>\n<meta property=\"og:description\" content=\"Sommeil, alimentation, communication, \u00e9veil, retrouvez nos conseils pour r\u00e9pondre aux besoins de votre nouveau-n\u00e9 et favoriser son d\u00e9veloppement\" \/>\n<meta property=\"og:url\" content=\"https:\/\/leblog.wesco.fr\/fr\/bebe-mode-demploi\/\" \/>\n<meta property=\"og:site_name\" content=\"Blog Wesco\" \/>\n<meta property=\"article:published_time\" content=\"2019-04-03T12:23:47+00:00\" \/>\n<meta property=\"article:modified_time\" content=\"2022-05-12T07:18:46+00:00\" \/>\n<meta property=\"og:image\" content=\"https:\/\/leblog.wesco.fr\/fr\/wp-content\/uploads\/2019\/04\/bebe_mode_emploi.jpg\" \/>\n\t<meta property=\"og:image:width\" content=\"1600\" \/>\n\t<meta property=\"og:image:height\" content=\"800\" \/>\n\t<meta property=\"og:image:type\" content=\"image\/jpeg\" \/>\n<meta name=\"author\" content=\"Soline Dupont\" \/>\n<meta name=\"twitter:card\" content=\"summary_large_image\" \/>\n<meta name=\"twitter:label1\" content=\"\u00c9crit par\" \/>\n\t<meta name=\"twitter:data1\" content=\"Soline Dupont\" \/>\n\t<meta name=\"twitter:label2\" content=\"Dur\u00e9e de lecture estim\u00e9e\" \/>\n\t<meta name=\"twitter:data2\" content=\"5 minutes\" \/>\n<!-- \/ Yoast SEO plugin. -->","yoast_head_json":{"title":"Arriv\u00e9e de b\u00e9b\u00e9 : r\u00e9pondre aux besoins du nouveau-n\u00e9 - Le Blog Wesco","description":"Sommeil, alimentation, communication, \u00e9veil, retrouvez nos conseils pour r\u00e9pondre aux besoins de votre nouveau-n\u00e9 et favoriser son d\u00e9veloppement","robots":{"index":"index","follow":"follow","max-snippet":"max-snippet:-1","max-image-preview":"max-image-preview:large","max-video-preview":"max-video-preview:-1"},"canonical":"https:\/\/leblog.wesco.fr\/fr\/bebe-mode-demploi\/","og_locale":"fr_FR","og_type":"article","og_title":"Arriv\u00e9e de b\u00e9b\u00e9 : r\u00e9pondre aux besoins du nouveau-n\u00e9 - Le Blog Wesco","og_description":"Sommeil, alimentation, communication, \u00e9veil, retrouvez nos conseils pour r\u00e9pondre aux besoins de votre nouveau-n\u00e9 et favoriser son d\u00e9veloppement","og_url":"https:\/\/leblog.wesco.fr\/fr\/bebe-mode-demploi\/","og_site_name":"Blog Wesco","article_published_time":"2019-04-03T12:23:47+00:00","article_modified_time":"2022-05-12T07:18:46+00:00","og_image":[{"width":1600,"height":800,"url":"https:\/\/leblog.wesco.fr\/fr\/wp-content\/uploads\/2019\/04\/bebe_mode_emploi.jpg","type":"image\/jpeg"}],"author":"Soline Dupont","twitter_card":"summary_large_image","twitter_misc":{"\u00c9crit par":"Soline Dupont","Dur\u00e9e de lecture estim\u00e9e":"5 minutes"},"schema":{"@context":"https:\/\/schema.org","@graph":[{"@type":"Article","@id":"https:\/\/leblog.wesco.fr\/fr\/bebe-mode-demploi\/#article","isPartOf":{"@id":"https:\/\/leblog.wesco.fr\/fr\/bebe-mode-demploi\/"},"author":{"name":"Soline Dupont","@id":"https:\/\/leblog.wesco.fr\/fr\/#\/schema\/person\/c7cdcf2fa157e659e79e71f36334b657"},"headline":"B\u00e9b\u00e9 mode d&#8217;emploi","datePublished":"2019-04-03T12:23:47+00:00","dateModified":"2022-05-12T07:18:46+00:00","mainEntityOfPage":{"@id":"https:\/\/leblog.wesco.fr\/fr\/bebe-mode-demploi\/"},"wordCount":887,"commentCount":0,"image":{"@id":"https:\/\/leblog.wesco.fr\/fr\/bebe-mode-demploi\/#primaryimage"},"thumbnailUrl":"https:\/\/leblog.wesco.fr\/fr\/wp-content\/uploads\/2019\/04\/bebe_mode_emploi.jpg","keywords":["0\/12 mois","Communication","\u00c9veil","Parentalit\u00e9"],"articleSection":["\u00c9veil &amp; apprentissage"],"inLanguage":"fr-FR","potentialAction":[{"@type":"CommentAction","name":"Comment","target":["https:\/\/leblog.wesco.fr\/fr\/bebe-mode-demploi\/#respond"]}]},{"@type":"WebPage","@id":"https:\/\/leblog.wesco.fr\/fr\/bebe-mode-demploi\/","url":"https:\/\/leblog.wesco.fr\/fr\/bebe-mode-demploi\/","name":"Arriv\u00e9e de b\u00e9b\u00e9 : r\u00e9pondre aux besoins du nouveau-n\u00e9 - Le Blog Wesco","isPartOf":{"@id":"https:\/\/leblog.wesco.fr\/fr\/#website"},"primaryImageOfPage":{"@id":"https:\/\/leblog.wesco.fr\/fr\/bebe-mode-demploi\/#primaryimage"},"image":{"@id":"https:\/\/leblog.wesco.fr\/fr\/bebe-mode-demploi\/#primaryimage"},"thumbnailUrl":"https:\/\/leblog.wesco.fr\/fr\/wp-content\/uploads\/2019\/04\/bebe_mode_emploi.jpg","datePublished":"2019-04-03T12:23:47+00:00","dateModified":"2022-05-12T07:18:46+00:00","author":{"@id":"https:\/\/leblog.wesco.fr\/fr\/#\/schema\/person\/c7cdcf2fa157e659e79e71f36334b657"},"description":"Sommeil, alimentation, communication, \u00e9veil, retrouvez nos conseils pour r\u00e9pondre aux besoins de votre nouveau-n\u00e9 et favoriser son d\u00e9veloppement","breadcrumb":{"@id":"https:\/\/leblog.wesco.fr\/fr\/bebe-mode-demploi\/#breadcrumb"},"inLanguage":"fr-FR","potentialAction":[{"@type":"ReadAction","target":["https:\/\/leblog.wesco.fr\/fr\/bebe-mode-demploi\/"]}]},{"@type":"ImageObject","inLanguage":"fr-FR","@id":"https:\/\/leblog.wesco.fr\/fr\/bebe-mode-demploi\/#primaryimage","url":"https:\/\/leblog.wesco.fr\/fr\/wp-content\/uploads\/2019\/04\/bebe_mode_emploi.jpg","contentUrl":"https:\/\/leblog.wesco.fr\/fr\/wp-content\/uploads\/2019\/04\/bebe_mode_emploi.jpg","width":1600,"height":800,"caption":"B\u00e9b\u00e9 mode d'emploi"},{"@type":"BreadcrumbList","@id":"https:\/\/leblog.wesco.fr\/fr\/bebe-mode-demploi\/#breadcrumb","itemListElement":[{"@type":"ListItem","position":1,"name":"Accueil","item":"https:\/\/leblog.wesco.fr\/fr\/"},{"@type":"ListItem","position":2,"name":"\u00c9veil &amp; apprentissage","item":"https:\/\/leblog.wesco.fr\/fr\/category\/eveil-et-apprentissage\/"},{"@type":"ListItem","position":3,"name":"B\u00e9b\u00e9 mode d&#8217;emploi"}]},{"@type":"WebSite","@id":"https:\/\/leblog.wesco.fr\/fr\/#website","url":"https:\/\/leblog.wesco.fr\/fr\/","name":"Blog Wesco","description":"Le rendez-vous des enfants, des parents et des professionnels","potentialAction":[{"@type":"SearchAction","target":{"@type":"EntryPoint","urlTemplate":"https:\/\/leblog.wesco.fr\/fr\/?s={search_term_string}"},"query-input":{"@type":"PropertyValueSpecification","valueRequired":true,"valueName":"search_term_string"}}],"inLanguage":"fr-FR"},{"@type":"Person","@id":"https:\/\/leblog.wesco.fr\/fr\/#\/schema\/person\/c7cdcf2fa157e659e79e71f36334b657","name":"Soline Dupont","url":"https:\/\/leblog.wesco.fr\/fr\/author\/sdupont\/"}]}},"modified_by":"Mathilde Allin","_links":{"self":[{"href":"https:\/\/leblog.wesco.fr\/fr\/wp-json\/wp\/v2\/posts\/2855","targetHints":{"allow":["GET"]}}],"collection":[{"href":"https:\/\/leblog.wesco.fr\/fr\/wp-json\/wp\/v2\/posts"}],"about":[{"href":"https:\/\/leblog.wesco.fr\/fr\/wp-json\/wp\/v2\/types\/post"}],"author":[{"embeddable":true,"href":"https:\/\/leblog.wesco.fr\/fr\/wp-json\/wp\/v2\/users\/4"}],"replies":[{"embeddable":true,"href":"https:\/\/leblog.wesco.fr\/fr\/wp-json\/wp\/v2\/comments?post=2855"}],"version-history":[{"count":4,"href":"https:\/\/leblog.wesco.fr\/fr\/wp-json\/wp\/v2\/posts\/2855\/revisions"}],"predecessor-version":[{"id":125905,"href":"https:\/\/leblog.wesco.fr\/fr\/wp-json\/wp\/v2\/posts\/2855\/revisions\/125905"}],"wp:featuredmedia":[{"embeddable":true,"href":"https:\/\/leblog.wesco.fr\/fr\/wp-json\/wp\/v2\/media\/2857"}],"wp:attachment":[{"href":"https:\/\/leblog.wesco.fr\/fr\/wp-json\/wp\/v2\/media?parent=2855"}],"wp:term":[{"taxonomy":"category","embeddable":true,"href":"https:\/\/leblog.wesco.fr\/fr\/wp-json\/wp\/v2\/categories?post=2855"},{"taxonomy":"post_tag","embeddable":true,"href":"https:\/\/leblog.wesco.fr\/fr\/wp-json\/wp\/v2\/tags?post=2855"}],"curies":[{"name":"wp","href":"https:\/\/api.w.org\/{rel}","templated":true}]}}