{"id":2845,"date":"2019-04-01T11:00:47","date_gmt":"2019-04-01T09:00:47","guid":{"rendered":"http:\/\/leblog.wesco.fr\/?p=2845"},"modified":"2021-06-29T14:56:43","modified_gmt":"2021-06-29T12:56:43","slug":"pourquoi-fete-t-on-le-1er-avril","status":"publish","type":"post","link":"https:\/\/leblog.wesco.fr\/fr\/pourquoi-fete-t-on-le-1er-avril\/","title":{"rendered":"Pourquoi f\u00eate-t-on le 1er Avril ?"},"content":{"rendered":"<p><!--more--><\/p>\n<p class=\"p1\"><span class=\"s1\">Qui ne s\u2019est jamais fait avoir par une histoire capillotract\u00e9e ou tout simplement fait attraper avec un banc de poissons en papier accroch\u00e9 au dos ? En cause, la fameuse tradition du \u201cPOISSON D\u2019AVRIIIIIL\u201d qui s\u00e9vit chaque ann\u00e9e.<\/span><\/p>\n<h2 class=\"p1\"><span class=\"s1\">Une histoire de calendrier <\/span><\/h2>\n<p class=\"p1\"><span class=\"s1\">Les origines de cette \u201ctradition\u201d sont incertaines mais une proposition semble mettre tout le monde d\u2019accord. Jusqu\u2019en 1564, l\u2019ann\u00e9e commence autour du 25 mars (correspondant \u00e0 la f\u00eate chr\u00e9tienne de l\u2019Annonciation). Aussi les Fran\u00e7ais sont-ils quelque peu d\u00e9sorient\u00e9s lorsque Charles IX d\u00e9cide d\u2019avancer le premier jour de l\u2019ann\u00e9e au 1er janvier (date qui sera g\u00e9n\u00e9ralis\u00e9e \u00e0 l\u2019ensemble du monde catholique avec l\u2019institution de la R\u00e9forme Gr\u00e9gorienne). Pour autant, ce changement calendaire maintient une tradition bien ancr\u00e9e au passage \u00e0 la nouvelle ann\u00e9e : celle de s\u2019offrir des cadeaux. Peu \u00e0 peu, les cadeaux sont progressivement remplac\u00e9s par de \u201cfaux\u201d pr\u00e9sents puis des blagues pour marquer ce \u201cfaux nouvel an\u201d. <\/span><\/p>\n<h2 class=\"p3\"><span class=\"s1\">Pourquoi le poisson ? <\/span><\/h2>\n<p class=\"p2\"><span class=\"s1\">\u00a0<\/span><span class=\"s1\">Ne noyons pas le poisson : il existe plusieurs th\u00e9ories concernant l\u2019origine de ce symbole. \u00a0Cependant, quelques hypoth\u00e8ses sur son histoire semblent redondantes : <\/span><\/p>\n<ul class=\"ul1\">\n<li class=\"li4\"><span class=\"s3\">La plus populaire serait celle de la journ\u00e9e anti-p\u00eache : le 1er avril \u00e9tait \u00e0 l\u2019\u00e9poque la date qui interdisait la p\u00eache pour favoriser la reproduction des poissons ; cette journ\u00e9e serait devenue l\u2019occasion de se moquer des p\u00eacheurs en leur offrant de faux poissons.<\/span><span class=\"s3\"><br \/>\n<\/span><\/li>\n<li class=\"li5\"><span class=\"s1\">D\u2019autres pensent que le poisson vient tout simplement du signe astrologique du mois d\u2019avril.<\/span><\/li>\n<\/ul>\n<p>Aujourd&#8217;hui, cette tradition donne le sourire : les farces envahissent les cours de r\u00e9cr\u00e9 jusqu&#8217;aux m\u00e9dias traditionnels. C&#8217;est bien connu, rire est bon pour la sant\u00e9 !\u00a0<span class=\"s1\">(Si vous aussi vous avez une th\u00e9orie sur le sujet, n\u2019h\u00e9sitez \u00e0 la partager en commentaire)<\/span><\/p>\n<h2 class=\"p6\"><span class=\"s1\">Une id\u00e9e pour cette occasion ?<\/span><\/h2>\n<p class=\"p9\"><span class=\"s3\">Mettez de c\u00f4t\u00e9 vos papiers, ciseaux et enfilez vos toques et tabliers. Quitte \u00e0 surprendre vos compagnons autant bien le faire. C&#8217;est pour cela que, nous vous proposons deux id\u00e9es de recettes :<\/span><\/p>\n<ul class=\"ul1\">\n<li class=\"li9\"><span class=\"s2\"><a href=\"http:\/\/www.allezhopeileen.com\/gourmandises\/poissons-sables-aux-deux-chocolats\/\"><span class=\"s4\">des poissons sabl\u00e9s aux deux chocolats<\/span><\/a><\/span><span class=\"s3\"> pour les plus gourmands<\/span><span class=\"s5\"><br \/>\n<\/span><\/li>\n<li class=\"li9\"><span class=\"s2\"><a href=\"https:\/\/www.wesco.fr\/fiches-creatives-wesco\/fiches-creatives-pour-cuisiner-avec-les-enfants\/fiche-sable-au-chocolat.html\"><span class=\"s4\">des sabl\u00e9s au chocolat <\/span><\/a><\/span><span class=\"s3\">\u00a0d\u00e9clinables en \u201cpoisson d\u2019avril\u201d<\/span><span class=\"s5\"><br \/>\n<\/span><\/li>\n<\/ul>\n<p><a href=\"http:\/\/leblog.wesco.fr\/fr\/wp-content\/uploads\/2019\/03\/700x323-poissons-au-chocolat-01.jpg\"><img loading=\"lazy\" decoding=\"async\" class=\"alignnone size-medium wp-image-2846\" src=\"http:\/\/leblog.wesco.fr\/fr\/wp-content\/uploads\/2019\/03\/700x323-poissons-au-chocolat-01-300x138.jpg\" alt=\"recette sabl\u00e9s poissons chocolat\" width=\"300\" height=\"138\" srcset=\"https:\/\/leblog.wesco.fr\/fr\/wp-content\/uploads\/2019\/03\/700x323-poissons-au-chocolat-01-300x138.jpg 300w, https:\/\/leblog.wesco.fr\/fr\/wp-content\/uploads\/2019\/03\/700x323-poissons-au-chocolat-01.jpg 700w\" sizes=\"auto, (max-width: 300px) 100vw, 300px\" \/><\/a><\/p>\n<p class=\"p3\"><span class=\"s3\">Sources<\/span><\/p>\n<ul>\n<li><a href=\"http:\/\/www.allezhopeileen.com\/gourmandises\/poissons-sables-aux-deux-chocolats\/\">http:\/\/www.allezhopeileen.com\/gourmandises\/poissons-sables-aux-deux-chocolats\/<\/a><\/li>\n<li><span class=\"s4\"><a href=\"http:\/\/www.momes.net\/Fetes\/Poisson-d-avril\/Origine-du-Poisson-d-Avril\">http:\/\/www.momes.net\/Fetes\/Poisson-d-avril\/Origine-du-Poisson-d-Avril<\/a><\/span><\/li>\n<li><span class=\"s4\"><a href=\"http:\/\/icalendrier.fr\/fetes\/1er-avril\">http:\/\/icalendrier.fr\/fetes\/1er-avril<\/a><\/span><\/li>\n<li><span class=\"s4\"><a href=\"https:\/\/www.lemonde.fr\/les-decodeurs\/article\/2018\/04\/01\/poisson-d-avril-histoire-d-une-tradition_5279219_4355770.html\">https:\/\/www.lemonde.fr\/les-decodeurs\/article\/2018\/04\/01\/poisson-d-avril-histoire-d-une-tradition_5279219_4355770.html<\/a><\/span><\/li>\n<li><span class=\"s4\"><a href=\"https:\/\/fr.wikipedia.org\/wiki\/Poisson_d%27avril\">https:\/\/fr.wikipedia.org\/wiki\/Poisson_d%27avril<\/a><\/span><\/li>\n<\/ul>\n","protected":false},"excerpt":{"rendered":"","protected":false},"author":16,"featured_media":2848,"comment_status":"open","ping_status":"closed","sticky":false,"template":"","format":"standard","meta":{"_lmt_disableupdate":"","_lmt_disable":"","episode_type":"","audio_file":"","podmotor_file_id":"","podmotor_episode_id":"","cover_image":"","cover_image_id":"","duration":"","filesize":"","filesize_raw":"","date_recorded":"","explicit":"","block":"","itunes_episode_number":"","itunes_title":"","itunes_season_number":"","itunes_episode_type":"","footnotes":""},"categories":[65],"tags":[40],"class_list":["post-2845","post","type-post","status-publish","format-standard","has-post-thumbnail","hentry","category-education","tag-histoire"],"yoast_head":"<!-- This site is optimized with the Yoast SEO plugin v27.5 - https:\/\/yoast.com\/product\/yoast-seo-wordpress\/ -->\n<title>1er avril : les origines du poisson d\u2019avril - Le Blog Wesco<\/title>\n<meta name=\"description\" content=\"D\u00e9couvrez les origines de la tradition du 1er avril et du poisson d\u2019avril, ainsi que des recettes de sabl\u00e9s \u00e0 r\u00e9aliser pour cette occasion\" \/>\n<meta name=\"robots\" content=\"index, follow, max-snippet:-1, max-image-preview:large, max-video-preview:-1\" \/>\n<link rel=\"canonical\" href=\"https:\/\/leblog.wesco.fr\/fr\/pourquoi-fete-t-on-le-1er-avril\/\" \/>\n<meta property=\"og:locale\" content=\"fr_FR\" \/>\n<meta property=\"og:type\" content=\"article\" \/>\n<meta property=\"og:title\" content=\"1er avril : les origines du poisson d\u2019avril - Le Blog Wesco\" \/>\n<meta property=\"og:description\" content=\"D\u00e9couvrez les origines de la tradition du 1er avril et du poisson d\u2019avril, ainsi que des recettes de sabl\u00e9s \u00e0 r\u00e9aliser pour cette occasion\" \/>\n<meta property=\"og:url\" content=\"https:\/\/leblog.wesco.fr\/fr\/pourquoi-fete-t-on-le-1er-avril\/\" \/>\n<meta property=\"og:site_name\" content=\"Blog Wesco\" \/>\n<meta property=\"article:published_time\" content=\"2019-04-01T09:00:47+00:00\" \/>\n<meta property=\"article:modified_time\" content=\"2021-06-29T12:56:43+00:00\" \/>\n<meta property=\"og:image\" content=\"https:\/\/leblog.wesco.fr\/fr\/wp-content\/uploads\/2019\/03\/poisson_avril.jpg\" \/>\n\t<meta property=\"og:image:width\" content=\"1600\" \/>\n\t<meta property=\"og:image:height\" content=\"800\" \/>\n\t<meta property=\"og:image:type\" content=\"image\/jpeg\" \/>\n<meta name=\"author\" content=\"Communication\" \/>\n<meta name=\"twitter:card\" content=\"summary_large_image\" \/>\n<meta name=\"twitter:label1\" content=\"\u00c9crit par\" \/>\n\t<meta name=\"twitter:data1\" content=\"Communication\" \/>\n\t<meta name=\"twitter:label2\" content=\"Dur\u00e9e de lecture estim\u00e9e\" \/>\n\t<meta name=\"twitter:data2\" content=\"2 minutes\" \/>\n<!-- \/ Yoast SEO plugin. -->","yoast_head_json":{"title":"1er avril : les origines du poisson d\u2019avril - Le Blog Wesco","description":"D\u00e9couvrez les origines de la tradition du 1er avril et du poisson d\u2019avril, ainsi que des recettes de sabl\u00e9s \u00e0 r\u00e9aliser pour cette occasion","robots":{"index":"index","follow":"follow","max-snippet":"max-snippet:-1","max-image-preview":"max-image-preview:large","max-video-preview":"max-video-preview:-1"},"canonical":"https:\/\/leblog.wesco.fr\/fr\/pourquoi-fete-t-on-le-1er-avril\/","og_locale":"fr_FR","og_type":"article","og_title":"1er avril : les origines du poisson d\u2019avril - Le Blog Wesco","og_description":"D\u00e9couvrez les origines de la tradition du 1er avril et du poisson d\u2019avril, ainsi que des recettes de sabl\u00e9s \u00e0 r\u00e9aliser pour cette occasion","og_url":"https:\/\/leblog.wesco.fr\/fr\/pourquoi-fete-t-on-le-1er-avril\/","og_site_name":"Blog Wesco","article_published_time":"2019-04-01T09:00:47+00:00","article_modified_time":"2021-06-29T12:56:43+00:00","og_image":[{"width":1600,"height":800,"url":"https:\/\/leblog.wesco.fr\/fr\/wp-content\/uploads\/2019\/03\/poisson_avril.jpg","type":"image\/jpeg"}],"author":"Communication","twitter_card":"summary_large_image","twitter_misc":{"\u00c9crit par":"Communication","Dur\u00e9e de lecture estim\u00e9e":"2 minutes"},"schema":{"@context":"https:\/\/schema.org","@graph":[{"@type":"Article","@id":"https:\/\/leblog.wesco.fr\/fr\/pourquoi-fete-t-on-le-1er-avril\/#article","isPartOf":{"@id":"https:\/\/leblog.wesco.fr\/fr\/pourquoi-fete-t-on-le-1er-avril\/"},"author":{"name":"Communication","@id":"https:\/\/leblog.wesco.fr\/fr\/#\/schema\/person\/20cfe9283705cd6451a0fd0b627ae949"},"headline":"Pourquoi f\u00eate-t-on le 1er Avril ?","datePublished":"2019-04-01T09:00:47+00:00","dateModified":"2021-06-29T12:56:43+00:00","mainEntityOfPage":{"@id":"https:\/\/leblog.wesco.fr\/fr\/pourquoi-fete-t-on-le-1er-avril\/"},"wordCount":414,"commentCount":0,"image":{"@id":"https:\/\/leblog.wesco.fr\/fr\/pourquoi-fete-t-on-le-1er-avril\/#primaryimage"},"thumbnailUrl":"https:\/\/leblog.wesco.fr\/fr\/wp-content\/uploads\/2019\/03\/poisson_avril.jpg","keywords":["Histoire"],"articleSection":["\u00c9ducation"],"inLanguage":"fr-FR","potentialAction":[{"@type":"CommentAction","name":"Comment","target":["https:\/\/leblog.wesco.fr\/fr\/pourquoi-fete-t-on-le-1er-avril\/#respond"]}]},{"@type":"WebPage","@id":"https:\/\/leblog.wesco.fr\/fr\/pourquoi-fete-t-on-le-1er-avril\/","url":"https:\/\/leblog.wesco.fr\/fr\/pourquoi-fete-t-on-le-1er-avril\/","name":"1er avril : les origines du poisson d\u2019avril - Le Blog Wesco","isPartOf":{"@id":"https:\/\/leblog.wesco.fr\/fr\/#website"},"primaryImageOfPage":{"@id":"https:\/\/leblog.wesco.fr\/fr\/pourquoi-fete-t-on-le-1er-avril\/#primaryimage"},"image":{"@id":"https:\/\/leblog.wesco.fr\/fr\/pourquoi-fete-t-on-le-1er-avril\/#primaryimage"},"thumbnailUrl":"https:\/\/leblog.wesco.fr\/fr\/wp-content\/uploads\/2019\/03\/poisson_avril.jpg","datePublished":"2019-04-01T09:00:47+00:00","dateModified":"2021-06-29T12:56:43+00:00","author":{"@id":"https:\/\/leblog.wesco.fr\/fr\/#\/schema\/person\/20cfe9283705cd6451a0fd0b627ae949"},"description":"D\u00e9couvrez les origines de la tradition du 1er avril et du poisson d\u2019avril, ainsi que des recettes de sabl\u00e9s \u00e0 r\u00e9aliser pour cette occasion","breadcrumb":{"@id":"https:\/\/leblog.wesco.fr\/fr\/pourquoi-fete-t-on-le-1er-avril\/#breadcrumb"},"inLanguage":"fr-FR","potentialAction":[{"@type":"ReadAction","target":["https:\/\/leblog.wesco.fr\/fr\/pourquoi-fete-t-on-le-1er-avril\/"]}]},{"@type":"ImageObject","inLanguage":"fr-FR","@id":"https:\/\/leblog.wesco.fr\/fr\/pourquoi-fete-t-on-le-1er-avril\/#primaryimage","url":"https:\/\/leblog.wesco.fr\/fr\/wp-content\/uploads\/2019\/03\/poisson_avril.jpg","contentUrl":"https:\/\/leblog.wesco.fr\/fr\/wp-content\/uploads\/2019\/03\/poisson_avril.jpg","width":1600,"height":800,"caption":"p\u00eache \u00e0 la ligne magn\u00e9tique blog wesco"},{"@type":"BreadcrumbList","@id":"https:\/\/leblog.wesco.fr\/fr\/pourquoi-fete-t-on-le-1er-avril\/#breadcrumb","itemListElement":[{"@type":"ListItem","position":1,"name":"Accueil","item":"https:\/\/leblog.wesco.fr\/fr\/"},{"@type":"ListItem","position":2,"name":"\u00c9ducation","item":"https:\/\/leblog.wesco.fr\/fr\/category\/education\/"},{"@type":"ListItem","position":3,"name":"Pourquoi f\u00eate-t-on le 1er Avril ?"}]},{"@type":"WebSite","@id":"https:\/\/leblog.wesco.fr\/fr\/#website","url":"https:\/\/leblog.wesco.fr\/fr\/","name":"Blog Wesco","description":"Le rendez-vous des enfants, des parents et des professionnels","potentialAction":[{"@type":"SearchAction","target":{"@type":"EntryPoint","urlTemplate":"https:\/\/leblog.wesco.fr\/fr\/?s={search_term_string}"},"query-input":{"@type":"PropertyValueSpecification","valueRequired":true,"valueName":"search_term_string"}}],"inLanguage":"fr-FR"},{"@type":"Person","@id":"https:\/\/leblog.wesco.fr\/fr\/#\/schema\/person\/20cfe9283705cd6451a0fd0b627ae949","name":"Communication","url":"https:\/\/leblog.wesco.fr\/fr\/author\/communication\/"}]}},"modified_by":"Soline Dupont","_links":{"self":[{"href":"https:\/\/leblog.wesco.fr\/fr\/wp-json\/wp\/v2\/posts\/2845","targetHints":{"allow":["GET"]}}],"collection":[{"href":"https:\/\/leblog.wesco.fr\/fr\/wp-json\/wp\/v2\/posts"}],"about":[{"href":"https:\/\/leblog.wesco.fr\/fr\/wp-json\/wp\/v2\/types\/post"}],"author":[{"embeddable":true,"href":"https:\/\/leblog.wesco.fr\/fr\/wp-json\/wp\/v2\/users\/16"}],"replies":[{"embeddable":true,"href":"https:\/\/leblog.wesco.fr\/fr\/wp-json\/wp\/v2\/comments?post=2845"}],"version-history":[{"count":1,"href":"https:\/\/leblog.wesco.fr\/fr\/wp-json\/wp\/v2\/posts\/2845\/revisions"}],"predecessor-version":[{"id":5811,"href":"https:\/\/leblog.wesco.fr\/fr\/wp-json\/wp\/v2\/posts\/2845\/revisions\/5811"}],"wp:featuredmedia":[{"embeddable":true,"href":"https:\/\/leblog.wesco.fr\/fr\/wp-json\/wp\/v2\/media\/2848"}],"wp:attachment":[{"href":"https:\/\/leblog.wesco.fr\/fr\/wp-json\/wp\/v2\/media?parent=2845"}],"wp:term":[{"taxonomy":"category","embeddable":true,"href":"https:\/\/leblog.wesco.fr\/fr\/wp-json\/wp\/v2\/categories?post=2845"},{"taxonomy":"post_tag","embeddable":true,"href":"https:\/\/leblog.wesco.fr\/fr\/wp-json\/wp\/v2\/tags?post=2845"}],"curies":[{"name":"wp","href":"https:\/\/api.w.org\/{rel}","templated":true}]}}