{"id":2538,"date":"2018-06-08T13:00:10","date_gmt":"2018-06-08T11:00:10","guid":{"rendered":"http:\/\/leblog.wesco.fr\/?p=2538"},"modified":"2022-05-04T12:20:39","modified_gmt":"2022-05-04T10:20:39","slug":"les-bisous-et-les-calins-ca-sert-a-quoi","status":"publish","type":"post","link":"https:\/\/leblog.wesco.fr\/fr\/les-bisous-et-les-calins-ca-sert-a-quoi\/","title":{"rendered":"Les bisous et les sourires, \u00e7a sert \u00e0 quoi ?"},"content":{"rendered":"\n<!--more-->\n\n\n\n<p class=\"p1\"><span class=\"s1\">Rien n\u2019est plus important que les contacts physiques chaleureux et affectueux de son papa ou de sa maman. D\u00e9couvrez en quoi les bisous et les c\u00e2lins sont importants pour B\u00e9b\u00e9 dans ce nouvel \u00e9pisode de la s\u00e9rie \u201cDis-moi\u201d.<\/span><\/p>\n\n\n\n<p class=\"has-text-align-center\">&nbsp;<iframe loading=\"lazy\" src=\"https:\/\/www.youtube.com\/embed\/LgwHI-_oRpI\" width=\"560\" height=\"315\" frameborder=\"0\" allowfullscreen=\"allowfullscreen\"><\/iframe><\/p>\n\n\n\n<h2 class=\"p3 wp-block-heading\"><span class=\"s2\">Pourquoi avoir film\u00e9 cette situation ?<\/span><\/h2>\n\n\n\n<p class=\"p3\"><span class=\"s1\">Alexis vient de se r\u00e9veiller et sa m\u00e8re entre en interaction avec lui. Cette situation permet de mieux comprendre l\u2019importance du lien d\u2019attachement entre le petit et sa figure d\u2019attachement principal. <\/span><\/p>\n\n\n\n<h2 class=\"p4 wp-block-heading\"><span class=\"s1\">&nbsp;<\/span><span class=\"s1\">Dis-moi\u2026 Les bisous et les sourires, \u00e7a sert \u00e0 quoi ?<\/span><\/h2>\n\n\n\n<p class=\"p3\"><span class=\"s1\">En ce d\u00e9but de journ\u00e9e, la m\u00e8re d\u2019Alexis s\u2019approche doucement. Elle lui sourit et le caresse d\u00e9licatement. Ces gestes du quotidien contribuent \u00e0 la cr\u00e9ation d\u2019un lien de confiance et de s\u00e9curit\u00e9 entre Alexis et sa m\u00e8re. Ce lien influencera la fa\u00e7on dont Alexis d\u00e9couvrira le monde et tissera ses relations futures. Le lien de confiance entre le parent et l\u2019enfant s\u2019illustre par l\u2019image d\u2019un fil. Plus il est tiss\u00e9, serr\u00e9, plus il pourra s&#8217;allonger sans danger de rupture permettant \u00e0 l\u2019enfant de prendre la distance et d\u2019explorer le monde en toute confiance. Les liens entre Alexis et ses proches \u00e9volueront tout au long de son enfance et de son adolescence. Gr\u00e2ce \u00e0 ceux-ci, il aura envie de cr\u00e9er des liens avec les autres enfants et adultes de son entourage. &nbsp;Lorsque les parents posent de petits gestes empreints de r\u00e9confort et d\u2019affection, ils cultivent la relation avec leur enfant. En r\u00e9pondant par des sourires et des sons, l\u2019enfant encourage ses \u00e9changes. Il est important que l\u2019enfant se sente en confiance pour d\u00e9velopper son plein potentiel. Ainsi, quand Alexis entrera \u00e0 la cr\u00e8che, il aura toute l\u2019assurance n\u00e9cessaire pour vivre de nouvelles exp\u00e9riences et nouer ses premi\u00e8res amiti\u00e9s. <\/span><\/p>\n\n\n\n<h2 class=\"p6 wp-block-heading\"><span class=\"s1\">Comment accompagner l\u2019enfant ? <\/span><\/h2>\n\n\n\n<ul class=\"ul1 wp-block-list\"><li class=\"li7\"><span class=\"s1\">Prendre le temps avec l\u2019enfant pour interagir avec lui quel que soit son \u00e2ge et la situation en lui parlant, le c\u00e2linant, <\/span><span class=\"s2\"><br><\/span><\/li><li class=\"li7\"><span class=\"s1\">C\u2019est dans les moments de stress que l\u2019enfant aura besoin de c\u00e2lins et de sourires pour le rassurer sur la capacit\u00e9 de l\u2019adulte \u00e0 le r\u00e9conforter,<br><\/span><\/li><li class=\"li8\"><span class=\"s1\">Observer l\u2019enfant et ses r\u00e9actions pour identifier les besoins de l\u2019enfant.<br><\/span><\/li><\/ul>\n\n\n\n<h2 class=\"p9 wp-block-heading\"><span class=\"s1\">Pour aller plus loin : <\/span><\/h2>\n\n\n\n<ul class=\"ul1 wp-block-list\"><li><span class=\"s4\"><a href=\"http:\/\/www.enfant-encyclopedie.com\/sites\/default\/files\/docs\/coups-oeil\/attachement-parent-enfant-info.pdf\" target=\"_blank\" rel=\"noreferrer noopener\"><span class=\"s5\">Les interactions pr\u00e9coces et de qualit\u00e9 entre le parent et l\u2019enfant favorisent et renforcent le lien d\u2019attachement<\/span><\/a><br><\/span><\/li><li><span class=\"s3\"><a href=\"http:\/\/www.enfant-encyclopedie.com\/attachement\/introduction\/quelle-est-limportance-dun-lien-securise-entre-lenfant-et-son-parent\" target=\"_blank\" rel=\"noreferrer noopener\"><span class=\"s6\">Un lien s\u00e9curisant enfant-parent est primordial pour le sain d\u00e9veloppement de l\u2019enfant <\/span><\/a><br><\/span><\/li><li><span class=\"s3\"><a href=\"https:\/\/naitreetgrandir.com\/fr\/dossier\/attachement-c-est-important\/des-becs-et-des-calins-ca-fait-du-bien\/\" target=\"_blank\" rel=\"noreferrer noopener\"><span class=\"s6\">Le contact physique est un facteur important pour la construction d\u2019un lien d\u2019attachement de qualit\u00e9. <\/span><\/a><br><\/span><\/li><\/ul>\n\n\n\n<h3 class=\"wp-block-heading\">Nos articles sur la m\u00eame th\u00e9matique <\/h3>\n\n\n\n<ul class=\"wp-block-list\"><li><a href=\"https:\/\/leblog.wesco.fr\/comment-aider-lenfant-a-tisser-un-lien-avec-une-autre-personne\/\" target=\"_blank\" rel=\"noreferrer noopener\">Comment aider l\u2019enfant \u00e0 tisser un lien avec une autre personne ?<\/a><\/li><li><a href=\"https:\/\/leblog.wesco.fr\/parler-a-bebe\/\" target=\"_blank\" rel=\"noreferrer noopener\">Pourquoi parler \u00e0 un b\u00e9b\u00e9 ?<\/a><\/li><li><a href=\"https:\/\/leblog.wesco.fr\/les-premieres-interactions-sociales-de-bebe\/\" target=\"_blank\" rel=\"noreferrer noopener\">Les premi\u00e8res interactions sociales de B\u00e9b\u00e9<\/a><\/li><li><a href=\"https:\/\/leblog.wesco.fr\/lattachement-cet-obscur-objet-dont-monde-parle\/\" target=\"_blank\" rel=\"noreferrer noopener\">L\u2019attachement\u2026 Cet obscur objet dont tout le monde parle<\/a><\/li><\/ul>\n\n\n\n<figure class=\"wp-block-image size-large\"><img loading=\"lazy\" decoding=\"async\" width=\"1024\" height=\"175\" src=\"https:\/\/leblog.wesco.fr\/fr\/wp-content\/uploads\/2020\/11\/epepep-ressources-1024x175.png\" alt=\"Ensemble pour l'Education de la Petite Enfance et la Fondation d'entreprise Wesco\" class=\"wp-image-4661\" srcset=\"https:\/\/leblog.wesco.fr\/fr\/wp-content\/uploads\/2020\/11\/epepep-ressources-1024x175.png 1024w, https:\/\/leblog.wesco.fr\/fr\/wp-content\/uploads\/2020\/11\/epepep-ressources-300x51.png 300w, https:\/\/leblog.wesco.fr\/fr\/wp-content\/uploads\/2020\/11\/epepep-ressources-768x131.png 768w, https:\/\/leblog.wesco.fr\/fr\/wp-content\/uploads\/2020\/11\/epepep-ressources.png 1089w\" sizes=\"auto, (max-width: 1024px) 100vw, 1024px\" \/><\/figure>\n\n\n\n<p><\/p>\n","protected":false},"excerpt":{"rendered":"","protected":false},"author":5,"featured_media":4190,"comment_status":"open","ping_status":"closed","sticky":false,"template":"","format":"standard","meta":{"_lmt_disableupdate":"","_lmt_disable":"","episode_type":"","audio_file":"","podmotor_file_id":"","podmotor_episode_id":"","cover_image":"","cover_image_id":"","duration":"","filesize":"","filesize_raw":"","date_recorded":"","explicit":"","block":"","itunes_episode_number":"","itunes_title":"","itunes_season_number":"","itunes_episode_type":"","footnotes":""},"categories":[62],"tags":[16,18,27,32,52,34],"class_list":["post-2538","post","type-post","status-publish","format-standard","has-post-thumbnail","hentry","category-eveil-et-apprentissage","tag-0-12-mois","tag-12-36-mois","tag-attachement","tag-communication","tag-parentalite","tag-videos-dis-moi-pour-eveiller-bebe"],"yoast_head":"<!-- This site is optimized with the Yoast SEO plugin v27.5 - https:\/\/yoast.com\/product\/yoast-seo-wordpress\/ -->\n<title>Lien d\u2019attachement parent-enfant : l\u2019importance des bisous et sourires - Le Blog Wesco<\/title>\n<meta name=\"description\" content=\"Les gestes d\u2019affection contribuent \u00e0 la cr\u00e9ation d\u2019un lien d\u2019attachement et de confiance entre le parent et l\u2019enfant, ce qui lui donnera de l\u2019assurance pour d\u00e9couvrir le monde et cr\u00e9er des liens avec d\u2019autres personnes\" \/>\n<meta name=\"robots\" content=\"index, follow, max-snippet:-1, max-image-preview:large, max-video-preview:-1\" \/>\n<link rel=\"canonical\" href=\"https:\/\/leblog.wesco.fr\/fr\/les-bisous-et-les-calins-ca-sert-a-quoi\/\" \/>\n<meta property=\"og:locale\" content=\"fr_FR\" \/>\n<meta property=\"og:type\" content=\"article\" \/>\n<meta property=\"og:title\" content=\"Lien d\u2019attachement parent-enfant : l\u2019importance des bisous et sourires - Le Blog Wesco\" \/>\n<meta property=\"og:description\" content=\"Les gestes d\u2019affection contribuent \u00e0 la cr\u00e9ation d\u2019un lien d\u2019attachement et de confiance entre le parent et l\u2019enfant, ce qui lui donnera de l\u2019assurance pour d\u00e9couvrir le monde et cr\u00e9er des liens avec d\u2019autres personnes\" \/>\n<meta property=\"og:url\" content=\"https:\/\/leblog.wesco.fr\/fr\/les-bisous-et-les-calins-ca-sert-a-quoi\/\" \/>\n<meta property=\"og:site_name\" content=\"Blog Wesco\" \/>\n<meta property=\"article:published_time\" content=\"2018-06-08T11:00:10+00:00\" \/>\n<meta property=\"article:modified_time\" content=\"2022-05-04T10:20:39+00:00\" \/>\n<meta property=\"og:image\" content=\"https:\/\/leblog.wesco.fr\/fr\/wp-content\/uploads\/2018\/06\/dis-moi_bisous_sourires-1.jpg\" \/>\n\t<meta property=\"og:image:width\" content=\"1600\" \/>\n\t<meta property=\"og:image:height\" content=\"800\" \/>\n\t<meta property=\"og:image:type\" content=\"image\/jpeg\" \/>\n<meta name=\"author\" content=\"Nathalie Casso-Vicarini\" \/>\n<meta name=\"twitter:card\" content=\"summary_large_image\" \/>\n<meta name=\"twitter:label1\" content=\"\u00c9crit par\" \/>\n\t<meta name=\"twitter:data1\" content=\"Nathalie Casso-Vicarini\" \/>\n\t<meta name=\"twitter:label2\" content=\"Dur\u00e9e de lecture estim\u00e9e\" \/>\n\t<meta name=\"twitter:data2\" content=\"3 minutes\" \/>\n<!-- \/ Yoast SEO plugin. -->","yoast_head_json":{"title":"Lien d\u2019attachement parent-enfant : l\u2019importance des bisous et sourires - Le Blog Wesco","description":"Les gestes d\u2019affection contribuent \u00e0 la cr\u00e9ation d\u2019un lien d\u2019attachement et de confiance entre le parent et l\u2019enfant, ce qui lui donnera de l\u2019assurance pour d\u00e9couvrir le monde et cr\u00e9er des liens avec d\u2019autres personnes","robots":{"index":"index","follow":"follow","max-snippet":"max-snippet:-1","max-image-preview":"max-image-preview:large","max-video-preview":"max-video-preview:-1"},"canonical":"https:\/\/leblog.wesco.fr\/fr\/les-bisous-et-les-calins-ca-sert-a-quoi\/","og_locale":"fr_FR","og_type":"article","og_title":"Lien d\u2019attachement parent-enfant : l\u2019importance des bisous et sourires - Le Blog Wesco","og_description":"Les gestes d\u2019affection contribuent \u00e0 la cr\u00e9ation d\u2019un lien d\u2019attachement et de confiance entre le parent et l\u2019enfant, ce qui lui donnera de l\u2019assurance pour d\u00e9couvrir le monde et cr\u00e9er des liens avec d\u2019autres personnes","og_url":"https:\/\/leblog.wesco.fr\/fr\/les-bisous-et-les-calins-ca-sert-a-quoi\/","og_site_name":"Blog Wesco","article_published_time":"2018-06-08T11:00:10+00:00","article_modified_time":"2022-05-04T10:20:39+00:00","og_image":[{"width":1600,"height":800,"url":"https:\/\/leblog.wesco.fr\/fr\/wp-content\/uploads\/2018\/06\/dis-moi_bisous_sourires-1.jpg","type":"image\/jpeg"}],"author":"Nathalie Casso-Vicarini","twitter_card":"summary_large_image","twitter_misc":{"\u00c9crit par":"Nathalie Casso-Vicarini","Dur\u00e9e de lecture estim\u00e9e":"3 minutes"},"schema":{"@context":"https:\/\/schema.org","@graph":[{"@type":"Article","@id":"https:\/\/leblog.wesco.fr\/fr\/les-bisous-et-les-calins-ca-sert-a-quoi\/#article","isPartOf":{"@id":"https:\/\/leblog.wesco.fr\/fr\/les-bisous-et-les-calins-ca-sert-a-quoi\/"},"author":{"name":"Nathalie Casso-Vicarini","@id":"https:\/\/leblog.wesco.fr\/fr\/#\/schema\/person\/26cdfc5cd8df6472503ea768c3ba7db1"},"headline":"Les bisous et les sourires, \u00e7a sert \u00e0 quoi ?","datePublished":"2018-06-08T11:00:10+00:00","dateModified":"2022-05-04T10:20:39+00:00","mainEntityOfPage":{"@id":"https:\/\/leblog.wesco.fr\/fr\/les-bisous-et-les-calins-ca-sert-a-quoi\/"},"wordCount":499,"commentCount":0,"image":{"@id":"https:\/\/leblog.wesco.fr\/fr\/les-bisous-et-les-calins-ca-sert-a-quoi\/#primaryimage"},"thumbnailUrl":"https:\/\/leblog.wesco.fr\/fr\/wp-content\/uploads\/2018\/06\/dis-moi_bisous_sourires-1.jpg","keywords":["0\/12 mois","12\/36 mois","Attachement","Communication","Parentalit\u00e9","Vid\u00e9os Dis-moi (pour \u00e9veiller b\u00e9b\u00e9)"],"articleSection":["\u00c9veil &amp; apprentissage"],"inLanguage":"fr-FR","potentialAction":[{"@type":"CommentAction","name":"Comment","target":["https:\/\/leblog.wesco.fr\/fr\/les-bisous-et-les-calins-ca-sert-a-quoi\/#respond"]}]},{"@type":"WebPage","@id":"https:\/\/leblog.wesco.fr\/fr\/les-bisous-et-les-calins-ca-sert-a-quoi\/","url":"https:\/\/leblog.wesco.fr\/fr\/les-bisous-et-les-calins-ca-sert-a-quoi\/","name":"Lien d\u2019attachement parent-enfant : l\u2019importance des bisous et sourires - Le Blog Wesco","isPartOf":{"@id":"https:\/\/leblog.wesco.fr\/fr\/#website"},"primaryImageOfPage":{"@id":"https:\/\/leblog.wesco.fr\/fr\/les-bisous-et-les-calins-ca-sert-a-quoi\/#primaryimage"},"image":{"@id":"https:\/\/leblog.wesco.fr\/fr\/les-bisous-et-les-calins-ca-sert-a-quoi\/#primaryimage"},"thumbnailUrl":"https:\/\/leblog.wesco.fr\/fr\/wp-content\/uploads\/2018\/06\/dis-moi_bisous_sourires-1.jpg","datePublished":"2018-06-08T11:00:10+00:00","dateModified":"2022-05-04T10:20:39+00:00","author":{"@id":"https:\/\/leblog.wesco.fr\/fr\/#\/schema\/person\/26cdfc5cd8df6472503ea768c3ba7db1"},"description":"Les gestes d\u2019affection contribuent \u00e0 la cr\u00e9ation d\u2019un lien d\u2019attachement et de confiance entre le parent et l\u2019enfant, ce qui lui donnera de l\u2019assurance pour d\u00e9couvrir le monde et cr\u00e9er des liens avec d\u2019autres personnes","breadcrumb":{"@id":"https:\/\/leblog.wesco.fr\/fr\/les-bisous-et-les-calins-ca-sert-a-quoi\/#breadcrumb"},"inLanguage":"fr-FR","potentialAction":[{"@type":"ReadAction","target":["https:\/\/leblog.wesco.fr\/fr\/les-bisous-et-les-calins-ca-sert-a-quoi\/"]}]},{"@type":"ImageObject","inLanguage":"fr-FR","@id":"https:\/\/leblog.wesco.fr\/fr\/les-bisous-et-les-calins-ca-sert-a-quoi\/#primaryimage","url":"https:\/\/leblog.wesco.fr\/fr\/wp-content\/uploads\/2018\/06\/dis-moi_bisous_sourires-1.jpg","contentUrl":"https:\/\/leblog.wesco.fr\/fr\/wp-content\/uploads\/2018\/06\/dis-moi_bisous_sourires-1.jpg","width":1600,"height":800,"caption":"b\u00e9b\u00e9 qui sourit en regardant la femme video dis moi bisous sourires blog wesco"},{"@type":"BreadcrumbList","@id":"https:\/\/leblog.wesco.fr\/fr\/les-bisous-et-les-calins-ca-sert-a-quoi\/#breadcrumb","itemListElement":[{"@type":"ListItem","position":1,"name":"Accueil","item":"https:\/\/leblog.wesco.fr\/fr\/"},{"@type":"ListItem","position":2,"name":"\u00c9veil &amp; apprentissage","item":"https:\/\/leblog.wesco.fr\/fr\/category\/eveil-et-apprentissage\/"},{"@type":"ListItem","position":3,"name":"Les bisous et les sourires, \u00e7a sert \u00e0 quoi ?"}]},{"@type":"WebSite","@id":"https:\/\/leblog.wesco.fr\/fr\/#website","url":"https:\/\/leblog.wesco.fr\/fr\/","name":"Blog Wesco","description":"Le rendez-vous des enfants, des parents et des professionnels","potentialAction":[{"@type":"SearchAction","target":{"@type":"EntryPoint","urlTemplate":"https:\/\/leblog.wesco.fr\/fr\/?s={search_term_string}"},"query-input":{"@type":"PropertyValueSpecification","valueRequired":true,"valueName":"search_term_string"}}],"inLanguage":"fr-FR"},{"@type":"Person","@id":"https:\/\/leblog.wesco.fr\/fr\/#\/schema\/person\/26cdfc5cd8df6472503ea768c3ba7db1","name":"Nathalie Casso-Vicarini","url":"https:\/\/leblog.wesco.fr\/fr\/author\/ncv\/"}]}},"modified_by":"L\u00e9na Morini\u00e8re","_links":{"self":[{"href":"https:\/\/leblog.wesco.fr\/fr\/wp-json\/wp\/v2\/posts\/2538","targetHints":{"allow":["GET"]}}],"collection":[{"href":"https:\/\/leblog.wesco.fr\/fr\/wp-json\/wp\/v2\/posts"}],"about":[{"href":"https:\/\/leblog.wesco.fr\/fr\/wp-json\/wp\/v2\/types\/post"}],"author":[{"embeddable":true,"href":"https:\/\/leblog.wesco.fr\/fr\/wp-json\/wp\/v2\/users\/5"}],"replies":[{"embeddable":true,"href":"https:\/\/leblog.wesco.fr\/fr\/wp-json\/wp\/v2\/comments?post=2538"}],"version-history":[{"count":6,"href":"https:\/\/leblog.wesco.fr\/fr\/wp-json\/wp\/v2\/posts\/2538\/revisions"}],"predecessor-version":[{"id":125378,"href":"https:\/\/leblog.wesco.fr\/fr\/wp-json\/wp\/v2\/posts\/2538\/revisions\/125378"}],"wp:featuredmedia":[{"embeddable":true,"href":"https:\/\/leblog.wesco.fr\/fr\/wp-json\/wp\/v2\/media\/4190"}],"wp:attachment":[{"href":"https:\/\/leblog.wesco.fr\/fr\/wp-json\/wp\/v2\/media?parent=2538"}],"wp:term":[{"taxonomy":"category","embeddable":true,"href":"https:\/\/leblog.wesco.fr\/fr\/wp-json\/wp\/v2\/categories?post=2538"},{"taxonomy":"post_tag","embeddable":true,"href":"https:\/\/leblog.wesco.fr\/fr\/wp-json\/wp\/v2\/tags?post=2538"}],"curies":[{"name":"wp","href":"https:\/\/api.w.org\/{rel}","templated":true}]}}