{"id":2368,"date":"2018-03-06T10:04:43","date_gmt":"2018-03-06T09:04:43","guid":{"rendered":"http:\/\/leblog.wesco.fr\/?p=2368"},"modified":"2026-04-16T15:59:22","modified_gmt":"2026-04-16T13:59:22","slug":"pourquoi-aider-lenfant-a-nommer-ses-emotions","status":"publish","type":"post","link":"https:\/\/leblog.wesco.fr\/fr\/pourquoi-aider-lenfant-a-nommer-ses-emotions\/","title":{"rendered":"Pourquoi aider l\u2019enfant \u00e0 nommer ses \u00e9motions ?"},"content":{"rendered":"\n<!--more-->\n\n\n\n<p class=\"p1\"><span class=\"s1\">Le cerveau de l\u2019enfant est \u201cimmature\u201d jusqu\u2019\u00e0 5-6 ans. L\u2019enfant vit alors ses \u00e9motions sans filtre et traverse de v\u00e9ritables \u201ctemp\u00eates \u00e9motionnelles\u201d. &nbsp;L\u2019important alors est de l\u2019aider \u00e0 d\u00e9velopper son \u201cintelligence \u00e9motionnelle\u201d. Alors, comment aider l\u2019enfant \u00e0 se calmer ? Quel est le r\u00f4le jou\u00e9 par l\u2019adulte ? R\u00e9ponse avec ce nouvel \u00e9pisode de la s\u00e9rie \u201cDis-moi\u201d.<\/span><\/p>\n\n\n\n<p class=\"has-text-align-center\">&nbsp;<iframe loading=\"lazy\" src=\"https:\/\/www.youtube.com\/embed\/UdSResGRZAM\" width=\"560\" height=\"315\" frameborder=\"0\" allowfullscreen=\"allowfullscreen\"><\/iframe><\/p>\n\n\n\n<h2 class=\"wp-block-heading p1\"><span class=\"s2\">Ce que raconte la vid\u00e9o<\/span><\/h2>\n\n\n\n<p class=\"p1\"><span class=\"s1\">Romy (3 ans) pleure et pousse ses camarades dans les rangs afin qu\u2019ils lui laissent plus d\u2019espace. <\/span><\/p>\n\n\n\n<h2 class=\"wp-block-heading p1\"><span class=\"s2\">Pourquoi avoir film\u00e9 cette situation ?<\/span><\/h2>\n\n\n\n<p class=\"p1\"><span class=\"s1\">Cette situation met en exergue l\u2019importance des mots pour aider l\u2019enfant \u00e0 exprimer ses \u00e9motions et l\u2019apaiser. <\/span><\/p>\n\n\n\n<h2 class=\"wp-block-heading p4\"><span class=\"s1\">Dis-moi\u2026 pourquoi aider l\u2019enfant \u00e0 nommer ses \u00e9motions ?<\/span><\/h2>\n\n\n\n<p class=\"p5\"><span class=\"s1\">Il est important que l&#8217;enfant nomme les \u00e9motions qu\u2019il ressent. Or, il est difficile pour les plus petits de les reconna\u00eetre, notamment lorsque l\u2019\u00e9motion est nouvelle ou complexe. Le r\u00f4le de l\u2019adulte est alors crucial : en aidant l\u2019enfant \u00e0 reconna\u00eetre l\u2019\u00e9motion v\u00e9cue, il lui permet de verbaliser son mal-\u00eatre et de s\u2019apaiser. <\/span><\/p>\n\n\n\n<p class=\"p5\"><span class=\"s1\">En effet, il existe un lien entre la zone du cerveau qui contr\u00f4le les \u00e9motions et celle du langage. Le fait de pouvoir nommer les \u00e9motions a un effet apaisant sur le cerveau et permet \u00e0 l\u2019enfant de diminuer l\u2019intensit\u00e9 des \u00e9motions. En mettant ses mots sur son \u00e9motion, l\u2019enfant traverse cette phase plus sereinement et r\u00e9gule celle-ci. &nbsp;<\/span><\/p>\n\n\n\n<h2 class=\"wp-block-heading p6\"><span class=\"s1\">Comment accompagner l\u2019enfant ? <\/span><\/h2>\n\n\n\n<ul class=\"wp-block-list ul1\">\n<li><span class=\"s1\">Se mettre \u00e0 la hauteur de l\u2019enfant (\u00ab les yeux dans les yeux \u00bb) pour pouvoir l\u2019aider \u00e0 exprimer son \u00e9motion.<\/span><span class=\"s4\"><br><\/span><\/li>\n\n\n\n<li><span class=\"s1\">\u00catre attentif et sensible aux causes des \u00e9motions de l\u2019enfant, de sa source de stress. <\/span><span class=\"s4\"><br><\/span><\/li>\n\n\n\n<li><span class=\"s1\">Reconna\u00eetre les \u00e9motions v\u00e9cues et aider \u00e0 mettre les mots sur celles-ci : \u00ab je vois que &#8230; et cela te rend triste\/en col\u00e8re&#8230; \u00bb. Rappeler ce qu\u2019il s\u2019est pass\u00e9 et nommer l\u2019\u00e9motion permet \u00e0 l\u2019enfant de se sentir compris.<\/span><span class=\"s4\"><br><\/span><\/li>\n\n\n\n<li><span class=\"s1\">L\u2019aider \u00e0 faire le tri dans ses \u00e9motions (exemple : si un enfant pleure apr\u00e8s \u00eatre tomb\u00e9, si visiblement il ne s\u2019est pas fait mal ; nous pouvons lui demander \u00ab tu as eu peur ou tu t\u2019es fait mal ? \u00bb)<\/span><span class=\"s4\"><br><\/span><\/li>\n\n\n\n<li><span class=\"s1\">L\u2019aider \u00e0 reconna\u00eetre les \u00e9motions de base (joie, tristesse, col\u00e8re, peur) et le langage du corps associ\u00e9 \u00e0 chacune d\u2019elles : sourcils fronc\u00e9s quand on est f\u00e2ch\u00e9, sourire quand on est content, larmes quand on est triste, etc.<br><\/span><\/li>\n<\/ul>\n\n\n\n<h2 class=\"wp-block-heading p6\"><span class=\"s1\">Pour aller plus loin <\/span><\/h2>\n\n\n\n<ul class=\"wp-block-list ul1\">\n<li><span class=\"s1\">Reconna\u00eetre l\u2019<a href=\"http:\/\/www.enfant-encyclopedie.com\/cognition-sociale\/synthese\" target=\"_blank\" rel=\"noreferrer noopener\">apprentissage de la cognition sociale<\/a> et le d\u00e9veloppement de la th\u00e9orie de l\u2019esprit chez l\u2019enfant. Ces capacit\u00e9s permettent \u00e0 l\u2019enfant d\u2019\u00e9tablir des liens sociaux de qualit\u00e9 avec ses pairs.<br><\/span><\/li>\n\n\n\n<li><span class=\"s1\">Comprendre le <a href=\"https:\/\/naitreetgrandir.com\/fr\/dossier\/emotions-de-nos-enfants\/emotions-au-fil-des-ans\/\" target=\"_blank\" rel=\"noreferrer noopener\">d\u00e9veloppement des \u00e9motions de l\u2019enfant<\/a> qui sont une base de sa relation au monde et aux autres.&nbsp;<br><\/span><\/li>\n\n\n\n<li><span class=\"s1\">L<a href=\"https:\/\/lesprosdelapetiteenfance.fr\/bebes-enfants\/psycho-pedagogie\/education-bienveillante-etre-lecoute-des-tout-petits-et-de-leurs-emotions\/les-decouvertes-sur-le-cerveau-essentielles-pour-mieux-comprendre-le-jeune-enfant\" target=\"_blank\" rel=\"noreferrer noopener\">\u2019influence des neurosciences <\/a>dans la compr\u00e9hension des \u00e9motions de l\u2019enfant.<\/span><\/li>\n<\/ul>\n\n\n\n<h2 class=\"wp-block-heading\"><span class=\"s1\">En savoir plus sur l\u2019auteur de la vid\u00e9o <\/span><\/h2>\n\n\n\n<p><span class=\"s1\">L\u2019association Ensemble pour l\u2019Education de la Petite Enfance accompagne les \u00e9quipes de professionnels de la petite enfance lors de formations et analyse de pratiques. Plus d\u2019informations sur &nbsp;<a href=\"http:\/\/www.eduensemble.org\/\" target=\"_blank\" rel=\"noreferrer noopener\"><span class=\"s2\">www.eduensemble.org<\/span><\/a><\/span><\/p>\n\n\n\n<h3 class=\"wp-block-heading\">Nos articles sur la m\u00eame th\u00e9matique <\/h3>\n\n\n\n<ul class=\"wp-block-list\">\n<li><a href=\"https:\/\/leblog.wesco.fr\/les-emotions\/\" target=\"_blank\" rel=\"noreferrer noopener\">Les \u00e9motions chez l&#8217;enfant<\/a><\/li>\n\n\n\n<li><a href=\"https:\/\/leblog.wesco.fr\/avantages-a-se-mettre-a-hauteur-dun-enfant_2533_a\" target=\"_blank\" rel=\"noreferrer noopener\">Quels sont les avantages \u00e0 se mettre \u00e0 la hauteur d&#8217;un enfant ?<\/a><\/li>\n\n\n\n<li><a href=\"http:\/\/leblog.wesco.fr\/fr\/wp-content\/uploads\/2017\/05\/guide-survie-emotions-wesco.pdf\" target=\"_blank\" rel=\"noreferrer noopener\">Petit guide de survie\u2026 \u00e0 l\u2019usage des \u00e9motions<\/a><\/li>\n\n\n\n<li><a href=\"https:\/\/leblog.wesco.fr\/fr\/aider-lenfant-a-mieux-gerer-emotions\/\" target=\"_blank\" rel=\"noreferrer noopener\">Comment aider l\u2019enfant \u00e0 mieux g\u00e9rer ses \u00e9motions ?<\/a><\/li>\n\n\n\n<li><a href=\"https:\/\/leblog.wesco.fr\/fr\/comprendre-la-peur-chez-lenfant-pour-mieux-laider-a-la-surmonter\/\" type=\"post\" id=\"131975\">Comprendre la peur chez l\u2019enfant pour mieux l\u2019aider \u00e0 la surmonter<\/a><\/li>\n<\/ul>\n\n\n\n<figure class=\"wp-block-image size-large\"><img loading=\"lazy\" decoding=\"async\" width=\"1024\" height=\"175\" src=\"https:\/\/leblog.wesco.fr\/fr\/wp-content\/uploads\/2020\/11\/epepep-ressources-1024x175.png\" alt=\"Ensemble pour l'Education de la Petite Enfance et la Fondation d'entreprise Wesco\" class=\"wp-image-4661\" srcset=\"https:\/\/leblog.wesco.fr\/fr\/wp-content\/uploads\/2020\/11\/epepep-ressources-1024x175.png 1024w, https:\/\/leblog.wesco.fr\/fr\/wp-content\/uploads\/2020\/11\/epepep-ressources-300x51.png 300w, https:\/\/leblog.wesco.fr\/fr\/wp-content\/uploads\/2020\/11\/epepep-ressources-768x131.png 768w, https:\/\/leblog.wesco.fr\/fr\/wp-content\/uploads\/2020\/11\/epepep-ressources.png 1089w\" sizes=\"auto, (max-width: 1024px) 100vw, 1024px\" \/><\/figure>\n","protected":false},"excerpt":{"rendered":"","protected":false},"author":5,"featured_media":4184,"comment_status":"open","ping_status":"closed","sticky":false,"template":"","format":"standard","meta":{"_lmt_disableupdate":"","_lmt_disable":"","episode_type":"","audio_file":"","podmotor_file_id":"","podmotor_episode_id":"","cover_image":"","cover_image_id":"","duration":"","filesize":"","filesize_raw":"","date_recorded":"","explicit":"","block":"","itunes_episode_number":"","itunes_title":"","itunes_season_number":"","itunes_episode_type":"","footnotes":""},"categories":[62],"tags":[16,18,29,32,119,52,34],"class_list":["post-2368","post","type-post","status-publish","format-standard","has-post-thumbnail","hentry","category-eveil-et-apprentissage","tag-0-12-mois","tag-12-36-mois","tag-bienveillance","tag-communication","tag-education-2","tag-parentalite","tag-videos-dis-moi-pour-eveiller-bebe"],"yoast_head":"<!-- This site is optimized with the Yoast SEO plugin v27.4 - https:\/\/yoast.com\/product\/yoast-seo-wordpress\/ -->\n<title>Pourquoi aider l\u2019enfant \u00e0 mettre des mots sur ses \u00e9motions ?<\/title>\n<meta name=\"description\" content=\"Aider l\u2019enfant \u00e0 reconna\u00eetre et mettre des mots sur ses \u00e9motions lui permet de se sentir apais\u00e9 et mieux compris, et l\u2019aide ainsi \u00e0 mieux r\u00e9guler ses \u00e9motions\" \/>\n<meta name=\"robots\" content=\"index, follow, max-snippet:-1, max-image-preview:large, max-video-preview:-1\" \/>\n<link rel=\"canonical\" href=\"https:\/\/leblog.wesco.fr\/fr\/pourquoi-aider-lenfant-a-nommer-ses-emotions\/\" \/>\n<meta property=\"og:locale\" content=\"fr_FR\" \/>\n<meta property=\"og:type\" content=\"article\" \/>\n<meta property=\"og:title\" content=\"Pourquoi aider l\u2019enfant \u00e0 mettre des mots sur ses \u00e9motions ?\" \/>\n<meta property=\"og:description\" content=\"Aider l\u2019enfant \u00e0 reconna\u00eetre et mettre des mots sur ses \u00e9motions lui permet de se sentir apais\u00e9 et mieux compris, et l\u2019aide ainsi \u00e0 mieux r\u00e9guler ses \u00e9motions\" \/>\n<meta property=\"og:url\" content=\"https:\/\/leblog.wesco.fr\/fr\/pourquoi-aider-lenfant-a-nommer-ses-emotions\/\" \/>\n<meta property=\"og:site_name\" content=\"Blog Wesco\" \/>\n<meta property=\"article:published_time\" content=\"2018-03-06T09:04:43+00:00\" \/>\n<meta property=\"article:modified_time\" content=\"2026-04-16T13:59:22+00:00\" \/>\n<meta property=\"og:image\" content=\"https:\/\/leblog.wesco.fr\/fr\/wp-content\/uploads\/2018\/03\/dis-moi_nommer_emotions-1.jpg\" \/>\n\t<meta property=\"og:image:width\" content=\"1600\" \/>\n\t<meta property=\"og:image:height\" content=\"800\" \/>\n\t<meta property=\"og:image:type\" content=\"image\/jpeg\" \/>\n<meta name=\"author\" content=\"Nathalie Casso-Vicarini\" \/>\n<meta name=\"twitter:card\" content=\"summary_large_image\" \/>\n<meta name=\"twitter:label1\" content=\"\u00c9crit par\" \/>\n\t<meta name=\"twitter:data1\" content=\"Nathalie Casso-Vicarini\" \/>\n\t<meta name=\"twitter:label2\" content=\"Dur\u00e9e de lecture estim\u00e9e\" \/>\n\t<meta name=\"twitter:data2\" content=\"3 minutes\" \/>\n<!-- \/ Yoast SEO plugin. -->","yoast_head_json":{"title":"Pourquoi aider l\u2019enfant \u00e0 mettre des mots sur ses \u00e9motions ?","description":"Aider l\u2019enfant \u00e0 reconna\u00eetre et mettre des mots sur ses \u00e9motions lui permet de se sentir apais\u00e9 et mieux compris, et l\u2019aide ainsi \u00e0 mieux r\u00e9guler ses \u00e9motions","robots":{"index":"index","follow":"follow","max-snippet":"max-snippet:-1","max-image-preview":"max-image-preview:large","max-video-preview":"max-video-preview:-1"},"canonical":"https:\/\/leblog.wesco.fr\/fr\/pourquoi-aider-lenfant-a-nommer-ses-emotions\/","og_locale":"fr_FR","og_type":"article","og_title":"Pourquoi aider l\u2019enfant \u00e0 mettre des mots sur ses \u00e9motions ?","og_description":"Aider l\u2019enfant \u00e0 reconna\u00eetre et mettre des mots sur ses \u00e9motions lui permet de se sentir apais\u00e9 et mieux compris, et l\u2019aide ainsi \u00e0 mieux r\u00e9guler ses \u00e9motions","og_url":"https:\/\/leblog.wesco.fr\/fr\/pourquoi-aider-lenfant-a-nommer-ses-emotions\/","og_site_name":"Blog Wesco","article_published_time":"2018-03-06T09:04:43+00:00","article_modified_time":"2026-04-16T13:59:22+00:00","og_image":[{"width":1600,"height":800,"url":"https:\/\/leblog.wesco.fr\/fr\/wp-content\/uploads\/2018\/03\/dis-moi_nommer_emotions-1.jpg","type":"image\/jpeg"}],"author":"Nathalie Casso-Vicarini","twitter_card":"summary_large_image","twitter_misc":{"\u00c9crit par":"Nathalie Casso-Vicarini","Dur\u00e9e de lecture estim\u00e9e":"3 minutes"},"schema":{"@context":"https:\/\/schema.org","@graph":[{"@type":"Article","@id":"https:\/\/leblog.wesco.fr\/fr\/pourquoi-aider-lenfant-a-nommer-ses-emotions\/#article","isPartOf":{"@id":"https:\/\/leblog.wesco.fr\/fr\/pourquoi-aider-lenfant-a-nommer-ses-emotions\/"},"author":{"name":"Nathalie Casso-Vicarini","@id":"https:\/\/leblog.wesco.fr\/fr\/#\/schema\/person\/26cdfc5cd8df6472503ea768c3ba7db1"},"headline":"Pourquoi aider l\u2019enfant \u00e0 nommer ses \u00e9motions ?","datePublished":"2018-03-06T09:04:43+00:00","dateModified":"2026-04-16T13:59:22+00:00","mainEntityOfPage":{"@id":"https:\/\/leblog.wesco.fr\/fr\/pourquoi-aider-lenfant-a-nommer-ses-emotions\/"},"wordCount":589,"commentCount":0,"image":{"@id":"https:\/\/leblog.wesco.fr\/fr\/pourquoi-aider-lenfant-a-nommer-ses-emotions\/#primaryimage"},"thumbnailUrl":"https:\/\/leblog.wesco.fr\/fr\/wp-content\/uploads\/2018\/03\/dis-moi_nommer_emotions-1.jpg","keywords":["0\/12 mois","12\/36 mois","Bienveillance","Communication","Education","Parentalit\u00e9","Vid\u00e9os Dis-moi (pour \u00e9veiller b\u00e9b\u00e9)"],"articleSection":["\u00c9veil &amp; apprentissage"],"inLanguage":"fr-FR","potentialAction":[{"@type":"CommentAction","name":"Comment","target":["https:\/\/leblog.wesco.fr\/fr\/pourquoi-aider-lenfant-a-nommer-ses-emotions\/#respond"]}]},{"@type":"WebPage","@id":"https:\/\/leblog.wesco.fr\/fr\/pourquoi-aider-lenfant-a-nommer-ses-emotions\/","url":"https:\/\/leblog.wesco.fr\/fr\/pourquoi-aider-lenfant-a-nommer-ses-emotions\/","name":"Pourquoi aider l\u2019enfant \u00e0 mettre des mots sur ses \u00e9motions ?","isPartOf":{"@id":"https:\/\/leblog.wesco.fr\/fr\/#website"},"primaryImageOfPage":{"@id":"https:\/\/leblog.wesco.fr\/fr\/pourquoi-aider-lenfant-a-nommer-ses-emotions\/#primaryimage"},"image":{"@id":"https:\/\/leblog.wesco.fr\/fr\/pourquoi-aider-lenfant-a-nommer-ses-emotions\/#primaryimage"},"thumbnailUrl":"https:\/\/leblog.wesco.fr\/fr\/wp-content\/uploads\/2018\/03\/dis-moi_nommer_emotions-1.jpg","datePublished":"2018-03-06T09:04:43+00:00","dateModified":"2026-04-16T13:59:22+00:00","author":{"@id":"https:\/\/leblog.wesco.fr\/fr\/#\/schema\/person\/26cdfc5cd8df6472503ea768c3ba7db1"},"description":"Aider l\u2019enfant \u00e0 reconna\u00eetre et mettre des mots sur ses \u00e9motions lui permet de se sentir apais\u00e9 et mieux compris, et l\u2019aide ainsi \u00e0 mieux r\u00e9guler ses \u00e9motions","breadcrumb":{"@id":"https:\/\/leblog.wesco.fr\/fr\/pourquoi-aider-lenfant-a-nommer-ses-emotions\/#breadcrumb"},"inLanguage":"fr-FR","potentialAction":[{"@type":"ReadAction","target":["https:\/\/leblog.wesco.fr\/fr\/pourquoi-aider-lenfant-a-nommer-ses-emotions\/"]}]},{"@type":"ImageObject","inLanguage":"fr-FR","@id":"https:\/\/leblog.wesco.fr\/fr\/pourquoi-aider-lenfant-a-nommer-ses-emotions\/#primaryimage","url":"https:\/\/leblog.wesco.fr\/fr\/wp-content\/uploads\/2018\/03\/dis-moi_nommer_emotions-1.jpg","contentUrl":"https:\/\/leblog.wesco.fr\/fr\/wp-content\/uploads\/2018\/03\/dis-moi_nommer_emotions-1.jpg","width":1600,"height":800,"caption":"enfant qui pleure adulte qui essaie de le calmer nommer ses \u00e9motions blog wesco"},{"@type":"BreadcrumbList","@id":"https:\/\/leblog.wesco.fr\/fr\/pourquoi-aider-lenfant-a-nommer-ses-emotions\/#breadcrumb","itemListElement":[{"@type":"ListItem","position":1,"name":"Accueil","item":"https:\/\/leblog.wesco.fr\/fr\/"},{"@type":"ListItem","position":2,"name":"\u00c9veil &amp; apprentissage","item":"https:\/\/leblog.wesco.fr\/fr\/category\/eveil-et-apprentissage\/"},{"@type":"ListItem","position":3,"name":"Pourquoi aider l\u2019enfant \u00e0 nommer ses \u00e9motions ?"}]},{"@type":"WebSite","@id":"https:\/\/leblog.wesco.fr\/fr\/#website","url":"https:\/\/leblog.wesco.fr\/fr\/","name":"Blog Wesco","description":"Le rendez-vous des enfants, des parents et des professionnels","potentialAction":[{"@type":"SearchAction","target":{"@type":"EntryPoint","urlTemplate":"https:\/\/leblog.wesco.fr\/fr\/?s={search_term_string}"},"query-input":{"@type":"PropertyValueSpecification","valueRequired":true,"valueName":"search_term_string"}}],"inLanguage":"fr-FR"},{"@type":"Person","@id":"https:\/\/leblog.wesco.fr\/fr\/#\/schema\/person\/26cdfc5cd8df6472503ea768c3ba7db1","name":"Nathalie Casso-Vicarini","url":"https:\/\/leblog.wesco.fr\/fr\/author\/ncv\/"}]}},"modified_by":"Adeline Glotin","_links":{"self":[{"href":"https:\/\/leblog.wesco.fr\/fr\/wp-json\/wp\/v2\/posts\/2368","targetHints":{"allow":["GET"]}}],"collection":[{"href":"https:\/\/leblog.wesco.fr\/fr\/wp-json\/wp\/v2\/posts"}],"about":[{"href":"https:\/\/leblog.wesco.fr\/fr\/wp-json\/wp\/v2\/types\/post"}],"author":[{"embeddable":true,"href":"https:\/\/leblog.wesco.fr\/fr\/wp-json\/wp\/v2\/users\/5"}],"replies":[{"embeddable":true,"href":"https:\/\/leblog.wesco.fr\/fr\/wp-json\/wp\/v2\/comments?post=2368"}],"version-history":[{"count":8,"href":"https:\/\/leblog.wesco.fr\/fr\/wp-json\/wp\/v2\/posts\/2368\/revisions"}],"predecessor-version":[{"id":132260,"href":"https:\/\/leblog.wesco.fr\/fr\/wp-json\/wp\/v2\/posts\/2368\/revisions\/132260"}],"wp:featuredmedia":[{"embeddable":true,"href":"https:\/\/leblog.wesco.fr\/fr\/wp-json\/wp\/v2\/media\/4184"}],"wp:attachment":[{"href":"https:\/\/leblog.wesco.fr\/fr\/wp-json\/wp\/v2\/media?parent=2368"}],"wp:term":[{"taxonomy":"category","embeddable":true,"href":"https:\/\/leblog.wesco.fr\/fr\/wp-json\/wp\/v2\/categories?post=2368"},{"taxonomy":"post_tag","embeddable":true,"href":"https:\/\/leblog.wesco.fr\/fr\/wp-json\/wp\/v2\/tags?post=2368"}],"curies":[{"name":"wp","href":"https:\/\/api.w.org\/{rel}","templated":true}]}}