{"id":2321,"date":"2019-02-11T15:00:56","date_gmt":"2019-02-11T14:00:56","guid":{"rendered":"http:\/\/leblog.wesco.fr\/?p=2321"},"modified":"2022-07-12T11:24:15","modified_gmt":"2022-07-12T09:24:15","slug":"rugby-faut-lancer-enfants-melee","status":"publish","type":"post","link":"https:\/\/leblog.wesco.fr\/fr\/rugby-faut-lancer-enfants-melee\/","title":{"rendered":"Rugby : faut-il lancer les enfants dans la m\u00eal\u00e9e ?"},"content":{"rendered":"\n<!--more-->\n\n\n\n<p><span class=\"s1\">Alors que les commotions c\u00e9r\u00e9brales des joueurs professionnels font la une de tous les journaux et qu\u2019une \u00e9tude britannique r\u00e9clame l\u2019interdiction des <a href=\"https:\/\/leblog.wesco.fr\/fr\/des-jeux-collectifs-dexterieur-sans-contact-physique\/\" target=\"_blank\" rel=\"noreferrer noopener\">contacts en pratique scolaire<\/a>, de nombreux parents se posent la question de la dangerosit\u00e9 du rugby, notamment chez les tout-petits. Faut-il oser franchir le pas et pousser les portes du monde de l\u2019ovalie ? <\/span><\/p>\n\n\n\n<h2 class=\"wp-block-heading\">Rugby : <span class=\"s1\">un sport dangereux pour les enfants ? <\/span><\/h2>\n\n\n\n<p><span class=\"s1\">Pas plus que le football, sport le plus pratiqu\u00e9 en France ! Les enfants de 5 ans r\u00e9volus \u00e0 6 ans font leurs premiers pas dans le monde de l\u2019ovalie en pratiquant une version soft qui ressemble plus \u00e0 une <b>activit\u00e9 d\u2019\u00e9veil<\/b> s\u00e9curis\u00e9e qu\u2019au sport professionnel diffus\u00e9 \u00e0 la t\u00e9l\u00e9vision. Pas de m\u00eal\u00e9es, pas de plaquages ni de touches comme les grands : toucher le joueur adverse, porteur du ballon, suffit \u00e0 l\u2019arr\u00eater. Ils y d\u00e9couvrent surtout les fondamentaux de rugby : les passes, l\u2019orientation dans l\u2019espace, la science du jeu et le \u201cfrench flair\u201d. En parall\u00e8le, <b>la pratique accompagne les \u00e9tapes du d\u00e9veloppement de l\u2019enfant, notamment de sa motricit\u00e9 globale<\/b>. Il apprend \u00e0 entrer en contact sans peur avec les autres joueurs, \u00e0 tomber sans se faire mal tout en appr\u00e9hendant le ballon et son positionnement dans l\u2019espace. <\/span><\/p>\n\n\n\n<h2 class=\"wp-block-heading\"><span class=\"s1\">Un sport vecteur de d\u00e9veloppement moteur de l\u2019enfant<\/span><\/h2>\n\n\n\n<p><span class=\"s1\">\u00c0 travers le rugby, les enfants d\u00e9couvrent aussi les sensations d\u2019une activit\u00e9 en plein air (se rouler dans l\u2019herbe, tomber dans la boue) et le <b>go\u00fbt de l\u2019effort<\/b>. C\u2019est pourquoi, certaines associations situ\u00e9es notamment dans le sud de la France proposent une initiation au rugby d\u00e8s 3-4 ans : le BabyRugby. Ballons en mousse, plots souples et mat\u00e9riel sp\u00e9cialis\u00e9 sont utilis\u00e9s pour mettre en place cette activit\u00e9 ludique qui s\u2019appuie sur les bases du rugby pour <b>d\u00e9velopper les comp\u00e9tences motrices, sociales des tout petits<\/b>. <\/span><\/p>\n\n\n\n<h2 class=\"wp-block-heading\"><span class=\"s1\">L\u2019ovalie, une \u00e9cole de la vie &nbsp;<\/span><\/h2>\n\n\n\n<p><span class=\"s1\"><i>\u201cDans une \u00e9quipe de rugby, il n\u2019y a pas de passagers, il n\u2019y a qu\u2019un \u00e9quipage\u201d, <\/i>disait Pierre Villepreux. Cette citation de l\u2019ancien joueur du XV de France et ancien entra\u00eeneur du Stade Toulousain rappelle que le monde de l\u2019ovalie est associ\u00e9 dans l\u2019imaginaire \u00e0 des valeurs fortes : la coop\u00e9ration, la confiance dans l\u2019autre et la camaraderie. <b>L\u2019enfant apprend \u00e0 faire ses premiers pas dans la vie de groupe, \u00e0 coop\u00e9rer ou \u00e0 affronter ses adversaires dans le respect et l\u2019esprit d\u2019\u00e9quipe<\/b>. <\/span><\/p>\n\n\n\n<p><span class=\"s1\">Et comme disait le grand Casque d\u2019or, \u201cl<i>e rugby c\u2019est l\u2019histoire d\u2019un ballon avec des copains autour et quand il n\u2019y a plus de ballons, il reste les copains<\/i>\u201d.<\/span><\/p>\n\n\n\n<p><span class=\"s1\">Alors qu\u2019attendez-vous pour rejoindre la grande famille du rugby ?<\/span><\/p>\n\n\n\n<div class=\"wp-block-media-text has-media-on-the-right is-stacked-on-mobile is-vertically-aligned-center\"><figure class=\"wp-block-media-text__media\"><img loading=\"lazy\" decoding=\"async\" width=\"1024\" height=\"512\" src=\"https:\/\/leblog.wesco.fr\/fr\/wp-content\/uploads\/2018\/01\/sport_ballons-1024x512.jpg\" alt=\"enfants allong\u00e9s sur le sol habill\u00e9 en blanc entour\u00e9s de ballons sport blog wesco\" class=\"wp-image-2301 size-full\" srcset=\"https:\/\/leblog.wesco.fr\/fr\/wp-content\/uploads\/2018\/01\/sport_ballons-1024x512.jpg 1024w, https:\/\/leblog.wesco.fr\/fr\/wp-content\/uploads\/2018\/01\/sport_ballons-300x150.jpg 300w, https:\/\/leblog.wesco.fr\/fr\/wp-content\/uploads\/2018\/01\/sport_ballons-768x384.jpg 768w, https:\/\/leblog.wesco.fr\/fr\/wp-content\/uploads\/2018\/01\/sport_ballons-1536x768.jpg 1536w, https:\/\/leblog.wesco.fr\/fr\/wp-content\/uploads\/2018\/01\/sport_ballons-1140x570.jpg 1140w, https:\/\/leblog.wesco.fr\/fr\/wp-content\/uploads\/2018\/01\/sport_ballons.jpg 1600w\" sizes=\"auto, (max-width: 1024px) 100vw, 1024px\" \/><\/figure><div class=\"wp-block-media-text__content\">\n<div class=\"wp-block-buttons alignwide is-content-justification-center is-layout-flex wp-container-core-buttons-is-layout-16018d1d wp-block-buttons-is-layout-flex\">\n<div class=\"wp-block-button\"><a class=\"wp-block-button__link\" href=\"https:\/\/www.wesco.fr\/motricite-et-sport\/sport.html\" target=\"_blank\" rel=\"noreferrer noopener\">d\u00e9couvrir notre s\u00e9lection sport<\/a><\/div>\n<\/div>\n<\/div><\/div>\n\n\n\n<h3 class=\"wp-block-heading\">Nos articles sur la m\u00eame th\u00e9matique<\/h3>\n\n\n\n<ul class=\"wp-block-list\"><li><a href=\"https:\/\/leblog.wesco.fr\/jeux-de-mains-jeux-de-rugbymen_1541_a\">Jeux de mains, jeux de rugbymen<\/a><\/li><li><a href=\"https:\/\/leblog.wesco.fr\/la-motricite-globale\/\">La motricit\u00e9 globale<\/a><\/li><li><a href=\"https:\/\/leblog.wesco.fr\/developpement-aptitudes-sociales_1417_a\">Le d\u00e9veloppement des aptitudes sociales<\/a><\/li><\/ul>\n","protected":false},"excerpt":{"rendered":"","protected":false},"author":6,"featured_media":2322,"comment_status":"open","ping_status":"closed","sticky":false,"template":"","format":"standard","meta":{"_lmt_disableupdate":"","_lmt_disable":"","episode_type":"","audio_file":"","podmotor_file_id":"","podmotor_episode_id":"","cover_image":"","cover_image_id":"","duration":"","filesize":"","filesize_raw":"","date_recorded":"","explicit":"","block":"","itunes_episode_number":"","itunes_title":"","itunes_season_number":"","itunes_episode_type":"","footnotes":""},"categories":[66],"tags":[20,28,32,42,48,59],"class_list":["post-2321","post","type-post","status-publish","format-standard","has-post-thumbnail","hentry","category-sport-motricite-et-plein-air","tag-6-10-ans","tag-autonomie","tag-communication","tag-jeu","tag-motricite-globale","tag-sport-des-grands"],"yoast_head":"<!-- This site is optimized with the Yoast SEO plugin v27.5 - https:\/\/yoast.com\/product\/yoast-seo-wordpress\/ -->\n<title>Rugby : faut-il lancer les enfants dans la m\u00eal\u00e9e ? - Le Blog Wesco<\/title>\n<meta name=\"description\" content=\"Activit\u00e9 d&#039;\u00e9veil de rugby pour les jeunes enfants sans m\u00eal\u00e9es ni plaquages, ses r\u00e8gles de base, sa contribution au d\u00e9veloppement global\" \/>\n<meta name=\"robots\" content=\"index, follow, max-snippet:-1, max-image-preview:large, max-video-preview:-1\" \/>\n<link rel=\"canonical\" href=\"https:\/\/leblog.wesco.fr\/fr\/rugby-faut-lancer-enfants-melee\/\" \/>\n<meta property=\"og:locale\" content=\"fr_FR\" \/>\n<meta property=\"og:type\" content=\"article\" \/>\n<meta property=\"og:title\" content=\"Rugby : faut-il lancer les enfants dans la m\u00eal\u00e9e ? - Le Blog Wesco\" \/>\n<meta property=\"og:description\" content=\"Activit\u00e9 d&#039;\u00e9veil de rugby pour les jeunes enfants sans m\u00eal\u00e9es ni plaquages, ses r\u00e8gles de base, sa contribution au d\u00e9veloppement global\" \/>\n<meta property=\"og:url\" content=\"https:\/\/leblog.wesco.fr\/fr\/rugby-faut-lancer-enfants-melee\/\" \/>\n<meta property=\"og:site_name\" content=\"Blog Wesco\" \/>\n<meta property=\"article:published_time\" content=\"2019-02-11T14:00:56+00:00\" \/>\n<meta property=\"article:modified_time\" content=\"2022-07-12T09:24:15+00:00\" \/>\n<meta property=\"og:image\" content=\"https:\/\/leblog.wesco.fr\/fr\/wp-content\/uploads\/2018\/02\/melee_rugby.jpg\" \/>\n\t<meta property=\"og:image:width\" content=\"1600\" \/>\n\t<meta property=\"og:image:height\" content=\"800\" \/>\n\t<meta property=\"og:image:type\" content=\"image\/jpeg\" \/>\n<meta name=\"author\" content=\"M\u00e9lanie Auriol\" \/>\n<meta name=\"twitter:card\" content=\"summary_large_image\" \/>\n<meta name=\"twitter:label1\" content=\"\u00c9crit par\" \/>\n\t<meta name=\"twitter:data1\" content=\"M\u00e9lanie Auriol\" \/>\n\t<meta name=\"twitter:label2\" content=\"Dur\u00e9e de lecture estim\u00e9e\" \/>\n\t<meta name=\"twitter:data2\" content=\"3 minutes\" \/>\n<!-- \/ Yoast SEO plugin. -->","yoast_head_json":{"title":"Rugby : faut-il lancer les enfants dans la m\u00eal\u00e9e ? - Le Blog Wesco","description":"Activit\u00e9 d'\u00e9veil de rugby pour les jeunes enfants sans m\u00eal\u00e9es ni plaquages, ses r\u00e8gles de base, sa contribution au d\u00e9veloppement global","robots":{"index":"index","follow":"follow","max-snippet":"max-snippet:-1","max-image-preview":"max-image-preview:large","max-video-preview":"max-video-preview:-1"},"canonical":"https:\/\/leblog.wesco.fr\/fr\/rugby-faut-lancer-enfants-melee\/","og_locale":"fr_FR","og_type":"article","og_title":"Rugby : faut-il lancer les enfants dans la m\u00eal\u00e9e ? - Le Blog Wesco","og_description":"Activit\u00e9 d'\u00e9veil de rugby pour les jeunes enfants sans m\u00eal\u00e9es ni plaquages, ses r\u00e8gles de base, sa contribution au d\u00e9veloppement global","og_url":"https:\/\/leblog.wesco.fr\/fr\/rugby-faut-lancer-enfants-melee\/","og_site_name":"Blog Wesco","article_published_time":"2019-02-11T14:00:56+00:00","article_modified_time":"2022-07-12T09:24:15+00:00","og_image":[{"width":1600,"height":800,"url":"https:\/\/leblog.wesco.fr\/fr\/wp-content\/uploads\/2018\/02\/melee_rugby.jpg","type":"image\/jpeg"}],"author":"M\u00e9lanie Auriol","twitter_card":"summary_large_image","twitter_misc":{"\u00c9crit par":"M\u00e9lanie Auriol","Dur\u00e9e de lecture estim\u00e9e":"3 minutes"},"schema":{"@context":"https:\/\/schema.org","@graph":[{"@type":"Article","@id":"https:\/\/leblog.wesco.fr\/fr\/rugby-faut-lancer-enfants-melee\/#article","isPartOf":{"@id":"https:\/\/leblog.wesco.fr\/fr\/rugby-faut-lancer-enfants-melee\/"},"author":{"name":"M\u00e9lanie Auriol","@id":"https:\/\/leblog.wesco.fr\/fr\/#\/schema\/person\/aecff8fd2f6fed4a8c5093b30ee5e472"},"headline":"Rugby : faut-il lancer les enfants dans la m\u00eal\u00e9e ?","datePublished":"2019-02-11T14:00:56+00:00","dateModified":"2022-07-12T09:24:15+00:00","mainEntityOfPage":{"@id":"https:\/\/leblog.wesco.fr\/fr\/rugby-faut-lancer-enfants-melee\/"},"wordCount":504,"commentCount":0,"image":{"@id":"https:\/\/leblog.wesco.fr\/fr\/rugby-faut-lancer-enfants-melee\/#primaryimage"},"thumbnailUrl":"https:\/\/leblog.wesco.fr\/fr\/wp-content\/uploads\/2018\/02\/melee_rugby.jpg","keywords":["6\/10 ans","Autonomie","Communication","Jeu","Motricit\u00e9 globale","Sport des grands"],"articleSection":["Sport, motricit\u00e9 &amp; plein-air"],"inLanguage":"fr-FR","potentialAction":[{"@type":"CommentAction","name":"Comment","target":["https:\/\/leblog.wesco.fr\/fr\/rugby-faut-lancer-enfants-melee\/#respond"]}]},{"@type":"WebPage","@id":"https:\/\/leblog.wesco.fr\/fr\/rugby-faut-lancer-enfants-melee\/","url":"https:\/\/leblog.wesco.fr\/fr\/rugby-faut-lancer-enfants-melee\/","name":"Rugby : faut-il lancer les enfants dans la m\u00eal\u00e9e ? - Le Blog Wesco","isPartOf":{"@id":"https:\/\/leblog.wesco.fr\/fr\/#website"},"primaryImageOfPage":{"@id":"https:\/\/leblog.wesco.fr\/fr\/rugby-faut-lancer-enfants-melee\/#primaryimage"},"image":{"@id":"https:\/\/leblog.wesco.fr\/fr\/rugby-faut-lancer-enfants-melee\/#primaryimage"},"thumbnailUrl":"https:\/\/leblog.wesco.fr\/fr\/wp-content\/uploads\/2018\/02\/melee_rugby.jpg","datePublished":"2019-02-11T14:00:56+00:00","dateModified":"2022-07-12T09:24:15+00:00","author":{"@id":"https:\/\/leblog.wesco.fr\/fr\/#\/schema\/person\/aecff8fd2f6fed4a8c5093b30ee5e472"},"description":"Activit\u00e9 d'\u00e9veil de rugby pour les jeunes enfants sans m\u00eal\u00e9es ni plaquages, ses r\u00e8gles de base, sa contribution au d\u00e9veloppement global","breadcrumb":{"@id":"https:\/\/leblog.wesco.fr\/fr\/rugby-faut-lancer-enfants-melee\/#breadcrumb"},"inLanguage":"fr-FR","potentialAction":[{"@type":"ReadAction","target":["https:\/\/leblog.wesco.fr\/fr\/rugby-faut-lancer-enfants-melee\/"]}]},{"@type":"ImageObject","inLanguage":"fr-FR","@id":"https:\/\/leblog.wesco.fr\/fr\/rugby-faut-lancer-enfants-melee\/#primaryimage","url":"https:\/\/leblog.wesco.fr\/fr\/wp-content\/uploads\/2018\/02\/melee_rugby.jpg","contentUrl":"https:\/\/leblog.wesco.fr\/fr\/wp-content\/uploads\/2018\/02\/melee_rugby.jpg","width":1600,"height":800,"caption":"enfants ext\u00e9rieur avec chasuble en tissu et ballon de rugby blog wesco"},{"@type":"BreadcrumbList","@id":"https:\/\/leblog.wesco.fr\/fr\/rugby-faut-lancer-enfants-melee\/#breadcrumb","itemListElement":[{"@type":"ListItem","position":1,"name":"Accueil","item":"https:\/\/leblog.wesco.fr\/fr\/"},{"@type":"ListItem","position":2,"name":"Sport, motricit\u00e9 &amp; plein-air","item":"https:\/\/leblog.wesco.fr\/fr\/category\/sport-motricite-et-plein-air\/"},{"@type":"ListItem","position":3,"name":"Rugby : faut-il lancer les enfants dans la m\u00eal\u00e9e ?"}]},{"@type":"WebSite","@id":"https:\/\/leblog.wesco.fr\/fr\/#website","url":"https:\/\/leblog.wesco.fr\/fr\/","name":"Blog Wesco","description":"Le rendez-vous des enfants, des parents et des professionnels","potentialAction":[{"@type":"SearchAction","target":{"@type":"EntryPoint","urlTemplate":"https:\/\/leblog.wesco.fr\/fr\/?s={search_term_string}"},"query-input":{"@type":"PropertyValueSpecification","valueRequired":true,"valueName":"search_term_string"}}],"inLanguage":"fr-FR"},{"@type":"Person","@id":"https:\/\/leblog.wesco.fr\/fr\/#\/schema\/person\/aecff8fd2f6fed4a8c5093b30ee5e472","name":"M\u00e9lanie Auriol","url":"https:\/\/leblog.wesco.fr\/fr\/author\/mauriol\/"}]}},"modified_by":"Margaux Lidoine","_links":{"self":[{"href":"https:\/\/leblog.wesco.fr\/fr\/wp-json\/wp\/v2\/posts\/2321","targetHints":{"allow":["GET"]}}],"collection":[{"href":"https:\/\/leblog.wesco.fr\/fr\/wp-json\/wp\/v2\/posts"}],"about":[{"href":"https:\/\/leblog.wesco.fr\/fr\/wp-json\/wp\/v2\/types\/post"}],"author":[{"embeddable":true,"href":"https:\/\/leblog.wesco.fr\/fr\/wp-json\/wp\/v2\/users\/6"}],"replies":[{"embeddable":true,"href":"https:\/\/leblog.wesco.fr\/fr\/wp-json\/wp\/v2\/comments?post=2321"}],"version-history":[{"count":7,"href":"https:\/\/leblog.wesco.fr\/fr\/wp-json\/wp\/v2\/posts\/2321\/revisions"}],"predecessor-version":[{"id":126740,"href":"https:\/\/leblog.wesco.fr\/fr\/wp-json\/wp\/v2\/posts\/2321\/revisions\/126740"}],"wp:featuredmedia":[{"embeddable":true,"href":"https:\/\/leblog.wesco.fr\/fr\/wp-json\/wp\/v2\/media\/2322"}],"wp:attachment":[{"href":"https:\/\/leblog.wesco.fr\/fr\/wp-json\/wp\/v2\/media?parent=2321"}],"wp:term":[{"taxonomy":"category","embeddable":true,"href":"https:\/\/leblog.wesco.fr\/fr\/wp-json\/wp\/v2\/categories?post=2321"},{"taxonomy":"post_tag","embeddable":true,"href":"https:\/\/leblog.wesco.fr\/fr\/wp-json\/wp\/v2\/tags?post=2321"}],"curies":[{"name":"wp","href":"https:\/\/api.w.org\/{rel}","templated":true}]}}