{"id":1526,"date":"2017-01-13T11:56:51","date_gmt":"2017-01-13T10:56:51","guid":{"rendered":"http:\/\/leblog.wesco.fr\/fr\/?p=1526"},"modified":"2024-12-12T14:59:04","modified_gmt":"2024-12-12T13:59:04","slug":"espace-multisensoriel","status":"publish","type":"post","link":"https:\/\/leblog.wesco.fr\/fr\/espace-multisensoriel\/","title":{"rendered":"Espace Snoezelen \u00ae : le bien-\u00eatre au c\u0153ur des pratiques"},"content":{"rendered":"\n<!--more-->\n\n\n\n<p>La pratique de l&#8217;<strong>Espace Snoezelen\u00ae<\/strong> a \u00e9t\u00e9 initi\u00e9e par Jan Hulsegge, musicoth\u00e9rapeute, et Ad Verheul, ergoth\u00e9rapeute, aux Pays-Bas. L\u2019approche combine la relaxation et la stimulation sensorielle non-directive. L&#8217;objectif est de donner du bien-\u00eatre \u00e0 l\u2019enfant pour qu\u2019il acc\u00e8de au monde ext\u00e9rieur par le biais du corps et de ses cinq sens.<\/p>\n\n\n\n<h2 class=\"wp-block-heading\">Snoezelen<strong>\u00ae<\/strong> : qu&#8217;est-ce que c&#8217;est ?<\/h2>\n\n\n\n<h3 class=\"wp-block-heading\">La philosophie Snoezelen<strong>\u00ae<\/strong><\/h3>\n\n\n\n<p>L&#8217;adulte apporte son aide en \u00e9coutant les r\u00e9ponses aux stimuli. La philosophie <strong>Snoezelen\u00ae<\/strong> repose sur trois temps distincts ritualis\u00e9s :<\/p>\n\n\n\n<ul class=\"wp-block-list\">\n<li>d\u00e9couverte et relaxation ;<\/li>\n\n\n\n<li>d\u00e9lassement et exp\u00e9riences sensorielles ; <\/li>\n\n\n\n<li>interactivit\u00e9 et retour \u00e0 la r\u00e9alit\u00e9<strong>.<\/strong><\/li>\n<\/ul>\n\n\n\n<p>Son application est tr\u00e8s adapt\u00e9e aux enfants ayant des besoins sp\u00e9cifiques.<\/p>\n\n\n\n<h3 class=\"wp-block-heading\">L\u2019origine de la m\u00e9thode Snoezelen<strong>\u00ae<\/strong><\/h3>\n\n\n\n<p><strong>Snoezelen<strong>\u00ae<\/strong><\/strong> est la contraction de deux mots hollandais : \u00ab snueffelen \u00bb (renifler) et \u00ab doezelen \u00bb (somnoler) qui d\u00e9crivent cette approche combinant la relaxation et la stimulation sensorielle.<\/p>\n\n\n\n<h3 class=\"wp-block-heading\">L&#8217;\u00e9volution de la m\u00e9thode Snoezelen<strong>\u00ae<\/strong><\/h3>\n\n\n\n<p>De plus en plus de cr\u00e8ches et \u00e9tablissements d\u2019accueil des enfants disposent d\u2019un<a href=\"https:\/\/leblog.wesco.fr\/fr\/creer-espace-multisensoriel\/\"> espace d\u00e9di\u00e9 \u00e0 la sensorialit\u00e9<\/a>, au bien-\u00eatre et \u00e0 la d\u00e9tente, pour le b\u00e9n\u00e9fice des enfants mais aussi des professionnels et des parents. En particulier, ceux accueillant des enfants ayant des besoins sp\u00e9cifiques.<\/p>\n\n\n\n<h2 class=\"wp-block-heading\">Am\u00e9nager un Espace Snoezelen<strong>\u00ae<\/strong> : en pratique<\/h2>\n\n\n\n<h3 class=\"wp-block-heading\">Les b\u00e9n\u00e9fices<\/h3>\n\n\n\n<p>Cette approche permet :<\/p>\n\n\n\n<ul class=\"wp-block-list\">\n<li>\u00e0 l\u2019enfant d\u2019\u00eatre acteur de son d\u00e9veloppement, \u00e0 son rythme ;<\/li>\n\n\n\n<li>de favoriser l\u2019int\u00e9gration de l\u2019enfant en situation de handicap ;<\/li>\n\n\n\n<li>placer l\u2019empathie au c\u0153ur de la relation ;<\/li>\n\n\n\n<li>d\u2019\u00e9couter l\u2019expression sp\u00e9cifique de chaque enfant accompagn\u00e9 ;<\/li>\n\n\n\n<li>de solliciter \u00e0 partir de ce que l\u2019on per\u00e7oit, des centres d\u2019int\u00e9r\u00eats, sans les imposer ;<\/li>\n\n\n\n<li>de mobiliser des comp\u00e9tences sensorielles, en toute s\u00e9curit\u00e9.<\/li>\n<\/ul>\n\n\n\n<h3 class=\"wp-block-heading\">Quel mat\u00e9riel pr\u00e9voir ?<\/h3>\n\n\n\n<p>Une <a href=\"https:\/\/www.wesco.fr\/inclusion-autisme\/inclusion-autisme\/espace-multisensoriel\/projecteurs-et-veilleuses.html\" target=\"_blank\" rel=\"noreferrer noopener\">lumi\u00e8re tamis\u00e9e<\/a>, des<a href=\"https:\/\/www.wesco.fr\/of60085-tapis-uni-cousu-toile-biosourcee-130-x-65-cm-wesco.html\" target=\"_blank\" rel=\"noreferrer noopener\"> tapis souples<\/a>, des <a href=\"https:\/\/www.wesco.fr\/64446057-couverture-lestee-calmy-1-8-kg-wesco.html?queryID=252ecbba1535689f99226f5a874976f6&amp;objectID=58230&amp;indexName=PRODUCTION_wesco_fr_products\" target=\"_blank\" rel=\"noreferrer noopener\">couvertures<\/a> et <a href=\"https:\/\/www.wesco.fr\/58443020-maxi-lot-3-grands-coussins-ronds-wesco.html\" target=\"_blank\" rel=\"noreferrer noopener\">coussins doux<\/a>, de l\u2019eau qui coule, des <a href=\"https:\/\/www.wesco.fr\/inclusion-autisme\/inclusion-autisme\/espace-multisensoriel\/colonnes-a-bulles-et-fibres-optiques.html\" target=\"_blank\" rel=\"noreferrer noopener\">objets lumineux et\/ou fluorescents<\/a>, une musique apaisante, des objets tactiles, des mati\u00e8res douces, des odeurs d\u2019huiles essentielles. Dans certaines cr\u00e8ches, il existe des salles blanches qui favorisent la stimulation visuelle.<br><\/p>\n\n\n\n<h2 class=\"wp-block-heading\">En bref<\/h2>\n\n\n\n<p>De nombreux am\u00e9nagements et combinaisons sont \u00e0 envisager pour favoriser la stimulation sensorielle et le bien-\u00eatre. Libre \u00e0 vous d&#8217;exprimer vos envies et de r\u00e9pondre au mieux \u00e0 celles des Ptiloups que vous accueillez, qui trouveront de l&#8217;apaisement dans ce nouvel espace \u00e0 parcourir.<\/p>\n\n\n\n<h2 class=\"wp-block-heading\">Nos articles sur la m\u00eame th\u00e9matique <\/h2>\n\n\n\n<ul class=\"wp-block-list\">\n<li><a href=\"https:\/\/leblog.wesco.fr\/fr\/creer-espace-multisensoriel\/\">Comment cr\u00e9er un espace multisensoriel<\/a> ? <\/li>\n\n\n\n<li><a href=\"https:\/\/leblog.wesco.fr\/fr\/dyslexie-une-selection-de-produits-pour-aider\/\">Dyslexie, une s\u00e9lection de produits pour aider<\/a><\/li>\n\n\n\n<li><a href=\"https:\/\/leblog.wesco.fr\/fr\/comment-bebe-developpe-son-super-pouvoir-sensoriel-pendant-la-periode-sensible-du-raffinement-des-sens-de-montessori\/\">Comment B\u00e9b\u00e9 d\u00e9veloppe son super-pouvoir sensoriel pendant la p\u00e9riode sensible des du raffinement des sens (Montessori) ?<\/a><\/li>\n<\/ul>\n\n\n\n<h2 class=\"wp-block-heading\">Pour aller plus loin :<\/h2>\n\n\n\n<p><em><strong>Disclaimer <\/strong>: Snoezelen<strong>\u00ae<\/strong> est une marque d\u00e9pos\u00e9e par la soci\u00e9t\u00e9 Rompa<strong>\u00ae <\/strong>International au Royaume-Uni depuis 1991.<\/em><\/p>\n\n\n\n<ul class=\"wp-block-list\">\n<li><a href=\"https:\/\/snoezelen-france.fr\/snoezelen\/presentation-du-concept-snoezelen\" target=\"_blank\" rel=\"noreferrer noopener\">Snoezelen France : Pr\u00e9sentation du concept<\/a><\/li>\n\n\n\n<li><a href=\"https:\/\/www.snoezelen.info\/clients-view\/rompa\/\" target=\"_blank\" rel=\"noreferrer noopener\">Snoezelen.info<\/a><\/li>\n<\/ul>\n","protected":false},"excerpt":{"rendered":"","protected":false},"author":5,"featured_media":1527,"comment_status":"open","ping_status":"open","sticky":false,"template":"","format":"standard","meta":{"_lmt_disableupdate":"","_lmt_disable":"","episode_type":"","audio_file":"","podmotor_file_id":"","podmotor_episode_id":"","cover_image":"","cover_image_id":"","duration":"","filesize":"","filesize_raw":"","date_recorded":"","explicit":"","block":"","itunes_episode_number":"","itunes_title":"","itunes_season_number":"","itunes_episode_type":"","footnotes":""},"categories":[63],"tags":[18,19,29,32,58,38,39,117,49],"class_list":["post-1526","post","type-post","status-publish","format-standard","has-post-thumbnail","hentry","category-amenagement","tag-12-36-mois","tag-3-6-ans","tag-bienveillance","tag-communication","tag-espace-multisensoriel","tag-eveil","tag-handicaps-et-dys","tag-meditation","tag-motricite-libre"],"yoast_head":"<!-- This site is optimized with the Yoast SEO plugin v27.5 - https:\/\/yoast.com\/product\/yoast-seo-wordpress\/ -->\n<title>Am\u00e9nager une salle ou un espace multisensoriel - Le Blog Wesco<\/title>\n<meta name=\"description\" content=\"Pr\u00e9sentation des espaces multisensoriels, conseils pour am\u00e9nager et \u00e9quiper une salle ou un espace sensoriel et relaxant pour les enfants\" \/>\n<meta name=\"robots\" content=\"index, follow, max-snippet:-1, max-image-preview:large, max-video-preview:-1\" \/>\n<link rel=\"canonical\" href=\"https:\/\/leblog.wesco.fr\/fr\/espace-multisensoriel\/\" \/>\n<meta property=\"og:locale\" content=\"fr_FR\" \/>\n<meta property=\"og:type\" content=\"article\" \/>\n<meta property=\"og:title\" content=\"Am\u00e9nager une salle ou un espace multisensoriel - Le Blog Wesco\" \/>\n<meta property=\"og:description\" content=\"Pr\u00e9sentation des espaces multisensoriels, conseils pour am\u00e9nager et \u00e9quiper une salle ou un espace sensoriel et relaxant pour les enfants\" \/>\n<meta property=\"og:url\" content=\"https:\/\/leblog.wesco.fr\/fr\/espace-multisensoriel\/\" \/>\n<meta property=\"og:site_name\" content=\"Blog Wesco\" \/>\n<meta property=\"article:published_time\" content=\"2017-01-13T10:56:51+00:00\" \/>\n<meta property=\"article:modified_time\" content=\"2024-12-12T13:59:04+00:00\" \/>\n<meta property=\"og:image\" content=\"https:\/\/leblog.wesco.fr\/fr\/wp-content\/uploads\/2017\/01\/snoezelen-1.jpg\" \/>\n\t<meta property=\"og:image:width\" content=\"1600\" \/>\n\t<meta property=\"og:image:height\" content=\"800\" \/>\n\t<meta property=\"og:image:type\" content=\"image\/jpeg\" \/>\n<meta name=\"author\" content=\"Nathalie Casso-Vicarini\" \/>\n<meta name=\"twitter:card\" content=\"summary_large_image\" \/>\n<meta name=\"twitter:label1\" content=\"\u00c9crit par\" \/>\n\t<meta name=\"twitter:data1\" content=\"Nathalie Casso-Vicarini\" \/>\n\t<meta name=\"twitter:label2\" content=\"Dur\u00e9e de lecture estim\u00e9e\" \/>\n\t<meta name=\"twitter:data2\" content=\"3 minutes\" \/>\n<!-- \/ Yoast SEO plugin. -->","yoast_head_json":{"title":"Am\u00e9nager une salle ou un espace multisensoriel - Le Blog Wesco","description":"Pr\u00e9sentation des espaces multisensoriels, conseils pour am\u00e9nager et \u00e9quiper une salle ou un espace sensoriel et relaxant pour les enfants","robots":{"index":"index","follow":"follow","max-snippet":"max-snippet:-1","max-image-preview":"max-image-preview:large","max-video-preview":"max-video-preview:-1"},"canonical":"https:\/\/leblog.wesco.fr\/fr\/espace-multisensoriel\/","og_locale":"fr_FR","og_type":"article","og_title":"Am\u00e9nager une salle ou un espace multisensoriel - Le Blog Wesco","og_description":"Pr\u00e9sentation des espaces multisensoriels, conseils pour am\u00e9nager et \u00e9quiper une salle ou un espace sensoriel et relaxant pour les enfants","og_url":"https:\/\/leblog.wesco.fr\/fr\/espace-multisensoriel\/","og_site_name":"Blog Wesco","article_published_time":"2017-01-13T10:56:51+00:00","article_modified_time":"2024-12-12T13:59:04+00:00","og_image":[{"width":1600,"height":800,"url":"https:\/\/leblog.wesco.fr\/fr\/wp-content\/uploads\/2017\/01\/snoezelen-1.jpg","type":"image\/jpeg"}],"author":"Nathalie Casso-Vicarini","twitter_card":"summary_large_image","twitter_misc":{"\u00c9crit par":"Nathalie Casso-Vicarini","Dur\u00e9e de lecture estim\u00e9e":"3 minutes"},"schema":{"@context":"https:\/\/schema.org","@graph":[{"@type":"Article","@id":"https:\/\/leblog.wesco.fr\/fr\/espace-multisensoriel\/#article","isPartOf":{"@id":"https:\/\/leblog.wesco.fr\/fr\/espace-multisensoriel\/"},"author":{"name":"Nathalie Casso-Vicarini","@id":"https:\/\/leblog.wesco.fr\/fr\/#\/schema\/person\/26cdfc5cd8df6472503ea768c3ba7db1"},"headline":"Espace Snoezelen \u00ae : le bien-\u00eatre au c\u0153ur des pratiques","datePublished":"2017-01-13T10:56:51+00:00","dateModified":"2024-12-12T13:59:04+00:00","mainEntityOfPage":{"@id":"https:\/\/leblog.wesco.fr\/fr\/espace-multisensoriel\/"},"wordCount":477,"commentCount":0,"image":{"@id":"https:\/\/leblog.wesco.fr\/fr\/espace-multisensoriel\/#primaryimage"},"thumbnailUrl":"https:\/\/leblog.wesco.fr\/fr\/wp-content\/uploads\/2017\/01\/snoezelen-1.jpg","keywords":["12\/36 mois","3\/6 ans","Bienveillance","Communication","Espace multisensoriel","\u00c9veil","Handicaps et DYS","M\u00e9ditation","Motricit\u00e9 libre"],"articleSection":["Am\u00e9nagement"],"inLanguage":"fr-FR","potentialAction":[{"@type":"CommentAction","name":"Comment","target":["https:\/\/leblog.wesco.fr\/fr\/espace-multisensoriel\/#respond"]}]},{"@type":"WebPage","@id":"https:\/\/leblog.wesco.fr\/fr\/espace-multisensoriel\/","url":"https:\/\/leblog.wesco.fr\/fr\/espace-multisensoriel\/","name":"Am\u00e9nager une salle ou un espace multisensoriel - Le Blog Wesco","isPartOf":{"@id":"https:\/\/leblog.wesco.fr\/fr\/#website"},"primaryImageOfPage":{"@id":"https:\/\/leblog.wesco.fr\/fr\/espace-multisensoriel\/#primaryimage"},"image":{"@id":"https:\/\/leblog.wesco.fr\/fr\/espace-multisensoriel\/#primaryimage"},"thumbnailUrl":"https:\/\/leblog.wesco.fr\/fr\/wp-content\/uploads\/2017\/01\/snoezelen-1.jpg","datePublished":"2017-01-13T10:56:51+00:00","dateModified":"2024-12-12T13:59:04+00:00","author":{"@id":"https:\/\/leblog.wesco.fr\/fr\/#\/schema\/person\/26cdfc5cd8df6472503ea768c3ba7db1"},"description":"Pr\u00e9sentation des espaces multisensoriels, conseils pour am\u00e9nager et \u00e9quiper une salle ou un espace sensoriel et relaxant pour les enfants","breadcrumb":{"@id":"https:\/\/leblog.wesco.fr\/fr\/espace-multisensoriel\/#breadcrumb"},"inLanguage":"fr-FR","potentialAction":[{"@type":"ReadAction","target":["https:\/\/leblog.wesco.fr\/fr\/espace-multisensoriel\/"]}]},{"@type":"ImageObject","inLanguage":"fr-FR","@id":"https:\/\/leblog.wesco.fr\/fr\/espace-multisensoriel\/#primaryimage","url":"https:\/\/leblog.wesco.fr\/fr\/wp-content\/uploads\/2017\/01\/snoezelen-1.jpg","contentUrl":"https:\/\/leblog.wesco.fr\/fr\/wp-content\/uploads\/2017\/01\/snoezelen-1.jpg","width":1600,"height":800,"caption":"espace snoezelen multisensoriel bien-\u00eatre enfants blog wesco"},{"@type":"BreadcrumbList","@id":"https:\/\/leblog.wesco.fr\/fr\/espace-multisensoriel\/#breadcrumb","itemListElement":[{"@type":"ListItem","position":1,"name":"Accueil","item":"https:\/\/leblog.wesco.fr\/fr\/"},{"@type":"ListItem","position":2,"name":"Am\u00e9nagement","item":"https:\/\/leblog.wesco.fr\/fr\/category\/amenagement\/"},{"@type":"ListItem","position":3,"name":"Espace Snoezelen \u00ae : le bien-\u00eatre au c\u0153ur des pratiques"}]},{"@type":"WebSite","@id":"https:\/\/leblog.wesco.fr\/fr\/#website","url":"https:\/\/leblog.wesco.fr\/fr\/","name":"Blog Wesco","description":"Le rendez-vous des enfants, des parents et des professionnels","potentialAction":[{"@type":"SearchAction","target":{"@type":"EntryPoint","urlTemplate":"https:\/\/leblog.wesco.fr\/fr\/?s={search_term_string}"},"query-input":{"@type":"PropertyValueSpecification","valueRequired":true,"valueName":"search_term_string"}}],"inLanguage":"fr-FR"},{"@type":"Person","@id":"https:\/\/leblog.wesco.fr\/fr\/#\/schema\/person\/26cdfc5cd8df6472503ea768c3ba7db1","name":"Nathalie Casso-Vicarini","url":"https:\/\/leblog.wesco.fr\/fr\/author\/ncv\/"}]}},"modified_by":"Adeline Glotin","_links":{"self":[{"href":"https:\/\/leblog.wesco.fr\/fr\/wp-json\/wp\/v2\/posts\/1526","targetHints":{"allow":["GET"]}}],"collection":[{"href":"https:\/\/leblog.wesco.fr\/fr\/wp-json\/wp\/v2\/posts"}],"about":[{"href":"https:\/\/leblog.wesco.fr\/fr\/wp-json\/wp\/v2\/types\/post"}],"author":[{"embeddable":true,"href":"https:\/\/leblog.wesco.fr\/fr\/wp-json\/wp\/v2\/users\/5"}],"replies":[{"embeddable":true,"href":"https:\/\/leblog.wesco.fr\/fr\/wp-json\/wp\/v2\/comments?post=1526"}],"version-history":[{"count":10,"href":"https:\/\/leblog.wesco.fr\/fr\/wp-json\/wp\/v2\/posts\/1526\/revisions"}],"predecessor-version":[{"id":130608,"href":"https:\/\/leblog.wesco.fr\/fr\/wp-json\/wp\/v2\/posts\/1526\/revisions\/130608"}],"wp:featuredmedia":[{"embeddable":true,"href":"https:\/\/leblog.wesco.fr\/fr\/wp-json\/wp\/v2\/media\/1527"}],"wp:attachment":[{"href":"https:\/\/leblog.wesco.fr\/fr\/wp-json\/wp\/v2\/media?parent=1526"}],"wp:term":[{"taxonomy":"category","embeddable":true,"href":"https:\/\/leblog.wesco.fr\/fr\/wp-json\/wp\/v2\/categories?post=1526"},{"taxonomy":"post_tag","embeddable":true,"href":"https:\/\/leblog.wesco.fr\/fr\/wp-json\/wp\/v2\/tags?post=1526"}],"curies":[{"name":"wp","href":"https:\/\/api.w.org\/{rel}","templated":true}]}}