{"id":1393,"date":"2017-01-05T10:49:06","date_gmt":"2017-01-05T09:49:06","guid":{"rendered":"http:\/\/leblog.wesco.fr\/fr\/?p=1393"},"modified":"2022-05-31T13:50:21","modified_gmt":"2022-05-31T11:50:21","slug":"la-motricite-globale","status":"publish","type":"post","link":"https:\/\/leblog.wesco.fr\/fr\/la-motricite-globale\/","title":{"rendered":"Le d\u00e9veloppement de la motricit\u00e9 globale de l&#8217;enfant"},"content":{"rendered":"<p><!--more-->Comment la stimuler ?<br \/>\n<strong>Certains enfants, tr\u00e8s actifs sur un plan moteur, se r\u00e9galent, encha\u00eenant les parcours moteurs avec beaucoup de plaisir et de joie ; la dimension ludique et interactive d\u2019un parcours moteur va inciter \u00e0 la d\u00e9couverte du corps, \u00e0 l\u2019\u00e9quilibre, \u00e0 la coordination des mouvements. Dans le m\u00eame temps, d\u2019autres enfants, peuvent sembler r\u00e9ticents, observateurs, r\u00e9serv\u00e9s, et d\u00e9veloppent d\u2019autres capacit\u00e9s.<\/strong><\/p>\n<p>Le b\u00e9b\u00e9 appr\u00e9hende le monde suivant ses capacit\u00e9s \u00e0 tenir allong\u00e9, assis ou debout et va d\u00e9velopper des comp\u00e9tences motrices \u00e0 une vitesse fulgurante et continue.<br \/>\nDurant les six premi\u00e8res ann\u00e9es de sa vie, il va apprendre \u00e0 s\u2019asseoir, se tenir debout, \u00e0 ramper, rouler, marcher \u00e0 4 pattes et debout, \u00e0 grimper, courir, sauter, galoper, pousser et tirer. Tous ces mouvements doivent \u00eatre ex\u00e9cut\u00e9s avec coordination, pr\u00e9cision et souplesse.<br \/>\n<strong>Les exercices de motricit\u00e9 globale cr\u00e9ent un terrain favorable \u00e0 l\u2019\u00e9volution de la motricit\u00e9 fine<\/strong> qui n\u00e9cessite un contr\u00f4le des membres sup\u00e9rieurs, et am\u00e8nera l\u2019enfant \u00e0 d\u00e9velopper de l\u2019adresse pour \u00eatre plus adroit \u00e0 table, pour s\u2019habiller, ranger ses affaires et participer aux activit\u00e9s de la vie quotidienne, \u00e0 la maison, \u00e0 la cr\u00e8che, \u00e0 l\u2019\u00e9cole.<\/p>\n<h2>Quelles sont les habilet\u00e9s motrices de l\u2019enfant ?<\/h2>\n<p>Le mouvement est signe de vie, les premiers mouvements de la vie d\u2019un enfant se caract\u00e9risent par une motricit\u00e9 globale \u00e0 travers plusieurs aspects : manipulatoire (la saisie d\u2019objet), locomoteur (ce qui permet de se d\u00e9placer), relationnel (expression, communication), habile (habilet\u00e9s motrices).<br \/>\nOn peut appr\u00e9cier cette motricit\u00e9 par la capacit\u00e9 \u00e0 contr\u00f4ler son corps au repos : tonus musculaire et ajustements posturaux.<br \/>\nCette motricit\u00e9 globale exige des qualit\u00e9s de dissociation et de coordination : la dissociation segmentaire du mouvement par rapport \u00e0 l\u2019ensemble et la coordination segmentaire qui combine des mouvements au d\u00e9part segment\u00e9s. La commande de tous nos mouvements volontaires est r\u00e9alis\u00e9e par notre cortex sensori-moteur qui agit en coop\u00e9ration avec le syst\u00e8me moteur postural. Ces mouvements \u00e9voluent au cours de la vie avec un impact sur la qualit\u00e9 de r\u00e9alisation, la quantit\u00e9 d\u2019\u00e9nergie et d\u2019attention n\u00e9cessaires.<br \/>\nExemples :<\/p>\n<ul>\n<li>la marche d\u2019un enfant de 1 an demande plus d\u2019efforts que celle d\u2019un adulte (habilet\u00e9 motrice) ;<\/li>\n<li>un enfant de 7 ans qui joue au football peut arriver \u00e0 contr\u00f4ler un ballon, il le fera lentement en ne regardant que le ballon (habilet\u00e9 complexe) ;<\/li>\n<li>faire rouler, lancer et attraper un ballon n\u00e9cessite des habilet\u00e9s qui demandent du temps avant d\u2019\u00eatre ma\u00eetris\u00e9es. L\u2019enfant apprendra d\u2019abord \u00e0 faire rouler un ballon, puis \u00e0 le lancer, et enfin, \u00e0 l\u2019attraper. Comme l\u2019enfant apprend toujours les choses plus simples avant les plus difficiles, il sera capable de jouer avec un gros ballon, plus facile \u00e0 manier, avant de savoir attraper une balle de tennis.<\/li>\n<\/ul>\n<p><strong>Le temps de l\u2019enfant est un temps lent, ne l\u2019oublions pas ! L\u2019essentiel est de lui laisser le temps de terminer son mouvement et d\u2019appr\u00e9cier son bien-\u00eatre et ses capacit\u00e9s qui \u00e9voluent.<\/strong><br \/>\nL\u2019adulte a un r\u00f4le d\u00e9terminant en encourageant l\u2019enfant \u00e0 se d\u00e9placer, \u00e0 appr\u00e9cier les formes propos\u00e9es (vagues, supports plats, de mati\u00e8res diff\u00e9rentes, pentes) dans un dialogue incitant la d\u00e9couverte. L\u2019am\u00e9nagement d\u2019un espace s\u00e9curisant, prot\u00e9g\u00e9 par des tapis souples, des coussins, va permettre \u00e0 chaque enfant de participer \u00e0 une activit\u00e9, au rythme de chacun, sans bousculades.<\/p>\n<h3>Nos articles sur la m\u00eame th\u00e9matique<\/h3>\n<ul>\n<li><a href=\"https:\/\/leblog.wesco.fr\/comment-amenager-un-parcours-de-motricite-a-la-maternelle\/\">Comment am\u00e9nager un parcours de motricit\u00e9 \u00e0 la maternelle ?<\/a><\/li>\n<li><a href=\"https:\/\/leblog.wesco.fr\/a-vos-marques-prets-bougez\/\">A vos marques, pr\u00eats, \u2026 bougez !<\/a><\/li>\n<li><a href=\"https:\/\/leblog.wesco.fr\/activites-interieur-enfants\/\">Nos 12 id\u00e9es d\u2019activit\u00e9s d\u2019int\u00e9rieur pour occuper les enfants<\/a><\/li>\n<\/ul>\n","protected":false},"excerpt":{"rendered":"","protected":false},"author":5,"featured_media":1396,"comment_status":"open","ping_status":"open","sticky":false,"template":"","format":"standard","meta":{"_lmt_disableupdate":"","_lmt_disable":"","episode_type":"","audio_file":"","podmotor_file_id":"","podmotor_episode_id":"","cover_image":"","cover_image_id":"","duration":"","filesize":"","filesize_raw":"","date_recorded":"","explicit":"","block":"","itunes_episode_number":"","itunes_title":"","itunes_season_number":"","itunes_episode_type":"","footnotes":""},"categories":[66],"tags":[16,18,19,28,39,95,48,52],"class_list":["post-1393","post","type-post","status-publish","format-standard","has-post-thumbnail","hentry","category-sport-motricite-et-plein-air","tag-0-12-mois","tag-12-36-mois","tag-3-6-ans","tag-autonomie","tag-handicaps-et-dys","tag-motricite-des-petits","tag-motricite-globale","tag-parentalite"],"yoast_head":"<!-- This site is optimized with the Yoast SEO plugin v27.5 - https:\/\/yoast.com\/product\/yoast-seo-wordpress\/ -->\n<title>Le d\u00e9veloppement de la motricit\u00e9 globale de l&#039;enfant - Le Blog Wesco<\/title>\n<meta name=\"description\" content=\"L\u2019\u00e9volution des capacit\u00e9s motrices chez le jeune enfant, et les moyens de les encourager avec des exercices et parcours de motricit\u00e9 adapt\u00e9s\" \/>\n<meta name=\"robots\" content=\"index, follow, max-snippet:-1, max-image-preview:large, max-video-preview:-1\" \/>\n<link rel=\"canonical\" href=\"https:\/\/leblog.wesco.fr\/fr\/la-motricite-globale\/\" \/>\n<meta property=\"og:locale\" content=\"fr_FR\" \/>\n<meta property=\"og:type\" content=\"article\" \/>\n<meta property=\"og:title\" content=\"Le d\u00e9veloppement de la motricit\u00e9 globale de l&#039;enfant - Le Blog Wesco\" \/>\n<meta property=\"og:description\" content=\"L\u2019\u00e9volution des capacit\u00e9s motrices chez le jeune enfant, et les moyens de les encourager avec des exercices et parcours de motricit\u00e9 adapt\u00e9s\" \/>\n<meta property=\"og:url\" content=\"https:\/\/leblog.wesco.fr\/fr\/la-motricite-globale\/\" \/>\n<meta property=\"og:site_name\" content=\"Blog Wesco\" \/>\n<meta property=\"article:published_time\" content=\"2017-01-05T09:49:06+00:00\" \/>\n<meta property=\"article:modified_time\" content=\"2022-05-31T11:50:21+00:00\" \/>\n<meta property=\"og:image\" content=\"https:\/\/leblog.wesco.fr\/fr\/wp-content\/uploads\/2017\/01\/motricite-globale-1.jpg\" \/>\n\t<meta property=\"og:image:width\" content=\"1600\" \/>\n\t<meta property=\"og:image:height\" content=\"800\" \/>\n\t<meta property=\"og:image:type\" content=\"image\/jpeg\" \/>\n<meta name=\"author\" content=\"Nathalie Casso-Vicarini\" \/>\n<meta name=\"twitter:card\" content=\"summary_large_image\" \/>\n<meta name=\"twitter:label1\" content=\"\u00c9crit par\" \/>\n\t<meta name=\"twitter:data1\" content=\"Nathalie Casso-Vicarini\" \/>\n\t<meta name=\"twitter:label2\" content=\"Dur\u00e9e de lecture estim\u00e9e\" \/>\n\t<meta name=\"twitter:data2\" content=\"3 minutes\" \/>\n<!-- \/ Yoast SEO plugin. -->","yoast_head_json":{"title":"Le d\u00e9veloppement de la motricit\u00e9 globale de l'enfant - Le Blog Wesco","description":"L\u2019\u00e9volution des capacit\u00e9s motrices chez le jeune enfant, et les moyens de les encourager avec des exercices et parcours de motricit\u00e9 adapt\u00e9s","robots":{"index":"index","follow":"follow","max-snippet":"max-snippet:-1","max-image-preview":"max-image-preview:large","max-video-preview":"max-video-preview:-1"},"canonical":"https:\/\/leblog.wesco.fr\/fr\/la-motricite-globale\/","og_locale":"fr_FR","og_type":"article","og_title":"Le d\u00e9veloppement de la motricit\u00e9 globale de l'enfant - Le Blog Wesco","og_description":"L\u2019\u00e9volution des capacit\u00e9s motrices chez le jeune enfant, et les moyens de les encourager avec des exercices et parcours de motricit\u00e9 adapt\u00e9s","og_url":"https:\/\/leblog.wesco.fr\/fr\/la-motricite-globale\/","og_site_name":"Blog Wesco","article_published_time":"2017-01-05T09:49:06+00:00","article_modified_time":"2022-05-31T11:50:21+00:00","og_image":[{"width":1600,"height":800,"url":"https:\/\/leblog.wesco.fr\/fr\/wp-content\/uploads\/2017\/01\/motricite-globale-1.jpg","type":"image\/jpeg"}],"author":"Nathalie Casso-Vicarini","twitter_card":"summary_large_image","twitter_misc":{"\u00c9crit par":"Nathalie Casso-Vicarini","Dur\u00e9e de lecture estim\u00e9e":"3 minutes"},"schema":{"@context":"https:\/\/schema.org","@graph":[{"@type":"Article","@id":"https:\/\/leblog.wesco.fr\/fr\/la-motricite-globale\/#article","isPartOf":{"@id":"https:\/\/leblog.wesco.fr\/fr\/la-motricite-globale\/"},"author":{"name":"Nathalie Casso-Vicarini","@id":"https:\/\/leblog.wesco.fr\/fr\/#\/schema\/person\/26cdfc5cd8df6472503ea768c3ba7db1"},"headline":"Le d\u00e9veloppement de la motricit\u00e9 globale de l&#8217;enfant","datePublished":"2017-01-05T09:49:06+00:00","dateModified":"2022-05-31T11:50:21+00:00","mainEntityOfPage":{"@id":"https:\/\/leblog.wesco.fr\/fr\/la-motricite-globale\/"},"wordCount":635,"commentCount":0,"image":{"@id":"https:\/\/leblog.wesco.fr\/fr\/la-motricite-globale\/#primaryimage"},"thumbnailUrl":"https:\/\/leblog.wesco.fr\/fr\/wp-content\/uploads\/2017\/01\/motricite-globale-1.jpg","keywords":["0\/12 mois","12\/36 mois","3\/6 ans","Autonomie","Handicaps et DYS","Motricit\u00e9 des petits","Motricit\u00e9 globale","Parentalit\u00e9"],"articleSection":["Sport, motricit\u00e9 &amp; plein-air"],"inLanguage":"fr-FR","potentialAction":[{"@type":"CommentAction","name":"Comment","target":["https:\/\/leblog.wesco.fr\/fr\/la-motricite-globale\/#respond"]}]},{"@type":"WebPage","@id":"https:\/\/leblog.wesco.fr\/fr\/la-motricite-globale\/","url":"https:\/\/leblog.wesco.fr\/fr\/la-motricite-globale\/","name":"Le d\u00e9veloppement de la motricit\u00e9 globale de l'enfant - Le Blog Wesco","isPartOf":{"@id":"https:\/\/leblog.wesco.fr\/fr\/#website"},"primaryImageOfPage":{"@id":"https:\/\/leblog.wesco.fr\/fr\/la-motricite-globale\/#primaryimage"},"image":{"@id":"https:\/\/leblog.wesco.fr\/fr\/la-motricite-globale\/#primaryimage"},"thumbnailUrl":"https:\/\/leblog.wesco.fr\/fr\/wp-content\/uploads\/2017\/01\/motricite-globale-1.jpg","datePublished":"2017-01-05T09:49:06+00:00","dateModified":"2022-05-31T11:50:21+00:00","author":{"@id":"https:\/\/leblog.wesco.fr\/fr\/#\/schema\/person\/26cdfc5cd8df6472503ea768c3ba7db1"},"description":"L\u2019\u00e9volution des capacit\u00e9s motrices chez le jeune enfant, et les moyens de les encourager avec des exercices et parcours de motricit\u00e9 adapt\u00e9s","breadcrumb":{"@id":"https:\/\/leblog.wesco.fr\/fr\/la-motricite-globale\/#breadcrumb"},"inLanguage":"fr-FR","potentialAction":[{"@type":"ReadAction","target":["https:\/\/leblog.wesco.fr\/fr\/la-motricite-globale\/"]}]},{"@type":"ImageObject","inLanguage":"fr-FR","@id":"https:\/\/leblog.wesco.fr\/fr\/la-motricite-globale\/#primaryimage","url":"https:\/\/leblog.wesco.fr\/fr\/wp-content\/uploads\/2017\/01\/motricite-globale-1.jpg","contentUrl":"https:\/\/leblog.wesco.fr\/fr\/wp-content\/uploads\/2017\/01\/motricite-globale-1.jpg","width":1600,"height":800,"caption":"Deux enfants qui s'amusent sur tapis et pont \u00e0 rideau blog wesco"},{"@type":"BreadcrumbList","@id":"https:\/\/leblog.wesco.fr\/fr\/la-motricite-globale\/#breadcrumb","itemListElement":[{"@type":"ListItem","position":1,"name":"Accueil","item":"https:\/\/leblog.wesco.fr\/fr\/"},{"@type":"ListItem","position":2,"name":"Sport, motricit\u00e9 &amp; plein-air","item":"https:\/\/leblog.wesco.fr\/fr\/category\/sport-motricite-et-plein-air\/"},{"@type":"ListItem","position":3,"name":"Le d\u00e9veloppement de la motricit\u00e9 globale de l&#8217;enfant"}]},{"@type":"WebSite","@id":"https:\/\/leblog.wesco.fr\/fr\/#website","url":"https:\/\/leblog.wesco.fr\/fr\/","name":"Blog Wesco","description":"Le rendez-vous des enfants, des parents et des professionnels","potentialAction":[{"@type":"SearchAction","target":{"@type":"EntryPoint","urlTemplate":"https:\/\/leblog.wesco.fr\/fr\/?s={search_term_string}"},"query-input":{"@type":"PropertyValueSpecification","valueRequired":true,"valueName":"search_term_string"}}],"inLanguage":"fr-FR"},{"@type":"Person","@id":"https:\/\/leblog.wesco.fr\/fr\/#\/schema\/person\/26cdfc5cd8df6472503ea768c3ba7db1","name":"Nathalie Casso-Vicarini","url":"https:\/\/leblog.wesco.fr\/fr\/author\/ncv\/"}]}},"modified_by":"L\u00e9na Morini\u00e8re","_links":{"self":[{"href":"https:\/\/leblog.wesco.fr\/fr\/wp-json\/wp\/v2\/posts\/1393","targetHints":{"allow":["GET"]}}],"collection":[{"href":"https:\/\/leblog.wesco.fr\/fr\/wp-json\/wp\/v2\/posts"}],"about":[{"href":"https:\/\/leblog.wesco.fr\/fr\/wp-json\/wp\/v2\/types\/post"}],"author":[{"embeddable":true,"href":"https:\/\/leblog.wesco.fr\/fr\/wp-json\/wp\/v2\/users\/5"}],"replies":[{"embeddable":true,"href":"https:\/\/leblog.wesco.fr\/fr\/wp-json\/wp\/v2\/comments?post=1393"}],"version-history":[{"count":3,"href":"https:\/\/leblog.wesco.fr\/fr\/wp-json\/wp\/v2\/posts\/1393\/revisions"}],"predecessor-version":[{"id":125520,"href":"https:\/\/leblog.wesco.fr\/fr\/wp-json\/wp\/v2\/posts\/1393\/revisions\/125520"}],"wp:featuredmedia":[{"embeddable":true,"href":"https:\/\/leblog.wesco.fr\/fr\/wp-json\/wp\/v2\/media\/1396"}],"wp:attachment":[{"href":"https:\/\/leblog.wesco.fr\/fr\/wp-json\/wp\/v2\/media?parent=1393"}],"wp:term":[{"taxonomy":"category","embeddable":true,"href":"https:\/\/leblog.wesco.fr\/fr\/wp-json\/wp\/v2\/categories?post=1393"},{"taxonomy":"post_tag","embeddable":true,"href":"https:\/\/leblog.wesco.fr\/fr\/wp-json\/wp\/v2\/tags?post=1393"}],"curies":[{"name":"wp","href":"https:\/\/api.w.org\/{rel}","templated":true}]}}