{"id":1386,"date":"2017-01-05T09:51:24","date_gmt":"2017-01-05T08:51:24","guid":{"rendered":"http:\/\/leblog.wesco.fr\/fr\/?p=1386"},"modified":"2022-05-30T15:46:23","modified_gmt":"2022-05-30T13:46:23","slug":"le-bien-etre","status":"publish","type":"post","link":"https:\/\/leblog.wesco.fr\/fr\/le-bien-etre\/","title":{"rendered":"Les p\u00e9dagogies du bien-\u00eatre de l&#8217;enfant"},"content":{"rendered":"\n<!--more-->\n\n\n\n<p><strong>De nombreuses p\u00e9dagogies font aujourd\u2019hui \u00e9tat de l\u2019indispensable bien-\u00eatre pour faire maturer le cerveau et lui permettre de bien se d\u00e9velopper, apprendre et m\u00e9moriser.<\/strong><\/p>\n\n\n\n<p>Le stress est n\u00e9faste et destructeur. 700 \u00e0 1000 connections neuronales s\u2019effectuent chaque seconde dans le cerveau d\u2019un enfant dans un contexte de bien-\u00eatre ; lorsque les adultes sont empathiques, bienveillants et affectueux. Le bien-\u00eatre appliqu\u00e9 aux adultes (un mode de communication positive, se d\u00e9tendre le dos, soulager ses jambes, travailler dans le calme, bien se nourrir et s\u2019hydrater) participe tr\u00e8s positivement au bien-\u00eatre de l\u2019enfant accueilli en collectivit\u00e9.<\/p>\n\n\n\n<h2 class=\"wp-block-heading\">La Slow pedagogy<\/h2>\n\n\n\n<p>Aux Etats-Unis, on applique dans beaucoup d\u2019\u00e9tablissements la Slow pedagogy depuis les ann\u00e9e 1980 ; \u00e0 l\u2019inverse du fast food. C\u00e9lestin Freinet disait tr\u00e8s justement : \u00ab Ce n&#8217;est pas en poussant sur les salades qu&#8217;elles vont pousser plus vite \u00bb.<\/p>\n\n\n\n<p><strong>4 principes<\/strong> adapt\u00e9s \u00e0 la cr\u00e8che et \u00e0 l\u2019\u00e9cole sont \u00e0 retenir :<\/p>\n\n\n\n<ul class=\"wp-block-list\"><li>apprendre \u00e0 l&#8217;enfant \u00e0 accepter le temps qui passe, tout comme le rythme des saisons, les f\u00eates, et tout autre \u00e9v\u00e9nement de la vie ;<\/li><li>laisser \u00e0 l\u2019enfant le temps et l&#8217;espace dont il a besoin pour d\u00e9couvrir le monde ;<\/li><li>laisser l&#8217;enfant prendre des risques. Il doit parfois \u00e9chouer, pour comprendre et apprendre ;<\/li><li>laisser \u00e0 l&#8217;enfant du temps libre pour qu\u2019il puisse r\u00eaver, r\u00e9fl\u00e9chir, imaginer.<\/li><\/ul>\n\n\n\n<p><strong>Adopter l\u2019\u00e9ducation lente c\u2019est valoriser la qualit\u00e9 du temps<\/strong> et c\u2019est aussi respecter la r\u00e8gle d\u2019or de Rudolf Waldorf : \u00ab un temps pour tout \u00bb. C\u2019est le d\u00e9veloppement de l\u2019enfant qui rythme la journ\u00e9e et non l\u2019inverse.<\/p>\n\n\n\n<h2 class=\"wp-block-heading\">La p\u00e9dagogie Snoezelen<\/h2>\n\n\n\n<p>La <a href=\"https:\/\/leblog.wesco.fr\/espace-snoezelen\/\" target=\"_blank\" rel=\"noopener\">p\u00e9dagogie Snoezelen<\/a> induit le bien-\u00eatre, il s\u2019agit d\u2019une pratique n\u00e9e aux Pays-Bas en 1974, initi\u00e9e par Jan Hulsegge, musicoth\u00e9rapeute, et Ad Verheul, ergoth\u00e9rapeute.<br><strong>Il s\u2019agit de cr\u00e9er une atmosph\u00e8re gr\u00e2ce \u00e0 des mati\u00e8res, des textures, des couleurs, des odeurs, des sons, comme une invitation \u00e0 un voyage sensoriel.<\/strong> Snoezelen est la contraction de deux mots hollandais : \u00ab snueffelen \u00bb (renifler) et \u00ab doezelen \u00bb (somnoler) qui d\u00e9crivent cette approche combinant la relaxation et la stimulation sensorielle. C\u2019est une pratique non-directive. L&#8217;objectif est de donner du bien-\u00eatre \u00e0 la personne stimul\u00e9e au travers du plaisir que lui procure l&#8217;activit\u00e9. La d\u00e9marche est bas\u00e9e sur l&#8217;\u00e9veil au monde ext\u00e9rieur par le biais du corps et des cinq sens. L&#8217;accompagnateur est un facilitateur qui \u00e9coute les r\u00e9ponses aux stimuli et agit sur l&#8217;ambiance si n\u00e9cessaire. Cette approche permet d\u2019accompagner les professionnels dans la mise en place d\u2019un environnement propice \u00e0 la <strong>stimulation douce<\/strong> pour stimuler au mieux tous les enfants \u00e0 l\u2019aide de mobilier, mat\u00e9riel p\u00e9dagogique et accessoires adapt\u00e9 (lumi\u00e8res et sons, balles, jeux sensoriels, coussins, etc.).<br>Le bien-\u00eatre des enfants passe par celui des parents en les impliquant par des transmissions de qualit\u00e9 pour suivre sur tous les plans le d\u00e9veloppement de leurs enfants, en dialoguant en toute confiance.<br>Il passe quotidiennement par le bien-\u00eatre des professionnels qui donneront l\u2019exemple \u00e0 la mise en place d\u2019une philosophie d\u2019accueil dans le bien-\u00eatre.<\/p>\n","protected":false},"excerpt":{"rendered":"","protected":false},"author":5,"featured_media":0,"comment_status":"open","ping_status":"open","sticky":false,"template":"","format":"standard","meta":{"_lmt_disableupdate":"","_lmt_disable":"","episode_type":"","audio_file":"","podmotor_file_id":"","podmotor_episode_id":"","cover_image":"","cover_image_id":"","duration":"","filesize":"","filesize_raw":"","date_recorded":"","explicit":"","block":"","itunes_episode_number":"","itunes_title":"","itunes_season_number":"","itunes_episode_type":"","footnotes":""},"categories":[64],"tags":[18,19,28,38,39,53],"class_list":["post-1386","post","type-post","status-publish","format-standard","hentry","category-routines-et-emotions","tag-12-36-mois","tag-3-6-ans","tag-autonomie","tag-eveil","tag-handicaps-et-dys","tag-les-grandes-pedagogies"],"yoast_head":"<!-- This site is optimized with the Yoast SEO plugin v27.5 - https:\/\/yoast.com\/product\/yoast-seo-wordpress\/ -->\n<title>Les p\u00e9dagogies du bien-\u00eatre de l\u2019enfant - Le Blog Wesco<\/title>\n<meta name=\"description\" content=\"Pr\u00e9sentation de la Slow pedagogy et de la p\u00e9dagogie Snoezelen, centr\u00e9es sur le bien \u00eatre, la relaxation et le respect du rythme de l\u2019enfant\" \/>\n<meta name=\"robots\" content=\"index, follow, max-snippet:-1, max-image-preview:large, max-video-preview:-1\" \/>\n<link rel=\"canonical\" href=\"https:\/\/leblog.wesco.fr\/fr\/le-bien-etre\/\" \/>\n<meta property=\"og:locale\" content=\"fr_FR\" \/>\n<meta property=\"og:type\" content=\"article\" \/>\n<meta property=\"og:title\" content=\"Les p\u00e9dagogies du bien-\u00eatre de l\u2019enfant - Le Blog Wesco\" \/>\n<meta property=\"og:description\" content=\"Pr\u00e9sentation de la Slow pedagogy et de la p\u00e9dagogie Snoezelen, centr\u00e9es sur le bien \u00eatre, la relaxation et le respect du rythme de l\u2019enfant\" \/>\n<meta property=\"og:url\" content=\"https:\/\/leblog.wesco.fr\/fr\/le-bien-etre\/\" \/>\n<meta property=\"og:site_name\" content=\"Blog Wesco\" \/>\n<meta property=\"article:published_time\" content=\"2017-01-05T08:51:24+00:00\" \/>\n<meta property=\"article:modified_time\" content=\"2022-05-30T13:46:23+00:00\" \/>\n<meta name=\"author\" content=\"Nathalie Casso-Vicarini\" \/>\n<meta name=\"twitter:card\" content=\"summary_large_image\" \/>\n<meta name=\"twitter:label1\" content=\"\u00c9crit par\" \/>\n\t<meta name=\"twitter:data1\" content=\"Nathalie Casso-Vicarini\" \/>\n\t<meta name=\"twitter:label2\" content=\"Dur\u00e9e de lecture estim\u00e9e\" \/>\n\t<meta name=\"twitter:data2\" content=\"3 minutes\" \/>\n<!-- \/ Yoast SEO plugin. -->","yoast_head_json":{"title":"Les p\u00e9dagogies du bien-\u00eatre de l\u2019enfant - Le Blog Wesco","description":"Pr\u00e9sentation de la Slow pedagogy et de la p\u00e9dagogie Snoezelen, centr\u00e9es sur le bien \u00eatre, la relaxation et le respect du rythme de l\u2019enfant","robots":{"index":"index","follow":"follow","max-snippet":"max-snippet:-1","max-image-preview":"max-image-preview:large","max-video-preview":"max-video-preview:-1"},"canonical":"https:\/\/leblog.wesco.fr\/fr\/le-bien-etre\/","og_locale":"fr_FR","og_type":"article","og_title":"Les p\u00e9dagogies du bien-\u00eatre de l\u2019enfant - Le Blog Wesco","og_description":"Pr\u00e9sentation de la Slow pedagogy et de la p\u00e9dagogie Snoezelen, centr\u00e9es sur le bien \u00eatre, la relaxation et le respect du rythme de l\u2019enfant","og_url":"https:\/\/leblog.wesco.fr\/fr\/le-bien-etre\/","og_site_name":"Blog Wesco","article_published_time":"2017-01-05T08:51:24+00:00","article_modified_time":"2022-05-30T13:46:23+00:00","author":"Nathalie Casso-Vicarini","twitter_card":"summary_large_image","twitter_misc":{"\u00c9crit par":"Nathalie Casso-Vicarini","Dur\u00e9e de lecture estim\u00e9e":"3 minutes"},"schema":{"@context":"https:\/\/schema.org","@graph":[{"@type":"Article","@id":"https:\/\/leblog.wesco.fr\/fr\/le-bien-etre\/#article","isPartOf":{"@id":"https:\/\/leblog.wesco.fr\/fr\/le-bien-etre\/"},"author":{"name":"Nathalie Casso-Vicarini","@id":"https:\/\/leblog.wesco.fr\/fr\/#\/schema\/person\/26cdfc5cd8df6472503ea768c3ba7db1"},"headline":"Les p\u00e9dagogies du bien-\u00eatre de l&#8217;enfant","datePublished":"2017-01-05T08:51:24+00:00","dateModified":"2022-05-30T13:46:23+00:00","mainEntityOfPage":{"@id":"https:\/\/leblog.wesco.fr\/fr\/le-bien-etre\/"},"wordCount":539,"commentCount":0,"keywords":["12\/36 mois","3\/6 ans","Autonomie","\u00c9veil","Handicaps et DYS","Les grandes p\u00e9dagogies"],"articleSection":["Routines &amp; \u00e9motions"],"inLanguage":"fr-FR","potentialAction":[{"@type":"CommentAction","name":"Comment","target":["https:\/\/leblog.wesco.fr\/fr\/le-bien-etre\/#respond"]}]},{"@type":"WebPage","@id":"https:\/\/leblog.wesco.fr\/fr\/le-bien-etre\/","url":"https:\/\/leblog.wesco.fr\/fr\/le-bien-etre\/","name":"Les p\u00e9dagogies du bien-\u00eatre de l\u2019enfant - Le Blog Wesco","isPartOf":{"@id":"https:\/\/leblog.wesco.fr\/fr\/#website"},"datePublished":"2017-01-05T08:51:24+00:00","dateModified":"2022-05-30T13:46:23+00:00","author":{"@id":"https:\/\/leblog.wesco.fr\/fr\/#\/schema\/person\/26cdfc5cd8df6472503ea768c3ba7db1"},"description":"Pr\u00e9sentation de la Slow pedagogy et de la p\u00e9dagogie Snoezelen, centr\u00e9es sur le bien \u00eatre, la relaxation et le respect du rythme de l\u2019enfant","breadcrumb":{"@id":"https:\/\/leblog.wesco.fr\/fr\/le-bien-etre\/#breadcrumb"},"inLanguage":"fr-FR","potentialAction":[{"@type":"ReadAction","target":["https:\/\/leblog.wesco.fr\/fr\/le-bien-etre\/"]}]},{"@type":"BreadcrumbList","@id":"https:\/\/leblog.wesco.fr\/fr\/le-bien-etre\/#breadcrumb","itemListElement":[{"@type":"ListItem","position":1,"name":"Accueil","item":"https:\/\/leblog.wesco.fr\/fr\/"},{"@type":"ListItem","position":2,"name":"Routines &amp; \u00e9motions","item":"https:\/\/leblog.wesco.fr\/fr\/category\/routines-et-emotions\/"},{"@type":"ListItem","position":3,"name":"Les p\u00e9dagogies du bien-\u00eatre de l&#8217;enfant"}]},{"@type":"WebSite","@id":"https:\/\/leblog.wesco.fr\/fr\/#website","url":"https:\/\/leblog.wesco.fr\/fr\/","name":"Blog Wesco","description":"Le rendez-vous des enfants, des parents et des professionnels","potentialAction":[{"@type":"SearchAction","target":{"@type":"EntryPoint","urlTemplate":"https:\/\/leblog.wesco.fr\/fr\/?s={search_term_string}"},"query-input":{"@type":"PropertyValueSpecification","valueRequired":true,"valueName":"search_term_string"}}],"inLanguage":"fr-FR"},{"@type":"Person","@id":"https:\/\/leblog.wesco.fr\/fr\/#\/schema\/person\/26cdfc5cd8df6472503ea768c3ba7db1","name":"Nathalie Casso-Vicarini","url":"https:\/\/leblog.wesco.fr\/fr\/author\/ncv\/"}]}},"modified_by":"L\u00e9na Morini\u00e8re","_links":{"self":[{"href":"https:\/\/leblog.wesco.fr\/fr\/wp-json\/wp\/v2\/posts\/1386","targetHints":{"allow":["GET"]}}],"collection":[{"href":"https:\/\/leblog.wesco.fr\/fr\/wp-json\/wp\/v2\/posts"}],"about":[{"href":"https:\/\/leblog.wesco.fr\/fr\/wp-json\/wp\/v2\/types\/post"}],"author":[{"embeddable":true,"href":"https:\/\/leblog.wesco.fr\/fr\/wp-json\/wp\/v2\/users\/5"}],"replies":[{"embeddable":true,"href":"https:\/\/leblog.wesco.fr\/fr\/wp-json\/wp\/v2\/comments?post=1386"}],"version-history":[{"count":2,"href":"https:\/\/leblog.wesco.fr\/fr\/wp-json\/wp\/v2\/posts\/1386\/revisions"}],"predecessor-version":[{"id":6047,"href":"https:\/\/leblog.wesco.fr\/fr\/wp-json\/wp\/v2\/posts\/1386\/revisions\/6047"}],"wp:attachment":[{"href":"https:\/\/leblog.wesco.fr\/fr\/wp-json\/wp\/v2\/media?parent=1386"}],"wp:term":[{"taxonomy":"category","embeddable":true,"href":"https:\/\/leblog.wesco.fr\/fr\/wp-json\/wp\/v2\/categories?post=1386"},{"taxonomy":"post_tag","embeddable":true,"href":"https:\/\/leblog.wesco.fr\/fr\/wp-json\/wp\/v2\/tags?post=1386"}],"curies":[{"name":"wp","href":"https:\/\/api.w.org\/{rel}","templated":true}]}}