{"id":132681,"date":"2026-09-04T09:15:00","date_gmt":"2026-09-04T07:15:00","guid":{"rendered":"https:\/\/leblog.wesco.fr\/fr\/?p=132681"},"modified":"2026-09-04T09:40:51","modified_gmt":"2026-09-04T07:40:51","slug":"tableau-des-routines-notre-diy-pas-a-pas","status":"publish","type":"post","link":"https:\/\/leblog.wesco.fr\/fr\/tableau-des-routines-notre-diy-pas-a-pas\/","title":{"rendered":"Tableau des routines\u00a0: notre DIY pas \u00e0 pas"},"content":{"rendered":"\n<div class=\"wp-block-ideabox-toc ib-block-toc\" data-anchors='h2' data-collapsable='true' ><div class=\"ib-toc-container ib-toc-list-style-numbers ib-toc-hierarchical ib-toc-expanded\"><div class=\"ib-toc-header\"><div class=\"ib-toc-header-title\">Sommaire<\/div><div class=\"ib-toc-header-right\"><span class=\"ib-toc-icon-collapse\"><span class=\"dashicon dashicons dashicons-minus\"><\/span><\/span><span class=\"ib-toc-icon-expand\"><span class=\"dashicon dashicons dashicons-plus\"><\/span><\/span><\/div><\/div><div class=\"ib-toc-separator\" style=\"height:2px\"><\/div><div class=\"ib-toc-body\"><ol class=\"ib-toc-anchors\"><\/ol><\/div><\/div><\/div>\n\n\n\n<p class=\"wp-block-paragraph\">Votre enfant met du temps \u00e0 se pr\u00e9parer le matin ou le soir, ou m\u00eame pour des t\u00e2ches du quotidien qui sont pourtant la routine&nbsp;? R\u00e9alisez un tableau des routines personnalis\u00e9 et magn\u00e9tique&nbsp;! Celui-ci vous permettra de l\u2019utiliser \u00e0 l\u2019infini en d\u00e9pla\u00e7ant facilement les t\u00e2ches r\u00e9alis\u00e9es ou non.<\/p>\n\n\n\n<h2 class=\"wp-block-heading\">Qu\u2019est-ce qu\u2019un tableau des routines pour enfant&nbsp;?<\/h2>\n\n\n\n<p class=\"wp-block-paragraph\"><a href=\"https:\/\/www.wesco.fr\/72492016-tableau-des-routines.html\" target=\"_blank\" rel=\"noreferrer noopener\">Un tableau des routines<\/a> permet d\u2019aider l\u2019enfant \u00e0 se rep\u00e9rer dans le temps mais surtout aide \u00e0 organiser un moment de la journ\u00e9e qui est une routine. Par exemple&nbsp;: se pr\u00e9parer pour aller \u00e0 l\u2019\u00e9cole le matin, aller se coucher etc\u2026<br>Il permet \u00e0 l\u2019enfant de devenir autonome pour des t\u00e2ches du quotidien.<\/p>\n\n\n\n<h2 class=\"wp-block-heading\">Quel est l\u2019int\u00e9r\u00eat du tableau des routines pour l\u2019enfant<\/h2>\n\n\n\n<p class=\"wp-block-paragraph\">Au-del\u00e0 de l\u2019aspect pratique, un tableau des routines apporte de nombreux b\u00e9n\u00e9fices \u00e0 l\u2019enfant&nbsp;:<\/p>\n\n\n\n<ul class=\"wp-block-list\">\n<li>responsabilise et encourage l\u2019autonomie&nbsp;: l\u2019enfant visualise le d\u00e9roulement de ce qu\u2019il doit faire.<br>Il n\u2019a pas besoin de l\u2019adulte qui lui dit quoi faire, il g\u00e8re lui-m\u00eame sa pr\u00e9paration&nbsp;;<\/li>\n\n\n\n<li>s\u00e9curise l\u2019enfant&nbsp;: il a un cadre et une structure, cela le s\u00e9curise&nbsp;;<\/li>\n\n\n\n<li>organisation&nbsp;: l\u2019enfant apprend \u00e0 s\u2019organiser en r\u00e9alisant les diff\u00e9rentes t\u00e2ches qui lui sont attribu\u00e9es.<\/li>\n<\/ul>\n\n\n\n<p class=\"wp-block-paragraph\">Le tableau des routines pour l\u2019enfant reste un excellent support \u00e9ducatif qui rendra votre quotidien plus serein.<\/p>\n\n\n\n<h2 class=\"wp-block-heading\">DIY tableau des routines&nbsp;: liste du mat\u00e9riel<\/h2>\n\n\n\n<h3 class=\"wp-block-heading\">Liste du mat\u00e9riel \u00e0 r\u00e9cup\u00e9rer&nbsp;:<\/h3>\n\n\n\n<ul class=\"wp-block-list\">\n<li>des photos des t\u00e2ches quotidiennes de l\u2019enfant ou t\u00e9l\u00e9charger directement <a href=\"https:\/\/www.wesco.fr\/media\/wysiwyg\/idees_creatives\/rentree\/fiches\/cadre_routines_printable.pdf\" target=\"_blank\" rel=\"noreferrer noopener\">ce dessin<\/a>.<\/li>\n<\/ul>\n\n\n\n<p class=\"wp-block-paragraph\">Vous pouvez illustrer les diff\u00e9rentes t\u00e2ches selon les capacit\u00e9s de l\u2019enfant : pictos, visuels, photos ou m\u00eame texte.<\/p>\n\n\n\n<h3 class=\"wp-block-heading\">Les classiques indispensables&nbsp;:<\/h3>\n\n\n\n<ul class=\"wp-block-list\">\n<li>\u2702\ufe0f<a href=\"https:\/\/www.wesco.fr\/45012171-ciseaux-1er-prix-a-bouts-ronds-wesco.html\" target=\"_blank\" rel=\"noreferrer noopener\">1 paire de ciseaux<\/a><\/li>\n\n\n\n<li>\ud83d\udccf<a href=\"https:\/\/www.wesco.fr\/62751171-outil-de-tracage-indestructible-double-decimetre.html\" target=\"_blank\" rel=\"noreferrer noopener\">1 r\u00e8gle<\/a><\/li>\n\n\n\n<li>\ud83d\udd8c\ufe0f<a href=\"https:\/\/www.wesco.fr\/52121171-lot-de-brosses-et-pinceaux.html\" target=\"_blank\" rel=\"noreferrer noopener\">des pinceaux<\/a><\/li>\n\n\n\n<li><a href=\"https:\/\/www.wesco.fr\/66520171-colle-de-bricolage-vinyl-ecole-80-g-cleopatre.html\" target=\"_blank\" rel=\"noreferrer noopener\">1 colle<\/a><\/li>\n<\/ul>\n\n\n\n<p class=\"wp-block-paragraph\">Liste du mat\u00e9riel cr\u00e9atif n\u00e9cessaire&nbsp;:<\/p>\n\n\n\n<ul class=\"wp-block-list\">\n<li><a href=\"https:\/\/www.wesco.fr\/49228016-cadre-magnetique-a-decorer-decopatch.html\" target=\"_blank\" rel=\"noreferrer noopener\">des cadres magn\u00e9tiques \u00e0 d\u00e9corer<\/a> (environ 10)<\/li>\n\n\n\n<li><a href=\"https:\/\/www.wesco.fr\/35994001-chassis-entoile-magnetique-moyenne-taille-graine-creative.html\" target=\"_blank\" rel=\"noreferrer noopener\">un ch\u00e2ssis entoil\u00e9 magn\u00e9tique<\/a><\/li>\n\n\n\n<li><a href=\"https:\/\/www.wesco.fr\/of30262-peinture-acrylique-ultra-gloss-flacon-de-500-ml.html\" target=\"_blank\" rel=\"noreferrer noopener\">de la peinture acrylique Noir<\/a><\/li>\n\n\n\n<li><a href=\"https:\/\/www.wesco.fr\/66666171-peinture-acrylique-nacree-5-x-250-ml-cleopatre.html\" target=\"_blank\" rel=\"noreferrer noopener\">de la peinture acrylique nacr\u00e9e<\/a><\/li>\n\n\n\n<li><a href=\"https:\/\/www.wesco.fr\/53053171-rubans-en-papier-adhesif-fetes.html\" target=\"_blank\" rel=\"noreferrer noopener\">du ruban en papier adh\u00e9sif<\/a><\/li>\n\n\n\n<li><a href=\"https:\/\/www.wesco.fr\/67636171-marqueurs-free-acrylic-pointe-fine-royal-stabilo.html\" target=\"_blank\" rel=\"noreferrer noopener\">des marqueurs acrylique<\/a><\/li>\n\n\n\n<li><a href=\"https:\/\/www.wesco.fr\/25538001-feuilles-de-papier-photo-glace-a4-pour-imprimante-a-jet-d-encre-180-g.html\" target=\"_blank\" rel=\"noreferrer noopener\">du papier photo pour imprimante<\/a><\/li>\n<\/ul>\n\n\n\n<h2 class=\"wp-block-heading\">Les diff\u00e9rentes \u00e9tapes de fabrication pour votre tableau des routines<\/h2>\n\n\n\n<p class=\"wp-block-paragraph\">Suivez les \u00e9tapes pour fabriquer votre tableau magn\u00e9tique des routines&nbsp;:<\/p>\n\n\n\n<p class=\"wp-block-paragraph\">Sur le ch\u00e2ssis, peignez 2 bandes noires horizontales de 15 cm de hauteur, espac\u00e9es de 5 cm avec la peinture acrylique&nbsp;;<\/p>\n\n\n\n<ul class=\"wp-block-list\">\n<li>imprimez vos photos des t\u00e2ches quotidiennes de l\u2019enfant ou imprimez directement nos dessins\u00a0;<\/li>\n\n\n\n<li>peignez les cadres magn\u00e9tiques dans les couleurs souhait\u00e9es\u00a0;<\/li>\n\n\n\n<li>une fois les cadres totalement secs, \u00e9crivez les diff\u00e9rentes \u00e9tapes du quotidien sur les cadres magn\u00e9tiques au marqueur, ainsi que les \u00e9l\u00e9ments souhait\u00e9s sur le ch\u00e2ssis\u00a0;<\/li>\n\n\n\n<li>collez les photos dans les cadres\u00a0;<\/li>\n\n\n\n<li>d\u00e9corez le ch\u00e2ssis avec les rubans adh\u00e9sifs et les marqueurs\u00a0;<\/li>\n\n\n\n<li>disposez comme vous souhaitez, les diff\u00e9rents cadres sur le ch\u00e2ssis.<\/li>\n<\/ul>\n\n\n\n<h2 class=\"wp-block-heading\">Nos conseils selon l\u2019\u00e2ge des enfants<\/h2>\n\n\n\n<p class=\"wp-block-paragraph\">Il faudra adapter le tableau des routines selon l\u2019\u00e2ge de l\u2019enfant&nbsp;:<\/p>\n\n\n\n<ul class=\"wp-block-list\">\n<li>Entre 2 et 4 ans&nbsp;: utiliser des images facilement d\u00e9pla\u00e7ables et en petite quantit\u00e9. Mettre peu de textes (l\u2019enfant ne saura pas le lire dans tous les cas)&nbsp;;<\/li>\n\n\n\n<li>Entre 5 et 7 ans&nbsp;: vous pouvez associer quelques textes aux images et m\u00eame des cases \u00e0 cocher. Le tableau des routines pourra contenir quelques t\u00e2ches m\u00e9nag\u00e8res quotidiennes.<\/li>\n\n\n\n<li>A partir de 8 ans&nbsp;: on pourra y ajouter la gestion du temps.<\/li>\n<\/ul>\n\n\n\n<h2 class=\"wp-block-heading\">FAQ&nbsp;: Wesco r\u00e9pond \u00e0 vos questions sur la cr\u00e9ation et l&#8217;utilisation d&#8217;un tableau des routines<\/h2>\n\n\n\n<h3 class=\"wp-block-heading\">A partir de quel \u00e2ge utiliser un tableau des routines&nbsp;?<\/h3>\n\n\n\n<p class=\"wp-block-paragraph\">Vous pourrez commencer \u00e0 utiliser un tableau des routines vers l\u2019\u00e2ge de 2 ans, selon le d\u00e9veloppement de l\u2019enfant. Il faudra alors adapter les diff\u00e9rentes t\u00e2ches selon le niveau de l\u2019enfant (photos lorsque l\u2019enfant ne sait pas encore lire), ou m\u00eame le nombre de t\u00e2ches \u00e0 r\u00e9aliser.<\/p>\n\n\n\n<h3 class=\"wp-block-heading\">Faut-il un tableau diff\u00e9rent pour le matin et pour le soir&nbsp;?<\/h3>\n\n\n\n<p class=\"wp-block-paragraph\">Si les missions sont diff\u00e9rentes selon la p\u00e9riode de routine souhait\u00e9e, alors il faudra des tableaux diff\u00e9rents<\/p>\n\n\n\n<h3 class=\"wp-block-heading\">Quelles \u00e9tapes mettre sur un tableau des routines&nbsp;?<\/h3>\n\n\n\n<ul class=\"wp-block-list\">\n<li>Matin avant d\u2019aller \u00e0 l\u2019\u00e9cole&nbsp;: Je me l\u00e8ve, je vais aux toilettes, je prends mon petit d\u00e9jeuner, je m\u2019habille, je fais ma toilette, je mets mes chaussures et mon manteau.<\/li>\n\n\n\n<li>Soir apr\u00e8s l\u2019\u00e9cole&nbsp;: J\u2019enl\u00e8ve mes chaussures et mon manteau, je me lave les mains, je fais mes devoirs, je prends ma douche, je joue, je range, je mange, je fais ma toilette, je mets mon pyjama, je vais me coucher.<\/li>\n<\/ul>\n\n\n\n<h3 class=\"wp-block-heading\">Pourquoi \u00e7a ne fonctionne pas chez moi&nbsp;? Quelles sont les erreurs \u00e0 \u00e9viter&nbsp;?<\/h3>\n\n\n\n<ul class=\"wp-block-list\">\n<li>le tableau des routines n\u2019est pas adapt\u00e9 \u00e0 l\u2019\u00e2ge de l\u2019enfant&nbsp;: trop d\u2019\u00e9tapes \u00e0 r\u00e9aliser (l\u2019enfant est perdu), ne pas avoir assez de temps pour r\u00e9aliser les t\u00e2ches, le tableau est difficile \u00e0 utiliser pour le niveau qu\u2019a l\u2019enfant&nbsp;;<\/li>\n\n\n\n<li>un changement de routine r\u00e9gulier&nbsp;: si la routine change r\u00e9guli\u00e8rement l\u2019enfant est perdu et ne conna\u00eet plus l&#8217;encha\u00eenement des t\u00e2ches \u00e0 effectuer&nbsp;;<\/li>\n\n\n\n<li>Tableau peu\/pas attractif&nbsp;: le tableau des routines est trop simple et n\u2019attire pas sp\u00e9cialement l\u2019attention de l\u2019enfant.<\/li>\n<\/ul>\n\n\n\n<h5 class=\"wp-block-heading\">Nos articles sur la m\u00eame th\u00e9matique<\/h5>\n\n\n\n<ul class=\"wp-block-list\">\n<li><a href=\"https:\/\/leblog.wesco.fr\/fr\/diy-fabriquer-un-tableau-meteo-des-emotions\/\">DIY&nbsp;: Fabriquer un tableau m\u00e9t\u00e9o des \u00e9motions<\/a><\/li>\n\n\n\n<li><a href=\"https:\/\/leblog.wesco.fr\/fr\/pourquoi-les-enfants-ont-besoin-daide-pour-realiser-une-tache\/\">Pourquoi les enfants ont besoin d\u2019aide pour r\u00e9aliser une t\u00e2che&nbsp;?<\/a><\/li>\n\n\n\n<li><a href=\"https:\/\/leblog.wesco.fr\/fr\/se-brosser-les-dents-et-se-laver-les-mains-est-ce-utile-seulement-pour-lhygiene\/\">Se brosser les dents et se laver les mains, est-ce utile seulement pour l\u2019hygi\u00e8ne&nbsp;?<\/a><\/li>\n<\/ul>\n\n\n\n<h5 class=\"wp-block-heading\">Pour aller plus loin<\/h5>\n\n\n\n<ul class=\"wp-block-list\">\n<li><a href=\"https:\/\/www.lesprosdelapetiteenfance.fr\/article\/pourquoi-instaurer-des-rituels-sur-le-lieu-daccueil\/\">Pourquoi instaurer des rituels sur le lieu d\u2019accueil<\/a><\/li>\n\n\n\n<li><a href=\"https:\/\/www.1000-premiers-jours.fr\/fr\/installer-des-routines-avec-bebe\">Installer des routines avec b\u00e9b\u00e9<\/a><\/li>\n<\/ul>\n","protected":false},"excerpt":{"rendered":"<p>Votre enfant met du temps \u00e0 se pr\u00e9parer le matin ou le soir, ou m\u00eame pour des t\u00e2ches du quotidien qui sont pourtant la routine&nbsp;? R\u00e9alisez un tableau des routines personnalis\u00e9 et magn\u00e9tique&nbsp;! Celui-ci vous permettra de l\u2019utiliser \u00e0 l\u2019infini en d\u00e9pla\u00e7ant facilement les t\u00e2ches r\u00e9alis\u00e9es ou non. Qu\u2019est-ce qu\u2019un tableau des routines pour enfant&nbsp;? Un tableau des routines permet d\u2019aider l\u2019enfant \u00e0 se rep\u00e9rer dans le temps mais surtout aide \u00e0 organiser un moment de la journ\u00e9e qui est une routine. Par exemple&nbsp;: se pr\u00e9parer pour aller \u00e0 l\u2019\u00e9cole le matin, aller se coucher etc\u2026Il permet \u00e0 l\u2019enfant de devenir autonome pour des t\u00e2ches du quotidien. Quel est l\u2019int\u00e9r\u00eat du tableau des routines pour l\u2019enfant Au-del\u00e0 de l\u2019aspect pratique, un tableau des routines apporte de nombreux b\u00e9n\u00e9fices \u00e0 l\u2019enfant&nbsp;: Le tableau des routines pour [&hellip;]<\/p>\n","protected":false},"author":13,"featured_media":132687,"comment_status":"open","ping_status":"open","sticky":false,"template":"","format":"standard","meta":{"_lmt_disableupdate":"","_lmt_disable":"","episode_type":"","audio_file":"","podmotor_file_id":"","podmotor_episode_id":"","cover_image":"","cover_image_id":"","duration":"","filesize":"","filesize_raw":"","date_recorded":"","explicit":"","block":"","itunes_episode_number":"","itunes_title":"","itunes_season_number":"","itunes_episode_type":"","footnotes":""},"categories":[65],"tags":[19,20,90],"class_list":["post-132681","post","type-post","status-publish","format-standard","has-post-thumbnail","hentry","category-education","tag-3-6-ans","tag-6-10-ans","tag-arts-creativite"],"yoast_head":"<!-- This site is optimized with the Yoast SEO plugin v28.4 - https:\/\/yoast.com\/product\/yoast-seo-wordpress\/ -->\n<title>Comment r\u00e9aliser un tableau des routines ? - Le Blog Wesco<\/title>\n<meta name=\"description\" content=\"Les routines et rituels sont rassurants pour les enfants. Suivez notre pas \u00e0 pas pour r\u00e9aliser un tableau des routines adapt\u00e9 aux besoins de votre enfant.\" \/>\n<meta name=\"robots\" content=\"index, follow, max-snippet:-1, max-image-preview:large, max-video-preview:-1\" \/>\n<link rel=\"canonical\" href=\"https:\/\/leblog.wesco.fr\/fr\/tableau-des-routines-notre-diy-pas-a-pas\/\" \/>\n<meta property=\"og:locale\" content=\"fr_FR\" \/>\n<meta property=\"og:type\" content=\"article\" \/>\n<meta property=\"og:title\" content=\"Comment r\u00e9aliser un tableau des routines ? - Le Blog Wesco\" \/>\n<meta property=\"og:description\" content=\"Les routines et rituels sont rassurants pour les enfants. Suivez notre pas \u00e0 pas pour r\u00e9aliser un tableau des routines adapt\u00e9 aux besoins de votre enfant.\" \/>\n<meta property=\"og:url\" content=\"https:\/\/leblog.wesco.fr\/fr\/tableau-des-routines-notre-diy-pas-a-pas\/\" \/>\n<meta property=\"og:site_name\" content=\"Blog Wesco\" \/>\n<meta property=\"article:published_time\" content=\"2026-09-04T07:15:00+00:00\" \/>\n<meta property=\"article:modified_time\" content=\"2026-09-04T07:40:51+00:00\" \/>\n<meta property=\"og:image\" content=\"https:\/\/leblog.wesco.fr\/fr\/wp-content\/uploads\/2026\/07\/tableau-routines.jpg\" \/>\n\t<meta property=\"og:image:width\" content=\"1600\" \/>\n\t<meta property=\"og:image:height\" content=\"800\" \/>\n\t<meta property=\"og:image:type\" content=\"image\/jpeg\" \/>\n<meta name=\"author\" content=\"Caroline Bretaudeau\" \/>\n<meta name=\"twitter:card\" content=\"summary_large_image\" \/>\n<meta name=\"twitter:label1\" content=\"\u00c9crit par\" \/>\n\t<meta name=\"twitter:data1\" content=\"Caroline Bretaudeau\" \/>\n\t<meta name=\"twitter:label2\" content=\"Dur\u00e9e de lecture estim\u00e9e\" \/>\n\t<meta name=\"twitter:data2\" content=\"5 minutes\" \/>\n<!-- \/ Yoast SEO plugin. -->","yoast_head_json":{"title":"Comment r\u00e9aliser un tableau des routines ? - Le Blog Wesco","description":"Les routines et rituels sont rassurants pour les enfants. Suivez notre pas \u00e0 pas pour r\u00e9aliser un tableau des routines adapt\u00e9 aux besoins de votre enfant.","robots":{"index":"index","follow":"follow","max-snippet":"max-snippet:-1","max-image-preview":"max-image-preview:large","max-video-preview":"max-video-preview:-1"},"canonical":"https:\/\/leblog.wesco.fr\/fr\/tableau-des-routines-notre-diy-pas-a-pas\/","og_locale":"fr_FR","og_type":"article","og_title":"Comment r\u00e9aliser un tableau des routines ? - Le Blog Wesco","og_description":"Les routines et rituels sont rassurants pour les enfants. Suivez notre pas \u00e0 pas pour r\u00e9aliser un tableau des routines adapt\u00e9 aux besoins de votre enfant.","og_url":"https:\/\/leblog.wesco.fr\/fr\/tableau-des-routines-notre-diy-pas-a-pas\/","og_site_name":"Blog Wesco","article_published_time":"2026-09-04T07:15:00+00:00","article_modified_time":"2026-09-04T07:40:51+00:00","og_image":[{"width":1600,"height":800,"url":"https:\/\/leblog.wesco.fr\/fr\/wp-content\/uploads\/2026\/07\/tableau-routines.jpg","type":"image\/jpeg"}],"author":"Caroline Bretaudeau","twitter_card":"summary_large_image","twitter_misc":{"\u00c9crit par":"Caroline Bretaudeau","Dur\u00e9e de lecture estim\u00e9e":"5 minutes"},"schema":{"@context":"https:\/\/schema.org","@graph":[{"@type":"Article","@id":"https:\/\/leblog.wesco.fr\/fr\/tableau-des-routines-notre-diy-pas-a-pas\/#article","isPartOf":{"@id":"https:\/\/leblog.wesco.fr\/fr\/tableau-des-routines-notre-diy-pas-a-pas\/"},"author":{"name":"Caroline Bretaudeau","@id":"https:\/\/leblog.wesco.fr\/fr\/#\/schema\/person\/3e6564df45acb4a6da39864b46a6a3a1"},"headline":"Tableau des routines\u00a0: notre DIY pas \u00e0 pas","datePublished":"2026-09-04T07:15:00+00:00","dateModified":"2026-09-04T07:40:51+00:00","mainEntityOfPage":{"@id":"https:\/\/leblog.wesco.fr\/fr\/tableau-des-routines-notre-diy-pas-a-pas\/"},"wordCount":992,"commentCount":0,"image":{"@id":"https:\/\/leblog.wesco.fr\/fr\/tableau-des-routines-notre-diy-pas-a-pas\/#primaryimage"},"thumbnailUrl":"https:\/\/leblog.wesco.fr\/fr\/wp-content\/uploads\/2026\/07\/tableau-routines.jpg","keywords":["3\/6 ans","6\/10 ans","Arts &amp; cr\u00e9ativit\u00e9"],"articleSection":["\u00c9ducation"],"inLanguage":"fr-FR","potentialAction":[{"@type":"CommentAction","name":"Comment","target":["https:\/\/leblog.wesco.fr\/fr\/tableau-des-routines-notre-diy-pas-a-pas\/#respond"]}]},{"@type":"WebPage","@id":"https:\/\/leblog.wesco.fr\/fr\/tableau-des-routines-notre-diy-pas-a-pas\/","url":"https:\/\/leblog.wesco.fr\/fr\/tableau-des-routines-notre-diy-pas-a-pas\/","name":"Comment r\u00e9aliser un tableau des routines ? - Le Blog Wesco","isPartOf":{"@id":"https:\/\/leblog.wesco.fr\/fr\/#website"},"primaryImageOfPage":{"@id":"https:\/\/leblog.wesco.fr\/fr\/tableau-des-routines-notre-diy-pas-a-pas\/#primaryimage"},"image":{"@id":"https:\/\/leblog.wesco.fr\/fr\/tableau-des-routines-notre-diy-pas-a-pas\/#primaryimage"},"thumbnailUrl":"https:\/\/leblog.wesco.fr\/fr\/wp-content\/uploads\/2026\/07\/tableau-routines.jpg","datePublished":"2026-09-04T07:15:00+00:00","dateModified":"2026-09-04T07:40:51+00:00","author":{"@id":"https:\/\/leblog.wesco.fr\/fr\/#\/schema\/person\/3e6564df45acb4a6da39864b46a6a3a1"},"description":"Les routines et rituels sont rassurants pour les enfants. Suivez notre pas \u00e0 pas pour r\u00e9aliser un tableau des routines adapt\u00e9 aux besoins de votre enfant.","breadcrumb":{"@id":"https:\/\/leblog.wesco.fr\/fr\/tableau-des-routines-notre-diy-pas-a-pas\/#breadcrumb"},"inLanguage":"fr-FR","potentialAction":[{"@type":"ReadAction","target":["https:\/\/leblog.wesco.fr\/fr\/tableau-des-routines-notre-diy-pas-a-pas\/"]}]},{"@type":"ImageObject","inLanguage":"fr-FR","@id":"https:\/\/leblog.wesco.fr\/fr\/tableau-des-routines-notre-diy-pas-a-pas\/#primaryimage","url":"https:\/\/leblog.wesco.fr\/fr\/wp-content\/uploads\/2026\/07\/tableau-routines.jpg","contentUrl":"https:\/\/leblog.wesco.fr\/fr\/wp-content\/uploads\/2026\/07\/tableau-routines.jpg","width":1600,"height":800,"caption":"tableau des routines blog wesco"},{"@type":"BreadcrumbList","@id":"https:\/\/leblog.wesco.fr\/fr\/tableau-des-routines-notre-diy-pas-a-pas\/#breadcrumb","itemListElement":[{"@type":"ListItem","position":1,"name":"Accueil","item":"https:\/\/leblog.wesco.fr\/fr\/"},{"@type":"ListItem","position":2,"name":"\u00c9ducation","item":"https:\/\/leblog.wesco.fr\/fr\/category\/education\/"},{"@type":"ListItem","position":3,"name":"Tableau des routines\u00a0: notre DIY pas \u00e0 pas"}]},{"@type":"WebSite","@id":"https:\/\/leblog.wesco.fr\/fr\/#website","url":"https:\/\/leblog.wesco.fr\/fr\/","name":"Blog Wesco","description":"Le rendez-vous des enfants, des parents et des professionnels","potentialAction":[{"@type":"SearchAction","target":{"@type":"EntryPoint","urlTemplate":"https:\/\/leblog.wesco.fr\/fr\/?s={search_term_string}"},"query-input":{"@type":"PropertyValueSpecification","valueRequired":true,"valueName":"search_term_string"}}],"inLanguage":"fr-FR"},{"@type":"Person","@id":"https:\/\/leblog.wesco.fr\/fr\/#\/schema\/person\/3e6564df45acb4a6da39864b46a6a3a1","name":"Caroline Bretaudeau","url":"https:\/\/leblog.wesco.fr\/fr\/author\/cbretaudeau\/"}]}},"modified_by":"Caroline Bretaudeau","_links":{"self":[{"href":"https:\/\/leblog.wesco.fr\/fr\/wp-json\/wp\/v2\/posts\/132681","targetHints":{"allow":["GET"]}}],"collection":[{"href":"https:\/\/leblog.wesco.fr\/fr\/wp-json\/wp\/v2\/posts"}],"about":[{"href":"https:\/\/leblog.wesco.fr\/fr\/wp-json\/wp\/v2\/types\/post"}],"author":[{"embeddable":true,"href":"https:\/\/leblog.wesco.fr\/fr\/wp-json\/wp\/v2\/users\/13"}],"replies":[{"embeddable":true,"href":"https:\/\/leblog.wesco.fr\/fr\/wp-json\/wp\/v2\/comments?post=132681"}],"version-history":[{"count":9,"href":"https:\/\/leblog.wesco.fr\/fr\/wp-json\/wp\/v2\/posts\/132681\/revisions"}],"predecessor-version":[{"id":132778,"href":"https:\/\/leblog.wesco.fr\/fr\/wp-json\/wp\/v2\/posts\/132681\/revisions\/132778"}],"wp:featuredmedia":[{"embeddable":true,"href":"https:\/\/leblog.wesco.fr\/fr\/wp-json\/wp\/v2\/media\/132687"}],"wp:attachment":[{"href":"https:\/\/leblog.wesco.fr\/fr\/wp-json\/wp\/v2\/media?parent=132681"}],"wp:term":[{"taxonomy":"category","embeddable":true,"href":"https:\/\/leblog.wesco.fr\/fr\/wp-json\/wp\/v2\/categories?post=132681"},{"taxonomy":"post_tag","embeddable":true,"href":"https:\/\/leblog.wesco.fr\/fr\/wp-json\/wp\/v2\/tags?post=132681"}],"curies":[{"name":"wp","href":"https:\/\/api.w.org\/{rel}","templated":true}]}}