{"id":131640,"date":"2025-09-19T09:00:00","date_gmt":"2025-09-19T07:00:00","guid":{"rendered":"https:\/\/leblog.wesco.fr\/fr\/?p=131640"},"modified":"2025-11-21T14:01:47","modified_gmt":"2025-11-21T13:01:47","slug":"a-partir-de-quel-age-un-bebe-se-met-debout","status":"publish","type":"post","link":"https:\/\/leblog.wesco.fr\/fr\/a-partir-de-quel-age-un-bebe-se-met-debout\/","title":{"rendered":"\u00c0 partir de quel \u00e2ge un b\u00e9b\u00e9 se met debout ?"},"content":{"rendered":"\n<div class=\"wp-block-ideabox-toc ib-block-toc\" data-anchors='h2' data-collapsable='true' ><div class=\"ib-toc-container ib-toc-list-style-numbers ib-toc-hierarchical ib-toc-expanded\"><div class=\"ib-toc-header\"><div class=\"ib-toc-header-title\">Sommaire<\/div><div class=\"ib-toc-header-right\"><span class=\"ib-toc-icon-collapse\"><span class=\"dashicon dashicons dashicons-minus\"><\/span><\/span><span class=\"ib-toc-icon-expand\"><span class=\"dashicon dashicons dashicons-plus\"><\/span><\/span><\/div><\/div><div class=\"ib-toc-separator\" style=\"height:2px\"><\/div><div class=\"ib-toc-body\"><ol class=\"ib-toc-anchors\"><\/ol><\/div><\/div><\/div>\n\n\n\n<p>Entre le quatre pattes et la marche, une \u00e9tape cl\u00e9 attend b\u00e9b\u00e9&nbsp;: la <strong>position debout<\/strong>. C\u2019est le moment o\u00f9 il apprend \u00e0 se verticaliser, \u00e0 travailler son \u00e9quilibre et \u00e0 d\u00e9couvrir le monde sous un nouvel angle. Mais \u00e0 quel \u00e2ge un b\u00e9b\u00e9 se met-il debout&nbsp;? Et comment l\u2019accompagner dans cette grande \u00e9tape du d\u00e9veloppement moteur&nbsp;? On vous guide avec des rep\u00e8res cl\u00e9s et des conseils \u00e0 mettre en place au quotidien \u00e0 la maison.<\/p>\n\n\n\n<h2 class=\"wp-block-heading\">Quelles sont les \u00e9tapes avant de se mettre debout&nbsp;? <\/h2>\n\n\n\n<h3 class=\"wp-block-heading\">De la position allong\u00e9e \u00e0 debout sur ses deux petits pieds<\/h3>\n\n\n\n<p>Avant de r\u00e9ussir \u00e0 se mettre debout tout seul, B\u00e9b\u00e9 passera successivement par les \u00e9tapes suivantes&nbsp;:<\/p>\n\n\n\n<ul class=\"wp-block-list\">\n<li>Retournement dos-ventre et ventre-dos&nbsp;;<\/li>\n\n\n\n<li>Sur le ventre, prendre appui sur ses bras et relever son port de t\u00eate&nbsp;;<\/li>\n\n\n\n<li>Ramper en coordonnant les bras et les jambes&nbsp;;<\/li>\n\n\n\n<li>Se mettre \u00e0 <a href=\"https:\/\/leblog.wesco.fr\/fr\/le-4-pattes-chez-bebe-une-etape-cle-pour-son-developpement-moteur\/\">4 pattes<\/a> et se d\u00e9placer gr\u00e2ce \u00e0 la coordination bras-jambe oppos\u00e9e (la main gauche avance avec la jambe droite et inversement)&nbsp;;<\/li>\n\n\n\n<li>Se mettre assis et sortir de la <a href=\"https:\/\/leblog.wesco.fr\/fr\/pourquoi-il-ne-faut-pas-mettre-trop-tot-bebe-en-position-assise\/\">position assise<\/a> tout seul.<\/li>\n<\/ul>\n\n\n<div class=\"wp-block-image\">\n<figure class=\"aligncenter size-full\"><img loading=\"lazy\" decoding=\"async\" width=\"600\" height=\"400\" src=\"https:\/\/leblog.wesco.fr\/fr\/wp-content\/uploads\/2025\/06\/bebe-4-pattes-etapes.gif\" alt=\"gif illustr\u00e9 montrant les \u00e9tapes de d\u00e9veloppement moteur d'un b\u00e9b\u00e9 de la naissance jusqu'\u00e0 l'\u00e2ge d'un an blog weco\" class=\"wp-image-131235\"\/><\/figure>\n<\/div>\n\n\n<h3 class=\"wp-block-heading\">Pourquoi ces \u00e9tapes sont les fondations de la position debout et plus tard de la marche&nbsp;?<\/h3>\n\n\n\n<p>Les diff\u00e9rentes \u00e9tapes ci-dessus ont pour r\u00f4le de renforcer l\u2019axe de B\u00e9b\u00e9. Pour se tenir debout, se relever, votre b\u00e9b\u00e9 a besoin d\u2019un tronc suffisamment tonique et aussi mobile. C\u2019est pourquoi, toutes les \u00e9tapes de motricit\u00e9 qui pr\u00e9c\u00e8dent permettent \u00e0 B\u00e9b\u00e9 de <strong>prendre conscience de son sch\u00e9ma corporel<\/strong>, d\u2019\u00eatre \u00e0 l\u2019aise avec son corps pour plus tard \u00eatre suffisamment en confiance pour la marche. En effet, marcher ne se fait pas que dans une direction. Marcher c\u2019est changer de trajectoire, se retourner, s&#8217;accroupir, s\u2019adapter pour contourner ou \u00e9viter un obstacle. Ces apprentissages pr\u00e9alables pr\u00e9parent b\u00e9b\u00e9 \u00e0 tous ces ajustements.<\/p>\n\n\n\n<h3 class=\"wp-block-heading\">B\u00e9b\u00e9 est enfin pr\u00eat \u00e0 se mettre debout tout seul<\/h3>\n\n\n\n<p>Lorsque ces diff\u00e9rentes \u00e9tapes motrices sont ma\u00eetris\u00e9es avec autonomie, B\u00e9b\u00e9 peut se lancer&nbsp;: se mettre \u00e0 genoux, poser les mains sur un support stable, puis pousser sur un pied puis l\u2019autre pour <strong>se mettre debout<\/strong>&nbsp;! C\u2019est la grande \u00e9tape de la verticalisation&nbsp;: B\u00e9b\u00e9 devient bip\u00e8de et d\u00e9couvre le monde sous un nouvel angle. Son horizon s\u2019\u00e9largit et chaque nouveau d\u00e9tail attire d\u00e9sormais son regard. Une belle aventure commence&nbsp;!<\/p>\n\n\n\n<h2 class=\"wp-block-heading\">B\u00e9b\u00e9 se met debout&nbsp;: quel rep\u00e8re d\u2019\u00e2ge prendre en compte&nbsp;?<\/h2>\n\n\n\n<p>Un b\u00e9b\u00e9 se met debout <strong>en g\u00e9n\u00e9ral entre 9 et 12 mois<\/strong> mais chaque b\u00e9b\u00e9 \u00e9volue selon un rythme qui lui est propre alors STOP \u00e0 la comparaison \ud83d\ude42 Plut\u00f4t qu\u2019un rep\u00e8re \u00e2ge, qui finalement angoisse plus les parents qu\u2019autre chose, il convient plut\u00f4t d\u2019observer son b\u00e9b\u00e9 car diff\u00e9rents facteurs peuvent influencer l\u2019\u00e2ge auquel il saura se mettre debout tout seul&nbsp;:<\/p>\n\n\n\n<ul class=\"wp-block-list\">\n<li>sa morphologie&nbsp;;<\/li>\n\n\n\n<li>son tonus musculaire&nbsp;;<\/li>\n\n\n\n<li>son environnement de jeu (est-ce qu\u2019il est propice \u00e0 la <a href=\"https:\/\/leblog.wesco.fr\/fr\/comment-sinitier-a-la-motricite-libre\/\">motricit\u00e9 libre<\/a>&nbsp;?)&nbsp;;<\/li>\n\n\n\n<li>sa motricit\u00e9 et ses appuis&nbsp;;<\/li>\n\n\n\n<li>sa confiance en lui et son temp\u00e9rament (plut\u00f4t t\u00e9m\u00e9raire ou observateur prudent&nbsp;?).<\/li>\n<\/ul>\n\n\n\n<p>Faites fi de l\u2019\u00e2ge et concentrez-vous plut\u00f4t sur la mani\u00e8re d\u2019encourager votre b\u00e9b\u00e9 \u00e0 se mettre debout en lui permettant de bouger le plus librement possible. Ne cherchez pas \u00e0 le mettre debout \u00e0 tout va, ce serait contre productif contrairement aux id\u00e9es re\u00e7ues.<\/p>\n\n\n\n<h2 class=\"wp-block-heading\">Les signes physiques et cognitifs que B\u00e9b\u00e9 est pr\u00eat \u00e0 se mettre debout<\/h2>\n\n\n\n<p>Comme pour chaque \u00e9tape de son d\u00e9veloppement psychomoteur, il faut que les conditions optimales soient r\u00e9unies, \u00e0 la fois sur le plan moteur et sur le plan cognitif pour que B\u00e9b\u00e9 se redresse. Voici les principaux signes qui montrent que B\u00e9b\u00e9 est pr\u00eat \u00e0 se mettre debout&nbsp;:<\/p>\n\n\n\n<ul class=\"wp-block-list\">\n<li>Il sait se mettre assis seul et tient cette position sans difficult\u00e9 (son tronc est stable et tonique)&nbsp;;<\/li>\n\n\n\n<li>Lorsqu\u2019il est \u00e0 plat ventre il redresse le haut de son corps et il tient sur ses bras en position 4 pattes&nbsp;;<\/li>\n\n\n\n<li>Il se d\u00e9place en rampant ou \u00e0 4 pattes et cherche le contact avec sa vo\u00fbte plantaire (par exemple en poussant contre le sol)&nbsp;;<\/li>\n\n\n\n<li>Il a soif de curiosit\u00e9 et son regard se dirige vers ce qui se passe plus haut&nbsp;;<\/li>\n\n\n\n<li>Il tire sur des objets ou cherche \u00e0 s\u2019appuyer sur un meuble bas (bout de canap\u00e9, table basse, etc.)&nbsp;;<\/li>\n\n\n\n<li>Il cherche \u00e0 s\u2019agripper \u00e0 vos jambes tel un petit chat qui grimpe \u00e0 l\u2019arbre.<\/li>\n<\/ul>\n\n\n\n<p>Quand tous ces signes se mettent en place, le feu passe au vert&nbsp;! C\u2019est le signal que b\u00e9b\u00e9 est pr\u00eat \u00e0 franchir une nouvelle \u00e9tape vers la position debout.<\/p>\n\n\n\n<h2 class=\"wp-block-heading\">Comment encourager mon b\u00e9b\u00e9 \u00e0 se mettre debout tout seul&nbsp;?<\/h2>\n\n\n\n<p>Comme nous l\u2019avons \u00e9voqu\u00e9 pr\u00e9c\u00e9demment, rien ne sert de mettre B\u00e9b\u00e9 directement en position debout. D\u2019une part, cela le contraint \u00e0 forcer sur ses jambes pour maintenir la position et d\u2019autre part vous risquez \u00e0 terme de vous fragiliser le dos \u00e0 cause d\u2019une mauvaise posture au-dessus de lui. <strong>Votre b\u00e9b\u00e9 a besoin de s\u2019exercer par lui-m\u00eame<\/strong> dans un environnement s\u00e9curis\u00e9 et propice \u00e0 la motricit\u00e9 libre.<\/p>\n\n\n\n<h3 class=\"wp-block-heading\">Cr\u00e9er un espace de jeu stimulant<\/h3>\n\n\n\n<p>On vous sugg\u00e8re ici quelques id\u00e9es de jouets et \u00e9quipements de motricit\u00e9 directement inspir\u00e9es du <a href=\"https:\/\/leblog.wesco.fr\/fr\/favoriser-leveil-en-amenageant-un-nido-montessori\/\">Nido Montessori<\/a> pour accompagner votre b\u00e9b\u00e9 dans l\u2019acquisition de la position debout&nbsp;:<\/p>\n\n\n\n<ul class=\"wp-block-list\">\n<li>Une <a href=\"https:\/\/www.wesco.fr\/59841016-petite-barre-de-brachiation-abeille-wesco.html?queryID=7b47b401179096dd2cf6ae75bd11c07d&amp;objectID=26820&amp;indexName=PRODUCTION_wesco_fr_products\" target=\"_blank\" rel=\"noreferrer noopener\">barre de brachiation<\/a> pour se hisser le long d\u2019un mur&nbsp;;<\/li>\n\n\n\n<li>Des <a href=\"https:\/\/www.wesco.fr\/61291020-kit-babimodules-le-passage-wesco.html?queryID=d89ddc5ab89e6194f1b03d28527b879f&amp;objectID=27794&amp;indexName=PRODUCTION_wesco_fr_products\" target=\"_blank\" rel=\"noreferrer noopener\">modules de motricit\u00e9<\/a> sur lesquels prendre appui pour se lever puis s&#8217;accroupir&nbsp;;<\/li>\n\n\n\n<li>Un <a href=\"https:\/\/www.wesco.fr\/39649171-chariot-de-marche-wesco.html?queryID=cb0f4be181e8eb0e025f61a5563c6977&amp;objectID=6044&amp;indexName=PRODUCTION_wesco_fr_products\" target=\"_blank\" rel=\"noreferrer noopener\">chariot de marche<\/a> ultra stable avec des roues brid\u00e9es pour \u00e9viter que B\u00e9b\u00e9 ne soit trop vite entra\u00een\u00e9 et se fasse mal&nbsp;;<\/li>\n\n\n\n<li>Une <a href=\"https:\/\/www.wesco.fr\/55320171-balle-sensorielle-lumineuse-etoiles.html?queryID=965d4b88efa5cccce27ba71d79941116&amp;objectID=16800&amp;indexName=PRODUCTION_wesco_fr_products\" target=\"_blank\" rel=\"noreferrer noopener\">balle sensorielle lumineuse<\/a> \u00e0 poser un peu en hauteur pour lui donner l\u2019envie de se mettre debout et d\u2019aller la r\u00e9cup\u00e9rer.<\/li>\n<\/ul>\n\n\n\n<figure class=\"wp-block-embed is-type-video is-provider-youtube wp-block-embed-youtube wp-embed-aspect-9-16 wp-has-aspect-ratio\"><div class=\"wp-block-embed__wrapper\">\n<iframe loading=\"lazy\" title=\"Debout pour d\u00e9couvrir le monde : suivez moi !\" width=\"563\" height=\"1000\" src=\"https:\/\/www.youtube.com\/embed\/DZa6Ebwqhqo?feature=oembed\" frameborder=\"0\" allow=\"accelerometer; autoplay; clipboard-write; encrypted-media; gyroscope; picture-in-picture; web-share\" referrerpolicy=\"strict-origin-when-cross-origin\" allowfullscreen><\/iframe>\n<\/div><\/figure>\n\n\n\n<h3 class=\"wp-block-heading\">Id\u00e9e d\u2019activit\u00e9 de motricit\u00e9 simple \u00e0 r\u00e9aliser \u00e0 la maison pour encourager b\u00e9b\u00e9 \u00e0 se mettre debout<\/h3>\n\n\n\n<p>En dehors des temps de motricit\u00e9 libre, vous pouvez proposer \u00e0 votre b\u00e9b\u00e9 une petite activit\u00e9 simple et ludique. Pour cela vous aurez besoin de <a href=\"https:\/\/www.wesco.fr\/25532020-notes-adhesives-repositionnables-couleurs-fluo-75x75-mm.html?queryID=17c6ceacd1e8d5c714d7e0f39c9beba6&amp;objectID=1442&amp;indexName=PRODUCTION_wesco_fr_products\" target=\"_blank\" rel=\"noreferrer noopener\">notes adh\u00e9sives repositionnables<\/a> de diff\u00e9rentes couleurs. Comme dans la vid\u00e9o ci-dessous, collez-en plusieurs sur une baie vitr\u00e9e ou sur un mur d\u2019abord pr\u00e8s du sol puis progressivement vous les positionnerez plus haut de mani\u00e8re \u00e0 ce que B\u00e9b\u00e9 soit motiv\u00e9 pour se mettre debout et les d\u00e9coller de la surface. Au passage, cette activit\u00e9 permet de travailler en m\u00eame temps la <a href=\"https:\/\/leblog.wesco.fr\/fr\/activite-gommettes-stimuler-la-creativite-et-la-motricite-fine-de-maniere-ludique-chez-les-jeunes-enfants\/\">motricit\u00e9 fine<\/a>.<\/p>\n\n\n\n<figure class=\"wp-block-embed is-type-video is-provider-tiktok wp-block-embed-tiktok\"><div class=\"wp-block-embed__wrapper\">\n<blockquote class=\"tiktok-embed\" cite=\"https:\/\/www.tiktok.com\/@audreyferrante\/video\/7201206261013171461\" data-video-id=\"7201206261013171461\" data-embed-from=\"oembed\" style=\"max-width:605px; min-width:325px;\"> <section> <a target=\"_blank\" title=\"@audreyferrante\" href=\"https:\/\/www.tiktok.com\/@audreyferrante?refer=embed\">@audreyferrante<\/a> <p>Avec de simple post-it voici l\u2019activit\u00e9 que j\u2019ai r\u00e9alis\u00e9 pour mon fils de 10 mois \ud83e\udd70 <a title=\"activite\" target=\"_blank\" href=\"https:\/\/www.tiktok.com\/tag\/activite?refer=embed\">#activite<\/a> <a title=\"activity\" target=\"_blank\" href=\"https:\/\/www.tiktok.com\/tag\/activity?refer=embed\">#activity<\/a> <a title=\"bebe\" target=\"_blank\" href=\"https:\/\/www.tiktok.com\/tag\/bebe?refer=embed\">#bebe<\/a> <a title=\"motricite\" target=\"_blank\" href=\"https:\/\/www.tiktok.com\/tag\/motricite?refer=embed\">#motricite<\/a> <a title=\"motricitefine\" target=\"_blank\" href=\"https:\/\/www.tiktok.com\/tag\/motricitefine?refer=embed\">#motricitefine<\/a> <a title=\"postit\" target=\"_blank\" href=\"https:\/\/www.tiktok.com\/tag\/postit?refer=embed\">#postit<\/a> <\/p> <a target=\"_blank\" title=\"\u266c I Can Feel It (Christmas Instrumental) - Nick Sena and Danny Echevarria\" href=\"https:\/\/www.tiktok.com\/music\/I-Can-Feel-It-Christmas-Instrumental-6777559167281399809?refer=embed\">\u266c I Can Feel It (Christmas Instrumental) &#8211; Nick Sena and Danny Echevarria<\/a> <\/section> <\/blockquote> <script async src=\"https:\/\/www.tiktok.com\/embed.js\"><\/script>\n<\/div><\/figure>\n\n\n\n<h2 class=\"wp-block-heading\">Pourquoi la position debout est importante et comment elle pr\u00e9pare \u00e0 la marche&nbsp;?<\/h2>\n\n\n\n<p>Se mettre debout est une \u00e9tape cl\u00e9&nbsp;: b\u00e9b\u00e9 apprend d\u2019abord \u00e0 prendre appui pour s\u2019\u00e9lever, puis, un peu plus tard, \u00e0 se redresser seul, m\u00eame au milieu d\u2019une pi\u00e8ce. Ces \u00e9tapes renforcent sa confiance en lui et pr\u00e9parent naturellement l\u2019arriv\u00e9e de la marche.<br><\/p>\n\n\n\n<p>Une fois la position debout ma\u00eetris\u00e9e, beaucoup d\u2019enfants d\u00e9couvrent le \u00ab&nbsp;cabotage&nbsp;\u00bb&nbsp;: ils se d\u00e9placent lat\u00e9ralement en s\u2019appuyant sur les meubles ou les objets qui les entourent. Cette phase de transition leur permet de travailler \u00e9quilibre, coordination et assurance, avant de l\u00e2cher prise et de marcher en toute autonomie sans aide ext\u00e9rieure.<br><\/p>\n\n\n\n<p>Et comme dit le proverbe&nbsp;:&nbsp;\u00ab&nbsp;Rien ne sert de courir, il faut partir \u00e0 point&nbsp;\u00bb&nbsp;\ud83d\ude09<\/p>\n\n\n\n<h2 class=\"wp-block-heading\">FAQ&nbsp;: Vos questions de parents sur l\u2019acquisition de la position debout chez un b\u00e9b\u00e9<\/h2>\n\n\n\n<h3 class=\"wp-block-heading\">Mon b\u00e9b\u00e9 se met debout \u00e0 l\u2019\u00e2ge de 7 mois, est-ce trop t\u00f4t&nbsp;?<\/h3>\n\n\n\n<p>Chaque b\u00e9b\u00e9 avance \u00e0 son rythme, il n\u2019y a pas de trop t\u00f4t ou trop tard mais le bon moment pour VOTRE enfant. Alors, si votre b\u00e9b\u00e9 se met debout tout seul \u00e0 7 mois c\u2019est qu\u2019il est pr\u00eat pour franchir cette \u00e9tape mais \u00e7a ne veut pas dire pour autant qu\u2019il marchera le mois suivant. En revanche, si c\u2019est vous qui mettez votre b\u00e9b\u00e9 debout (sans qu\u2019il sache le faire de sa propre initiative) c\u2019est le signe que c\u2019est peut \u00eatre encore un peu pr\u00e9matur\u00e9 pour lui. En effet, b\u00e9b\u00e9 risque de contracter fort ses jambes pour tenir debout. Au mieux, il arrivera \u00e0 fl\u00e9chir ses jambes pour s\u2019accroupir et revenir \u00e0 la position assise. Au pire, il se laissera tomber et l\u00e0 gare au gros bobo&nbsp;!<\/p>\n\n\n\n<h3 class=\"wp-block-heading\">Mon b\u00e9b\u00e9 a 1 an et ne se met pas encore debout, faut-il s\u2019inqui\u00e9ter&nbsp;?<\/h3>\n\n\n\n<p>La plupart des b\u00e9b\u00e9s se mettent debout entre 9 et 12 mois, mais certains le font un peu plus tard, parfois vers 15 mois. Certains b\u00e9b\u00e9s sont des petits malins&nbsp;: ils ma\u00eetrisent le 4 pattes avec une telle rapidit\u00e9, alors pourquoi chercher \u00e0 prendre de la hauteur&nbsp;? Plut\u00f4t que de regarder seulement le crit\u00e8re \u00e2ge, il est tout aussi important de regarder si les pr\u00e9c\u00e9dentes \u00e9tapes motrices sont bien acquises&nbsp;: se retourner, ramper, s\u2019asseoir, se d\u00e9placer \u00e0 quatre pattes. Les \u00e9tapes de motricit\u00e9 qui pr\u00e9c\u00e8dent la marche sont les \u00ab&nbsp;fondations&nbsp;\u00bb indispensables avant de prendre de la hauteur. Elles sont n\u00e9cessaires pour bien se d\u00e9velopper et \u00eatre \u00e0 l\u2019aise avec son corps. Alors au moindre doute concernant l\u2019\u00e9volution de votre b\u00e9b\u00e9, parlez-en \u00e0 votre m\u00e9decin. Enfin, les enfants ne d\u00e9veloppent pas tout au m\u00eame moment. D\u2019un enfant \u00e0 l\u2019autre, cela est tr\u00e8s variable&nbsp;: pour certains priorit\u00e9 \u00e0 la motricit\u00e9 globale alors que pour d\u2019autres la parole sera plus avanc\u00e9e que la marche par exemple.<\/p>\n\n\n\n<h3 class=\"wp-block-heading\">Est-ce qu\u2019il faut utiliser un trotteur pour aider mon b\u00e9b\u00e9 \u00e0 se mettre debout&nbsp;?<\/h3>\n\n\n\n<p>Tous les professionnels de sant\u00e9 et de la petite enfance sont unanimes&nbsp;: stop \u00e0 l\u2019utilisation du trotteur&nbsp;! En effet, lorsque b\u00e9b\u00e9 est install\u00e9 dans un trotteur, il n&#8217;a aucune sensation du poids de son corps sur ses jambes et il ne travaille pas son \u00e9quilibre puisqu\u2019il est retenu par une sorte de harnais. B\u00e9b\u00e9 risque aussi de se d\u00e9placer sur la pointe des pieds (alors que debout son pied est bien enti\u00e8rement en contact avec le sol, tr\u00e8s important pour l\u2019\u00e9tape suivante&nbsp;: la marche, qui n\u00e9cessite de d\u00e9rouler le pied du talon aux orteils). Enfin, il y a un risque pour sa s\u00e9curit\u00e9. B\u00e9b\u00e9 peut \u00eatre entra\u00een\u00e9 malgr\u00e9 lui par la vitesse du trotteur (qu\u2019il est incapable de ma\u00eetriser tout seul).<\/p>\n\n\n\n<h5 class=\"wp-block-heading\">En bref<\/h5>\n\n\n\n<ul class=\"wp-block-list\">\n<li>On ne met pas un b\u00e9b\u00e9 en position debout, on le laisse acqu\u00e9rir cette position par lui-m\u00eame gr\u00e2ce \u00e0 la motricit\u00e9 libre et surtout on le laisse le plus souvent et le plus longtemps possible pieds nus.<\/li>\n\n\n\n<li>On cr\u00e9e un environnement stable et s\u00e9curis\u00e9 autour de b\u00e9b\u00e9 pour lui donner envie de s&#8217;agripper et de se hisser sur ses jambes.<\/li>\n\n\n\n<li>Si b\u00e9b\u00e9 tarde \u00e0 franchir cette \u00e9tape, parlez-en \u00e0 votre m\u00e9decin et proposez-lui en parall\u00e8le des petits exercices sur un tapis de motricit\u00e9 pour muscler son tronc et pour qu\u2019il prenne bien conscience des limites de son corps.<\/li>\n<\/ul>\n\n\n\n<h5 class=\"wp-block-heading\">Nos articles sur la m\u00eame th\u00e9matique<\/h5>\n\n\n\n<ul class=\"wp-block-list\">\n<li><a href=\"https:\/\/leblog.wesco.fr\/fr\/pourquoi-il-ne-faut-pas-mettre-trop-tot-bebe-en-position-assise\/\">Pourquoi il ne faut pas mettre trop t\u00f4t B\u00e9b\u00e9 en position assise ?<\/a><\/li>\n\n\n\n<li><a href=\"https:\/\/leblog.wesco.fr\/fr\/le-4-pattes-chez-bebe-une-etape-cle-pour-son-developpement-moteur\/\">Le 4 pattes chez b\u00e9b\u00e9 : une \u00e9tape cl\u00e9 pour son d\u00e9veloppement moteur<\/a><\/li>\n\n\n\n<li><a href=\"https:\/\/leblog.wesco.fr\/fr\/a-quel-age-marche-un-bebe\/\">\u00c0 quel \u00e2ge marche un b\u00e9b\u00e9 ?<\/a><\/li>\n\n\n\n<li><a href=\"https:\/\/leblog.wesco.fr\/fr\/un-guide-deveil-pour-conseiller-les-parents-de-bebes-de-0-a-24-mois\/\">Un guide d\u2019\u00e9veil pour conseiller les parents de b\u00e9b\u00e9s de 0 \u00e0 24 mois<\/a><\/li>\n<\/ul>\n\n\n\n<h5 class=\"wp-block-heading\">Pour aller plus loin<\/h5>\n\n\n\n<ul class=\"wp-block-list\">\n<li><a href=\"https:\/\/www.1000-premiers-jours.fr\/fr\/les-etapes-du-developpement-de-bebe\" target=\"_blank\" rel=\"noreferrer noopener\">1000 premiers jours : les \u00e9tapes de d\u00e9veloppement de b\u00e9b\u00e9<\/a><\/li>\n\n\n\n<li><a href=\"https:\/\/naitreetgrandir.com\/fr\/etape\/0_12_mois\/fiches-activites\/jeux\/lg-naitre-grandir-se-tenir-debout-bouger\/\" target=\"_blank\" rel=\"noreferrer noopener\">Se tenir debout et bouger<\/a><\/li>\n\n\n\n<li><a href=\"https:\/\/www.youtube.com\/watch?v=amm5VItKrYE\" target=\"_blank\" rel=\"noreferrer noopener\">Comment vient la marche aux b\u00e9b\u00e9s ? &#8211; La Maison des Maternelles<\/a><\/li>\n<\/ul>\n","protected":false},"excerpt":{"rendered":"<p>Entre le quatre pattes et la marche, une \u00e9tape cl\u00e9 attend b\u00e9b\u00e9&nbsp;: la position debout. C\u2019est le moment o\u00f9 il apprend \u00e0 se verticaliser, \u00e0 travailler son \u00e9quilibre et \u00e0 d\u00e9couvrir le monde sous un nouvel angle. Mais \u00e0 quel \u00e2ge un b\u00e9b\u00e9 se met-il debout&nbsp;? Et comment l\u2019accompagner dans cette grande \u00e9tape du d\u00e9veloppement moteur&nbsp;? On vous guide avec des rep\u00e8res cl\u00e9s et des conseils \u00e0 mettre en place au quotidien \u00e0 la maison. Quelles sont les \u00e9tapes avant de se mettre debout&nbsp;? De la position allong\u00e9e \u00e0 debout sur ses deux petits pieds Avant de r\u00e9ussir \u00e0 se mettre debout tout seul, B\u00e9b\u00e9 passera successivement par les \u00e9tapes suivantes&nbsp;: Pourquoi ces \u00e9tapes sont les fondations de la position debout et plus tard de la marche&nbsp;? Les diff\u00e9rentes \u00e9tapes ci-dessus ont pour r\u00f4le de [&hellip;]<\/p>\n","protected":false},"author":12,"featured_media":131642,"comment_status":"open","ping_status":"open","sticky":false,"template":"","format":"standard","meta":{"_lmt_disableupdate":"","_lmt_disable":"","episode_type":"","audio_file":"","podmotor_file_id":"","podmotor_episode_id":"","cover_image":"","cover_image_id":"","duration":"","filesize":"","filesize_raw":"","date_recorded":"","explicit":"","block":"","itunes_episode_number":"","itunes_title":"","itunes_season_number":"","itunes_episode_type":"","footnotes":""},"categories":[62],"tags":[16,28,38,95,48,49,54],"class_list":["post-131640","post","type-post","status-publish","format-standard","has-post-thumbnail","hentry","category-eveil-et-apprentissage","tag-0-12-mois","tag-autonomie","tag-eveil","tag-motricite-des-petits","tag-motricite-globale","tag-motricite-libre","tag-periodes-sensibles-montessori"],"yoast_head":"<!-- This site is optimized with the Yoast SEO plugin v27.5 - https:\/\/yoast.com\/product\/yoast-seo-wordpress\/ -->\n<title>Motricit\u00e9 globale : \u00e0 quel \u00e2ge b\u00e9b\u00e9 se met debout ? - Le Blog Wesco<\/title>\n<meta name=\"description\" content=\"Entre le quatre pattes et la marche, b\u00e9b\u00e9 apprend \u00e0 se mettre debout. D\u00e9couvrez \u00e0 quel \u00e2ge et comment l\u2019encourager tout en respectant son rythme.\" \/>\n<meta name=\"robots\" content=\"index, follow, max-snippet:-1, max-image-preview:large, max-video-preview:-1\" \/>\n<link rel=\"canonical\" href=\"https:\/\/leblog.wesco.fr\/fr\/a-partir-de-quel-age-un-bebe-se-met-debout\/\" \/>\n<meta property=\"og:locale\" content=\"fr_FR\" \/>\n<meta property=\"og:type\" content=\"article\" \/>\n<meta property=\"og:title\" content=\"Motricit\u00e9 globale : \u00e0 quel \u00e2ge b\u00e9b\u00e9 se met debout ? - Le Blog Wesco\" \/>\n<meta property=\"og:description\" content=\"Entre le quatre pattes et la marche, b\u00e9b\u00e9 apprend \u00e0 se mettre debout. D\u00e9couvrez \u00e0 quel \u00e2ge et comment l\u2019encourager tout en respectant son rythme.\" \/>\n<meta property=\"og:url\" content=\"https:\/\/leblog.wesco.fr\/fr\/a-partir-de-quel-age-un-bebe-se-met-debout\/\" \/>\n<meta property=\"og:site_name\" content=\"Blog Wesco\" \/>\n<meta property=\"article:published_time\" content=\"2025-09-19T07:00:00+00:00\" \/>\n<meta property=\"article:modified_time\" content=\"2025-11-21T13:01:47+00:00\" \/>\n<meta property=\"og:image\" content=\"https:\/\/leblog.wesco.fr\/fr\/wp-content\/uploads\/2025\/09\/position-debout.jpg\" \/>\n\t<meta property=\"og:image:width\" content=\"1600\" \/>\n\t<meta property=\"og:image:height\" content=\"800\" \/>\n\t<meta property=\"og:image:type\" content=\"image\/jpeg\" \/>\n<meta name=\"author\" content=\"Adeline Glotin\" \/>\n<meta name=\"twitter:card\" content=\"summary_large_image\" \/>\n<meta name=\"twitter:label1\" content=\"\u00c9crit par\" \/>\n\t<meta name=\"twitter:data1\" content=\"Adeline Glotin\" \/>\n\t<meta name=\"twitter:label2\" content=\"Dur\u00e9e de lecture estim\u00e9e\" \/>\n\t<meta name=\"twitter:data2\" content=\"10 minutes\" \/>\n<!-- \/ Yoast SEO plugin. -->","yoast_head_json":{"title":"Motricit\u00e9 globale : \u00e0 quel \u00e2ge b\u00e9b\u00e9 se met debout ? - Le Blog Wesco","description":"Entre le quatre pattes et la marche, b\u00e9b\u00e9 apprend \u00e0 se mettre debout. D\u00e9couvrez \u00e0 quel \u00e2ge et comment l\u2019encourager tout en respectant son rythme.","robots":{"index":"index","follow":"follow","max-snippet":"max-snippet:-1","max-image-preview":"max-image-preview:large","max-video-preview":"max-video-preview:-1"},"canonical":"https:\/\/leblog.wesco.fr\/fr\/a-partir-de-quel-age-un-bebe-se-met-debout\/","og_locale":"fr_FR","og_type":"article","og_title":"Motricit\u00e9 globale : \u00e0 quel \u00e2ge b\u00e9b\u00e9 se met debout ? - Le Blog Wesco","og_description":"Entre le quatre pattes et la marche, b\u00e9b\u00e9 apprend \u00e0 se mettre debout. D\u00e9couvrez \u00e0 quel \u00e2ge et comment l\u2019encourager tout en respectant son rythme.","og_url":"https:\/\/leblog.wesco.fr\/fr\/a-partir-de-quel-age-un-bebe-se-met-debout\/","og_site_name":"Blog Wesco","article_published_time":"2025-09-19T07:00:00+00:00","article_modified_time":"2025-11-21T13:01:47+00:00","og_image":[{"width":1600,"height":800,"url":"https:\/\/leblog.wesco.fr\/fr\/wp-content\/uploads\/2025\/09\/position-debout.jpg","type":"image\/jpeg"}],"author":"Adeline Glotin","twitter_card":"summary_large_image","twitter_misc":{"\u00c9crit par":"Adeline Glotin","Dur\u00e9e de lecture estim\u00e9e":"10 minutes"},"schema":{"@context":"https:\/\/schema.org","@graph":[{"@type":"Article","@id":"https:\/\/leblog.wesco.fr\/fr\/a-partir-de-quel-age-un-bebe-se-met-debout\/#article","isPartOf":{"@id":"https:\/\/leblog.wesco.fr\/fr\/a-partir-de-quel-age-un-bebe-se-met-debout\/"},"author":{"name":"Adeline Glotin","@id":"https:\/\/leblog.wesco.fr\/fr\/#\/schema\/person\/5b3ee9a8dc2fd893039f49523cc60222"},"headline":"\u00c0 partir de quel \u00e2ge un b\u00e9b\u00e9 se met debout ?","datePublished":"2025-09-19T07:00:00+00:00","dateModified":"2025-11-21T13:01:47+00:00","mainEntityOfPage":{"@id":"https:\/\/leblog.wesco.fr\/fr\/a-partir-de-quel-age-un-bebe-se-met-debout\/"},"wordCount":2019,"commentCount":0,"image":{"@id":"https:\/\/leblog.wesco.fr\/fr\/a-partir-de-quel-age-un-bebe-se-met-debout\/#primaryimage"},"thumbnailUrl":"https:\/\/leblog.wesco.fr\/fr\/wp-content\/uploads\/2025\/09\/position-debout.jpg","keywords":["0\/12 mois","Autonomie","\u00c9veil","Motricit\u00e9 des petits","Motricit\u00e9 globale","Motricit\u00e9 libre","P\u00e9riodes sensibles Montessori"],"articleSection":["\u00c9veil &amp; apprentissage"],"inLanguage":"fr-FR","potentialAction":[{"@type":"CommentAction","name":"Comment","target":["https:\/\/leblog.wesco.fr\/fr\/a-partir-de-quel-age-un-bebe-se-met-debout\/#respond"]}]},{"@type":"WebPage","@id":"https:\/\/leblog.wesco.fr\/fr\/a-partir-de-quel-age-un-bebe-se-met-debout\/","url":"https:\/\/leblog.wesco.fr\/fr\/a-partir-de-quel-age-un-bebe-se-met-debout\/","name":"Motricit\u00e9 globale : \u00e0 quel \u00e2ge b\u00e9b\u00e9 se met debout ? - Le Blog Wesco","isPartOf":{"@id":"https:\/\/leblog.wesco.fr\/fr\/#website"},"primaryImageOfPage":{"@id":"https:\/\/leblog.wesco.fr\/fr\/a-partir-de-quel-age-un-bebe-se-met-debout\/#primaryimage"},"image":{"@id":"https:\/\/leblog.wesco.fr\/fr\/a-partir-de-quel-age-un-bebe-se-met-debout\/#primaryimage"},"thumbnailUrl":"https:\/\/leblog.wesco.fr\/fr\/wp-content\/uploads\/2025\/09\/position-debout.jpg","datePublished":"2025-09-19T07:00:00+00:00","dateModified":"2025-11-21T13:01:47+00:00","author":{"@id":"https:\/\/leblog.wesco.fr\/fr\/#\/schema\/person\/5b3ee9a8dc2fd893039f49523cc60222"},"description":"Entre le quatre pattes et la marche, b\u00e9b\u00e9 apprend \u00e0 se mettre debout. D\u00e9couvrez \u00e0 quel \u00e2ge et comment l\u2019encourager tout en respectant son rythme.","breadcrumb":{"@id":"https:\/\/leblog.wesco.fr\/fr\/a-partir-de-quel-age-un-bebe-se-met-debout\/#breadcrumb"},"inLanguage":"fr-FR","potentialAction":[{"@type":"ReadAction","target":["https:\/\/leblog.wesco.fr\/fr\/a-partir-de-quel-age-un-bebe-se-met-debout\/"]}]},{"@type":"ImageObject","inLanguage":"fr-FR","@id":"https:\/\/leblog.wesco.fr\/fr\/a-partir-de-quel-age-un-bebe-se-met-debout\/#primaryimage","url":"https:\/\/leblog.wesco.fr\/fr\/wp-content\/uploads\/2025\/09\/position-debout.jpg","contentUrl":"https:\/\/leblog.wesco.fr\/fr\/wp-content\/uploads\/2025\/09\/position-debout.jpg","width":1600,"height":800,"caption":"b\u00e9b\u00e9 12 mois debout dans un salon en train de pousser un chariot de marche en bois wesco le blog wesco"},{"@type":"BreadcrumbList","@id":"https:\/\/leblog.wesco.fr\/fr\/a-partir-de-quel-age-un-bebe-se-met-debout\/#breadcrumb","itemListElement":[{"@type":"ListItem","position":1,"name":"Accueil","item":"https:\/\/leblog.wesco.fr\/fr\/"},{"@type":"ListItem","position":2,"name":"\u00c9veil &amp; apprentissage","item":"https:\/\/leblog.wesco.fr\/fr\/category\/eveil-et-apprentissage\/"},{"@type":"ListItem","position":3,"name":"\u00c0 partir de quel \u00e2ge un b\u00e9b\u00e9 se met debout ?"}]},{"@type":"WebSite","@id":"https:\/\/leblog.wesco.fr\/fr\/#website","url":"https:\/\/leblog.wesco.fr\/fr\/","name":"Blog Wesco","description":"Le rendez-vous des enfants, des parents et des professionnels","potentialAction":[{"@type":"SearchAction","target":{"@type":"EntryPoint","urlTemplate":"https:\/\/leblog.wesco.fr\/fr\/?s={search_term_string}"},"query-input":{"@type":"PropertyValueSpecification","valueRequired":true,"valueName":"search_term_string"}}],"inLanguage":"fr-FR"},{"@type":"Person","@id":"https:\/\/leblog.wesco.fr\/fr\/#\/schema\/person\/5b3ee9a8dc2fd893039f49523cc60222","name":"Adeline Glotin","url":"https:\/\/leblog.wesco.fr\/fr\/author\/amoriniere\/"}]}},"modified_by":"Adeline Glotin","_links":{"self":[{"href":"https:\/\/leblog.wesco.fr\/fr\/wp-json\/wp\/v2\/posts\/131640","targetHints":{"allow":["GET"]}}],"collection":[{"href":"https:\/\/leblog.wesco.fr\/fr\/wp-json\/wp\/v2\/posts"}],"about":[{"href":"https:\/\/leblog.wesco.fr\/fr\/wp-json\/wp\/v2\/types\/post"}],"author":[{"embeddable":true,"href":"https:\/\/leblog.wesco.fr\/fr\/wp-json\/wp\/v2\/users\/12"}],"replies":[{"embeddable":true,"href":"https:\/\/leblog.wesco.fr\/fr\/wp-json\/wp\/v2\/comments?post=131640"}],"version-history":[{"count":11,"href":"https:\/\/leblog.wesco.fr\/fr\/wp-json\/wp\/v2\/posts\/131640\/revisions"}],"predecessor-version":[{"id":131911,"href":"https:\/\/leblog.wesco.fr\/fr\/wp-json\/wp\/v2\/posts\/131640\/revisions\/131911"}],"wp:featuredmedia":[{"embeddable":true,"href":"https:\/\/leblog.wesco.fr\/fr\/wp-json\/wp\/v2\/media\/131642"}],"wp:attachment":[{"href":"https:\/\/leblog.wesco.fr\/fr\/wp-json\/wp\/v2\/media?parent=131640"}],"wp:term":[{"taxonomy":"category","embeddable":true,"href":"https:\/\/leblog.wesco.fr\/fr\/wp-json\/wp\/v2\/categories?post=131640"},{"taxonomy":"post_tag","embeddable":true,"href":"https:\/\/leblog.wesco.fr\/fr\/wp-json\/wp\/v2\/tags?post=131640"}],"curies":[{"name":"wp","href":"https:\/\/api.w.org\/{rel}","templated":true}]}}