{"id":131168,"date":"2025-06-06T09:00:00","date_gmt":"2025-06-06T07:00:00","guid":{"rendered":"https:\/\/leblog.wesco.fr\/fr\/?p=131168"},"modified":"2026-04-03T09:13:43","modified_gmt":"2026-04-03T07:13:43","slug":"quel-biberon-choisir-pour-mon-bebe","status":"publish","type":"post","link":"https:\/\/leblog.wesco.fr\/fr\/quel-biberon-choisir-pour-mon-bebe\/","title":{"rendered":"Quel biberon choisir pour mon b\u00e9b\u00e9 ?"},"content":{"rendered":"\n<div class=\"wp-block-ideabox-toc ib-block-toc\" data-anchors='h2' data-collapsable='true' ><div class=\"ib-toc-container ib-toc-list-style-numbers ib-toc-hierarchical ib-toc-expanded\"><div class=\"ib-toc-header\"><div class=\"ib-toc-header-title\">Sommaire<\/div><div class=\"ib-toc-header-right\"><span class=\"ib-toc-icon-collapse\"><span class=\"dashicon dashicons dashicons-minus\"><\/span><\/span><span class=\"ib-toc-icon-expand\"><span class=\"dashicon dashicons dashicons-plus\"><\/span><\/span><\/div><\/div><div class=\"ib-toc-separator\" style=\"height:2px\"><\/div><div class=\"ib-toc-body\"><ol class=\"ib-toc-anchors\"><\/ol><\/div><\/div><\/div>\n\n\n\n<p>Popularis\u00e9 au XIX\u00e8me si\u00e8cle, le biberon a boulevers\u00e9 la mani\u00e8re de nourrir les b\u00e9b\u00e9s. Loin de nous l\u2019id\u00e9e d\u2019alimenter le d\u00e9bat entre <a href=\"https:\/\/leblog.wesco.fr\/fr\/lallaitement-ca-coule-de-source\/\">allaitement au sein<\/a> et allaitement au biberon, nous pr\u00f4nons plut\u00f4t la <strong>libert\u00e9 du choix de chaque famille<\/strong> dans le respect et la bienveillance. La parentalit\u00e9 est d\u00e9j\u00e0 suffisamment expos\u00e9e aux injonctions et \u00e0 la course \u00e0 la r\u00e9ussite. Alors, nous rappelons que chaque b\u00e9b\u00e9 est unique, chaque parent fait de son mieux et nourrir son b\u00e9b\u00e9 doit rester un moment de qui\u00e9tude, non de crispation. Vous attendez un heureux \u00e9v\u00e8nement et vous \u00eates perdu face \u00e0 la diversit\u00e9 des biberons sur le march\u00e9&nbsp;? Ou vous cherchez un biberon pour un allaitement mixte&nbsp;? On vous propose un <strong>guide complet pour savoir quel biberon choisir <\/strong>et vous aider \u00e0 faire le bon choix&nbsp;: crit\u00e8res de s\u00e9lection et comparatif produits.<\/p>\n\n\n\n<h2 class=\"wp-block-heading\">Comment choisir un biberon&nbsp;? <\/h2>\n\n\n\n<p>Tous les biberons remplissent la m\u00eame fonction&nbsp;: nourrir b\u00e9b\u00e9. Pour autant, dans les faits, tous ne pr\u00e9sentent pas les m\u00eames caract\u00e9ristiques techniques ni la m\u00eame ergonomie. Alors, avant de passer en revue diff\u00e9rents mod\u00e8les de <a href=\"https:\/\/www.wesco.fr\/puericulture\/repas\/biberons-et-accessoires.html\" target=\"_blank\" rel=\"noreferrer noopener\">biberons disponibles<\/a>, arr\u00eatons-nous d\u2019abord sur les principales caract\u00e9ristiques \u00e0 prendre en compte pour choisir un biberon.<\/p>\n\n\n\n<h3 class=\"wp-block-heading\">Les diff\u00e9rentes formes de biberons<\/h3>\n\n\n\n<p>Parmi les formes les plus connues de biberons, on trouve&nbsp;: <\/p>\n\n\n\n<h4 class=\"wp-block-heading\">Le biberon ergonomique <\/h4>\n\n\n\n<figure class=\"wp-block-image size-medium\"><img loading=\"lazy\" decoding=\"async\" width=\"300\" height=\"300\" src=\"https:\/\/leblog.wesco.fr\/fr\/wp-content\/uploads\/2025\/06\/Biberons_01-300x300.png\" alt=\"illustration biberon ergonomique le blog wesco\" class=\"wp-image-131290\" srcset=\"https:\/\/leblog.wesco.fr\/fr\/wp-content\/uploads\/2025\/06\/Biberons_01-300x300.png 300w, https:\/\/leblog.wesco.fr\/fr\/wp-content\/uploads\/2025\/06\/Biberons_01-150x150.png 150w, https:\/\/leblog.wesco.fr\/fr\/wp-content\/uploads\/2025\/06\/Biberons_01-80x80.png 80w, https:\/\/leblog.wesco.fr\/fr\/wp-content\/uploads\/2025\/06\/Biberons_01.png 746w\" sizes=\"auto, (max-width: 300px) 100vw, 300px\" \/><\/figure>\n\n\n\n<p>Avec une forme triangulaire ou resserr\u00e9e au centre, le biberon ergonomique est appr\u00e9ci\u00e9 pour <strong>sa prise en main facile<\/strong> pour le parent et plus tard pour que l\u2019enfant puisse prendre son biberon en toute autonomie. Souvent avec un col large, les biberons ergonomiques sont r\u00e9put\u00e9s pour leur praticit\u00e9 d\u2019usage (facile d\u2019y verser la poudre de lait sans risquer d\u2019en mettre partout \u00e0 c\u00f4t\u00e9).<\/p>\n\n\n\n<h4 class=\"wp-block-heading\">Le biberon cylindrique<\/h4>\n\n\n\n<figure class=\"wp-block-image size-medium\"><img loading=\"lazy\" decoding=\"async\" width=\"300\" height=\"300\" src=\"https:\/\/leblog.wesco.fr\/fr\/wp-content\/uploads\/2025\/06\/Biberons-03-300x300.png\" alt=\"illustration biberon cylindrique le blog wesco\" class=\"wp-image-131294\" srcset=\"https:\/\/leblog.wesco.fr\/fr\/wp-content\/uploads\/2025\/06\/Biberons-03-300x300.png 300w, https:\/\/leblog.wesco.fr\/fr\/wp-content\/uploads\/2025\/06\/Biberons-03-150x150.png 150w, https:\/\/leblog.wesco.fr\/fr\/wp-content\/uploads\/2025\/06\/Biberons-03-80x80.png 80w, https:\/\/leblog.wesco.fr\/fr\/wp-content\/uploads\/2025\/06\/Biberons-03.png 747w\" sizes=\"auto, (max-width: 300px) 100vw, 300px\" \/><\/figure>\n\n\n\n<p>C\u2019est la forme la plus classique et intemporelle. Le biberon cylindrique est <strong>facile \u00e0 nettoyer<\/strong> et compatible avec la majorit\u00e9 des chauffe-biberons. Seul b\u00e9mol, certains mod\u00e8les cylindriques ont un col \u00e9troit ce qui demande plus de pr\u00e9cision au moment de verser la poudre de lait infantile.<\/p>\n\n\n\n<h4 class=\"wp-block-heading\">Le biberon coud\u00e9 ou en forme de S<\/h4>\n\n\n\n<figure class=\"wp-block-image size-medium\"><img loading=\"lazy\" decoding=\"async\" width=\"300\" height=\"300\" src=\"https:\/\/leblog.wesco.fr\/fr\/wp-content\/uploads\/2025\/06\/Biberons-02-300x300.png\" alt=\"illustration biberon coud\u00e9 en s le blog wesco\" class=\"wp-image-131292\" srcset=\"https:\/\/leblog.wesco.fr\/fr\/wp-content\/uploads\/2025\/06\/Biberons-02-300x300.png 300w, https:\/\/leblog.wesco.fr\/fr\/wp-content\/uploads\/2025\/06\/Biberons-02-150x150.png 150w, https:\/\/leblog.wesco.fr\/fr\/wp-content\/uploads\/2025\/06\/Biberons-02-80x80.png 80w, https:\/\/leblog.wesco.fr\/fr\/wp-content\/uploads\/2025\/06\/Biberons-02.png 746w\" sizes=\"auto, (max-width: 300px) 100vw, 300px\" \/><\/figure>\n\n\n\n<p>Plus rares et limit\u00e9s \u00e0 quelques marques bien pr\u00e9cises, ces biberons gr\u00e2ce \u00e0 leur conception sp\u00e9cifique, permettent d\u2019avoir <strong>la t\u00e9tine toujours remplie de lait<\/strong> et donc de limiter l\u2019ingestion d\u2019air par le b\u00e9b\u00e9. Ils peuvent \u00eatre une solution \u00e0 tester pour les b\u00e9b\u00e9s sujets aux coliques ou aux reflux.<\/p>\n\n\n\n<h4 class=\"wp-block-heading\">Le biberon avec valve anti-coliques<\/h4>\n\n\n\n<figure class=\"wp-block-image size-medium\"><img loading=\"lazy\" decoding=\"async\" width=\"300\" height=\"300\" src=\"https:\/\/leblog.wesco.fr\/fr\/wp-content\/uploads\/2025\/06\/Biberons-04-300x300.png\" alt=\"illustration biberon valve anti coliques le blog wesco\" class=\"wp-image-131295\" srcset=\"https:\/\/leblog.wesco.fr\/fr\/wp-content\/uploads\/2025\/06\/Biberons-04-300x300.png 300w, https:\/\/leblog.wesco.fr\/fr\/wp-content\/uploads\/2025\/06\/Biberons-04-150x150.png 150w, https:\/\/leblog.wesco.fr\/fr\/wp-content\/uploads\/2025\/06\/Biberons-04-80x80.png 80w, https:\/\/leblog.wesco.fr\/fr\/wp-content\/uploads\/2025\/06\/Biberons-04.png 748w\" sizes=\"auto, (max-width: 300px) 100vw, 300px\" \/><\/figure>\n\n\n\n<p>Certains biberons sont con\u00e7us avec des valves ou syst\u00e8mes anti-coliques pour \u00e9viter tout vide d\u2019air. Ces syst\u00e8mes anti-coliques peuvent se trouver directement \u00e0 l\u2019int\u00e9rieur du biberon, \u00e0 la <a href=\"https:\/\/www.wesco.fr\/gp70142745-biberon-en-polypropylene-easy-start-mam.html?queryID=1c8ad31a8974bd7c551fda6dedd459fd&amp;objectID=69703&amp;indexName=PRODUCTION_wesco_fr_products\" target=\"_blank\" rel=\"noreferrer noopener\">base<\/a> ou au niveau de la bague de serrage de la t\u00e9tine. Les biberons avec valves anti-coliques sont g\u00e9n\u00e9ralement tr\u00e8s performants mais requi\u00e8rent de <strong>bien respecter l\u2019assemblage<\/strong> des diff\u00e9rentes pi\u00e8ces (pour \u00e9viter toute fuite de lait) et n\u00e9cessitent un nettoyage plus minutieux de toutes les pi\u00e8ces.<\/p>\n\n\n\n<h3 class=\"wp-block-heading\">Des biberons de toutes les mati\u00e8res<\/h3>\n\n\n\n<p>La mati\u00e8re du biberon est \u00e9galement un crit\u00e8re qui peut orienter votre s\u00e9lection en fonction de vos besoins et de vos habitudes de vie. En effet, la mati\u00e8re influence le poids, la dur\u00e9e de vie et le confort d\u2019utilisation au quotidien. Pour vous aider \u00e0 choisir, voici les avantages et inconv\u00e9nients de chaque mati\u00e8re de biberon&nbsp;:<\/p>\n\n\n\n<h4 class=\"wp-block-heading\">Biberon en plastique<\/h4>\n\n\n\n<p>C\u2019est le mat\u00e9riau <strong>le plus courant<\/strong> avec un prix tr\u00e8s accessible pour les familles. Les biberons en plastique sont l\u00e9gers et incassables, un bon point lorsque b\u00e9b\u00e9 commence \u00e0 vouloir \u00eatre autonome. Avec le temps, le plastique peut se ternir et devenir l\u00e9g\u00e8rement perm\u00e9able, notamment \u00e0 cause de micro-rayures sur sa surface qui peuvent devenir des nids \u00e0 bact\u00e9ries (d\u00fbes au nettoyage avec un goupillon ou aux diff\u00e9rentes st\u00e9rilisations). En ce sens, le plastique est une mati\u00e8re moins durable que le verre ou l\u2019inox.<\/p>\n\n\n\n<p style=\"font-style:italic;font-weight:400\">\u00c0 noter&nbsp;: Depuis 2010, le bisph\u00e9nol A, une substance chimique identifi\u00e9e comme perturbateur endocrinien, est interdite dans tous les biberons en plastique.<\/p>\n\n\n\n<h4 class=\"wp-block-heading\">Biberon en verre<\/h4>\n\n\n\n<p>Le biberon en verre est un classique qui fait son retour en force ces derni\u00e8res ann\u00e9es. En effet, le verre est une <strong>mati\u00e8re durable, recyclable et tr\u00e8s hygi\u00e9nique<\/strong> (facile \u00e0 entretenir \u00e0 haute temp\u00e9rature, ne se colore pas et ne garde pas les odeurs). Le verre est le choix <strong>id\u00e9al pour les nouveaux-n\u00e9s<\/strong> mais peut \u00eatre moins adapt\u00e9 lorsque b\u00e9b\u00e9 grandit car il est plus lourd \u00e0 manipuler et risque de se casser en cas de choc au sol (pour r\u00e9pondre \u00e0 cette probl\u00e9matique, certains mod\u00e8les sont propos\u00e9s avec une protection en silicone).<\/p>\n\n\n\n<h4 class=\"wp-block-heading\">Biberon en inox<\/h4>\n\n\n\n<p><strong>Plus rare sur le march\u00e9,<\/strong> le biberon en inox ne d\u00e9m\u00e9rite pas pour autant. En effet, l\u2019inox pr\u00e9sente l\u2019avantage d\u2019\u00eatre l\u00e9ger, \u00e9cologique et ultra-r\u00e9sistant dans le temps. De plus, l\u2019inox assure un maintien prolong\u00e9 de la temp\u00e9rature, ce qui en fait un alli\u00e9 des familles qui ont la bougeotte et qui aiment barouder&nbsp;\ud83c\udfd4\ufe0f N\u00e9anmoins, l\u2019inox est opaque ce qui rend plus difficile la vision de la quantit\u00e9 de lait restante. Enfin, le biberon en inox repr\u00e9sente un petit investissement au d\u00e9part (son prix est plus \u00e9lev\u00e9 que le plastique par exemple).<\/p>\n\n\n\n<h4 class=\"wp-block-heading\">Biberon en silicone<\/h4>\n\n\n\n<p>Si vous pensiez que le silicone \u00e9tait r\u00e9serv\u00e9 uniquement aux t\u00e9tines\u2026 sachez qu\u2019il existe d\u00e9sormais sur le march\u00e9 des biberons presqu&#8217;enti\u00e8rement r\u00e9alis\u00e9s en silicone. Le silicone est doux au toucher, souple et tr\u00e8s l\u00e9ger ce qui en fait une mati\u00e8re plut\u00f4t chaleureuse et r\u00e9confortante. En revanche, le silicone est une mati\u00e8re qui peut se tacher dans le temps et \u00eatre moins r\u00e9sistante en comparaison avec le verre ou l\u2019inox (attention aux micro-rayures comme \u00e9voqu\u00e9 plus haut pour les biberons en plastique).<\/p>\n\n\n\n<h4 class=\"wp-block-heading\">\u00c0 retenir&nbsp;:<\/h4>\n\n\n\n<p>\ud83d\udc49 Si vous cherchez un biberon l\u00e9ger et \u00e9conomique, le plastique est une valeur s\u00fbre.<br>\ud83d\udc49 Si vous privil\u00e9giez l\u2019hygi\u00e8ne et la durabilit\u00e9, le verre ou l\u2019inox sont d\u2019excellents choix.<br>\ud83d\udc49 Et si vous \u00eates une famille qui croque la vie \u00e0 100 \u00e0 l&#8217;heure, l\u2019inox ou le silicone seront vos meilleurs alli\u00e9s dans tous vos d\u00e9placements.<br>\ud83d\udc49 Quelle que soit la mati\u00e8re choisie, nous vous conseillons d\u2019opter pour un <a href=\"https:\/\/www.wesco.fr\/61414171-chauffe-biberon-vapeur-miniland.html?queryID=d2827c8e0e8773062482717af242cde5&amp;objectID=27876&amp;indexName=PRODUCTION_wesco_fr_products\" target=\"_blank\" rel=\"noreferrer noopener\">chauffe biberon<\/a> ou le bain marie pour r\u00e9chauffer votre biberon. Le micro-ondes est \u00e0 proscrire car il n\u2019assure pas une chauffe homog\u00e8ne et pr\u00e9sente de trop grands risques de br\u00fblures. Certains mod\u00e8les de chauffe-biberon comme le <a href=\"https:\/\/www.wesco.fr\/of63968-chauffe-biberon-bib-expresso-beaba.html?queryID=d11569e0164e83a3419e7af477d3e54c&amp;objectID=33862&amp;indexName=PRODUCTION_wesco_fr_products\" target=\"_blank\" rel=\"noreferrer noopener\">Bib expresso<\/a> de Beaba, ont l\u2019avantage de s\u2019adapter \u00e0 toutes les formes et mati\u00e8res de biberons. V\u00e9rifiez TOUJOURS la temp\u00e9rature du biberon en d\u00e9posant quelques gouttes sur le dos de votre main avant de le donner \u00e0 votre b\u00e9b\u00e9.<\/p>\n\n\n\n<h3 class=\"wp-block-heading\">Quelle taille de biberon choisir&nbsp;?<\/h3>\n\n\n\n<p>En r\u00e8gle g\u00e9n\u00e9rale, les marques de biberons proposent 3 tailles :<\/p>\n\n\n\n<ul class=\"wp-block-list\">\n<li>Petit (contenance de 120 \u00e0 170ml environ)&nbsp;: id\u00e9al pour les premi\u00e8res semaines et peut servir de petit biberon d\u2019eau par la suite&nbsp;;<\/li>\n\n\n\n<li>Moyen (230 \u00e0 270ml)&nbsp;: pour les b\u00e9b\u00e9s g\u00e9n\u00e9ralement vers l\u2019\u00e2ge de 2 mois. C\u2019est le mod\u00e8le qui sert probablement le plus longtemps&nbsp;;<\/li>\n\n\n\n<li>Grand (320-330ml)&nbsp;: une fois la diversification alimentaire bien lanc\u00e9e, id\u00e9al lorsque b\u00e9b\u00e9 boit une quantit\u00e9 de lait plus importante (au petit-d\u00e9jeuner par exemple).<\/li>\n<\/ul>\n\n\n\n<p>Privil\u00e9giez toujours <strong>des biberons avec une graduation de 30ml en 30ml<\/strong> pour \u00eatre conforme au mode de pr\u00e9paration des laits infantiles (1 dose de lait infantile pour 30ml d\u2019eau).<\/p>\n\n\n\n<p>Chaque b\u00e9b\u00e9 a ses propres besoins. Les tailles de biberons et \u00e2ges sont bien \u00e9videmment donn\u00e9s \u00e0 titre indicatif. Certains b\u00e9b\u00e9s gloutons, \u00e0 l\u2019app\u00e9tit d\u00e9j\u00e0 bien aiguis\u00e9, passeront plus rapidement au biberon de taille moyenne. Quand d\u2019autres appr\u00e9cieront un petit format plus longtemps. Chacun avance \u00e0 son rythme&nbsp;\ud83e\udd70<\/p>\n\n\n\n<h3 class=\"wp-block-heading\">Et la t\u00e9tine dans tout \u00e7a&nbsp;?<\/h3>\n\n\n\n<p>Partie essentielle du biberon, la t\u00e9tine pr\u00e9sente elle aussi des caract\u00e9ristiques diff\u00e9rentes d\u2019une marque \u00e0 l\u2019autre&nbsp;:<\/p>\n\n\n\n<ul class=\"wp-block-list\">\n<li>D\u00e9bit lent, moyen, rapide voire avec un syst\u00e8me de vitesses (pour adapter le d\u00e9bit au fur et \u00e0 mesure de la prise du biberon et suivant la succion de b\u00e9b\u00e9). Si b\u00e9b\u00e9 s\u2019\u00e9nerve sur son biberon ou au contraire si le lait coule de sa bouche, pensez \u00e0 changer de d\u00e9bit de t\u00e9tine (d\u00e9bit plus rapide ou plus lent en fonction de l\u2019attitude de votre b\u00e9b\u00e9).<\/li>\n\n\n\n<li>En silicone (neutre et durable) ou en caoutchouc (tr\u00e8s souple donc peut \u00eatre id\u00e9ale pour les b\u00e9b\u00e9s avec des difficult\u00e9s de succion). En revanche, les t\u00e9tines en caoutchouc s\u2019usent plus vite et peuvent pr\u00e9senter un l\u00e9ger go\u00fbt d\u00e9plaisant pour b\u00e9b\u00e9.<\/li>\n\n\n\n<li>Forme plate, arrondie ou <a href=\"https:\/\/www.wesco.fr\/55186171-tetines-cols-larges-remond-4-mois-remond.html\" target=\"_blank\" rel=\"noreferrer noopener\">reproduisant la forme et la sensation du mamelon de la m\u00e8re<\/a> (ce qui peut \u00eatre une bonne option pour la transition allaitement au sein &#8211; allaitement mixte).<\/li>\n\n\n\n<li>Certaines t\u00e9tines sont con\u00e7ues avec une petite valve \u00e0 la base pour limiter l\u2019ingestion de l\u2019air et donc l\u2019apparition des coliques.<\/li>\n<\/ul>\n\n\n\n<p>Nous vous recommandons de toujours <strong>respecter l\u2019association t\u00e9tine et biberon d\u2019une seule et m\u00eame marque.<\/strong> D\u2019une part pour des raisons de s\u00e9curit\u00e9 et d\u2019autre part pour une praticit\u00e9 d\u2019usage (\u00e9viter tout risque de fuite par exemple).<\/p>\n\n\n\n<h2 class=\"wp-block-heading\">Combien de biberons acheter&nbsp;?<\/h2>\n\n\n\n<p>Si vous choisissez de donner le biberon d\u00e8s la naissance, vous aurez besoin de plusieurs biberons car au d\u00e9but les t\u00e9t\u00e9es sont tr\u00e8s rapproch\u00e9es. N\u00e9anmoins, il est difficile de savoir \u00e0 l\u2019avance le mod\u00e8le de biberon et de t\u00e9tine qui conviendra \u00e0 votre b\u00e9b\u00e9. Nous vous conseillons donc d\u2019en avoir 2 ou 3 grand maximum au d\u00e9marrage le temps de tester l\u2019acceptation par votre b\u00e9b\u00e9. Observez sa r\u00e9action, son confort pendant et apr\u00e8s la prise du biberon (digestion, coliques ou reflux). Adaptez aussi le d\u00e9bit de la t\u00e9tine en fonction de la succion de votre b\u00e9b\u00e9.<\/p>\n\n\n\n<h2 class=\"wp-block-heading\">Combien de temps garder un biberon&nbsp;?<\/h2>\n\n\n\n<p>En r\u00e8gle g\u00e9n\u00e9rale, un biberon dure longtemps et d\u2019autant plus si vous optez pour une mati\u00e8re durable comme le verre et l\u2019inox. Les biberons dans ces deux mati\u00e8res peuvent tr\u00e8s bien servir \u00e0 plusieurs enfants au sein d\u2019une fratrie. Seuls les signes d\u2019usure doivent vous interpeller et vous amener \u00e0 renouveler vos biberons. La pr\u00e9sence de micro-rayures, d\u2019\u00e9l\u00e9ments fissur\u00e9s\/\u00e9br\u00e9ch\u00e9s ou encore d\u2019un trou \u00e9largi dans une t\u00e9tine sont \u00e0 prendre en consid\u00e9ration imm\u00e9diatement pour garantir la s\u00e9curit\u00e9 et le confort de l\u2019enfant. Nous vous invitons \u00e0 toujours v\u00e9rifier les recommandations de la marque de biberon pour ce qui est du tri et du recyclage de certaines parties du biberon (notamment pour les biberons en verre et en inox). Enfin, si vos biberons sont encore en excellent \u00e9tat et que vous n\u2019en n\u2019avez plus besoin, pensez \u00e0 les proposer \u00e0 des associations caritatives qui les distribueront aupr\u00e8s de m\u00e8res et familles en situation de pr\u00e9carit\u00e9.<\/p>\n\n\n\n<h2 class=\"wp-block-heading\">Quel biberon choisir&nbsp;? D\u00e9couvrez notre s\u00e9lection<\/h2>\n\n\n\n<div class=\"wp-block-columns is-layout-flex wp-container-core-columns-is-layout-9d6595d7 wp-block-columns-is-layout-flex\">\n<div class=\"wp-block-column is-layout-flow wp-block-column-is-layout-flow\">\n<figure class=\"wp-block-image size-full\"><img loading=\"lazy\" decoding=\"async\" width=\"800\" height=\"600\" src=\"https:\/\/leblog.wesco.fr\/fr\/wp-content\/uploads\/2025\/05\/65690_c171_220906_pd.jpg\" alt=\"biberon en polypropyl\u00e8ne serenityplus nuk blog wesco\" class=\"wp-image-131176\" srcset=\"https:\/\/leblog.wesco.fr\/fr\/wp-content\/uploads\/2025\/05\/65690_c171_220906_pd.jpg 800w, https:\/\/leblog.wesco.fr\/fr\/wp-content\/uploads\/2025\/05\/65690_c171_220906_pd-300x225.jpg 300w, https:\/\/leblog.wesco.fr\/fr\/wp-content\/uploads\/2025\/05\/65690_c171_220906_pd-768x576.jpg 768w\" sizes=\"auto, (max-width: 800px) 100vw, 800px\" \/><\/figure>\n<\/div>\n\n\n\n<div class=\"wp-block-column is-layout-flow wp-block-column-is-layout-flow\">\n<h3 class=\"wp-block-heading\">BIBERON EN POLYPROPYL\u00c8NE SerenityPlus 150 ml<\/h3>\n\n\n\n<p>Ce biberon de la marque Nuk est tr\u00e8s facile d\u2019utilisation au quotidien&nbsp;: col large, forme cintr\u00e9e pour une prise en main facile, capuchon de protection hygi\u00e9nique, t\u00e9tine physiologique anti-coliques.<br>Le d\u00e9tail qui fait la diff\u00e9rence&nbsp;: t\u00e9moin thermosensible sur le biberon pour v\u00e9rifier d\u2019un coup d&#8217;\u0153il si le contenu du biberon est \u00e0 bonne temp\u00e9rature.<br>Fabriqu\u00e9 en&nbsp;: Europe<\/p>\n\n\n\n<div class=\"wp-block-buttons is-layout-flex wp-block-buttons-is-layout-flex\">\n<div class=\"wp-block-button\"><a class=\"wp-block-button__link wp-element-button\" href=\"https:\/\/www.wesco.fr\/65690171-biberon-en-polypropylene-serenityplus-150-ml-nuk.html?queryID=77664191ebf5dba04bea1f1cc7d767b9&amp;objectID=45944&amp;indexName=PRODUCTION_wesco_fr_products\" target=\"_blank\" rel=\"noreferrer noopener\">voir le biberon en plastique<\/a><\/div>\n<\/div>\n<\/div>\n<\/div>\n\n\n\n<div class=\"wp-block-columns is-layout-flex wp-container-core-columns-is-layout-9d6595d7 wp-block-columns-is-layout-flex\">\n<div class=\"wp-block-column is-layout-flow wp-block-column-is-layout-flow\">\n<figure class=\"wp-block-image size-full\"><img loading=\"lazy\" decoding=\"async\" width=\"800\" height=\"600\" src=\"https:\/\/leblog.wesco.fr\/fr\/wp-content\/uploads\/2025\/06\/34766_c001_241203_pd.jpg\" alt=\"biberon en verre col \u00e9troit marque remond blog wesco\" class=\"wp-image-131245\" srcset=\"https:\/\/leblog.wesco.fr\/fr\/wp-content\/uploads\/2025\/06\/34766_c001_241203_pd.jpg 800w, https:\/\/leblog.wesco.fr\/fr\/wp-content\/uploads\/2025\/06\/34766_c001_241203_pd-300x225.jpg 300w, https:\/\/leblog.wesco.fr\/fr\/wp-content\/uploads\/2025\/06\/34766_c001_241203_pd-768x576.jpg 768w\" sizes=\"auto, (max-width: 800px) 100vw, 800px\" \/><\/figure>\n<\/div>\n\n\n\n<div class=\"wp-block-column is-layout-flow wp-block-column-is-layout-flow\">\n<h3 class=\"wp-block-heading\">BIBERON EN VERRE COL \u00c9TROIT 240 ml<\/h3>\n\n\n\n<p>Remond est une marque de r\u00e9f\u00e9rence en mati\u00e8re de biberons aupr\u00e8s des professionnels de la petite enfance. Ce biberon est r\u00e9alis\u00e9 en verre borosilicate, une mati\u00e8re tr\u00e8s r\u00e9sistante et adapt\u00e9e \u00e0 une st\u00e9rilisation intensive.<br>Le d\u00e9tail qui fait la diff\u00e9rence&nbsp;: graduations ind\u00e9l\u00e9biles.<br>Fabriqu\u00e9 en&nbsp;: France<\/p>\n\n\n\n<div class=\"wp-block-buttons is-layout-flex wp-block-buttons-is-layout-flex\">\n<div class=\"wp-block-button\"><a class=\"wp-block-button__link wp-element-button\" href=\"https:\/\/www.wesco.fr\/gp397937-biberon-col-etroit-en-verre-remond.html?queryID=1d93045ddd4c32af4a8518d43e01dbc0&amp;objectID=24303&amp;indexName=PRODUCTION_wesco_fr_products\" target=\"_blank\" rel=\"noreferrer noopener\">voir le biberon en verre<\/a><\/div>\n<\/div>\n<\/div>\n<\/div>\n\n\n\n<div class=\"wp-block-columns is-layout-flex wp-container-core-columns-is-layout-9d6595d7 wp-block-columns-is-layout-flex\">\n<div class=\"wp-block-column is-layout-flow wp-block-column-is-layout-flow\">\n<figure class=\"wp-block-image size-full\"><img loading=\"lazy\" decoding=\"async\" width=\"800\" height=\"600\" src=\"https:\/\/leblog.wesco.fr\/fr\/wp-content\/uploads\/2025\/05\/70484_c171_240902_p.jpg\" alt=\"biberon en silicone ideal transition allaitement mixte marque suavinex blog wesco\" class=\"wp-image-131174\" srcset=\"https:\/\/leblog.wesco.fr\/fr\/wp-content\/uploads\/2025\/05\/70484_c171_240902_p.jpg 800w, https:\/\/leblog.wesco.fr\/fr\/wp-content\/uploads\/2025\/05\/70484_c171_240902_p-300x225.jpg 300w, https:\/\/leblog.wesco.fr\/fr\/wp-content\/uploads\/2025\/05\/70484_c171_240902_p-768x576.jpg 768w\" sizes=\"auto, (max-width: 800px) 100vw, 800px\" \/><\/figure>\n<\/div>\n\n\n\n<div class=\"wp-block-column is-layout-flow wp-block-column-is-layout-flow\">\n<h3 class=\"wp-block-heading\">SET BIBERON Z\u00c9RO Z\u00c9RO SUAVINEX<\/h3>\n\n\n\n<p>Imagin\u00e9 par Suavinex, ce biberon se distingue par son syst\u00e8me brevet\u00e9&nbsp;: \u00e0 l\u2019int\u00e9rieur du biberon se trouve une poche anti-colique qui se r\u00e9tracte et qui emp\u00eache l\u2019oxydation du lait maternel (l\u2019air ne peut pas circuler).<br>Le d\u00e9tail qui fait la diff\u00e9rence&nbsp;: la t\u00e9tine en silicone est tr\u00e8s douce et sa forme reproduit la forme, la longueur et la sensation du mamelon de la m\u00e8re. Id\u00e9ale pour un allaitement mixte.<br>Fabriqu\u00e9 en&nbsp;: Europe<\/p>\n\n\n\n<div class=\"wp-block-buttons is-layout-flex wp-block-buttons-is-layout-flex\">\n<div class=\"wp-block-button\"><a class=\"wp-block-button__link wp-element-button\" href=\"https:\/\/www.wesco.fr\/70484171-set-biberon-zero-zero-suavinex-suavinex.html\" target=\"_blank\" rel=\"noreferrer noopener\">voir le biberon plastique &amp; silicone<\/a><\/div>\n<\/div>\n<\/div>\n<\/div>\n\n\n\n<div class=\"wp-block-columns is-layout-flex wp-container-core-columns-is-layout-9d6595d7 wp-block-columns-is-layout-flex\">\n<div class=\"wp-block-column is-layout-flow wp-block-column-is-layout-flow\">\n<figure class=\"wp-block-image size-full\"><img loading=\"lazy\" decoding=\"async\" width=\"800\" height=\"600\" src=\"https:\/\/leblog.wesco.fr\/fr\/wp-content\/uploads\/2025\/05\/55677_c008_240702_pd.jpg\" alt=\"biberon en inox ideal pour les d\u00e9placements ext\u00e9rieurs marque pura blog wesco\" class=\"wp-image-131173\" srcset=\"https:\/\/leblog.wesco.fr\/fr\/wp-content\/uploads\/2025\/05\/55677_c008_240702_pd.jpg 800w, https:\/\/leblog.wesco.fr\/fr\/wp-content\/uploads\/2025\/05\/55677_c008_240702_pd-300x225.jpg 300w, https:\/\/leblog.wesco.fr\/fr\/wp-content\/uploads\/2025\/05\/55677_c008_240702_pd-768x576.jpg 768w\" sizes=\"auto, (max-width: 800px) 100vw, 800px\" \/><\/figure>\n<\/div>\n\n\n\n<div class=\"wp-block-column is-layout-flow wp-block-column-is-layout-flow\">\n<h3 class=\"wp-block-heading\">BIBERON INOX PURA Embout t\u00e9tine 325 ml<\/h3>\n\n\n\n<p>Le biberon en acier inoxydable Pura est fabriqu\u00e9 \u00e0 partir de m\u00e9tal recycl\u00e9 \u00e0 environ 60%. Il peut conserver le lait \u00e0 temp\u00e9rature pendant 6 heures. Les graduations \u00e0 l\u2019int\u00e9rieur permettent de mesurer si besoin la quantit\u00e9 de liquide. L\u2019inox ne passe pas au micro-onde mais si vous souhaitez r\u00e9chauffer ce biberon, placez-le quelques minutes dans de l\u2019eau chaude.<br>Le d\u00e9tail qui fait la diff\u00e9rence&nbsp;: ce biberon accompagnera votre enfant pour de longues ann\u00e9es. Il suffit de remplacer la t\u00e9tine par un <a href=\"https:\/\/www.wesco.fr\/71678101-becs-d-apprentissage-pura.html?queryID=280595c934387453a611d849fae5c05d&amp;objectID=63491&amp;indexName=PRODUCTION_wesco_fr_products\" target=\"_blank\" rel=\"noreferrer noopener\">bec d\u2019apprentissage<\/a>, une paille ou un <a href=\"https:\/\/www.wesco.fr\/of71677-bouchon-silicone-pura.html\" target=\"_blank\" rel=\"noreferrer noopener\">bouchon en silicone Pura<\/a>. R\u00e9sultat&nbsp;: un investissement plus on\u00e9reux au d\u00e9part mais particuli\u00e8rement durable dans le temps (pas de biberon inutilis\u00e9 et oubli\u00e9 au fond du placard au bout de quelques mois). De quoi concilier \u00e9cologie et \u00e9conomie&nbsp;!<\/p>\n\n\n\n<div class=\"wp-block-buttons is-layout-flex wp-block-buttons-is-layout-flex\">\n<div class=\"wp-block-button\"><a class=\"wp-block-button__link wp-element-button\" href=\"https:\/\/www.wesco.fr\/of55677-biberon-acier-pura-embout-tetine-325-ml.html?queryID=e509fb7867e4e8aa02454433ee459f53&amp;objectID=29028&amp;indexName=PRODUCTION_wesco_fr_products\" target=\"_blank\" rel=\"noreferrer noopener\">voir le biberon en inox<\/a><\/div>\n<\/div>\n<\/div>\n<\/div>\n\n\n\n<h4 class=\"wp-block-heading\">D&#8217;autres mod\u00e8les de biberons \u00e0 d\u00e9couvrir : <\/h4>\n\n\n\n<div class=\"wp-block-carousel-slider-slider\"><div class=\"carousel-slider-outer carousel-slider-outer-image-carousel carousel-slider-outer-131183\" style=\"--carousel-slider-nav-color:#f1f1f1;--carousel-slider-active-nav-color:rgb(0,0,0);--carousel-slider-arrow-size:48px;--carousel-slider-bullet-size:10px\">\n<div id=\"&#039;id-131183\" class=\"carousel-slider carousel-slider-131183 arrows-visibility-hover dots-visibility-never arrows-outside dots-center dots-circle owl-carousel\" data-slide-type=\"image-carousel\" data-owl-settings='{\"nav\":true,\"dots\":false,\"slideBy\":1,\"stagePadding\":0,\"margin\":10,\"loop\":false,\"lazyLoad\":false,\"autoplay\":true,\"autoplayTimeout\":5000,\"autoplaySpeed\":500,\"autoplayHoverPause\":true,\"autoWidth\":false,\"responsive\":{\"300\":{\"items\":1},\"576\":{\"items\":2},\"768\":{\"items\":2},\"1024\":{\"items\":3},\"1280\":{\"items\":4},\"1536\":{\"items\":5}}}'>\n<div class=\"carousel-slider__item\">\n\t<a href=\"https:\/\/www.wesco.fr\/gp70142745-biberon-en-polypropylene-easy-start-mam.html\" target=\"_blank\"><img loading=\"lazy\" decoding=\"async\" width=\"800\" height=\"600\" src=\"https:\/\/leblog.wesco.fr\/fr\/wp-content\/uploads\/2025\/05\/74540_c010_250918_p.jpg\" class=\"attachment-large size-large\" alt=\"biberon valve anticoliques marque MAM blog wesco\" srcset=\"https:\/\/leblog.wesco.fr\/fr\/wp-content\/uploads\/2025\/05\/74540_c010_250918_p.jpg 800w, https:\/\/leblog.wesco.fr\/fr\/wp-content\/uploads\/2025\/05\/74540_c010_250918_p-300x225.jpg 300w, https:\/\/leblog.wesco.fr\/fr\/wp-content\/uploads\/2025\/05\/74540_c010_250918_p-768x576.jpg 768w, https:\/\/leblog.wesco.fr\/fr\/wp-content\/uploads\/2025\/05\/74540_c010_250918_p-16x12.jpg 16w\" sizes=\"auto, (max-width: 800px) 100vw, 800px\" \/><div class=\"carousel-slider__caption\"><h4 class=\"title\">BIBERON EN POLYPROPYL\u00c8NE EASY START<\/h4><\/div><\/a><\/div>\n\n<div class=\"carousel-slider__item\">\n\t<a href=\"https:\/\/www.wesco.fr\/gp70142744-biberon-en-verre-mam.html\" target=\"_blank\"><img loading=\"lazy\" decoding=\"async\" width=\"800\" height=\"600\" src=\"https:\/\/leblog.wesco.fr\/fr\/wp-content\/uploads\/2025\/05\/74544_c066_250918_p.jpg\" class=\"attachment-large size-large\" alt=\"biberon verre marque MAM blog wesco\" srcset=\"https:\/\/leblog.wesco.fr\/fr\/wp-content\/uploads\/2025\/05\/74544_c066_250918_p.jpg 800w, https:\/\/leblog.wesco.fr\/fr\/wp-content\/uploads\/2025\/05\/74544_c066_250918_p-300x225.jpg 300w, https:\/\/leblog.wesco.fr\/fr\/wp-content\/uploads\/2025\/05\/74544_c066_250918_p-768x576.jpg 768w, https:\/\/leblog.wesco.fr\/fr\/wp-content\/uploads\/2025\/05\/74544_c066_250918_p-16x12.jpg 16w\" sizes=\"auto, (max-width: 800px) 100vw, 800px\" \/><div class=\"carousel-slider__caption\"><h4 class=\"title\">BIBERON EN VERRE<\/h4><\/div><\/a><\/div>\n\n<div class=\"carousel-slider__item\">\n\t<a href=\"https:\/\/www.wesco.fr\/63307171-biberon-en-verre-hevea-240-ml-hevea.html?queryID=00eea7ce9fa4d2c05922fcf50210f5fd&#038;objectID=35062&#038;indexName=PRODUCTION_wesco_fr_products\" target=\"_blank\"><img loading=\"lazy\" decoding=\"async\" width=\"800\" height=\"600\" src=\"https:\/\/leblog.wesco.fr\/fr\/wp-content\/uploads\/2025\/05\/63307_c171_210913_pd.jpg\" class=\"attachment-large size-large\" alt=\"lot 2 biberons en verre 240ml marque hevea tetine caoutchouc\" srcset=\"https:\/\/leblog.wesco.fr\/fr\/wp-content\/uploads\/2025\/05\/63307_c171_210913_pd.jpg 800w, https:\/\/leblog.wesco.fr\/fr\/wp-content\/uploads\/2025\/05\/63307_c171_210913_pd-300x225.jpg 300w, https:\/\/leblog.wesco.fr\/fr\/wp-content\/uploads\/2025\/05\/63307_c171_210913_pd-768x576.jpg 768w\" sizes=\"auto, (max-width: 800px) 100vw, 800px\" \/><div class=\"carousel-slider__caption\"><h4 class=\"title\">BIBERON EN VERRE H\u00c9V\u00c9A 240 ml<\/h4><\/div><\/a><\/div>\n\n<div class=\"carousel-slider__item\">\n\t<a href=\"https:\/\/www.wesco.fr\/of55678-biberon-inox-pura-embout-tetine-150-ml.html\" target=\"_blank\"><img loading=\"lazy\" decoding=\"async\" width=\"800\" height=\"600\" src=\"https:\/\/leblog.wesco.fr\/fr\/wp-content\/uploads\/2025\/05\/55678_c002_23116_pd.jpg\" class=\"attachment-large size-large\" alt=\"biberon en inox marque pura 150ml blog wesco\" srcset=\"https:\/\/leblog.wesco.fr\/fr\/wp-content\/uploads\/2025\/05\/55678_c002_23116_pd.jpg 800w, https:\/\/leblog.wesco.fr\/fr\/wp-content\/uploads\/2025\/05\/55678_c002_23116_pd-300x225.jpg 300w, https:\/\/leblog.wesco.fr\/fr\/wp-content\/uploads\/2025\/05\/55678_c002_23116_pd-768x576.jpg 768w\" sizes=\"auto, (max-width: 800px) 100vw, 800px\" \/><div class=\"carousel-slider__caption\"><h4 class=\"title\">BIBERON INOX PURA Embout t\u00e9tine 150 ml<\/h4><\/div><\/a><\/div>\n\n<div class=\"carousel-slider__item\">\n\t<a href=\"http:\/\/wesco.fr\/of55679-biberon-acier-pura-embout-bec-325-ml.html\" target=\"_blank\"><img loading=\"lazy\" decoding=\"async\" width=\"800\" height=\"600\" src=\"https:\/\/leblog.wesco.fr\/fr\/wp-content\/uploads\/2025\/05\/55679_c008_240702_pd.jpg\" class=\"attachment-large size-large\" alt=\"biberon en inox embout bec 325ml marque pura blog wesco\" srcset=\"https:\/\/leblog.wesco.fr\/fr\/wp-content\/uploads\/2025\/05\/55679_c008_240702_pd.jpg 800w, https:\/\/leblog.wesco.fr\/fr\/wp-content\/uploads\/2025\/05\/55679_c008_240702_pd-300x225.jpg 300w, https:\/\/leblog.wesco.fr\/fr\/wp-content\/uploads\/2025\/05\/55679_c008_240702_pd-768x576.jpg 768w\" sizes=\"auto, (max-width: 800px) 100vw, 800px\" \/><div class=\"carousel-slider__caption\"><h4 class=\"title\">BIBERON INOX PURA Embout bec 325 ml<\/h4><\/div><\/a><\/div>\n\n<div class=\"carousel-slider__item\">\n\t<a href=\"https:\/\/www.wesco.fr\/of69429-biberon-col-etroit-remond-120-ml-dodo-remond.html\" target=\"_blank\"><img loading=\"lazy\" decoding=\"async\" width=\"800\" height=\"600\" src=\"https:\/\/leblog.wesco.fr\/fr\/wp-content\/uploads\/2025\/05\/69429_c141_241203_pd.jpg\" class=\"attachment-large size-large\" alt=\"petit biberon 120ml en plastique bleu turquoise marque remond\" srcset=\"https:\/\/leblog.wesco.fr\/fr\/wp-content\/uploads\/2025\/05\/69429_c141_241203_pd.jpg 800w, https:\/\/leblog.wesco.fr\/fr\/wp-content\/uploads\/2025\/05\/69429_c141_241203_pd-300x225.jpg 300w, https:\/\/leblog.wesco.fr\/fr\/wp-content\/uploads\/2025\/05\/69429_c141_241203_pd-768x576.jpg 768w\" sizes=\"auto, (max-width: 800px) 100vw, 800px\" \/><div class=\"carousel-slider__caption\"><h4 class=\"title\">BIBERON EN POLYPROPYL\u00c8NE Dodo 120 ml<\/h4><\/div><\/a><\/div>\n\n<div class=\"carousel-slider__item\">\n\t<a href=\"https:\/\/www.wesco.fr\/53895129-biberon-en-verre-col-large-240-ml-remond.html\" target=\"_blank\"><img loading=\"lazy\" decoding=\"async\" width=\"800\" height=\"600\" src=\"https:\/\/leblog.wesco.fr\/fr\/wp-content\/uploads\/2025\/05\/53895_c129_241203_pd.jpg\" class=\"attachment-large size-large\" alt=\"biberon en verre 240ml col large marque remond blog wesco\" srcset=\"https:\/\/leblog.wesco.fr\/fr\/wp-content\/uploads\/2025\/05\/53895_c129_241203_pd.jpg 800w, https:\/\/leblog.wesco.fr\/fr\/wp-content\/uploads\/2025\/05\/53895_c129_241203_pd-300x225.jpg 300w, https:\/\/leblog.wesco.fr\/fr\/wp-content\/uploads\/2025\/05\/53895_c129_241203_pd-768x576.jpg 768w\" sizes=\"auto, (max-width: 800px) 100vw, 800px\" \/><div class=\"carousel-slider__caption\"><h4 class=\"title\">BIBERON EN VERRE COL LARGE 240 ml<\/h4><\/div><\/a><\/div>\n\n<div class=\"carousel-slider__item\">\n\t<a href=\"https:\/\/www.wesco.fr\/65667171-biberon-en-verre-serenityplus-240-ml-nuk.html\" target=\"_blank\"><img loading=\"lazy\" decoding=\"async\" width=\"800\" height=\"600\" src=\"https:\/\/leblog.wesco.fr\/fr\/wp-content\/uploads\/2025\/05\/65667_c171_220906_pd.jpg\" class=\"attachment-large size-large\" alt=\"biberon en verre 240ml gamme serenityplus marque nuk blog wesco\" srcset=\"https:\/\/leblog.wesco.fr\/fr\/wp-content\/uploads\/2025\/05\/65667_c171_220906_pd.jpg 800w, https:\/\/leblog.wesco.fr\/fr\/wp-content\/uploads\/2025\/05\/65667_c171_220906_pd-300x225.jpg 300w, https:\/\/leblog.wesco.fr\/fr\/wp-content\/uploads\/2025\/05\/65667_c171_220906_pd-768x576.jpg 768w\" sizes=\"auto, (max-width: 800px) 100vw, 800px\" \/><div class=\"carousel-slider__caption\"><h4 class=\"title\">BIBERON EN VERRE SerenityPlus 240 ml<\/h4><\/div><\/a><\/div>\n\n<div class=\"carousel-slider__item\">\n\t<a href=\"https:\/\/www.wesco.fr\/65692171-biberon-tasse-de-transition.html\" target=\"_blank\"><img loading=\"lazy\" decoding=\"async\" width=\"800\" height=\"600\" src=\"https:\/\/leblog.wesco.fr\/fr\/wp-content\/uploads\/2025\/05\/65692_c171_220906_pd.jpg\" class=\"attachment-large size-large\" alt=\"biberon tasse de transition en plastique avec bec marque tiges blog wesco\" srcset=\"https:\/\/leblog.wesco.fr\/fr\/wp-content\/uploads\/2025\/05\/65692_c171_220906_pd.jpg 800w, https:\/\/leblog.wesco.fr\/fr\/wp-content\/uploads\/2025\/05\/65692_c171_220906_pd-300x225.jpg 300w, https:\/\/leblog.wesco.fr\/fr\/wp-content\/uploads\/2025\/05\/65692_c171_220906_pd-768x576.jpg 768w\" sizes=\"auto, (max-width: 800px) 100vw, 800px\" \/><div class=\"carousel-slider__caption\"><h4 class=\"title\">BIBERON-TASSE DE TRANSITION<\/h4><\/div><\/a><\/div>\n\n<div class=\"carousel-slider__item\">\n\t<a href=\"https:\/\/www.wesco.fr\/of71855-tasse-inox-a-bec-180-ml-thermobaby.html\" target=\"_blank\"><img loading=\"lazy\" decoding=\"async\" width=\"800\" height=\"600\" src=\"https:\/\/leblog.wesco.fr\/fr\/wp-content\/uploads\/2025\/05\/71855_c129_241022_p.jpg\" class=\"attachment-large size-large\" alt=\"tasse en inox embout bec 180ml marque thermobaby parfait transition biberon\" srcset=\"https:\/\/leblog.wesco.fr\/fr\/wp-content\/uploads\/2025\/05\/71855_c129_241022_p.jpg 800w, https:\/\/leblog.wesco.fr\/fr\/wp-content\/uploads\/2025\/05\/71855_c129_241022_p-300x225.jpg 300w, https:\/\/leblog.wesco.fr\/fr\/wp-content\/uploads\/2025\/05\/71855_c129_241022_p-768x576.jpg 768w\" sizes=\"auto, (max-width: 800px) 100vw, 800px\" \/><div class=\"carousel-slider__caption\"><h4 class=\"title\">TASSE INOX \u00c0 BEC 180 ml<\/h4><\/div><\/a><\/div>\n\n<div class=\"carousel-slider__item\">\n\t<a href=\"https:\/\/www.wesco.fr\/of73854-tasse-inox-a-bec-avec-anse-240-ml-miniland.html\" target=\"_blank\"><img loading=\"lazy\" decoding=\"async\" width=\"800\" height=\"600\" src=\"https:\/\/leblog.wesco.fr\/fr\/wp-content\/uploads\/2025\/05\/73854_c129_250901_p.jpg\" class=\"attachment-large size-large\" alt=\"tasse inox a bec avec anse marque miniland blog wesco\" srcset=\"https:\/\/leblog.wesco.fr\/fr\/wp-content\/uploads\/2025\/05\/73854_c129_250901_p.jpg 800w, https:\/\/leblog.wesco.fr\/fr\/wp-content\/uploads\/2025\/05\/73854_c129_250901_p-300x225.jpg 300w, https:\/\/leblog.wesco.fr\/fr\/wp-content\/uploads\/2025\/05\/73854_c129_250901_p-768x576.jpg 768w, https:\/\/leblog.wesco.fr\/fr\/wp-content\/uploads\/2025\/05\/73854_c129_250901_p-16x12.jpg 16w\" sizes=\"auto, (max-width: 800px) 100vw, 800px\" \/><div class=\"carousel-slider__caption\"><h4 class=\"title\">TASSE INOX \u00c0 BEC AVEC ANSES<\/h4><\/div><\/a><\/div>\n\n<\/div><!-- .carousel-slider-131183 -->\n<\/div><!-- .carousel-slider-outer-131183 -->\n<\/div>\n\n\n\n<h5 class=\"wp-block-heading\">En bref<\/h5>\n\n\n\n<ul class=\"wp-block-list\">\n<li>Il n\u2019 y a pas de biberon id\u00e9al&nbsp;\ud83d\ude09 Le meilleur biberon est celui qui conviendra \u00e0 votre b\u00e9b\u00e9 (d\u00e9bit adapt\u00e9 \u00e0 sa succion, forme et contenance).<\/li>\n\n\n\n<li>Il faut parfois plusieurs tests pour trouver LE biberon.<\/li>\n\n\n\n<li>Pour garantir la durabilit\u00e9 et la s\u00e9curit\u00e9 alimentaire, une hygi\u00e8ne rigoureuse est recommand\u00e9e. Soyez attentifs \u00e0 bien respecter les recommandations officielles pour le nettoyage et le s\u00e9chage du biberon.<\/li>\n\n\n\n<li>V\u00e9rifiez r\u00e9guli\u00e8rement les diff\u00e9rents \u00e9l\u00e9ments du biberon pour vous assurer de sa s\u00e9curit\u00e9 (en particulier la t\u00e9tine).<\/li>\n\n\n\n<li>Pour toute question concernant l\u2019alimentation de votre enfant, un professionnel de sant\u00e9 reste toujours l\u2019interlocuteur \u00e0 privil\u00e9gier.<\/li>\n<\/ul>\n\n\n\n<figure class=\"wp-block-image size-large\"><a href=\"https:\/\/www.wesco.fr\/alimentation\/laits-infantiles-et-petits-dejeuners.html\" target=\"_blank\" rel=\" noreferrer noopener\"><img loading=\"lazy\" decoding=\"async\" width=\"1024\" height=\"288\" src=\"https:\/\/leblog.wesco.fr\/fr\/wp-content\/uploads\/2022\/03\/selection-alimentation-pub-1024x288.jpg\" alt=\"b\u00e9b\u00e9 avec biberon et retrouvez toute la gamme alimentation sur wesco.fr blog wesco\" class=\"wp-image-58042\" srcset=\"https:\/\/leblog.wesco.fr\/fr\/wp-content\/uploads\/2022\/03\/selection-alimentation-pub-1024x288.jpg 1024w, https:\/\/leblog.wesco.fr\/fr\/wp-content\/uploads\/2022\/03\/selection-alimentation-pub-300x84.jpg 300w, https:\/\/leblog.wesco.fr\/fr\/wp-content\/uploads\/2022\/03\/selection-alimentation-pub-768x216.jpg 768w, https:\/\/leblog.wesco.fr\/fr\/wp-content\/uploads\/2022\/03\/selection-alimentation-pub-1536x432.jpg 1536w, https:\/\/leblog.wesco.fr\/fr\/wp-content\/uploads\/2022\/03\/selection-alimentation-pub-1140x321.jpg 1140w, https:\/\/leblog.wesco.fr\/fr\/wp-content\/uploads\/2022\/03\/selection-alimentation-pub.jpg 1600w\" sizes=\"auto, (max-width: 1024px) 100vw, 1024px\" \/><\/a><\/figure>\n\n\n\n<figure class=\"wp-block-pullquote\"><blockquote><p>Le lait maternel est l\u2019aliment le plus adapt\u00e9 aux besoins sp\u00e9cifiques des nourrissons. C\u2019est pourquoi, l\u2019OMS encourage l\u2019allaitement maternel exclusif  pendant les 6 premiers mois de b\u00e9b\u00e9. Si vous ne pouvez ou ne souhaitez pas allaiter, nous vous recommandons de consulter un professionnel de sant\u00e9 qui saura vous accompagner.<\/p><cite><a href=\"https:\/\/www.who.int\/fr\/health-topics\/breastfeeding#tab=tab_2\" target=\"_blank\" rel=\"noreferrer noopener\">Organisation mondiale de la sant\u00e9<\/a><\/cite><\/blockquote><\/figure>\n\n\n\n<h5 class=\"wp-block-heading\">Nos articles sur la m\u00eame th\u00e9matique<\/h5>\n\n\n\n<ul class=\"wp-block-list\">\n<li><a href=\"https:\/\/leblog.wesco.fr\/fr\/bavoir-pour-bebe-lequel-choisir\/\">Bavoir pour b\u00e9b\u00e9, lequel choisir ?<\/a><\/li>\n\n\n\n<li><a href=\"https:\/\/leblog.wesco.fr\/fr\/comment-choisir-et-bien-utiliser-une-chaise-haute-pour-bebe\/\">Comment choisir et bien utiliser une chaise haute pour b\u00e9b\u00e9 ?<\/a><\/li>\n\n\n\n<li><a href=\"https:\/\/leblog.wesco.fr\/fr\/diversification-alimentaire-etape-par-etape\/\">Diversification alimentaire&nbsp;:&nbsp;\u00e9tape par \u00e9tape<\/a><\/li>\n\n\n\n<li><a href=\"https:\/\/leblog.wesco.fr\/fr\/comment-choisir-le-bon-tog-dune-gigoteuse\/\">Comment choisir le bon TOG d\u2019une gigoteuse ?<\/a><\/li>\n<\/ul>\n\n\n\n<h5 class=\"wp-block-heading\">Pour aller plus loin<\/h5>\n\n\n\n<ul class=\"wp-block-list\">\n<li><a href=\"https:\/\/www.lesprosdelapetiteenfance.fr\/article\/creches-comment-organiser-la-biberonnerie\/\" target=\"_blank\" rel=\"noreferrer noopener\">Cr\u00e8che : comment organiser la biberonnerie ?<\/a> <\/li>\n\n\n\n<li><a href=\"https:\/\/www.anses.fr\/fr\/system\/files\/MIC-Ra-BIB.pdf\" target=\"_blank\" rel=\"noreferrer noopener\">Recommandations d\u2019hygi\u00e8ne pour la pr\u00e9paration et la conservation des biberons<\/a><\/li>\n\n\n\n<li><a href=\"https:\/\/www.hcsp.fr\/Explore.cgi\/avisrapportsdomaine?clefr=984\" target=\"_blank\" rel=\"noreferrer noopener\">Recommandations pour la st\u00e9rilisation des biberons en \u00e9tablissement de sant\u00e9<\/a><\/li>\n<\/ul>\n","protected":false},"excerpt":{"rendered":"<p>Popularis\u00e9 au XIX\u00e8me si\u00e8cle, le biberon a boulevers\u00e9 la mani\u00e8re de nourrir les b\u00e9b\u00e9s. Loin de nous l\u2019id\u00e9e d\u2019alimenter le d\u00e9bat entre allaitement au sein et allaitement au biberon, nous pr\u00f4nons plut\u00f4t la libert\u00e9 du choix de chaque famille dans le respect et la bienveillance. La parentalit\u00e9 est d\u00e9j\u00e0 suffisamment expos\u00e9e aux injonctions et \u00e0 la course \u00e0 la r\u00e9ussite. Alors, nous rappelons que chaque b\u00e9b\u00e9 est unique, chaque parent fait de son mieux et nourrir son b\u00e9b\u00e9 doit rester un moment de qui\u00e9tude, non de crispation. Vous attendez un heureux \u00e9v\u00e8nement et vous \u00eates perdu face \u00e0 la diversit\u00e9 des biberons sur le march\u00e9&nbsp;? Ou vous cherchez un biberon pour un allaitement mixte&nbsp;? On vous propose un guide complet pour savoir quel biberon choisir et vous aider \u00e0 faire le bon choix&nbsp;: crit\u00e8res de [&hellip;]<\/p>\n","protected":false},"author":12,"featured_media":131240,"comment_status":"open","ping_status":"open","sticky":false,"template":"","format":"standard","meta":{"_lmt_disableupdate":"","_lmt_disable":"","episode_type":"","audio_file":"","podmotor_file_id":"","podmotor_episode_id":"","cover_image":"","cover_image_id":"","duration":"","filesize":"","filesize_raw":"","date_recorded":"","explicit":"","block":"","itunes_episode_number":"","itunes_title":"","itunes_season_number":"","itunes_episode_type":"","footnotes":""},"categories":[62],"tags":[16,18,22,121,242,55],"class_list":["post-131168","post","type-post","status-publish","format-standard","has-post-thumbnail","hentry","category-eveil-et-apprentissage","tag-0-12-mois","tag-12-36-mois","tag-alimentation","tag-guide-dachat","tag-lieu-daccueil-du-tout-petit","tag-puericulture"],"yoast_head":"<!-- This site is optimized with the Yoast SEO plugin v27.5 - https:\/\/yoast.com\/product\/yoast-seo-wordpress\/ -->\n<title>Quel biberon choisir ? Guide &amp; comparatif - Le Blog Wesco<\/title>\n<meta name=\"description\" content=\"Conseils et crit\u00e8res de s\u00e9lection pour bien choisir un biberon : mati\u00e8re, contenance, t\u00e9tine. D\u00e9couvrez notre s\u00e9lection de biberons d\u00e8s la naissance.\" \/>\n<meta name=\"robots\" content=\"index, follow, max-snippet:-1, max-image-preview:large, max-video-preview:-1\" \/>\n<link rel=\"canonical\" href=\"https:\/\/leblog.wesco.fr\/fr\/quel-biberon-choisir-pour-mon-bebe\/\" \/>\n<meta property=\"og:locale\" content=\"fr_FR\" \/>\n<meta property=\"og:type\" content=\"article\" \/>\n<meta property=\"og:title\" content=\"Quel biberon choisir ? Guide &amp; comparatif - Le Blog Wesco\" \/>\n<meta property=\"og:description\" content=\"Conseils et crit\u00e8res de s\u00e9lection pour bien choisir un biberon : mati\u00e8re, contenance, t\u00e9tine. D\u00e9couvrez notre s\u00e9lection de biberons d\u00e8s la naissance.\" \/>\n<meta property=\"og:url\" content=\"https:\/\/leblog.wesco.fr\/fr\/quel-biberon-choisir-pour-mon-bebe\/\" \/>\n<meta property=\"og:site_name\" content=\"Blog Wesco\" \/>\n<meta property=\"article:published_time\" content=\"2025-06-06T07:00:00+00:00\" \/>\n<meta property=\"article:modified_time\" content=\"2026-04-03T07:13:43+00:00\" \/>\n<meta property=\"og:image\" content=\"https:\/\/leblog.wesco.fr\/fr\/wp-content\/uploads\/2025\/06\/guide-achat-biberon.jpg\" \/>\n\t<meta property=\"og:image:width\" content=\"1600\" \/>\n\t<meta property=\"og:image:height\" content=\"800\" \/>\n\t<meta property=\"og:image:type\" content=\"image\/jpeg\" \/>\n<meta name=\"author\" content=\"Adeline Glotin\" \/>\n<meta name=\"twitter:card\" content=\"summary_large_image\" \/>\n<meta name=\"twitter:label1\" content=\"\u00c9crit par\" \/>\n\t<meta name=\"twitter:data1\" content=\"Adeline Glotin\" \/>\n\t<meta name=\"twitter:label2\" content=\"Dur\u00e9e de lecture estim\u00e9e\" \/>\n\t<meta name=\"twitter:data2\" content=\"14 minutes\" \/>\n<!-- \/ Yoast SEO plugin. -->","yoast_head_json":{"title":"Quel biberon choisir ? Guide & comparatif - Le Blog Wesco","description":"Conseils et crit\u00e8res de s\u00e9lection pour bien choisir un biberon : mati\u00e8re, contenance, t\u00e9tine. D\u00e9couvrez notre s\u00e9lection de biberons d\u00e8s la naissance.","robots":{"index":"index","follow":"follow","max-snippet":"max-snippet:-1","max-image-preview":"max-image-preview:large","max-video-preview":"max-video-preview:-1"},"canonical":"https:\/\/leblog.wesco.fr\/fr\/quel-biberon-choisir-pour-mon-bebe\/","og_locale":"fr_FR","og_type":"article","og_title":"Quel biberon choisir ? Guide & comparatif - Le Blog Wesco","og_description":"Conseils et crit\u00e8res de s\u00e9lection pour bien choisir un biberon : mati\u00e8re, contenance, t\u00e9tine. D\u00e9couvrez notre s\u00e9lection de biberons d\u00e8s la naissance.","og_url":"https:\/\/leblog.wesco.fr\/fr\/quel-biberon-choisir-pour-mon-bebe\/","og_site_name":"Blog Wesco","article_published_time":"2025-06-06T07:00:00+00:00","article_modified_time":"2026-04-03T07:13:43+00:00","og_image":[{"width":1600,"height":800,"url":"https:\/\/leblog.wesco.fr\/fr\/wp-content\/uploads\/2025\/06\/guide-achat-biberon.jpg","type":"image\/jpeg"}],"author":"Adeline Glotin","twitter_card":"summary_large_image","twitter_misc":{"\u00c9crit par":"Adeline Glotin","Dur\u00e9e de lecture estim\u00e9e":"14 minutes"},"schema":{"@context":"https:\/\/schema.org","@graph":[{"@type":"Article","@id":"https:\/\/leblog.wesco.fr\/fr\/quel-biberon-choisir-pour-mon-bebe\/#article","isPartOf":{"@id":"https:\/\/leblog.wesco.fr\/fr\/quel-biberon-choisir-pour-mon-bebe\/"},"author":{"name":"Adeline Glotin","@id":"https:\/\/leblog.wesco.fr\/fr\/#\/schema\/person\/5b3ee9a8dc2fd893039f49523cc60222"},"headline":"Quel biberon choisir pour mon b\u00e9b\u00e9 ?","datePublished":"2025-06-06T07:00:00+00:00","dateModified":"2026-04-03T07:13:43+00:00","mainEntityOfPage":{"@id":"https:\/\/leblog.wesco.fr\/fr\/quel-biberon-choisir-pour-mon-bebe\/"},"wordCount":2620,"commentCount":0,"image":{"@id":"https:\/\/leblog.wesco.fr\/fr\/quel-biberon-choisir-pour-mon-bebe\/#primaryimage"},"thumbnailUrl":"https:\/\/leblog.wesco.fr\/fr\/wp-content\/uploads\/2025\/06\/guide-achat-biberon.jpg","keywords":["0\/12 mois","12\/36 mois","Alimentation","Guide d&#039;achat","Lieu d'accueil du tout-petit","Pu\u00e9riculture"],"articleSection":["\u00c9veil &amp; apprentissage"],"inLanguage":"fr-FR","potentialAction":[{"@type":"CommentAction","name":"Comment","target":["https:\/\/leblog.wesco.fr\/fr\/quel-biberon-choisir-pour-mon-bebe\/#respond"]}]},{"@type":"WebPage","@id":"https:\/\/leblog.wesco.fr\/fr\/quel-biberon-choisir-pour-mon-bebe\/","url":"https:\/\/leblog.wesco.fr\/fr\/quel-biberon-choisir-pour-mon-bebe\/","name":"Quel biberon choisir ? Guide & comparatif - Le Blog Wesco","isPartOf":{"@id":"https:\/\/leblog.wesco.fr\/fr\/#website"},"primaryImageOfPage":{"@id":"https:\/\/leblog.wesco.fr\/fr\/quel-biberon-choisir-pour-mon-bebe\/#primaryimage"},"image":{"@id":"https:\/\/leblog.wesco.fr\/fr\/quel-biberon-choisir-pour-mon-bebe\/#primaryimage"},"thumbnailUrl":"https:\/\/leblog.wesco.fr\/fr\/wp-content\/uploads\/2025\/06\/guide-achat-biberon.jpg","datePublished":"2025-06-06T07:00:00+00:00","dateModified":"2026-04-03T07:13:43+00:00","author":{"@id":"https:\/\/leblog.wesco.fr\/fr\/#\/schema\/person\/5b3ee9a8dc2fd893039f49523cc60222"},"description":"Conseils et crit\u00e8res de s\u00e9lection pour bien choisir un biberon : mati\u00e8re, contenance, t\u00e9tine. D\u00e9couvrez notre s\u00e9lection de biberons d\u00e8s la naissance.","breadcrumb":{"@id":"https:\/\/leblog.wesco.fr\/fr\/quel-biberon-choisir-pour-mon-bebe\/#breadcrumb"},"inLanguage":"fr-FR","potentialAction":[{"@type":"ReadAction","target":["https:\/\/leblog.wesco.fr\/fr\/quel-biberon-choisir-pour-mon-bebe\/"]}]},{"@type":"ImageObject","inLanguage":"fr-FR","@id":"https:\/\/leblog.wesco.fr\/fr\/quel-biberon-choisir-pour-mon-bebe\/#primaryimage","url":"https:\/\/leblog.wesco.fr\/fr\/wp-content\/uploads\/2025\/06\/guide-achat-biberon.jpg","contentUrl":"https:\/\/leblog.wesco.fr\/fr\/wp-content\/uploads\/2025\/06\/guide-achat-biberon.jpg","width":1600,"height":800,"caption":"bebe en train de prendre son biberon dans les bras de son parent blog wesco"},{"@type":"BreadcrumbList","@id":"https:\/\/leblog.wesco.fr\/fr\/quel-biberon-choisir-pour-mon-bebe\/#breadcrumb","itemListElement":[{"@type":"ListItem","position":1,"name":"Accueil","item":"https:\/\/leblog.wesco.fr\/fr\/"},{"@type":"ListItem","position":2,"name":"\u00c9veil &amp; apprentissage","item":"https:\/\/leblog.wesco.fr\/fr\/category\/eveil-et-apprentissage\/"},{"@type":"ListItem","position":3,"name":"Quel biberon choisir pour mon b\u00e9b\u00e9 ?"}]},{"@type":"WebSite","@id":"https:\/\/leblog.wesco.fr\/fr\/#website","url":"https:\/\/leblog.wesco.fr\/fr\/","name":"Blog Wesco","description":"Le rendez-vous des enfants, des parents et des professionnels","potentialAction":[{"@type":"SearchAction","target":{"@type":"EntryPoint","urlTemplate":"https:\/\/leblog.wesco.fr\/fr\/?s={search_term_string}"},"query-input":{"@type":"PropertyValueSpecification","valueRequired":true,"valueName":"search_term_string"}}],"inLanguage":"fr-FR"},{"@type":"Person","@id":"https:\/\/leblog.wesco.fr\/fr\/#\/schema\/person\/5b3ee9a8dc2fd893039f49523cc60222","name":"Adeline Glotin","url":"https:\/\/leblog.wesco.fr\/fr\/author\/amoriniere\/"}]}},"modified_by":"Adeline Glotin","_links":{"self":[{"href":"https:\/\/leblog.wesco.fr\/fr\/wp-json\/wp\/v2\/posts\/131168","targetHints":{"allow":["GET"]}}],"collection":[{"href":"https:\/\/leblog.wesco.fr\/fr\/wp-json\/wp\/v2\/posts"}],"about":[{"href":"https:\/\/leblog.wesco.fr\/fr\/wp-json\/wp\/v2\/types\/post"}],"author":[{"embeddable":true,"href":"https:\/\/leblog.wesco.fr\/fr\/wp-json\/wp\/v2\/users\/12"}],"replies":[{"embeddable":true,"href":"https:\/\/leblog.wesco.fr\/fr\/wp-json\/wp\/v2\/comments?post=131168"}],"version-history":[{"count":20,"href":"https:\/\/leblog.wesco.fr\/fr\/wp-json\/wp\/v2\/posts\/131168\/revisions"}],"predecessor-version":[{"id":132212,"href":"https:\/\/leblog.wesco.fr\/fr\/wp-json\/wp\/v2\/posts\/131168\/revisions\/132212"}],"wp:featuredmedia":[{"embeddable":true,"href":"https:\/\/leblog.wesco.fr\/fr\/wp-json\/wp\/v2\/media\/131240"}],"wp:attachment":[{"href":"https:\/\/leblog.wesco.fr\/fr\/wp-json\/wp\/v2\/media?parent=131168"}],"wp:term":[{"taxonomy":"category","embeddable":true,"href":"https:\/\/leblog.wesco.fr\/fr\/wp-json\/wp\/v2\/categories?post=131168"},{"taxonomy":"post_tag","embeddable":true,"href":"https:\/\/leblog.wesco.fr\/fr\/wp-json\/wp\/v2\/tags?post=131168"}],"curies":[{"name":"wp","href":"https:\/\/api.w.org\/{rel}","templated":true}]}}