{"id":131120,"date":"2025-09-05T09:00:00","date_gmt":"2025-09-05T07:00:00","guid":{"rendered":"https:\/\/leblog.wesco.fr\/fr\/?p=131120"},"modified":"2025-07-18T14:19:11","modified_gmt":"2025-07-18T12:19:11","slug":"diy-fabriquer-un-tableau-meteo-des-emotions","status":"publish","type":"post","link":"https:\/\/leblog.wesco.fr\/fr\/diy-fabriquer-un-tableau-meteo-des-emotions\/","title":{"rendered":"DIY : Fabriquer un tableau m\u00e9t\u00e9o des \u00e9motions"},"content":{"rendered":"\n<div class=\"wp-block-ideabox-toc ib-block-toc\" data-anchors='h2' data-collapsable='true' ><div class=\"ib-toc-container ib-toc-list-style-numbers ib-toc-hierarchical ib-toc-expanded\"><div class=\"ib-toc-header\"><div class=\"ib-toc-header-title\">Sommaire<\/div><div class=\"ib-toc-header-right\"><span class=\"ib-toc-icon-collapse\"><span class=\"dashicon dashicons dashicons-minus\"><\/span><\/span><span class=\"ib-toc-icon-expand\"><span class=\"dashicon dashicons dashicons-plus\"><\/span><\/span><\/div><\/div><div class=\"ib-toc-separator\" style=\"height:2px\"><\/div><div class=\"ib-toc-body\"><ol class=\"ib-toc-anchors\"><\/ol><\/div><\/div><\/div>\n\n\n\n<p>Vous cherchez une activit\u00e9 gestion des \u00e9motions \u202f? Fabriquez un tableau m\u00e9t\u00e9o des \u00e9motions : un outil ludique qui permet \u00e0 l\u2019enfant de mettre des mots sur ce qu\u2019il ressent. En faisant le parall\u00e8le avec la m\u00e9t\u00e9o, l\u2019enfant associe une image \u00e0 l\u2019\u00e9motion qu\u2019il ressent (nuageux, ensoleill\u00e9\u2026). L\u2019outil m\u00e9t\u00e9o des \u00e9motions est id\u00e9al en accueil collectif, \u00e0 l\u2019\u00e9cole maternelle et aussi \u00e0 la maison : il devient un vrai alli\u00e9 dans le quotidien de l\u2019enfant et l\u2019accompagne dans la gestion de ses \u00e9motions.<br>Et le fabriquer soi-m\u00eame, c\u2019est encore mieux : la cr\u00e9ation manuelle de cet outil par l\u2019enfant (avec l\u2019aide d\u2019un adulte) favorise l\u2019implication, stimule la cr\u00e9ativit\u00e9, la r\u00e9flexion sur les \u00e9motions, et rend l\u2019apprentissage plus concret et durable.<\/p>\n\n\n\n<h2 class=\"wp-block-heading\">DIY m\u00e9t\u00e9o des \u00e9motions<\/h2>\n\n\n\n<h3 class=\"wp-block-heading\">Liste du mat\u00e9riel cr\u00e9atif n\u00e9cessaire&nbsp;:<\/h3>\n\n\n\n<p>Pour ce <strong>DIY \u00e9motions<\/strong>, \u00e0 r\u00e9aliser par des enfants de plus de 5 ans avec l\u2019aide d\u2019un adulte, voici le mat\u00e9riel dont vous aurez besoin&nbsp;:<\/p>\n\n\n\n<div class=\"wp-block-carousel-slider-slider\"><div class=\"carousel-slider-outer carousel-slider-outer-image-carousel carousel-slider-outer-131131\" style=\"--carousel-slider-nav-color:#f1f1f1;--carousel-slider-active-nav-color:rgb(0,0,0);--carousel-slider-arrow-size:48px;--carousel-slider-bullet-size:10px\">\n<div id=\"&#039;id-131131\" class=\"carousel-slider carousel-slider-131131 arrows-visibility-hover dots-visibility-never arrows-outside dots-center dots-circle owl-carousel\" data-slide-type=\"image-carousel\" data-owl-settings='{\"nav\":true,\"dots\":false,\"slideBy\":1,\"stagePadding\":0,\"margin\":10,\"loop\":false,\"lazyLoad\":false,\"autoplay\":true,\"autoplayTimeout\":5000,\"autoplaySpeed\":500,\"autoplayHoverPause\":true,\"autoWidth\":false,\"responsive\":{\"300\":{\"items\":1},\"576\":{\"items\":2},\"768\":{\"items\":2},\"1024\":{\"items\":3},\"1280\":{\"items\":4},\"1536\":{\"items\":5}}}'>\n<div class=\"carousel-slider__item\">\n\t<a href=\"https:\/\/www.wesco.fr\/32411020-feutres-pointe-moyenne-pen68-stabilo.html\" target=\"_blank\"><img loading=\"lazy\" decoding=\"async\" width=\"800\" height=\"600\" src=\"https:\/\/leblog.wesco.fr\/fr\/wp-content\/uploads\/2025\/05\/feutres-pointe-moyenne-pen68-stabilo.jpg\" class=\"attachment-large size-large\" alt=\"Ensemble de feutres compos\u00e9 de nombreuses couleurs \u00e0 pointe moyenne de la marque Stabilo blog wesco\" srcset=\"https:\/\/leblog.wesco.fr\/fr\/wp-content\/uploads\/2025\/05\/feutres-pointe-moyenne-pen68-stabilo.jpg 800w, https:\/\/leblog.wesco.fr\/fr\/wp-content\/uploads\/2025\/05\/feutres-pointe-moyenne-pen68-stabilo-300x225.jpg 300w, https:\/\/leblog.wesco.fr\/fr\/wp-content\/uploads\/2025\/05\/feutres-pointe-moyenne-pen68-stabilo-768x576.jpg 768w\" sizes=\"auto, (max-width: 800px) 100vw, 800px\" \/><div class=\"carousel-slider__caption\"><h4 class=\"title\">FEUTRES POINTE MOYENNE Pen68<\/h4><\/div><\/a><\/div>\n\n<div class=\"carousel-slider__item\">\n\t<a href=\"https:\/\/www.wesco.fr\/31663001-feuilles-de-bristol-170-g-format-raisin-50-x-65-cm.html\" target=\"_blank\"><img loading=\"lazy\" decoding=\"async\" width=\"800\" height=\"600\" src=\"https:\/\/leblog.wesco.fr\/fr\/wp-content\/uploads\/2025\/05\/feuille-papier-bristol-170g-50x65cm.jpg\" class=\"attachment-large size-large\" alt=\"Paquet de feuilles papier bistrol de 50x65 cm blog wesco\" srcset=\"https:\/\/leblog.wesco.fr\/fr\/wp-content\/uploads\/2025\/05\/feuille-papier-bristol-170g-50x65cm.jpg 800w, https:\/\/leblog.wesco.fr\/fr\/wp-content\/uploads\/2025\/05\/feuille-papier-bristol-170g-50x65cm-300x225.jpg 300w, https:\/\/leblog.wesco.fr\/fr\/wp-content\/uploads\/2025\/05\/feuille-papier-bristol-170g-50x65cm-768x576.jpg 768w\" sizes=\"auto, (max-width: 800px) 100vw, 800px\" \/><div class=\"carousel-slider__caption\"><h4 class=\"title\">FEUILLE DE PAPIER BRISTOL 170 g Format raisin (50 x 65 cm)<\/h4><\/div><\/a><\/div>\n\n<div class=\"carousel-slider__item\">\n\t<a href=\"https:\/\/www.wesco.fr\/57543171-aimants-double-face-meteo.html\" target=\"_blank\"><img loading=\"lazy\" decoding=\"async\" width=\"800\" height=\"600\" src=\"https:\/\/leblog.wesco.fr\/fr\/wp-content\/uploads\/2025\/05\/aimants-double-face-meteo.jpg\" class=\"attachment-large size-large\" alt=\"6 aimants repr\u00e9sentant l&#039;orage, la pluie et le soleil blog wesco\" srcset=\"https:\/\/leblog.wesco.fr\/fr\/wp-content\/uploads\/2025\/05\/aimants-double-face-meteo.jpg 800w, https:\/\/leblog.wesco.fr\/fr\/wp-content\/uploads\/2025\/05\/aimants-double-face-meteo-300x225.jpg 300w, https:\/\/leblog.wesco.fr\/fr\/wp-content\/uploads\/2025\/05\/aimants-double-face-meteo-768x576.jpg 768w\" sizes=\"auto, (max-width: 800px) 100vw, 800px\" \/><div class=\"carousel-slider__caption\"><h4 class=\"title\">AIMANTS DOUBLE FACE M\u00e9t\u00e9o<\/h4><\/div><\/a><\/div>\n\n<div class=\"carousel-slider__item\">\n\t<a href=\"https:\/\/www.wesco.fr\/50947171-gommettes-thematiques-le-temps-apli-agipa.html#tab-label-verified.reviews.tab\" target=\"_blank\"><img loading=\"lazy\" decoding=\"async\" width=\"800\" height=\"600\" src=\"https:\/\/leblog.wesco.fr\/fr\/wp-content\/uploads\/2025\/05\/gommettes-thematiques-temps.jpg\" class=\"attachment-large size-large\" alt=\"feuilles de gommettes repr\u00e9sentant de nombreux \u00e9tats m\u00e9t\u00e9orologique blog wesco\" srcset=\"https:\/\/leblog.wesco.fr\/fr\/wp-content\/uploads\/2025\/05\/gommettes-thematiques-temps.jpg 800w, https:\/\/leblog.wesco.fr\/fr\/wp-content\/uploads\/2025\/05\/gommettes-thematiques-temps-300x225.jpg 300w, https:\/\/leblog.wesco.fr\/fr\/wp-content\/uploads\/2025\/05\/gommettes-thematiques-temps-768x576.jpg 768w\" sizes=\"auto, (max-width: 800px) 100vw, 800px\" \/><div class=\"carousel-slider__caption\"><h4 class=\"title\">GOMMETTES TH\u00c9MATIQUES M\u00e9t\u00e9o<\/h4><\/div><\/a><\/div>\n\n<div class=\"carousel-slider__item\">\n\t<a href=\"https:\/\/www.wesco.fr\/55761001-pastilles-agrippantes-adhesives.html\" target=\"_blank\"><img loading=\"lazy\" decoding=\"async\" width=\"800\" height=\"600\" src=\"https:\/\/leblog.wesco.fr\/fr\/wp-content\/uploads\/2025\/05\/pastilles-agrippantes-adhesives.jpg\" class=\"attachment-large size-large\" alt=\"Pastilles agrippantes adh\u00e9sives blog wesco\" srcset=\"https:\/\/leblog.wesco.fr\/fr\/wp-content\/uploads\/2025\/05\/pastilles-agrippantes-adhesives.jpg 800w, https:\/\/leblog.wesco.fr\/fr\/wp-content\/uploads\/2025\/05\/pastilles-agrippantes-adhesives-300x225.jpg 300w, https:\/\/leblog.wesco.fr\/fr\/wp-content\/uploads\/2025\/05\/pastilles-agrippantes-adhesives-768x576.jpg 768w\" sizes=\"auto, (max-width: 800px) 100vw, 800px\" \/><div class=\"carousel-slider__caption\"><h4 class=\"title\">PASTILLES AGRIPPANTES ADH\u00c9SIVES<\/h4><\/div><\/a><\/div>\n\n<div class=\"carousel-slider__item\">\n\t<a href=\"https:\/\/www.wesco.fr\/20464020-feuilles-en-mousse-a4.html\" target=\"_blank\"><img loading=\"lazy\" decoding=\"async\" width=\"800\" height=\"600\" src=\"https:\/\/leblog.wesco.fr\/fr\/wp-content\/uploads\/2025\/05\/feuilles-mousse-a4.jpg\" class=\"attachment-large size-large\" alt=\"Feuilles en mousse de format A4, paquet de plusieurs couleurs blog wesco\" srcset=\"https:\/\/leblog.wesco.fr\/fr\/wp-content\/uploads\/2025\/05\/feuilles-mousse-a4.jpg 800w, https:\/\/leblog.wesco.fr\/fr\/wp-content\/uploads\/2025\/05\/feuilles-mousse-a4-300x225.jpg 300w, https:\/\/leblog.wesco.fr\/fr\/wp-content\/uploads\/2025\/05\/feuilles-mousse-a4-768x576.jpg 768w\" sizes=\"auto, (max-width: 800px) 100vw, 800px\" \/><div class=\"carousel-slider__caption\"><h4 class=\"title\">FEUILLES EN MOUSSE A4<\/h4><\/div><\/a><\/div>\n\n<div class=\"carousel-slider__item\">\n\t<a href=\"https:\/\/www.wesco.fr\/3627016-batonnets-coloris-naturel-graine-creative.html\" target=\"_blank\"><img loading=\"lazy\" decoding=\"async\" width=\"800\" height=\"600\" src=\"https:\/\/leblog.wesco.fr\/fr\/wp-content\/uploads\/2025\/05\/batonnets-bois.jpg\" class=\"attachment-large size-large\" alt=\"B\u00e2tonnets en bois au coloris naturel blog wesco\" srcset=\"https:\/\/leblog.wesco.fr\/fr\/wp-content\/uploads\/2025\/05\/batonnets-bois.jpg 800w, https:\/\/leblog.wesco.fr\/fr\/wp-content\/uploads\/2025\/05\/batonnets-bois-300x225.jpg 300w, https:\/\/leblog.wesco.fr\/fr\/wp-content\/uploads\/2025\/05\/batonnets-bois-768x576.jpg 768w\" sizes=\"auto, (max-width: 800px) 100vw, 800px\" \/><div class=\"carousel-slider__caption\"><h4 class=\"title\">B\u00c2TONNETS Coloris naturel - L: 9,5 cm<\/h4><\/div><\/a><\/div>\n\n<div class=\"carousel-slider__item\">\n\t<a href=\"https:\/\/www.wesco.fr\/4211020-attaches-parisiennes-dorees.html\" target=\"_blank\"><img loading=\"lazy\" decoding=\"async\" width=\"800\" height=\"600\" src=\"https:\/\/leblog.wesco.fr\/fr\/wp-content\/uploads\/2025\/05\/attaches-parisiennes-dorees.jpg\" class=\"attachment-large size-large\" alt=\"Paquet d&#039;attaches parisiennes dor\u00e9es blog wesco\" srcset=\"https:\/\/leblog.wesco.fr\/fr\/wp-content\/uploads\/2025\/05\/attaches-parisiennes-dorees.jpg 800w, https:\/\/leblog.wesco.fr\/fr\/wp-content\/uploads\/2025\/05\/attaches-parisiennes-dorees-300x225.jpg 300w, https:\/\/leblog.wesco.fr\/fr\/wp-content\/uploads\/2025\/05\/attaches-parisiennes-dorees-768x576.jpg 768w\" sizes=\"auto, (max-width: 800px) 100vw, 800px\" \/><div class=\"carousel-slider__caption\"><h4 class=\"title\">ATTACHES PARISIENNES Dor\u00e9es<\/h4><\/div><\/a><\/div>\n\n<div class=\"carousel-slider__item\">\n\t<a href=\"https:\/\/www.wesco.fr\/44596171-rouleau-adhesif-double-face-extra-fort.html\" target=\"_blank\"><img loading=\"lazy\" decoding=\"async\" width=\"800\" height=\"600\" src=\"https:\/\/leblog.wesco.fr\/fr\/wp-content\/uploads\/2025\/05\/rouleau-adhesif-double-face-extra-fort.jpg\" class=\"attachment-large size-large\" alt=\"Rouleau adh\u00e9sif double face multi-supports blog wesco\" srcset=\"https:\/\/leblog.wesco.fr\/fr\/wp-content\/uploads\/2025\/05\/rouleau-adhesif-double-face-extra-fort.jpg 800w, https:\/\/leblog.wesco.fr\/fr\/wp-content\/uploads\/2025\/05\/rouleau-adhesif-double-face-extra-fort-300x225.jpg 300w, https:\/\/leblog.wesco.fr\/fr\/wp-content\/uploads\/2025\/05\/rouleau-adhesif-double-face-extra-fort-768x576.jpg 768w\" sizes=\"auto, (max-width: 800px) 100vw, 800px\" \/><div class=\"carousel-slider__caption\"><h4 class=\"title\">ROULEAU ADH\u00c9SIF DOUBLE FACE EXTRA FORT<\/h4><\/div><\/a><\/div>\n\n<div class=\"carousel-slider__item\">\n\t<a href=\"https:\/\/www.wesco.fr\/55763017-feuilles-tableau-a-craie-adhesives.html?queryID=a0f0ed69d4142d8c7ea64b1fbb29feb7&#038;objectID=17151&#038;indexName=PRODUCTION_wesco_fr_products\" target=\"_blank\"><img loading=\"lazy\" decoding=\"async\" width=\"800\" height=\"600\" src=\"https:\/\/leblog.wesco.fr\/fr\/wp-content\/uploads\/2025\/05\/feuilles-adhesives-tableau-noir.jpg\" class=\"attachment-large size-large\" alt=\"Ces feuilles adh\u00e9sives peuvent transformer n&#039;importe quelle surface en tableau noir. Pour \u00e9crire, utilisez des simples craies ou des marqueurs craies bog wesco\" srcset=\"https:\/\/leblog.wesco.fr\/fr\/wp-content\/uploads\/2025\/05\/feuilles-adhesives-tableau-noir.jpg 800w, https:\/\/leblog.wesco.fr\/fr\/wp-content\/uploads\/2025\/05\/feuilles-adhesives-tableau-noir-300x225.jpg 300w, https:\/\/leblog.wesco.fr\/fr\/wp-content\/uploads\/2025\/05\/feuilles-adhesives-tableau-noir-768x576.jpg 768w\" sizes=\"auto, (max-width: 800px) 100vw, 800px\" \/><div class=\"carousel-slider__caption\"><h4 class=\"title\">FEUILLES ADH\u00c9SIVES Tableau noir<\/h4><\/div><\/a><\/div>\n\n<div class=\"carousel-slider__item\">\n\t<a href=\"https:\/\/www.wesco.fr\/22638017-peinture-magnetique-creall.html\" target=\"_blank\"><img loading=\"lazy\" decoding=\"async\" width=\"800\" height=\"600\" src=\"https:\/\/leblog.wesco.fr\/fr\/wp-content\/uploads\/2025\/05\/peinture-magnetique-creall.jpg\" class=\"attachment-large size-large\" alt=\"Peinture noire pour cr\u00e9er des surfaces magn\u00e9tiques blog wesco\" srcset=\"https:\/\/leblog.wesco.fr\/fr\/wp-content\/uploads\/2025\/05\/peinture-magnetique-creall.jpg 800w, https:\/\/leblog.wesco.fr\/fr\/wp-content\/uploads\/2025\/05\/peinture-magnetique-creall-300x225.jpg 300w, https:\/\/leblog.wesco.fr\/fr\/wp-content\/uploads\/2025\/05\/peinture-magnetique-creall-768x576.jpg 768w\" sizes=\"auto, (max-width: 800px) 100vw, 800px\" \/><div class=\"carousel-slider__caption\"><h4 class=\"title\">PEINTURE MAGN\u00c9TIQUE<\/h4><\/div><\/a><\/div>\n\n<div class=\"carousel-slider__item\">\n\t<a href=\"https:\/\/www.wesco.fr\/49021020-symboles-adhesifs-impression-vinyle-wesco.html\" target=\"_blank\"><img loading=\"lazy\" decoding=\"async\" width=\"800\" height=\"600\" src=\"https:\/\/leblog.wesco.fr\/fr\/wp-content\/uploads\/2025\/05\/personnages-adhesifs-impression-vinyle.jpg\" class=\"attachment-large size-large\" alt=\"lot de 96 \u00e9tiquettes pour inscrire le nom de l&#039;enfant blog wesco\" srcset=\"https:\/\/leblog.wesco.fr\/fr\/wp-content\/uploads\/2025\/05\/personnages-adhesifs-impression-vinyle.jpg 800w, https:\/\/leblog.wesco.fr\/fr\/wp-content\/uploads\/2025\/05\/personnages-adhesifs-impression-vinyle-300x225.jpg 300w, https:\/\/leblog.wesco.fr\/fr\/wp-content\/uploads\/2025\/05\/personnages-adhesifs-impression-vinyle-768x576.jpg 768w\" sizes=\"auto, (max-width: 800px) 100vw, 800px\" \/><div class=\"carousel-slider__caption\"><h4 class=\"title\">SYMBOLES ADH\u00c9SIFS Impression vinyle<\/h4><\/div><\/a><\/div>\n\n<div class=\"carousel-slider__item\">\n\t<a href=\"https:\/\/www.wesco.fr\/25722101-pochettes-de-plastification-a4-fin-75-microns.html\" target=\"_blank\"><img loading=\"lazy\" decoding=\"async\" width=\"800\" height=\"600\" src=\"https:\/\/leblog.wesco.fr\/fr\/wp-content\/uploads\/2025\/05\/pochettes-plasitfication-a4.jpg\" class=\"attachment-large size-large\" alt=\"Pochette de plastification pour une plastification \u00e0 chaud blog wesco\" srcset=\"https:\/\/leblog.wesco.fr\/fr\/wp-content\/uploads\/2025\/05\/pochettes-plasitfication-a4.jpg 800w, https:\/\/leblog.wesco.fr\/fr\/wp-content\/uploads\/2025\/05\/pochettes-plasitfication-a4-300x225.jpg 300w, https:\/\/leblog.wesco.fr\/fr\/wp-content\/uploads\/2025\/05\/pochettes-plasitfication-a4-768x576.jpg 768w\" sizes=\"auto, (max-width: 800px) 100vw, 800px\" \/><div class=\"carousel-slider__caption\"><h4 class=\"title\">POCHETTES DE PLASTIFICATION A4 fin (75 microns)<\/h4><\/div><\/a><\/div>\n\n<div class=\"carousel-slider__item\">\n\t<a href=\"https:\/\/www.wesco.fr\/44523171-plastifieuse-a4-et-a3.html\" target=\"_blank\"><img loading=\"lazy\" decoding=\"async\" width=\"800\" height=\"600\" src=\"https:\/\/leblog.wesco.fr\/fr\/wp-content\/uploads\/2025\/05\/plastifieuse-a4-a3.jpg\" class=\"attachment-large size-large\" alt=\"Plastifieuse \u00e0 chaud et \u00e0 froid de format a4 et a3 blog wesco\" srcset=\"https:\/\/leblog.wesco.fr\/fr\/wp-content\/uploads\/2025\/05\/plastifieuse-a4-a3.jpg 800w, https:\/\/leblog.wesco.fr\/fr\/wp-content\/uploads\/2025\/05\/plastifieuse-a4-a3-300x225.jpg 300w, https:\/\/leblog.wesco.fr\/fr\/wp-content\/uploads\/2025\/05\/plastifieuse-a4-a3-768x576.jpg 768w\" sizes=\"auto, (max-width: 800px) 100vw, 800px\" \/><div class=\"carousel-slider__caption\"><h4 class=\"title\">PLASTIFIEUSE A4 et A3<\/h4><\/div><\/a><\/div>\n\n<div class=\"carousel-slider__item\">\n\t<a href=\"https:\/\/www.wesco.fr\/67747020-feuilles-de-carton-ondule-300-g-clairefontaine.html?queryID=d32de0cd2202cb99fad108c4a85d2301&#038;objectID=58551&#038;indexName=PRODUCTION_wesco_fr_products\" target=\"_blank\"><img loading=\"lazy\" decoding=\"async\" width=\"800\" height=\"600\" src=\"https:\/\/leblog.wesco.fr\/fr\/wp-content\/uploads\/2025\/05\/feuilles-cartons-ondule-300g.jpg\" class=\"attachment-large size-large\" alt=\"carton ondul\u00e9 moyenne cannelure Clairefontaine blog wesco\" srcset=\"https:\/\/leblog.wesco.fr\/fr\/wp-content\/uploads\/2025\/05\/feuilles-cartons-ondule-300g.jpg 800w, https:\/\/leblog.wesco.fr\/fr\/wp-content\/uploads\/2025\/05\/feuilles-cartons-ondule-300g-300x225.jpg 300w, https:\/\/leblog.wesco.fr\/fr\/wp-content\/uploads\/2025\/05\/feuilles-cartons-ondule-300g-768x576.jpg 768w\" sizes=\"auto, (max-width: 800px) 100vw, 800px\" \/><div class=\"carousel-slider__caption\"><h4 class=\"title\">FEUILLES DE CARTON ONDUL\u00c9 300 g<\/h4><\/div><\/a><\/div>\n\n<\/div><!-- .carousel-slider-131131 -->\n<\/div><!-- .carousel-slider-outer-131131 -->\n<\/div>\n\n\n\n<p>Les classiques indispensables qui seront aussi de la partie&nbsp;:<\/p>\n\n\n\n<ul class=\"wp-block-list\">\n<li>\u2702\ufe0f <a href=\"https:\/\/www.wesco.fr\/45012171-ciseaux-1er-prix-a-bouts-ronds-wesco.html?queryID=c18496a5f823dd0e7388868b0e71ef00&amp;objectID=7969&amp;indexName=PRODUCTION_wesco_fr_products\" target=\"_blank\" rel=\"noreferrer noopener\">1 paire de ciseaux<\/a><\/li>\n\n\n\n<li>\u270f\ufe0f<a href=\"https:\/\/www.wesco.fr\/37546020-crayons-de-graphite.html?queryID=51de498fb10cc86b2d35b4d581fca306&amp;objectID=4795&amp;indexName=PRODUCTION_wesco_fr_products\" target=\"_blank\" rel=\"noreferrer noopener\"> 1 crayon graphite<\/a><\/li>\n\n\n\n<li>\ud83d\udccf <a href=\"https:\/\/www.wesco.fr\/52945016-outil-de-tracage-en-bois-regle-plate-30-cm.html\" target=\"_blank\" rel=\"noreferrer noopener\">1 r\u00e8gle<\/a><\/li>\n<\/ul>\n\n\n\n<p>Il vous faudra \u00e9galement imprimer ce <a href=\"https:\/\/www.wesco.fr\/media\/wysiwyg\/upload\/FC\/fr_FR\/B2B\/rentree\/meteo_a_imprimer.pdf\" target=\"_blank\" rel=\"noreferrer noopener\">gabarit<\/a> pour illustrer le tout&nbsp;!<\/p>\n\n\n\n<h3 class=\"wp-block-heading\">Les \u00e9tapes de r\u00e9alisation de cet outil gestion des \u00e9motions&nbsp;:<\/h3>\n\n\n\n<p>On vous accompagne pas \u00e0 pas pour r\u00e9aliser cet <strong>outil gestion des \u00e9motions<\/strong>.<\/p>\n\n\n\n<p>1- On pose les bases<\/p>\n\n\n\n<ul class=\"wp-block-list\">\n<li>Munissez-vous d\u2019une feuille de papier bristol, avec les ciseaux, venez d\u00e9couper le haut de mani\u00e8re \u00e0 former un toit de maison et obtenir un format final de 40 x 60 cm.<\/li>\n\n\n\n<li>D\u00e9limitez chaque partie de votre tableau en \u00e9crivant les diff\u00e9rents titres aux feutres.<\/li>\n<\/ul>\n\n\n\n<p>2- Mon humeur en m\u00e9t\u00e9o<\/p>\n\n\n\n<ul class=\"wp-block-list\">\n<li>Apr\u00e8s avoir imprim\u00e9 votre <a href=\"https:\/\/www.wesco.fr\/media\/wysiwyg\/upload\/FC\/fr_FR\/B2B\/rentree\/meteo_a_imprimer.pdf\" target=\"_blank\" rel=\"noreferrer noopener\">gabarit<\/a> sur du <a href=\"https:\/\/www.wesco.fr\/25538001-feuilles-de-papier-photo-glace-a4-pour-imprimante-a-jet-d-encre-180-g.html?queryID=9e93add33cdb38ea1385b03a4dbfbe27&amp;objectID=1444&amp;indexName=PRODUCTION_wesco_fr_products\" target=\"_blank\" rel=\"noreferrer noopener\">papier photo<\/a> ou l\u00e9g\u00e8rement <a href=\"https:\/\/www.wesco.fr\/of56584-feuilles-de-papier-cartonne-240-g-canson.html?queryID=9508f7303c6826374c969c35688b0865&amp;objectID=24859&amp;indexName=PRODUCTION_wesco_fr_products\" target=\"_blank\" rel=\"noreferrer noopener\">cartonn\u00e9<\/a>, coupez le tableau de bord de l\u2019humeur et collez-le en haut.<\/li>\n\n\n\n<li>R\u00e9cup\u00e9rez les chutes de papier bristol pour venir coller les gommettes m\u00e9t\u00e9o, coupez vos chutes de papier en suivant la courbe des gommettes, au verso et sur la feuille bristol, venez fixer vos pastilles agrippantes pour ajouter du relief. Vous pouvez aussi simplement coller les gommettes directement sur la feuille bristol finale, au-dessus du tableau de bord de l\u2019humeur.<\/li>\n\n\n\n<li>Pour r\u00e9aliser la fl\u00e8che, venez d\u00e9couper un rond de 3,5 cm de diam\u00e8tre et la pointe d\u2019une fl\u00e8che, dans une feuille de mousse.<\/li>\n\n\n\n<li>Venez coller le rond et la pointe de fl\u00e8che sur un b\u00e2tonnet en bois.<\/li>\n\n\n\n<li>R\u00e9alisez un trou au centre du rond en mousse et dans la feuille bristol centr\u00e9 sous le barom\u00e8tre.<\/li>\n\n\n\n<li>Fixez votre fl\u00e8che humeur m\u00e9t\u00e9o sous le barom\u00e8tre \u00e0 l\u2019aide d\u2019une attache parisienne.<\/li>\n<\/ul>\n\n\n\n<p>3- Le vent de mon attitude<\/p>\n\n\n\n<ul class=\"wp-block-list\">\n<li>Reprenez votre gabarit et d\u00e9coupez-y la barre de l\u2019attitude.<\/li>\n\n\n\n<li>D\u00e9coupez votre mod\u00e8le de curseur et servez-vous-en pour d\u00e9couper selon sa forme dans la feuille de mousse.<\/li>\n\n\n\n<li>Glissez votre curseur en mousse sur la barre et collez seulement les extr\u00e9mit\u00e9s de celle-ci sur la feuille bristol, juste sous votre titre \u00ab&nbsp;le vent de mon attitude&nbsp;\u00bb.<\/li>\n<\/ul>\n\n\n\n<p>4- La temp\u00e9rature de ma forme physique<\/p>\n\n\n\n<ul class=\"wp-block-list\">\n<li>Sur la 3\u1d49 page de votre gabarit, d\u00e9coupez le thermom\u00e8tre et les bandes \u00e0 sa gauche.<\/li>\n\n\n\n<li>Collez le thermom\u00e8tre avec du scotch double-face sur la feuille bristol et \u00e9crivez la graduation et les indications de la forme physique avec des feutres.<\/li>\n\n\n\n<li>De chaque c\u00f4t\u00e9 du thermom\u00e8tre, on vient d\u00e9couper 2 bandes. Les mesures entre les bandes ext\u00e9rieures sont de 15 cm et celles entre les bandes int\u00e9rieures de 10 cm. De chaque c\u00f4t\u00e9, les bandes sont espac\u00e9es de 2,5 cm.<\/li>\n\n\n\n<li>La bande avec les fl\u00e8ches noires remplies, passe derri\u00e8re le thermom\u00e8tre, elle repasse devant les espaces de 2,5 cm, avant de repasser derri\u00e8re les d\u00e9coupes les plus ext\u00e9rieures.<\/li>\n\n\n\n<li>La bande avec les bouts noirs et les fl\u00e8ches blanches, passe derri\u00e8re les espaces de 2,5 cm et le thermom\u00e8tre, collez-la sur la bande des fl\u00e8ches noires avec du double-face.<\/li>\n\n\n\n<li>Le tout doit pouvoir coulisser de haut en bas en attrapant la bande avec les bouts noirs et les fl\u00e8ches blanches de chaque c\u00f4t\u00e9.<\/li>\n<\/ul>\n\n\n\n<p>5- Aujourd&#8217;hui\u2026 est\u2026<\/p>\n\n\n\n<ul class=\"wp-block-list\">\n<li>Pour cette partie, munissez-vous d\u2019un carton fin de 15 x 20 cm, peignez le tout avec de la peinture magn\u00e9tique.<\/li>\n\n\n\n<li>Il faudra r\u00e9it\u00e9rer l\u2019action 3 \u00e0 4 fois, en attendant bien 1h entre chaque couche et laisser s\u00e9cher 24h avant d\u2019y d\u00e9poser les aimants.<\/li>\n\n\n\n<li>Collez le carton sur la fiche bristol.<\/li>\n\n\n\n<li>Plastifiez et d\u00e9coupez tous les mots d\u2019humeurs, attitudes, formes ainsi que les personnages.<\/li>\n\n\n\n<li>Collez-les sur une feuille aimant\u00e9e adh\u00e9sive et venez d\u00e9couper tout autour.<\/li>\n<\/ul>\n\n\n\n<p>6- On assemble le tout<\/p>\n\n\n\n<ul class=\"wp-block-list\">\n<li>Collez la feuille bristol sur la feuille de carton ondul\u00e9, centrez la feuille de sorte \u00e0 avoir environ 2,5 cm de marge de chaque c\u00f4t\u00e9.<\/li>\n\n\n\n<li>Ajoutez des \u0153illets en m\u00e9tal pour pouvoir l\u2019accrocher en classe.<\/li>\n<\/ul>\n\n\n\n<p>La m\u00e9t\u00e9o est pr\u00eate \u00e0 dicter vos journ\u00e9es&nbsp;!<\/p>\n\n\n\n<h2 class=\"wp-block-heading\">Pourquoi aider l\u2019enfant \u00e0 nommer ses \u00e9motions&nbsp;?<\/h2>\n\n\n\n<p><strong>La m\u00e9t\u00e9o des \u00e9motions<\/strong> est le parfait outil ludique pour laisser l\u2019enfant mettre des mots sur ce qu\u2019il ressent, c\u2019est le premier pas vers la compr\u00e9hension, pour <a href=\"https:\/\/leblog.wesco.fr\/fr\/aider-lenfant-a-mieux-gerer-emotions\/\">mieux r\u00e9guler ses futures r\u00e9actions<\/a>. Plus les mots utilis\u00e9s seront pr\u00e9cis pour d\u00e9crire l\u2019\u00e9motion, plus l\u2019enfant saura reconna\u00eetre et exprimer clairement ce qu\u2019il lui arrive. Aider l\u2019enfant \u00e0 nommer ses \u00e9motions n&#8217;est pas simplement une question de vocabulaire. Cette <strong>activit\u00e9 sur les \u00e9motions<\/strong> permet de cr\u00e9er un espace d\u2019expression sans jugement, puisque chaque \u00e9motion m\u00e9rite d\u2019\u00eatre ressentie. On montre \u00e0 l\u2019enfant qu\u2019il est \u00e9cout\u00e9 et consid\u00e9r\u00e9, rien de mieux pour cr\u00e9er un lien de confiance et un sentiment de s\u00e9curit\u00e9. Cela lui permettra aussi de mieux comprendre les \u00e9motions des autres et certaines r\u00e9actions. L\u2019enfant est ainsi mieux pr\u00e9par\u00e9 \u00e0 interagir avec les autres, de mani\u00e8re saine et respectueuse, de quoi acqu\u00e9rir de meilleures <a href=\"https:\/\/leblog.wesco.fr\/fr\/comment-encourager-la-cooperation-et-laltruisme-des-enfants\/\">interactions sociales<\/a> dans le futur&nbsp;!<\/p>\n\n\n\n<h5 class=\"wp-block-heading\">Nos articles sur la m\u00eame th\u00e9matique<\/h5>\n\n\n\n<ul class=\"wp-block-list\">\n<li><a href=\"https:\/\/leblog.wesco.fr\/fr\/pourquoi-aider-lenfant-a-nommer-ses-emotions\/\">Pourquoi aider l\u2019enfant \u00e0 nommer ses \u00e9motions&nbsp;?<\/a><\/li>\n\n\n\n<li><a href=\"https:\/\/leblog.wesco.fr\/fr\/emotions-enfants-comprendre-et-mieux-accompagner\/\">\u00c9motions de l\u2019enfant : comprendre et mieux accompagner<\/a><\/li>\n\n\n\n<li><a href=\"https:\/\/leblog.wesco.fr\/fr\/les-emotions\/\">Les \u00e9motions chez l\u2019enfant<\/a><\/li>\n<\/ul>\n\n\n\n<h5 class=\"wp-block-heading\">Pour aller plus loin<\/h5>\n\n\n\n<ul class=\"wp-block-list\">\n<li><a href=\"https:\/\/www.wesco.fr\/fiches-creatives-wesco\/fiches-creatives-de-la-rentree.html\" target=\"_blank\" rel=\"noreferrer noopener\">D\u00e9couvrez toutes nos fiches cr\u00e9atives pour la rentr\u00e9e et l&#8217;\u00e9cole<\/a><\/li>\n\n\n\n<li><a href=\"https:\/\/www.wesco.fr\/loisirs-creatifs.html\" target=\"_blank\" rel=\"noreferrer noopener\">Retrouvez notre s\u00e9lection loisirs cr\u00e9atifs<\/a><\/li>\n<\/ul>\n","protected":false},"excerpt":{"rendered":"<p>Vous cherchez une activit\u00e9 gestion des \u00e9motions \u202f? Fabriquez un tableau m\u00e9t\u00e9o des \u00e9motions : un outil ludique qui permet \u00e0 l\u2019enfant de mettre des mots sur ce qu\u2019il ressent. En faisant le parall\u00e8le avec la m\u00e9t\u00e9o, l\u2019enfant associe une image \u00e0 l\u2019\u00e9motion qu\u2019il ressent (nuageux, ensoleill\u00e9\u2026). L\u2019outil m\u00e9t\u00e9o des \u00e9motions est id\u00e9al en accueil collectif, \u00e0 l\u2019\u00e9cole maternelle et aussi \u00e0 la maison : il devient un vrai alli\u00e9 dans le quotidien de l\u2019enfant et l\u2019accompagne dans la gestion de ses \u00e9motions.Et le fabriquer soi-m\u00eame, c\u2019est encore mieux : la cr\u00e9ation manuelle de cet outil par l\u2019enfant (avec l\u2019aide d\u2019un adulte) favorise l\u2019implication, stimule la cr\u00e9ativit\u00e9, la r\u00e9flexion sur les \u00e9motions, et rend l\u2019apprentissage plus concret et durable. DIY m\u00e9t\u00e9o des \u00e9motions Liste du mat\u00e9riel cr\u00e9atif n\u00e9cessaire&nbsp;: Pour ce DIY \u00e9motions, \u00e0 r\u00e9aliser par [&hellip;]<\/p>\n","protected":false},"author":16,"featured_media":131125,"comment_status":"open","ping_status":"open","sticky":false,"template":"","format":"standard","meta":{"_lmt_disableupdate":"","_lmt_disable":"","episode_type":"","audio_file":"","podmotor_file_id":"","podmotor_episode_id":"","cover_image":"","cover_image_id":"","duration":"","filesize":"","filesize_raw":"","date_recorded":"","explicit":"","block":"","itunes_episode_number":"","itunes_title":"","itunes_season_number":"","itunes_episode_type":"","footnotes":""},"categories":[65],"tags":[19,20,98],"class_list":["post-131120","post","type-post","status-publish","format-standard","has-post-thumbnail","hentry","category-education","tag-3-6-ans","tag-6-10-ans","tag-art-et-creativite-pour-les-grands"],"yoast_head":"<!-- This site is optimized with the Yoast SEO plugin v27.5 - https:\/\/yoast.com\/product\/yoast-seo-wordpress\/ -->\n<title>M\u00e9t\u00e9o des \u00e9motions chez l&#039;enfant - Le Blog Wesco<\/title>\n<meta name=\"description\" content=\"D\u00e9couvrez comment r\u00e9aliser un tableau m\u00e9t\u00e9o des \u00e9motions avec vos enfants : \u00e9tapes d\u00e9taill\u00e9es pas \u00e0 pas et mat\u00e9riel n\u00e9cessaire pour ce DIY.\" \/>\n<meta name=\"robots\" content=\"index, follow, max-snippet:-1, max-image-preview:large, max-video-preview:-1\" \/>\n<link rel=\"canonical\" href=\"https:\/\/leblog.wesco.fr\/fr\/diy-fabriquer-un-tableau-meteo-des-emotions\/\" \/>\n<meta property=\"og:locale\" content=\"fr_FR\" \/>\n<meta property=\"og:type\" content=\"article\" \/>\n<meta property=\"og:title\" content=\"M\u00e9t\u00e9o des \u00e9motions chez l&#039;enfant - Le Blog Wesco\" \/>\n<meta property=\"og:description\" content=\"D\u00e9couvrez comment r\u00e9aliser un tableau m\u00e9t\u00e9o des \u00e9motions avec vos enfants : \u00e9tapes d\u00e9taill\u00e9es pas \u00e0 pas et mat\u00e9riel n\u00e9cessaire pour ce DIY.\" \/>\n<meta property=\"og:url\" content=\"https:\/\/leblog.wesco.fr\/fr\/diy-fabriquer-un-tableau-meteo-des-emotions\/\" \/>\n<meta property=\"og:site_name\" content=\"Blog Wesco\" \/>\n<meta property=\"article:published_time\" content=\"2025-09-05T07:00:00+00:00\" \/>\n<meta property=\"og:image\" content=\"https:\/\/leblog.wesco.fr\/fr\/wp-content\/uploads\/2025\/05\/tableau-meteo-emotions.jpg\" \/>\n\t<meta property=\"og:image:width\" content=\"1600\" \/>\n\t<meta property=\"og:image:height\" content=\"800\" \/>\n\t<meta property=\"og:image:type\" content=\"image\/jpeg\" \/>\n<meta name=\"author\" content=\"Communication\" \/>\n<meta name=\"twitter:card\" content=\"summary_large_image\" \/>\n<meta name=\"twitter:label1\" content=\"\u00c9crit par\" \/>\n\t<meta name=\"twitter:data1\" content=\"Communication\" \/>\n\t<meta name=\"twitter:label2\" content=\"Dur\u00e9e de lecture estim\u00e9e\" \/>\n\t<meta name=\"twitter:data2\" content=\"6 minutes\" \/>\n<!-- \/ Yoast SEO plugin. -->","yoast_head_json":{"title":"M\u00e9t\u00e9o des \u00e9motions chez l'enfant - Le Blog Wesco","description":"D\u00e9couvrez comment r\u00e9aliser un tableau m\u00e9t\u00e9o des \u00e9motions avec vos enfants : \u00e9tapes d\u00e9taill\u00e9es pas \u00e0 pas et mat\u00e9riel n\u00e9cessaire pour ce DIY.","robots":{"index":"index","follow":"follow","max-snippet":"max-snippet:-1","max-image-preview":"max-image-preview:large","max-video-preview":"max-video-preview:-1"},"canonical":"https:\/\/leblog.wesco.fr\/fr\/diy-fabriquer-un-tableau-meteo-des-emotions\/","og_locale":"fr_FR","og_type":"article","og_title":"M\u00e9t\u00e9o des \u00e9motions chez l'enfant - Le Blog Wesco","og_description":"D\u00e9couvrez comment r\u00e9aliser un tableau m\u00e9t\u00e9o des \u00e9motions avec vos enfants : \u00e9tapes d\u00e9taill\u00e9es pas \u00e0 pas et mat\u00e9riel n\u00e9cessaire pour ce DIY.","og_url":"https:\/\/leblog.wesco.fr\/fr\/diy-fabriquer-un-tableau-meteo-des-emotions\/","og_site_name":"Blog Wesco","article_published_time":"2025-09-05T07:00:00+00:00","og_image":[{"width":1600,"height":800,"url":"https:\/\/leblog.wesco.fr\/fr\/wp-content\/uploads\/2025\/05\/tableau-meteo-emotions.jpg","type":"image\/jpeg"}],"author":"Communication","twitter_card":"summary_large_image","twitter_misc":{"\u00c9crit par":"Communication","Dur\u00e9e de lecture estim\u00e9e":"6 minutes"},"schema":{"@context":"https:\/\/schema.org","@graph":[{"@type":"Article","@id":"https:\/\/leblog.wesco.fr\/fr\/diy-fabriquer-un-tableau-meteo-des-emotions\/#article","isPartOf":{"@id":"https:\/\/leblog.wesco.fr\/fr\/diy-fabriquer-un-tableau-meteo-des-emotions\/"},"author":{"name":"Communication","@id":"https:\/\/leblog.wesco.fr\/fr\/#\/schema\/person\/20cfe9283705cd6451a0fd0b627ae949"},"headline":"DIY : Fabriquer un tableau m\u00e9t\u00e9o des \u00e9motions","datePublished":"2025-09-05T07:00:00+00:00","mainEntityOfPage":{"@id":"https:\/\/leblog.wesco.fr\/fr\/diy-fabriquer-un-tableau-meteo-des-emotions\/"},"wordCount":1112,"commentCount":0,"image":{"@id":"https:\/\/leblog.wesco.fr\/fr\/diy-fabriquer-un-tableau-meteo-des-emotions\/#primaryimage"},"thumbnailUrl":"https:\/\/leblog.wesco.fr\/fr\/wp-content\/uploads\/2025\/05\/tableau-meteo-emotions.jpg","keywords":["3\/6 ans","6\/10 ans","Arts &amp; cr\u00e9ativit\u00e9 pour les grands"],"articleSection":["\u00c9ducation"],"inLanguage":"fr-FR","potentialAction":[{"@type":"CommentAction","name":"Comment","target":["https:\/\/leblog.wesco.fr\/fr\/diy-fabriquer-un-tableau-meteo-des-emotions\/#respond"]}]},{"@type":"WebPage","@id":"https:\/\/leblog.wesco.fr\/fr\/diy-fabriquer-un-tableau-meteo-des-emotions\/","url":"https:\/\/leblog.wesco.fr\/fr\/diy-fabriquer-un-tableau-meteo-des-emotions\/","name":"M\u00e9t\u00e9o des \u00e9motions chez l'enfant - Le Blog Wesco","isPartOf":{"@id":"https:\/\/leblog.wesco.fr\/fr\/#website"},"primaryImageOfPage":{"@id":"https:\/\/leblog.wesco.fr\/fr\/diy-fabriquer-un-tableau-meteo-des-emotions\/#primaryimage"},"image":{"@id":"https:\/\/leblog.wesco.fr\/fr\/diy-fabriquer-un-tableau-meteo-des-emotions\/#primaryimage"},"thumbnailUrl":"https:\/\/leblog.wesco.fr\/fr\/wp-content\/uploads\/2025\/05\/tableau-meteo-emotions.jpg","datePublished":"2025-09-05T07:00:00+00:00","author":{"@id":"https:\/\/leblog.wesco.fr\/fr\/#\/schema\/person\/20cfe9283705cd6451a0fd0b627ae949"},"description":"D\u00e9couvrez comment r\u00e9aliser un tableau m\u00e9t\u00e9o des \u00e9motions avec vos enfants : \u00e9tapes d\u00e9taill\u00e9es pas \u00e0 pas et mat\u00e9riel n\u00e9cessaire pour ce DIY.","breadcrumb":{"@id":"https:\/\/leblog.wesco.fr\/fr\/diy-fabriquer-un-tableau-meteo-des-emotions\/#breadcrumb"},"inLanguage":"fr-FR","potentialAction":[{"@type":"ReadAction","target":["https:\/\/leblog.wesco.fr\/fr\/diy-fabriquer-un-tableau-meteo-des-emotions\/"]}]},{"@type":"ImageObject","inLanguage":"fr-FR","@id":"https:\/\/leblog.wesco.fr\/fr\/diy-fabriquer-un-tableau-meteo-des-emotions\/#primaryimage","url":"https:\/\/leblog.wesco.fr\/fr\/wp-content\/uploads\/2025\/05\/tableau-meteo-emotions.jpg","contentUrl":"https:\/\/leblog.wesco.fr\/fr\/wp-content\/uploads\/2025\/05\/tableau-meteo-emotions.jpg","width":1600,"height":800,"caption":"Photo pr\u00e9sentant la fiche cr\u00e9ative sur le tableau des \u00e9motions blog wesco"},{"@type":"BreadcrumbList","@id":"https:\/\/leblog.wesco.fr\/fr\/diy-fabriquer-un-tableau-meteo-des-emotions\/#breadcrumb","itemListElement":[{"@type":"ListItem","position":1,"name":"Accueil","item":"https:\/\/leblog.wesco.fr\/fr\/"},{"@type":"ListItem","position":2,"name":"\u00c9ducation","item":"https:\/\/leblog.wesco.fr\/fr\/category\/education\/"},{"@type":"ListItem","position":3,"name":"DIY : Fabriquer un tableau m\u00e9t\u00e9o des \u00e9motions"}]},{"@type":"WebSite","@id":"https:\/\/leblog.wesco.fr\/fr\/#website","url":"https:\/\/leblog.wesco.fr\/fr\/","name":"Blog Wesco","description":"Le rendez-vous des enfants, des parents et des professionnels","potentialAction":[{"@type":"SearchAction","target":{"@type":"EntryPoint","urlTemplate":"https:\/\/leblog.wesco.fr\/fr\/?s={search_term_string}"},"query-input":{"@type":"PropertyValueSpecification","valueRequired":true,"valueName":"search_term_string"}}],"inLanguage":"fr-FR"},{"@type":"Person","@id":"https:\/\/leblog.wesco.fr\/fr\/#\/schema\/person\/20cfe9283705cd6451a0fd0b627ae949","name":"Communication","url":"https:\/\/leblog.wesco.fr\/fr\/author\/communication\/"}]}},"modified_by":"Adeline Glotin","_links":{"self":[{"href":"https:\/\/leblog.wesco.fr\/fr\/wp-json\/wp\/v2\/posts\/131120","targetHints":{"allow":["GET"]}}],"collection":[{"href":"https:\/\/leblog.wesco.fr\/fr\/wp-json\/wp\/v2\/posts"}],"about":[{"href":"https:\/\/leblog.wesco.fr\/fr\/wp-json\/wp\/v2\/types\/post"}],"author":[{"embeddable":true,"href":"https:\/\/leblog.wesco.fr\/fr\/wp-json\/wp\/v2\/users\/16"}],"replies":[{"embeddable":true,"href":"https:\/\/leblog.wesco.fr\/fr\/wp-json\/wp\/v2\/comments?post=131120"}],"version-history":[{"count":8,"href":"https:\/\/leblog.wesco.fr\/fr\/wp-json\/wp\/v2\/posts\/131120\/revisions"}],"predecessor-version":[{"id":131473,"href":"https:\/\/leblog.wesco.fr\/fr\/wp-json\/wp\/v2\/posts\/131120\/revisions\/131473"}],"wp:featuredmedia":[{"embeddable":true,"href":"https:\/\/leblog.wesco.fr\/fr\/wp-json\/wp\/v2\/media\/131125"}],"wp:attachment":[{"href":"https:\/\/leblog.wesco.fr\/fr\/wp-json\/wp\/v2\/media?parent=131120"}],"wp:term":[{"taxonomy":"category","embeddable":true,"href":"https:\/\/leblog.wesco.fr\/fr\/wp-json\/wp\/v2\/categories?post=131120"},{"taxonomy":"post_tag","embeddable":true,"href":"https:\/\/leblog.wesco.fr\/fr\/wp-json\/wp\/v2\/tags?post=131120"}],"curies":[{"name":"wp","href":"https:\/\/api.w.org\/{rel}","templated":true}]}}