{"id":131022,"date":"2025-07-25T09:00:00","date_gmt":"2025-07-25T07:00:00","guid":{"rendered":"https:\/\/leblog.wesco.fr\/fr\/?p=131022"},"modified":"2025-08-22T15:16:42","modified_gmt":"2025-08-22T13:16:42","slug":"recette-galette-printaniere-pour-bebe-des-10-mois","status":"publish","type":"post","link":"https:\/\/leblog.wesco.fr\/fr\/recette-galette-printaniere-pour-bebe-des-10-mois\/","title":{"rendered":"Recette galette printani\u00e8re pour b\u00e9b\u00e9 d\u00e8s 10 mois"},"content":{"rendered":"\n<div class=\"wp-block-ideabox-toc ib-block-toc\" data-anchors='h2' data-collapsable='true' ><div class=\"ib-toc-container ib-toc-list-style-numbers ib-toc-hierarchical ib-toc-expanded\"><div class=\"ib-toc-header\"><div class=\"ib-toc-header-title\">Sommaire<\/div><div class=\"ib-toc-header-right\"><span class=\"ib-toc-icon-collapse\"><span class=\"dashicon dashicons dashicons-minus\"><\/span><\/span><span class=\"ib-toc-icon-expand\"><span class=\"dashicon dashicons dashicons-plus\"><\/span><\/span><\/div><\/div><div class=\"ib-toc-separator\" style=\"height:2px\"><\/div><div class=\"ib-toc-body\"><ol class=\"ib-toc-anchors\"><\/ol><\/div><\/div><\/div>\n\n\n\n<p>Un vrai r\u00e9gal pour les petits gourmands&nbsp;: d\u00e9couvrez les <strong>galettes printani\u00e8res<\/strong> de butternut et potimarron, une <strong>recette DME d\u00e8s 10 mois<\/strong>, la <strong>DME<\/strong> est id\u00e9ale pour d\u00e9buter en douceur la diversification alimentaire de Ptiloups&nbsp;!<\/p>\n\n\n\n<h2 class=\"wp-block-heading\">Recette de galettes de l\u00e9gumes printani\u00e8res<\/h2>\n\n\n\n<h3 class=\"wp-block-heading\">Liste des ingr\u00e9dients n\u00e9cessaires<\/h3>\n\n\n\n<p>Pour r\u00e9aliser cette recette de <strong>galettes de l\u00e9gumes<\/strong>, qui permet d&#8217;obtenir environ 15 portions, voici les ingr\u00e9dients n\u00e9cessaires&nbsp;:<\/p>\n\n\n\n<ul class=\"wp-block-list\">\n<li>\ud83c\udf60 <a href=\"https:\/\/www.wesco.fr\/63626171-petits-pots-bio-potimarron-vert-et-butternut-2-x-130-g-babybio.html?queryID=2f3dac8cb895cb3d8e8bf3cde79c5d4b&amp;objectID=39187&amp;indexName=PRODUCTION_wesco_fr_products\" target=\"_blank\" rel=\"noreferrer noopener\">1 petit pot de butternut et potimarron vert<\/a><\/li>\n\n\n\n<li>\ud83e\udd5a 1 \u0153uf<\/li>\n\n\n\n<li>\ud83c\udf3e 1 cuill\u00e8re \u00e0 soupe de farine<\/li>\n\n\n\n<li>\ud83e\uddc2 1 pinc\u00e9e de sel<\/li>\n\n\n\n<li>\ud83e\udd56 un peu de chapelure de pain<\/li>\n<\/ul>\n\n\n\n<h3 class=\"wp-block-heading\">S&#8217;\u00e9quiper comme un chef<\/h3>\n\n\n\n<p>On cuisine pour b\u00e9b\u00e9, oui, mais avec un \u00e9quipement adapt\u00e9&nbsp;! Pr\u00e9parez des repas sains et savoureux en toute simplicit\u00e9.<\/p>\n\n\n\n<div class=\"wp-block-carousel-slider-slider\"><div class=\"carousel-slider-outer carousel-slider-outer-image-carousel carousel-slider-outer-131028\" style=\"--carousel-slider-nav-color:#f1f1f1;--carousel-slider-active-nav-color:rgb(0,0,0);--carousel-slider-arrow-size:48px;--carousel-slider-bullet-size:10px\">\n<div id=\"&#039;id-131028\" class=\"carousel-slider carousel-slider-131028 arrows-visibility-hover dots-visibility-never arrows-outside dots-center dots-circle owl-carousel\" data-slide-type=\"image-carousel\" data-owl-settings='{\"nav\":true,\"dots\":false,\"slideBy\":1,\"stagePadding\":0,\"margin\":10,\"loop\":false,\"lazyLoad\":false,\"autoplay\":true,\"autoplayTimeout\":5000,\"autoplaySpeed\":500,\"autoplayHoverPause\":true,\"autoWidth\":false,\"responsive\":{\"300\":{\"items\":1},\"576\":{\"items\":2},\"768\":{\"items\":2},\"1024\":{\"items\":3},\"1280\":{\"items\":4},\"1536\":{\"items\":5}}}'>\n<div class=\"carousel-slider__item\">\n\t<a href=\"https:\/\/www.wesco.fr\/65975171-saladier-inox-a-ventouse-o-17-cm.html?queryID=91423fa7620ce080fe581d47a99350cb&#038;objectID=46235&#038;indexName=PRODUCTION_wesco_fr_products\" target=\"_blank\"><img loading=\"lazy\" decoding=\"async\" width=\"800\" height=\"600\" src=\"https:\/\/leblog.wesco.fr\/fr\/wp-content\/uploads\/2025\/04\/saladier-inox-ventouse-17-cm.jpg\" class=\"attachment-large size-large\" alt=\"Saladier en inox \u00e9quip\u00e9 d&#039;une base en ventouse en silicone antid\u00e9rapant blog wesco\" srcset=\"https:\/\/leblog.wesco.fr\/fr\/wp-content\/uploads\/2025\/04\/saladier-inox-ventouse-17-cm.jpg 800w, https:\/\/leblog.wesco.fr\/fr\/wp-content\/uploads\/2025\/04\/saladier-inox-ventouse-17-cm-300x225.jpg 300w, https:\/\/leblog.wesco.fr\/fr\/wp-content\/uploads\/2025\/04\/saladier-inox-ventouse-17-cm-768x576.jpg 768w\" sizes=\"auto, (max-width: 800px) 100vw, 800px\" \/><div class=\"carousel-slider__caption\"><h4 class=\"title\">SALADIER INOX \u00c0 VENTOUSE \u00d8 17 cm<\/h4><\/div><\/a><\/div>\n\n<div class=\"carousel-slider__item\">\n\t<a href=\"https:\/\/www.wesco.fr\/of59814-couvert-eco-reponsable.html?queryID=67586f80188e3fedeb387056669a70b4&#038;objectID=28615&#038;indexName=PRODUCTION_wesco_fr_products\" target=\"_blank\"><img loading=\"lazy\" decoding=\"async\" width=\"800\" height=\"600\" src=\"https:\/\/leblog.wesco.fr\/fr\/wp-content\/uploads\/2025\/04\/couverts-bioplastique.jpg\" class=\"attachment-large size-large\" alt=\"Couverts avec poign\u00e9es \u00e0 90 % de mati\u00e8re d&#039;origine v\u00e9g\u00e9tale et m\u00e9tal blog wesco\" srcset=\"https:\/\/leblog.wesco.fr\/fr\/wp-content\/uploads\/2025\/04\/couverts-bioplastique.jpg 800w, https:\/\/leblog.wesco.fr\/fr\/wp-content\/uploads\/2025\/04\/couverts-bioplastique-300x225.jpg 300w, https:\/\/leblog.wesco.fr\/fr\/wp-content\/uploads\/2025\/04\/couverts-bioplastique-768x576.jpg 768w\" sizes=\"auto, (max-width: 800px) 100vw, 800px\" \/><div class=\"carousel-slider__caption\"><h4 class=\"title\">COUVERTS BIOPLASTIQUE<\/h4><\/div><\/a><\/div>\n\n<div class=\"carousel-slider__item\">\n\t<a href=\"https:\/\/www.wesco.fr\/puericulture\/repas\/ustensiles-de-cuisine.html\" target=\"_blank\"><img loading=\"lazy\" decoding=\"async\" width=\"800\" height=\"600\" src=\"https:\/\/leblog.wesco.fr\/fr\/wp-content\/uploads\/2025\/04\/ustensiles-cuisine-enfant.jpg\" class=\"attachment-large size-large\" alt=\"Ustensiles de cuisines bois et silicone adapt\u00e9s aux mains des enfants\" srcset=\"https:\/\/leblog.wesco.fr\/fr\/wp-content\/uploads\/2025\/04\/ustensiles-cuisine-enfant.jpg 800w, https:\/\/leblog.wesco.fr\/fr\/wp-content\/uploads\/2025\/04\/ustensiles-cuisine-enfant-300x225.jpg 300w, https:\/\/leblog.wesco.fr\/fr\/wp-content\/uploads\/2025\/04\/ustensiles-cuisine-enfant-768x576.jpg 768w\" sizes=\"auto, (max-width: 800px) 100vw, 800px\" \/><div class=\"carousel-slider__caption\"><h4 class=\"title\">SET DE 4 USTENSILES DE CUISINE pour enfant<\/h4><\/div><\/a><\/div>\n\n<div class=\"carousel-slider__item\">\n\t<a href=\"https:\/\/www.wesco.fr\/68527000-vaisselle-inox-assiette-o-17-cm-wesco.html?queryID=78747ac457eb6eeb38f2d1bb51b61bdd&#038;objectID=59042&#038;indexName=PRODUCTION_wesco_fr_products\" target=\"_blank\"><img loading=\"lazy\" decoding=\"async\" width=\"800\" height=\"600\" src=\"https:\/\/leblog.wesco.fr\/fr\/wp-content\/uploads\/2025\/04\/vaisselle-inox-rebord.jpg\" class=\"attachment-large size-large\" alt=\"Assiette en inox Wesco avec rebord et poing\u00e9es pour une bonne prise en main m\u00eame par les petits\" srcset=\"https:\/\/leblog.wesco.fr\/fr\/wp-content\/uploads\/2025\/04\/vaisselle-inox-rebord.jpg 800w, https:\/\/leblog.wesco.fr\/fr\/wp-content\/uploads\/2025\/04\/vaisselle-inox-rebord-300x225.jpg 300w, https:\/\/leblog.wesco.fr\/fr\/wp-content\/uploads\/2025\/04\/vaisselle-inox-rebord-768x576.jpg 768w\" sizes=\"auto, (max-width: 800px) 100vw, 800px\" \/><div class=\"carousel-slider__caption\"><h4 class=\"title\">VAISSELLE INOX Assiette \u00d8 17 cm<\/h4><\/div><\/a><\/div>\n\n<div class=\"carousel-slider__item\">\n\t<a href=\"https:\/\/www.wesco.fr\/31302010-cuillere-en-bois-a-decorer-ovale-graine-creative.html\" target=\"_blank\"><img loading=\"lazy\" decoding=\"async\" width=\"800\" height=\"600\" src=\"https:\/\/leblog.wesco.fr\/fr\/wp-content\/uploads\/2025\/04\/cuilliere-bois.jpg\" class=\"attachment-large size-large\" alt=\"Cuill\u00e8re en bois id\u00e9ale pour venir m\u00e9langer dans votre po\u00eale sans aimer\" srcset=\"https:\/\/leblog.wesco.fr\/fr\/wp-content\/uploads\/2025\/04\/cuilliere-bois.jpg 800w, https:\/\/leblog.wesco.fr\/fr\/wp-content\/uploads\/2025\/04\/cuilliere-bois-300x225.jpg 300w, https:\/\/leblog.wesco.fr\/fr\/wp-content\/uploads\/2025\/04\/cuilliere-bois-768x576.jpg 768w\" sizes=\"auto, (max-width: 800px) 100vw, 800px\" \/><div class=\"carousel-slider__caption\"><h4 class=\"title\">CUILL\u00c8RE EN BOIS \u00c0 D\u00c9CORER Ovale<\/h4><\/div><\/a><\/div>\n\n<\/div><!-- .carousel-slider-131028 -->\n<\/div><!-- .carousel-slider-outer-131028 -->\n<\/div>\n\n\n\n<h3 class=\"wp-block-heading\">Les \u00e9tapes de pr\u00e9paration de notre recette de galettes printani\u00e8res<\/h3>\n\n\n\n<p>Apprenez \u00e0 r\u00e9aliser nos <strong>galettes de l\u00e9gumes pour b\u00e9b\u00e9<\/strong> gr\u00e2ce \u00e0 notre vid\u00e9o d\u00e9crivant chaque \u00e9tape pas \u00e0 pas. Un doute&nbsp;? Faites pause et reprenez o\u00f9 vous le souhaitez&nbsp;!<\/p>\n\n\n\n<figure class=\"wp-block-embed is-type-video is-provider-youtube wp-block-embed-youtube wp-embed-aspect-16-9 wp-has-aspect-ratio\"><div class=\"wp-block-embed__wrapper\">\n<iframe loading=\"lazy\" title=\"Recette galette printani\u00e8re pour b\u00e9b\u00e9 - Wesco\" width=\"1140\" height=\"641\" src=\"https:\/\/www.youtube.com\/embed\/Ixhe6_L3R1U?list=PLdf4uMEWg61P7csn-mIGVZofYH-EKZhn0\" frameborder=\"0\" allow=\"accelerometer; autoplay; clipboard-write; encrypted-media; gyroscope; picture-in-picture; web-share\" referrerpolicy=\"strict-origin-when-cross-origin\" allowfullscreen><\/iframe>\n<\/div><\/figure>\n\n\n\n<ol class=\"wp-block-list\">\n<li>R\u00e9chauffez le petit pot babybio \u00e0 la casserole ou au micro-ondes.<\/li>\n\n\n\n<li>M\u00e9langez la farine, l\u2019\u0153uf et la pur\u00e9e et ajoutez une pinc\u00e9e de sel.<\/li>\n\n\n\n<li>Formez des galettes avec la p\u00e2te et panez-les dans la chapelure.<\/li>\n\n\n\n<li>Dans une po\u00eale, mettez de l\u2019huile d\u2019olive et faites dorer vos galettes.<\/li>\n\n\n\n<li>Laissez refroidir pour que vos petits ne se br\u00fblent pas.<\/li>\n<\/ol>\n\n\n\n<p>C\u2019est pr\u00eat&nbsp;!<\/p>\n\n\n\n<h2 class=\"wp-block-heading\">Comment aider b\u00e9b\u00e9 \u00e0 manger sainement&nbsp;?<\/h2>\n\n\n\n<p>B\u00e9b\u00e9 grandit et ce petit curieux vous observe lors de la pr\u00e9paration et la cuisson des aliments&nbsp;? Rien de mieux pour l\u2019initier \u00e0 manger \u00e9quilibr\u00e9 et l\u2019impliquer dans ses choix. Pour <a href=\"https:\/\/leblog.wesco.fr\/fr\/encourager-enfants-a-manger-sainement\/\">donner aux enfants le go\u00fbt des bonnes choses<\/a>, <strong>la DME<\/strong> est une m\u00e9thode qui a fait ses preuves.<br>Notre <strong>recette de galettes de l\u00e9gumes pour b\u00e9b\u00e9<\/strong> lui permettra de d\u00e9couvrir le plaisir de manger avec les doigts tout en appr\u00e9ciant de nouvelles textures et go\u00fbts&nbsp;!<br>Et pour qu&#8217;il soit confortablement install\u00e9 pour savourer son repas, choisissez parmi notre s\u00e9lection de <a href=\"https:\/\/www.wesco.fr\/alimentation\/selections-repas\/chaise-hautes-et-rehausseurs.html\" target=\"_blank\" rel=\"noreferrer noopener\">chaises hautes<\/a>.<\/p>\n\n\n\n<div class=\"wp-block-buttons is-content-justification-center is-layout-flex wp-container-core-buttons-is-layout-16018d1d wp-block-buttons-is-layout-flex\">\n<div class=\"wp-block-button\"><a class=\"wp-block-button__link wp-element-button\" href=\"https:\/\/www.wesco.fr\/fiches-creatives-wesco\/fiches-creatives-pour-cuisiner-avec-les-enfants.html\">D\u00e9couvrir toutes nos id\u00e9es recettes pour cuisiner avec les enfants<\/a><\/div>\n<\/div>\n\n\n\n<h5 class=\"wp-block-heading\">Nos articles sur la m\u00eame th\u00e9matique<\/h5>\n\n\n\n<ul class=\"wp-block-list\">\n<li><a href=\"https:\/\/leblog.wesco.fr\/on-parlait-bien-manger\/\">Et si on parlait du bien manger ?<\/a><\/li>\n\n\n\n<li><a href=\"https:\/\/leblog.wesco.fr\/initier-enfants-a-alimentation-saine-equilibree\/\">Comment initier les enfants \u00e0 une alimentation saine et \u00e9quilibr\u00e9e ?<\/a><\/li>\n\n\n\n<li><a href=\"https:\/\/leblog.wesco.fr\/fr\/la-dme-diversification-menee-par-lenfant\/\">La DME : diversification men\u00e9e par l\u2019enfant<\/a><\/li>\n\n\n\n<li><a href=\"https:\/\/leblog.wesco.fr\/fr\/comment-choisir-et-bien-utiliser-une-chaise-haute-pour-bebe\/\">Comment choisir et bien utiliser une chaise haute pour b\u00e9b\u00e9 ?<\/a><\/li>\n<\/ul>\n\n\n\n<h5 class=\"wp-block-heading\">Pour aller plus loin<\/h5>\n\n\n\n<ul class=\"wp-block-list\">\n<li><a href=\"https:\/\/www.youtube.com\/playlist?list=PLdf4uMEWg61P7csn-mIGVZofYH-EKZhn0\" target=\"_blank\" rel=\"noreferrer noopener\">D\u00e9couvrez toutes nos recettes en vid\u00e9o<\/a><\/li>\n\n\n\n<li><a href=\"https:\/\/www.wesco.fr\/alimentation.html\" target=\"_blank\" rel=\"noreferrer noopener\">Retrouvez notre gamme alimentation<\/a><\/li>\n<\/ul>\n\n\n\n<p><\/p>\n","protected":false},"excerpt":{"rendered":"<p>Un vrai r\u00e9gal pour les petits gourmands&nbsp;: d\u00e9couvrez les galettes printani\u00e8res de butternut et potimarron, une recette DME d\u00e8s 10 mois, la DME est id\u00e9ale pour d\u00e9buter en douceur la diversification alimentaire de Ptiloups&nbsp;! Recette de galettes de l\u00e9gumes printani\u00e8res Liste des ingr\u00e9dients n\u00e9cessaires Pour r\u00e9aliser cette recette de galettes de l\u00e9gumes, qui permet d&#8217;obtenir environ 15 portions, voici les ingr\u00e9dients n\u00e9cessaires&nbsp;: S&#8217;\u00e9quiper comme un chef On cuisine pour b\u00e9b\u00e9, oui, mais avec un \u00e9quipement adapt\u00e9&nbsp;! Pr\u00e9parez des repas sains et savoureux en toute simplicit\u00e9. Les \u00e9tapes de pr\u00e9paration de notre recette de galettes printani\u00e8res Apprenez \u00e0 r\u00e9aliser nos galettes de l\u00e9gumes pour b\u00e9b\u00e9 gr\u00e2ce \u00e0 notre vid\u00e9o d\u00e9crivant chaque \u00e9tape pas \u00e0 pas. Un doute&nbsp;? Faites pause et reprenez o\u00f9 vous le souhaitez&nbsp;! C\u2019est pr\u00eat&nbsp;! Comment aider b\u00e9b\u00e9 \u00e0 manger sainement&nbsp;? B\u00e9b\u00e9 grandit et [&hellip;]<\/p>\n","protected":false},"author":16,"featured_media":131027,"comment_status":"open","ping_status":"open","sticky":false,"template":"","format":"standard","meta":{"_lmt_disableupdate":"","_lmt_disable":"","episode_type":"","audio_file":"","podmotor_file_id":"","podmotor_episode_id":"","cover_image":"","cover_image_id":"","duration":"","filesize":"","filesize_raw":"","date_recorded":"","explicit":"","block":"","itunes_episode_number":"","itunes_title":"","itunes_season_number":"","itunes_episode_type":"","footnotes":""},"categories":[65],"tags":[16,18,22,240],"class_list":["post-131022","post","type-post","status-publish","format-standard","has-post-thumbnail","hentry","category-education","tag-0-12-mois","tag-12-36-mois","tag-alimentation","tag-eveil-2"],"yoast_head":"<!-- This site is optimized with the Yoast SEO plugin v27.5 - https:\/\/yoast.com\/product\/yoast-seo-wordpress\/ -->\n<title>Recette galettes l\u00e9gumes b\u00e9b\u00e9 d\u00e8s 10 mois - Le Blog Wesco<\/title>\n<meta name=\"description\" content=\"Pr\u00e9parez de savoureuses galettes de l\u00e9gumes pour b\u00e9b\u00e9 d\u00e8s 10 mois. Une recette id\u00e9ale pour varier les textures et proposer des l\u00e9gumes autrement.\" \/>\n<meta name=\"robots\" content=\"index, follow, max-snippet:-1, max-image-preview:large, max-video-preview:-1\" \/>\n<link rel=\"canonical\" href=\"https:\/\/leblog.wesco.fr\/fr\/recette-galette-printaniere-pour-bebe-des-10-mois\/\" \/>\n<meta property=\"og:locale\" content=\"fr_FR\" \/>\n<meta property=\"og:type\" content=\"article\" \/>\n<meta property=\"og:title\" content=\"Recette galettes l\u00e9gumes b\u00e9b\u00e9 d\u00e8s 10 mois - Le Blog Wesco\" \/>\n<meta property=\"og:description\" content=\"Pr\u00e9parez de savoureuses galettes de l\u00e9gumes pour b\u00e9b\u00e9 d\u00e8s 10 mois. Une recette id\u00e9ale pour varier les textures et proposer des l\u00e9gumes autrement.\" \/>\n<meta property=\"og:url\" content=\"https:\/\/leblog.wesco.fr\/fr\/recette-galette-printaniere-pour-bebe-des-10-mois\/\" \/>\n<meta property=\"og:site_name\" content=\"Blog Wesco\" \/>\n<meta property=\"article:published_time\" content=\"2025-07-25T07:00:00+00:00\" \/>\n<meta property=\"article:modified_time\" content=\"2025-08-22T13:16:42+00:00\" \/>\n<meta property=\"og:image\" content=\"https:\/\/leblog.wesco.fr\/fr\/wp-content\/uploads\/2025\/04\/galettes-printannieres.jpg\" \/>\n\t<meta property=\"og:image:width\" content=\"1600\" \/>\n\t<meta property=\"og:image:height\" content=\"800\" \/>\n\t<meta property=\"og:image:type\" content=\"image\/jpeg\" \/>\n<meta name=\"author\" content=\"Communication\" \/>\n<meta name=\"twitter:card\" content=\"summary_large_image\" \/>\n<meta name=\"twitter:label1\" content=\"\u00c9crit par\" \/>\n\t<meta name=\"twitter:data1\" content=\"Communication\" \/>\n\t<meta name=\"twitter:label2\" content=\"Dur\u00e9e de lecture estim\u00e9e\" \/>\n\t<meta name=\"twitter:data2\" content=\"3 minutes\" \/>\n<!-- \/ Yoast SEO plugin. -->","yoast_head_json":{"title":"Recette galettes l\u00e9gumes b\u00e9b\u00e9 d\u00e8s 10 mois - Le Blog Wesco","description":"Pr\u00e9parez de savoureuses galettes de l\u00e9gumes pour b\u00e9b\u00e9 d\u00e8s 10 mois. Une recette id\u00e9ale pour varier les textures et proposer des l\u00e9gumes autrement.","robots":{"index":"index","follow":"follow","max-snippet":"max-snippet:-1","max-image-preview":"max-image-preview:large","max-video-preview":"max-video-preview:-1"},"canonical":"https:\/\/leblog.wesco.fr\/fr\/recette-galette-printaniere-pour-bebe-des-10-mois\/","og_locale":"fr_FR","og_type":"article","og_title":"Recette galettes l\u00e9gumes b\u00e9b\u00e9 d\u00e8s 10 mois - Le Blog Wesco","og_description":"Pr\u00e9parez de savoureuses galettes de l\u00e9gumes pour b\u00e9b\u00e9 d\u00e8s 10 mois. Une recette id\u00e9ale pour varier les textures et proposer des l\u00e9gumes autrement.","og_url":"https:\/\/leblog.wesco.fr\/fr\/recette-galette-printaniere-pour-bebe-des-10-mois\/","og_site_name":"Blog Wesco","article_published_time":"2025-07-25T07:00:00+00:00","article_modified_time":"2025-08-22T13:16:42+00:00","og_image":[{"width":1600,"height":800,"url":"https:\/\/leblog.wesco.fr\/fr\/wp-content\/uploads\/2025\/04\/galettes-printannieres.jpg","type":"image\/jpeg"}],"author":"Communication","twitter_card":"summary_large_image","twitter_misc":{"\u00c9crit par":"Communication","Dur\u00e9e de lecture estim\u00e9e":"3 minutes"},"schema":{"@context":"https:\/\/schema.org","@graph":[{"@type":"Article","@id":"https:\/\/leblog.wesco.fr\/fr\/recette-galette-printaniere-pour-bebe-des-10-mois\/#article","isPartOf":{"@id":"https:\/\/leblog.wesco.fr\/fr\/recette-galette-printaniere-pour-bebe-des-10-mois\/"},"author":{"name":"Communication","@id":"https:\/\/leblog.wesco.fr\/fr\/#\/schema\/person\/20cfe9283705cd6451a0fd0b627ae949"},"headline":"Recette galette printani\u00e8re pour b\u00e9b\u00e9 d\u00e8s 10 mois","datePublished":"2025-07-25T07:00:00+00:00","dateModified":"2025-08-22T13:16:42+00:00","mainEntityOfPage":{"@id":"https:\/\/leblog.wesco.fr\/fr\/recette-galette-printaniere-pour-bebe-des-10-mois\/"},"wordCount":463,"commentCount":0,"image":{"@id":"https:\/\/leblog.wesco.fr\/fr\/recette-galette-printaniere-pour-bebe-des-10-mois\/#primaryimage"},"thumbnailUrl":"https:\/\/leblog.wesco.fr\/fr\/wp-content\/uploads\/2025\/04\/galettes-printannieres.jpg","keywords":["0\/12 mois","12\/36 mois","Alimentation","Eveil"],"articleSection":["\u00c9ducation"],"inLanguage":"fr-FR","potentialAction":[{"@type":"CommentAction","name":"Comment","target":["https:\/\/leblog.wesco.fr\/fr\/recette-galette-printaniere-pour-bebe-des-10-mois\/#respond"]}]},{"@type":"WebPage","@id":"https:\/\/leblog.wesco.fr\/fr\/recette-galette-printaniere-pour-bebe-des-10-mois\/","url":"https:\/\/leblog.wesco.fr\/fr\/recette-galette-printaniere-pour-bebe-des-10-mois\/","name":"Recette galettes l\u00e9gumes b\u00e9b\u00e9 d\u00e8s 10 mois - Le Blog Wesco","isPartOf":{"@id":"https:\/\/leblog.wesco.fr\/fr\/#website"},"primaryImageOfPage":{"@id":"https:\/\/leblog.wesco.fr\/fr\/recette-galette-printaniere-pour-bebe-des-10-mois\/#primaryimage"},"image":{"@id":"https:\/\/leblog.wesco.fr\/fr\/recette-galette-printaniere-pour-bebe-des-10-mois\/#primaryimage"},"thumbnailUrl":"https:\/\/leblog.wesco.fr\/fr\/wp-content\/uploads\/2025\/04\/galettes-printannieres.jpg","datePublished":"2025-07-25T07:00:00+00:00","dateModified":"2025-08-22T13:16:42+00:00","author":{"@id":"https:\/\/leblog.wesco.fr\/fr\/#\/schema\/person\/20cfe9283705cd6451a0fd0b627ae949"},"description":"Pr\u00e9parez de savoureuses galettes de l\u00e9gumes pour b\u00e9b\u00e9 d\u00e8s 10 mois. Une recette id\u00e9ale pour varier les textures et proposer des l\u00e9gumes autrement.","breadcrumb":{"@id":"https:\/\/leblog.wesco.fr\/fr\/recette-galette-printaniere-pour-bebe-des-10-mois\/#breadcrumb"},"inLanguage":"fr-FR","potentialAction":[{"@type":"ReadAction","target":["https:\/\/leblog.wesco.fr\/fr\/recette-galette-printaniere-pour-bebe-des-10-mois\/"]}]},{"@type":"ImageObject","inLanguage":"fr-FR","@id":"https:\/\/leblog.wesco.fr\/fr\/recette-galette-printaniere-pour-bebe-des-10-mois\/#primaryimage","url":"https:\/\/leblog.wesco.fr\/fr\/wp-content\/uploads\/2025\/04\/galettes-printannieres.jpg","contentUrl":"https:\/\/leblog.wesco.fr\/fr\/wp-content\/uploads\/2025\/04\/galettes-printannieres.jpg","width":1600,"height":800,"caption":"Ingr\u00e9dients de la recette de galettes de printemps, l'oeuf, le pot de butternut et potimarron vert babybio, la farine et la chapelure de pain, r\u00e9partis sur une planche en bois blog wesco"},{"@type":"BreadcrumbList","@id":"https:\/\/leblog.wesco.fr\/fr\/recette-galette-printaniere-pour-bebe-des-10-mois\/#breadcrumb","itemListElement":[{"@type":"ListItem","position":1,"name":"Accueil","item":"https:\/\/leblog.wesco.fr\/fr\/"},{"@type":"ListItem","position":2,"name":"\u00c9ducation","item":"https:\/\/leblog.wesco.fr\/fr\/category\/education\/"},{"@type":"ListItem","position":3,"name":"Recette galette printani\u00e8re pour b\u00e9b\u00e9 d\u00e8s 10 mois"}]},{"@type":"WebSite","@id":"https:\/\/leblog.wesco.fr\/fr\/#website","url":"https:\/\/leblog.wesco.fr\/fr\/","name":"Blog Wesco","description":"Le rendez-vous des enfants, des parents et des professionnels","potentialAction":[{"@type":"SearchAction","target":{"@type":"EntryPoint","urlTemplate":"https:\/\/leblog.wesco.fr\/fr\/?s={search_term_string}"},"query-input":{"@type":"PropertyValueSpecification","valueRequired":true,"valueName":"search_term_string"}}],"inLanguage":"fr-FR"},{"@type":"Person","@id":"https:\/\/leblog.wesco.fr\/fr\/#\/schema\/person\/20cfe9283705cd6451a0fd0b627ae949","name":"Communication","url":"https:\/\/leblog.wesco.fr\/fr\/author\/communication\/"}]}},"modified_by":"Adeline Glotin","_links":{"self":[{"href":"https:\/\/leblog.wesco.fr\/fr\/wp-json\/wp\/v2\/posts\/131022","targetHints":{"allow":["GET"]}}],"collection":[{"href":"https:\/\/leblog.wesco.fr\/fr\/wp-json\/wp\/v2\/posts"}],"about":[{"href":"https:\/\/leblog.wesco.fr\/fr\/wp-json\/wp\/v2\/types\/post"}],"author":[{"embeddable":true,"href":"https:\/\/leblog.wesco.fr\/fr\/wp-json\/wp\/v2\/users\/16"}],"replies":[{"embeddable":true,"href":"https:\/\/leblog.wesco.fr\/fr\/wp-json\/wp\/v2\/comments?post=131022"}],"version-history":[{"count":8,"href":"https:\/\/leblog.wesco.fr\/fr\/wp-json\/wp\/v2\/posts\/131022\/revisions"}],"predecessor-version":[{"id":131467,"href":"https:\/\/leblog.wesco.fr\/fr\/wp-json\/wp\/v2\/posts\/131022\/revisions\/131467"}],"wp:featuredmedia":[{"embeddable":true,"href":"https:\/\/leblog.wesco.fr\/fr\/wp-json\/wp\/v2\/media\/131027"}],"wp:attachment":[{"href":"https:\/\/leblog.wesco.fr\/fr\/wp-json\/wp\/v2\/media?parent=131022"}],"wp:term":[{"taxonomy":"category","embeddable":true,"href":"https:\/\/leblog.wesco.fr\/fr\/wp-json\/wp\/v2\/categories?post=131022"},{"taxonomy":"post_tag","embeddable":true,"href":"https:\/\/leblog.wesco.fr\/fr\/wp-json\/wp\/v2\/tags?post=131022"}],"curies":[{"name":"wp","href":"https:\/\/api.w.org\/{rel}","templated":true}]}}