{"id":130962,"date":"2025-04-25T09:00:00","date_gmt":"2025-04-25T07:00:00","guid":{"rendered":"https:\/\/leblog.wesco.fr\/fr\/?p=130962"},"modified":"2025-08-22T15:29:58","modified_gmt":"2025-08-22T13:29:58","slug":"recette-hachis-parmentier-de-poisson-pour-bebe-des-6-mois","status":"publish","type":"post","link":"https:\/\/leblog.wesco.fr\/fr\/recette-hachis-parmentier-de-poisson-pour-bebe-des-6-mois\/","title":{"rendered":"Recette hachis parmentier de poisson pour b\u00e9b\u00e9 d\u00e8s 6 mois"},"content":{"rendered":"\n<div class=\"wp-block-ideabox-toc ib-block-toc\" data-anchors='h2' data-collapsable='true' ><div class=\"ib-toc-container ib-toc-list-style-numbers ib-toc-hierarchical ib-toc-expanded\"><div class=\"ib-toc-header\"><div class=\"ib-toc-header-title\">Sommaire<\/div><div class=\"ib-toc-header-right\"><span class=\"ib-toc-icon-collapse\"><span class=\"dashicon dashicons dashicons-minus\"><\/span><\/span><span class=\"ib-toc-icon-expand\"><span class=\"dashicon dashicons dashicons-plus\"><\/span><\/span><\/div><\/div><div class=\"ib-toc-separator\" style=\"height:2px\"><\/div><div class=\"ib-toc-body\"><ol class=\"ib-toc-anchors\"><\/ol><\/div><\/div><\/div>\n\n\n\n<p>Des saveurs pour nos petits gourmets : d\u00e9couvrez notre hachis parmentier de poisson, une <strong>recette pour b\u00e9b\u00e9 d\u00e8s 6 mois<\/strong>, qui apportera \u00e0 vos Ptiloups une <strong>diversification alimentaire prot\u00e9in\u00e9e<\/strong>.<\/p>\n\n\n\n<h2 class=\"wp-block-heading\">Recette hachis parmentier de poisson pour b\u00e9b\u00e9<\/h2>\n\n\n\n<h3 class=\"wp-block-heading\">Liste des ingr\u00e9dients n\u00e9cessaires<\/h3>\n\n\n\n<p>Pour cette recette de <strong>pur\u00e9e de poisson pour b\u00e9b\u00e9<\/strong>, qui permet de pr\u00e9parer environ quatre repas, voici ce qu&#8217;il vous faut&nbsp;:<\/p>\n\n\n\n<ul class=\"wp-block-list\">\n<li>\ud83d\udc1f <a href=\"https:\/\/www.wesco.fr\/64262171-maxi-lot-gourdes-monosaveur-bio-colin-10-x-60-g-popote.html?queryID=54a32a57e768163456eec7abbf553018&amp;objectID=35720&amp;indexName=PRODUCTION_wesco_fr_products\" target=\"_blank\" rel=\"noreferrer noopener\">1 gourde popote colin<\/a><\/li>\n\n\n\n<li>\ud83c\udf60 <a href=\"https:\/\/www.wesco.fr\/64055171-petits-pots-bio-panais-2-x-130-g-babybio.html?queryID=f226c2de17107da18b365b4dba95ce81&amp;objectID=39234&amp;indexName=PRODUCTION_wesco_fr_products\" target=\"_blank\" rel=\"noreferrer noopener\">1 pot de panais babybio<\/a><\/li>\n\n\n\n<li>\ud83e\udd54 3 pommes de terre<\/li>\n<\/ul>\n\n\n\n<h3 class=\"wp-block-heading\">S&#8217;\u00e9quiper comme un chef<\/h3>\n\n\n\n<p>Des repas pour b\u00e9b\u00e9 en toute s\u00e9r\u00e9nit\u00e9&nbsp;? \u00c9quipez-vous et chaque pr\u00e9paration deviendra un jeu d\u2019enfant&nbsp;!<\/p>\n\n\n\n<div class=\"wp-block-carousel-slider-slider\"><div class=\"carousel-slider-outer carousel-slider-outer-image-carousel carousel-slider-outer-130971\" style=\"--carousel-slider-nav-color:#f1f1f1;--carousel-slider-active-nav-color:rgb(0,0,0);--carousel-slider-arrow-size:48px;--carousel-slider-bullet-size:10px\">\n<div id=\"&#039;id-130971\" class=\"carousel-slider carousel-slider-130971 arrows-visibility-hover dots-visibility-never arrows-outside dots-center dots-circle owl-carousel\" data-slide-type=\"image-carousel\" data-owl-settings='{\"nav\":true,\"dots\":false,\"slideBy\":1,\"stagePadding\":0,\"margin\":10,\"loop\":false,\"lazyLoad\":false,\"autoplay\":true,\"autoplayTimeout\":5000,\"autoplaySpeed\":500,\"autoplayHoverPause\":true,\"autoWidth\":false,\"responsive\":{\"300\":{\"items\":1},\"576\":{\"items\":2},\"768\":{\"items\":2},\"1024\":{\"items\":3},\"1280\":{\"items\":4},\"1536\":{\"items\":5}}}'>\n<div class=\"carousel-slider__item\">\n\t<a href=\"https:\/\/www.wesco.fr\/5801017-econome-utilisation-verticale.html?queryID=768e639067a65f663a1494c3c6fac6a4&#038;objectID=19794&#038;indexName=PRODUCTION_wesco_fr_products\" target=\"_blank\"><img loading=\"lazy\" decoding=\"async\" width=\"800\" height=\"600\" src=\"https:\/\/leblog.wesco.fr\/fr\/wp-content\/uploads\/2025\/04\/econome-utilisation-verticale.jpg\" class=\"attachment-large size-large\" alt=\"\u00c9conome en m\u00e9tal recycl\u00e9 \u00e0 60%, \u00e0 utiliser \u00e0 la verticale blog wesco\" srcset=\"https:\/\/leblog.wesco.fr\/fr\/wp-content\/uploads\/2025\/04\/econome-utilisation-verticale.jpg 800w, https:\/\/leblog.wesco.fr\/fr\/wp-content\/uploads\/2025\/04\/econome-utilisation-verticale-300x225.jpg 300w, https:\/\/leblog.wesco.fr\/fr\/wp-content\/uploads\/2025\/04\/econome-utilisation-verticale-768x576.jpg 768w\" sizes=\"auto, (max-width: 800px) 100vw, 800px\" \/><div class=\"carousel-slider__caption\"><h4 class=\"title\">\u00c9CONOME Utilisation verticale<\/h4><\/div><\/a><\/div>\n\n<div class=\"carousel-slider__item\">\n\t<a href=\"https:\/\/www.wesco.fr\/65975171-saladier-inox-a-ventouse-o-17-cm.html?queryID=91423fa7620ce080fe581d47a99350cb&#038;objectID=46235&#038;indexName=PRODUCTION_wesco_fr_products\" target=\"_blank\"><img loading=\"lazy\" decoding=\"async\" width=\"800\" height=\"600\" src=\"https:\/\/leblog.wesco.fr\/fr\/wp-content\/uploads\/2025\/04\/saladier-inox-ventouse-17-cm.jpg\" class=\"attachment-large size-large\" alt=\"Saladier en inox \u00e9quip\u00e9 d&#039;une base en ventouse en silicone antid\u00e9rapant blog wesco\" srcset=\"https:\/\/leblog.wesco.fr\/fr\/wp-content\/uploads\/2025\/04\/saladier-inox-ventouse-17-cm.jpg 800w, https:\/\/leblog.wesco.fr\/fr\/wp-content\/uploads\/2025\/04\/saladier-inox-ventouse-17-cm-300x225.jpg 300w, https:\/\/leblog.wesco.fr\/fr\/wp-content\/uploads\/2025\/04\/saladier-inox-ventouse-17-cm-768x576.jpg 768w\" sizes=\"auto, (max-width: 800px) 100vw, 800px\" \/><div class=\"carousel-slider__caption\"><h4 class=\"title\">SALADIER INOX \u00c0 VENTOUSE \u00d8 17 cm<\/h4><\/div><\/a><\/div>\n\n<div class=\"carousel-slider__item\">\n\t<a href=\"https:\/\/www.wesco.fr\/72077101-ramequins-verre-duralex-13-cl.html?queryID=c09958960983bff5332aec8801e5300e&#038;objectID=65413&#038;indexName=PRODUCTION_wesco_fr_products\" target=\"_blank\"><img loading=\"lazy\" decoding=\"async\" width=\"800\" height=\"600\" src=\"https:\/\/leblog.wesco.fr\/fr\/wp-content\/uploads\/2025\/04\/vaisselle-verre-trempe-ramequins.jpg\" class=\"attachment-large size-large\" alt=\"Ramequins en verre tremp\u00e9 de la marque Duralex blog Wesco\" srcset=\"https:\/\/leblog.wesco.fr\/fr\/wp-content\/uploads\/2025\/04\/vaisselle-verre-trempe-ramequins.jpg 800w, https:\/\/leblog.wesco.fr\/fr\/wp-content\/uploads\/2025\/04\/vaisselle-verre-trempe-ramequins-300x225.jpg 300w, https:\/\/leblog.wesco.fr\/fr\/wp-content\/uploads\/2025\/04\/vaisselle-verre-trempe-ramequins-768x576.jpg 768w\" sizes=\"auto, (max-width: 800px) 100vw, 800px\" \/><div class=\"carousel-slider__caption\"><h4 class=\"title\">VAISSELLE VERRE TREMP\u00c9 Ramequins<\/h4><\/div><\/a><\/div>\n\n<div class=\"carousel-slider__item\">\n\t<a href=\"https:\/\/www.wesco.fr\/of59814-couvert-eco-reponsable.html?queryID=67586f80188e3fedeb387056669a70b4&#038;objectID=28615&#038;indexName=PRODUCTION_wesco_fr_products\" target=\"_blank\"><img loading=\"lazy\" decoding=\"async\" width=\"800\" height=\"600\" src=\"https:\/\/leblog.wesco.fr\/fr\/wp-content\/uploads\/2025\/04\/couverts-bioplastique.jpg\" class=\"attachment-large size-large\" alt=\"Couverts avec poign\u00e9es \u00e0 90 % de mati\u00e8re d&#039;origine v\u00e9g\u00e9tale et m\u00e9tal blog wesco\" srcset=\"https:\/\/leblog.wesco.fr\/fr\/wp-content\/uploads\/2025\/04\/couverts-bioplastique.jpg 800w, https:\/\/leblog.wesco.fr\/fr\/wp-content\/uploads\/2025\/04\/couverts-bioplastique-300x225.jpg 300w, https:\/\/leblog.wesco.fr\/fr\/wp-content\/uploads\/2025\/04\/couverts-bioplastique-768x576.jpg 768w\" sizes=\"auto, (max-width: 800px) 100vw, 800px\" \/><div class=\"carousel-slider__caption\"><h4 class=\"title\">COUVERTS BIOPLASTIQUE<\/h4><\/div><\/a><\/div>\n\n<\/div><!-- .carousel-slider-130971 -->\n<\/div><!-- .carousel-slider-outer-130971 -->\n<\/div>\n\n\n\n<h3 class=\"wp-block-heading\">Les \u00e9tapes de pr\u00e9paration du hachis parmentier de poisson<\/h3>\n\n\n\n<p>Suivez toutes les \u00e9tapes de pr\u00e9paration du <strong>hachis parmentier de poisson<\/strong> en regardant notre vid\u00e9o. L\u2019avantage&nbsp;? Vous pouvez mettre sur pause et user du retour en arri\u00e8re si n\u00e9cessaire. C\u2019est parti&nbsp;!<\/p>\n\n\n\n<figure class=\"wp-block-embed is-type-video is-provider-youtube wp-block-embed-youtube wp-embed-aspect-16-9 wp-has-aspect-ratio\"><div class=\"wp-block-embed__wrapper\">\n<iframe loading=\"lazy\" title=\"Recette hachis parmentier de poisson pour b\u00e9b\u00e9 - Wesco\" width=\"1140\" height=\"641\" src=\"https:\/\/www.youtube.com\/embed\/_IhNTK-Jk9g?list=PLdf4uMEWg61P7csn-mIGVZofYH-EKZhn0\" frameborder=\"0\" allow=\"accelerometer; autoplay; clipboard-write; encrypted-media; gyroscope; picture-in-picture; web-share\" referrerpolicy=\"strict-origin-when-cross-origin\" allowfullscreen><\/iframe>\n<\/div><\/figure>\n\n\n\n<ul class=\"wp-block-list\">\n<li>Faites cuire vos pommes de terre dans l&#8217;eau bouillante durant 25 min.<\/li>\n\n\n\n<li>\u00c9crasez vos pommes de terre cuites dans un saladier.<\/li>\n\n\n\n<li>Pr\u00e9chauffez votre four \u00e0 200\u00b0C.<\/li>\n\n\n\n<li>Faites chauffer dans une casserole l&#8217;\u00e9cras\u00e9 de pomme de terre et la pur\u00e9e de panais, m\u00e9langer le tout avec un fond d\u2019eau.<\/li>\n\n\n\n<li>Dans un ramequin, mettez la pur\u00e9e de colin dans le fond, incorporez votre m\u00e9lange pur\u00e9e de pomme de terre et panais.<\/li>\n\n\n\n<li>Ajouter un peu de gruy\u00e8re pour de nouveaux go\u00fbts et une nouvelle texture.<\/li>\n\n\n\n<li>Faites chauffer au four 5 min \u00e0 200\u00b0C<\/li>\n<\/ul>\n\n\n\n<p>C\u2019est pr\u00eat&nbsp;!<\/p>\n\n\n\n<h2 class=\"wp-block-heading\">Une diversification alimentaire riche d\u00e8s 6 mois<\/h2>\n\n\n\n<p>Pour \u00e9veiller les papilles de vos Ptiloups, rien de tel qu\u2019une <strong>alimentation vari\u00e9e et \u00e9quilibr\u00e9e<\/strong>&nbsp;! Doucement, mais s\u00fbrement, on leur fait d\u00e9couvrir tout un monde de saveurs, sans brusquer leurs petits palais. Dans cette recette, on retrouve le colin, un poisson maigre, mais malin&nbsp;: peu gras, il regorge pourtant d\u2019om\u00e9ga-3, ces pr\u00e9cieux alli\u00e9s qui jouent un r\u00f4le cl\u00e9 dans la croissance et le d\u00e9veloppement. Une occasion en or pour initier b\u00e9b\u00e9 \u00e0 la <strong>diversification alimentaire au poisson<\/strong> dans son assiette.<br>Et si b\u00e9b\u00e9 fait la moue \u00e0 la premi\u00e8re bouch\u00e9e&nbsp;? Pas de panique&nbsp;! Il faut parfois jusqu\u2019\u00e0 dix essais avant qu\u2019il ne se laisse s\u00e9duire par une nouvelle saveur. Mais avant que cet essai soit concluant, mieux vaut se pr\u00e9parer&nbsp;: <a href=\"https:\/\/www.wesco.fr\/puericulture\/puericulture\/repas\/bavoirs-blouses-serviettes-torchons.html\" target=\"_blank\" rel=\"noreferrer noopener\">bavoirs<\/a>, <a href=\"https:\/\/www.wesco.fr\/puericulture\/puericulture\/repas\/chaises-hautes-rehausseurs.html\" target=\"_blank\" rel=\"noreferrer noopener\">chaises hautes<\/a>, <a href=\"https:\/\/www.wesco.fr\/puericulture\/puericulture\/repas\/vaisselle.html?p=2&amp;wesco_age_facet%5B0%5D=D%C3%A8s+la+naissance&amp;wesco_age_facet%5B1%5D=6+%C3%A0+12+mois\" target=\"_blank\" rel=\"noreferrer noopener\">vaisselles<\/a> adapt\u00e9s sont essentiels pour \u00e9viter tout d\u00e9sagr\u00e9ment.<\/p>\n\n\n\n<div class=\"wp-block-buttons is-content-justification-center is-layout-flex wp-container-core-buttons-is-layout-16018d1d wp-block-buttons-is-layout-flex\">\n<div class=\"wp-block-button\"><a class=\"wp-block-button__link wp-element-button\" href=\"https:\/\/www.wesco.fr\/fiches-creatives-wesco\/fiches-creatives-pour-cuisiner-avec-les-enfants.html\" target=\"_blank\" rel=\"noreferrer noopener\">D\u00e9couvrir toutes nos id\u00e9es recettes pour cuisiner avec les enfants<\/a><\/div>\n<\/div>\n\n\n\n<h5 class=\"wp-block-heading\">Nos articles sur la m\u00eame th\u00e9matique<\/h5>\n\n\n\n<ul class=\"wp-block-list\">\n<li><a href=\"https:\/\/leblog.wesco.fr\/fr\/initier-enfants-a-alimentation-saine-equilibree\/\">Alimentation \u00e9quilibr\u00e9e : initier les enfants<\/a><\/li>\n\n\n\n<li><a href=\"https:\/\/leblog.wesco.fr\/fr\/mon-bebe-refuse-de-manger-pourquoi-et-comment-reagir\/\">Mon b\u00e9b\u00e9 refuse de manger : pourquoi et comment r\u00e9agir ?<\/a><\/li>\n\n\n\n<li><a href=\"https:\/\/leblog.wesco.fr\/fr\/comment-choisir-et-bien-utiliser-une-chaise-haute-pour-bebe\/\">Comment choisir et bien utiliser une chaise haute pour b\u00e9b\u00e9 ?<\/a><\/li>\n<\/ul>\n\n\n\n<h5 class=\"wp-block-heading\">Pour aller plus loin<\/h5>\n\n\n\n<ul class=\"wp-block-list\">\n<li><a href=\"https:\/\/www.youtube.com\/playlist?list=PLdf4uMEWg61P7csn-mIGVZofYH-EKZhn0\" target=\"_blank\" rel=\"noreferrer noopener\">D\u00e9couvrez toutes nos recettes en vid\u00e9o<\/a><\/li>\n\n\n\n<li><a href=\"https:\/\/www.wesco.fr\/alimentation.html\" target=\"_blank\" rel=\"noreferrer noopener\">Retrouvez notre gamme alimentation<\/a><\/li>\n<\/ul>\n","protected":false},"excerpt":{"rendered":"<p>Des saveurs pour nos petits gourmets : d\u00e9couvrez notre hachis parmentier de poisson, une recette pour b\u00e9b\u00e9 d\u00e8s 6 mois, qui apportera \u00e0 vos Ptiloups une diversification alimentaire prot\u00e9in\u00e9e. Recette hachis parmentier de poisson pour b\u00e9b\u00e9 Liste des ingr\u00e9dients n\u00e9cessaires Pour cette recette de pur\u00e9e de poisson pour b\u00e9b\u00e9, qui permet de pr\u00e9parer environ quatre repas, voici ce qu&#8217;il vous faut&nbsp;: S&#8217;\u00e9quiper comme un chef Des repas pour b\u00e9b\u00e9 en toute s\u00e9r\u00e9nit\u00e9&nbsp;? \u00c9quipez-vous et chaque pr\u00e9paration deviendra un jeu d\u2019enfant&nbsp;! Les \u00e9tapes de pr\u00e9paration du hachis parmentier de poisson Suivez toutes les \u00e9tapes de pr\u00e9paration du hachis parmentier de poisson en regardant notre vid\u00e9o. L\u2019avantage&nbsp;? Vous pouvez mettre sur pause et user du retour en arri\u00e8re si n\u00e9cessaire. C\u2019est parti&nbsp;! C\u2019est pr\u00eat&nbsp;! Une diversification alimentaire riche d\u00e8s 6 mois Pour \u00e9veiller les papilles de vos [&hellip;]<\/p>\n","protected":false},"author":16,"featured_media":130990,"comment_status":"open","ping_status":"open","sticky":false,"template":"","format":"standard","meta":{"_lmt_disableupdate":"","_lmt_disable":"","episode_type":"","audio_file":"","podmotor_file_id":"","podmotor_episode_id":"","cover_image":"","cover_image_id":"","duration":"","filesize":"","filesize_raw":"","date_recorded":"","explicit":"","block":"","itunes_episode_number":"","itunes_title":"","itunes_season_number":"","itunes_episode_type":"","footnotes":""},"categories":[65],"tags":[16,18,22,240],"class_list":["post-130962","post","type-post","status-publish","format-standard","has-post-thumbnail","hentry","category-education","tag-0-12-mois","tag-12-36-mois","tag-alimentation","tag-eveil-2"],"yoast_head":"<!-- This site is optimized with the Yoast SEO plugin v27.5 - https:\/\/yoast.com\/product\/yoast-seo-wordpress\/ -->\n<title>Recette hachis parmentier poisson d\u00e8s 6 mois - Le Blog Wesco<\/title>\n<meta name=\"description\" content=\"D\u00e9couvrez notre recette de hachis parmentier de poisson pour b\u00e9b\u00e9 d\u00e8s 6 mois. Des \u00e9tapes faciles \u00e0 suivre en vid\u00e9o pour un repas sain et savoureux !\" \/>\n<meta name=\"robots\" content=\"index, follow, max-snippet:-1, max-image-preview:large, max-video-preview:-1\" \/>\n<link rel=\"canonical\" href=\"https:\/\/leblog.wesco.fr\/fr\/recette-hachis-parmentier-de-poisson-pour-bebe-des-6-mois\/\" \/>\n<meta property=\"og:locale\" content=\"fr_FR\" \/>\n<meta property=\"og:type\" content=\"article\" \/>\n<meta property=\"og:title\" content=\"Recette hachis parmentier poisson d\u00e8s 6 mois - Le Blog Wesco\" \/>\n<meta property=\"og:description\" content=\"D\u00e9couvrez notre recette de hachis parmentier de poisson pour b\u00e9b\u00e9 d\u00e8s 6 mois. Des \u00e9tapes faciles \u00e0 suivre en vid\u00e9o pour un repas sain et savoureux !\" \/>\n<meta property=\"og:url\" content=\"https:\/\/leblog.wesco.fr\/fr\/recette-hachis-parmentier-de-poisson-pour-bebe-des-6-mois\/\" \/>\n<meta property=\"og:site_name\" content=\"Blog Wesco\" \/>\n<meta property=\"article:published_time\" content=\"2025-04-25T07:00:00+00:00\" \/>\n<meta property=\"article:modified_time\" content=\"2025-08-22T13:29:58+00:00\" \/>\n<meta property=\"og:image\" content=\"https:\/\/leblog.wesco.fr\/fr\/wp-content\/uploads\/2025\/04\/parmentier-poisson.jpg\" \/>\n\t<meta property=\"og:image:width\" content=\"1600\" \/>\n\t<meta property=\"og:image:height\" content=\"800\" \/>\n\t<meta property=\"og:image:type\" content=\"image\/jpeg\" \/>\n<meta name=\"author\" content=\"Communication\" \/>\n<meta name=\"twitter:card\" content=\"summary_large_image\" \/>\n<meta name=\"twitter:label1\" content=\"\u00c9crit par\" \/>\n\t<meta name=\"twitter:data1\" content=\"Communication\" \/>\n\t<meta name=\"twitter:label2\" content=\"Dur\u00e9e de lecture estim\u00e9e\" \/>\n\t<meta name=\"twitter:data2\" content=\"3 minutes\" \/>\n<!-- \/ Yoast SEO plugin. -->","yoast_head_json":{"title":"Recette hachis parmentier poisson d\u00e8s 6 mois - Le Blog Wesco","description":"D\u00e9couvrez notre recette de hachis parmentier de poisson pour b\u00e9b\u00e9 d\u00e8s 6 mois. Des \u00e9tapes faciles \u00e0 suivre en vid\u00e9o pour un repas sain et savoureux !","robots":{"index":"index","follow":"follow","max-snippet":"max-snippet:-1","max-image-preview":"max-image-preview:large","max-video-preview":"max-video-preview:-1"},"canonical":"https:\/\/leblog.wesco.fr\/fr\/recette-hachis-parmentier-de-poisson-pour-bebe-des-6-mois\/","og_locale":"fr_FR","og_type":"article","og_title":"Recette hachis parmentier poisson d\u00e8s 6 mois - Le Blog Wesco","og_description":"D\u00e9couvrez notre recette de hachis parmentier de poisson pour b\u00e9b\u00e9 d\u00e8s 6 mois. Des \u00e9tapes faciles \u00e0 suivre en vid\u00e9o pour un repas sain et savoureux !","og_url":"https:\/\/leblog.wesco.fr\/fr\/recette-hachis-parmentier-de-poisson-pour-bebe-des-6-mois\/","og_site_name":"Blog Wesco","article_published_time":"2025-04-25T07:00:00+00:00","article_modified_time":"2025-08-22T13:29:58+00:00","og_image":[{"width":1600,"height":800,"url":"https:\/\/leblog.wesco.fr\/fr\/wp-content\/uploads\/2025\/04\/parmentier-poisson.jpg","type":"image\/jpeg"}],"author":"Communication","twitter_card":"summary_large_image","twitter_misc":{"\u00c9crit par":"Communication","Dur\u00e9e de lecture estim\u00e9e":"3 minutes"},"schema":{"@context":"https:\/\/schema.org","@graph":[{"@type":"Article","@id":"https:\/\/leblog.wesco.fr\/fr\/recette-hachis-parmentier-de-poisson-pour-bebe-des-6-mois\/#article","isPartOf":{"@id":"https:\/\/leblog.wesco.fr\/fr\/recette-hachis-parmentier-de-poisson-pour-bebe-des-6-mois\/"},"author":{"name":"Communication","@id":"https:\/\/leblog.wesco.fr\/fr\/#\/schema\/person\/20cfe9283705cd6451a0fd0b627ae949"},"headline":"Recette hachis parmentier de poisson pour b\u00e9b\u00e9 d\u00e8s 6 mois","datePublished":"2025-04-25T07:00:00+00:00","dateModified":"2025-08-22T13:29:58+00:00","mainEntityOfPage":{"@id":"https:\/\/leblog.wesco.fr\/fr\/recette-hachis-parmentier-de-poisson-pour-bebe-des-6-mois\/"},"wordCount":514,"commentCount":0,"image":{"@id":"https:\/\/leblog.wesco.fr\/fr\/recette-hachis-parmentier-de-poisson-pour-bebe-des-6-mois\/#primaryimage"},"thumbnailUrl":"https:\/\/leblog.wesco.fr\/fr\/wp-content\/uploads\/2025\/04\/parmentier-poisson.jpg","keywords":["0\/12 mois","12\/36 mois","Alimentation","Eveil"],"articleSection":["\u00c9ducation"],"inLanguage":"fr-FR","potentialAction":[{"@type":"CommentAction","name":"Comment","target":["https:\/\/leblog.wesco.fr\/fr\/recette-hachis-parmentier-de-poisson-pour-bebe-des-6-mois\/#respond"]}]},{"@type":"WebPage","@id":"https:\/\/leblog.wesco.fr\/fr\/recette-hachis-parmentier-de-poisson-pour-bebe-des-6-mois\/","url":"https:\/\/leblog.wesco.fr\/fr\/recette-hachis-parmentier-de-poisson-pour-bebe-des-6-mois\/","name":"Recette hachis parmentier poisson d\u00e8s 6 mois - Le Blog Wesco","isPartOf":{"@id":"https:\/\/leblog.wesco.fr\/fr\/#website"},"primaryImageOfPage":{"@id":"https:\/\/leblog.wesco.fr\/fr\/recette-hachis-parmentier-de-poisson-pour-bebe-des-6-mois\/#primaryimage"},"image":{"@id":"https:\/\/leblog.wesco.fr\/fr\/recette-hachis-parmentier-de-poisson-pour-bebe-des-6-mois\/#primaryimage"},"thumbnailUrl":"https:\/\/leblog.wesco.fr\/fr\/wp-content\/uploads\/2025\/04\/parmentier-poisson.jpg","datePublished":"2025-04-25T07:00:00+00:00","dateModified":"2025-08-22T13:29:58+00:00","author":{"@id":"https:\/\/leblog.wesco.fr\/fr\/#\/schema\/person\/20cfe9283705cd6451a0fd0b627ae949"},"description":"D\u00e9couvrez notre recette de hachis parmentier de poisson pour b\u00e9b\u00e9 d\u00e8s 6 mois. Des \u00e9tapes faciles \u00e0 suivre en vid\u00e9o pour un repas sain et savoureux !","breadcrumb":{"@id":"https:\/\/leblog.wesco.fr\/fr\/recette-hachis-parmentier-de-poisson-pour-bebe-des-6-mois\/#breadcrumb"},"inLanguage":"fr-FR","potentialAction":[{"@type":"ReadAction","target":["https:\/\/leblog.wesco.fr\/fr\/recette-hachis-parmentier-de-poisson-pour-bebe-des-6-mois\/"]}]},{"@type":"ImageObject","inLanguage":"fr-FR","@id":"https:\/\/leblog.wesco.fr\/fr\/recette-hachis-parmentier-de-poisson-pour-bebe-des-6-mois\/#primaryimage","url":"https:\/\/leblog.wesco.fr\/fr\/wp-content\/uploads\/2025\/04\/parmentier-poisson.jpg","contentUrl":"https:\/\/leblog.wesco.fr\/fr\/wp-content\/uploads\/2025\/04\/parmentier-poisson.jpg","width":1600,"height":800,"caption":"Ingr\u00e9dients de la recette de parmentier de poisson, les pommes de terre, la Popote de Colin et le pot de panais babybio r\u00e9partis sur une planche en bois blog wesco"},{"@type":"BreadcrumbList","@id":"https:\/\/leblog.wesco.fr\/fr\/recette-hachis-parmentier-de-poisson-pour-bebe-des-6-mois\/#breadcrumb","itemListElement":[{"@type":"ListItem","position":1,"name":"Accueil","item":"https:\/\/leblog.wesco.fr\/fr\/"},{"@type":"ListItem","position":2,"name":"\u00c9ducation","item":"https:\/\/leblog.wesco.fr\/fr\/category\/education\/"},{"@type":"ListItem","position":3,"name":"Recette hachis parmentier de poisson pour b\u00e9b\u00e9 d\u00e8s 6 mois"}]},{"@type":"WebSite","@id":"https:\/\/leblog.wesco.fr\/fr\/#website","url":"https:\/\/leblog.wesco.fr\/fr\/","name":"Blog Wesco","description":"Le rendez-vous des enfants, des parents et des professionnels","potentialAction":[{"@type":"SearchAction","target":{"@type":"EntryPoint","urlTemplate":"https:\/\/leblog.wesco.fr\/fr\/?s={search_term_string}"},"query-input":{"@type":"PropertyValueSpecification","valueRequired":true,"valueName":"search_term_string"}}],"inLanguage":"fr-FR"},{"@type":"Person","@id":"https:\/\/leblog.wesco.fr\/fr\/#\/schema\/person\/20cfe9283705cd6451a0fd0b627ae949","name":"Communication","url":"https:\/\/leblog.wesco.fr\/fr\/author\/communication\/"}]}},"modified_by":"Adeline Glotin","_links":{"self":[{"href":"https:\/\/leblog.wesco.fr\/fr\/wp-json\/wp\/v2\/posts\/130962","targetHints":{"allow":["GET"]}}],"collection":[{"href":"https:\/\/leblog.wesco.fr\/fr\/wp-json\/wp\/v2\/posts"}],"about":[{"href":"https:\/\/leblog.wesco.fr\/fr\/wp-json\/wp\/v2\/types\/post"}],"author":[{"embeddable":true,"href":"https:\/\/leblog.wesco.fr\/fr\/wp-json\/wp\/v2\/users\/16"}],"replies":[{"embeddable":true,"href":"https:\/\/leblog.wesco.fr\/fr\/wp-json\/wp\/v2\/comments?post=130962"}],"version-history":[{"count":25,"href":"https:\/\/leblog.wesco.fr\/fr\/wp-json\/wp\/v2\/posts\/130962\/revisions"}],"predecessor-version":[{"id":131269,"href":"https:\/\/leblog.wesco.fr\/fr\/wp-json\/wp\/v2\/posts\/130962\/revisions\/131269"}],"wp:featuredmedia":[{"embeddable":true,"href":"https:\/\/leblog.wesco.fr\/fr\/wp-json\/wp\/v2\/media\/130990"}],"wp:attachment":[{"href":"https:\/\/leblog.wesco.fr\/fr\/wp-json\/wp\/v2\/media?parent=130962"}],"wp:term":[{"taxonomy":"category","embeddable":true,"href":"https:\/\/leblog.wesco.fr\/fr\/wp-json\/wp\/v2\/categories?post=130962"},{"taxonomy":"post_tag","embeddable":true,"href":"https:\/\/leblog.wesco.fr\/fr\/wp-json\/wp\/v2\/tags?post=130962"}],"curies":[{"name":"wp","href":"https:\/\/api.w.org\/{rel}","templated":true}]}}