{"id":130224,"date":"2024-10-30T15:20:44","date_gmt":"2024-10-30T14:20:44","guid":{"rendered":"https:\/\/leblog.wesco.fr\/fr\/?p=130224"},"modified":"2024-10-30T15:20:45","modified_gmt":"2024-10-30T14:20:45","slug":"guide-dachat-pour-choisir-une-table-enfant-adaptee-aux-structures-daccueil-collectif","status":"publish","type":"post","link":"https:\/\/leblog.wesco.fr\/fr\/guide-dachat-pour-choisir-une-table-enfant-adaptee-aux-structures-daccueil-collectif\/","title":{"rendered":"Guide d&#8217;achat pour choisir une table enfant adapt\u00e9e aux structures d&#8217;accueil collectif"},"content":{"rendered":"\n<p>Les \u00e9tablissements d\u2019accueil collectif pour enfants (MAM, garderie, micro-cr\u00e8che, cr\u00e8che\u2026) ont souvent une table par espace qui leur est associ\u00e9e&nbsp;: table de classe, table d\u2019am\u00e9nagement flexible, table de cantine\u2026 Nous vous donnons ici quelques rep\u00e8res pour choisir la table enfant la plus adapt\u00e9e \u00e0 vos espaces et r\u00e9pondant aux diff\u00e9rents besoins des enfants et du personnel encadrant.<\/p>\n\n\n\n<h2 class=\"wp-block-heading\">La s\u00e9curit\u00e9 des tables adapt\u00e9es aux enfants en collectivit\u00e9s<\/h2>\n\n\n\n<p>Comme pour les chaises scolaires ou chaises de cr\u00e8ches, vos tables enfants utilis\u00e9es en milieu collectif doivent r\u00e9pondre \u00e0 la norme des tailles. Ici, il s\u2019agit de <a href=\"https:\/\/www.boutique.afnor.org\/fr-fr\/norme\/nf-en-17291\/ameublement-sieges-et-tables-pour-etablissements-denseignement-partie-1-dim\/fa168798\/1542#AreasStoreProductsSummaryView\" target=\"_blank\" rel=\"noreferrer noopener\">la norme EN 1729<\/a> mobilier scolaire, sp\u00e9cifiant les dimensions fonctionnelles et les marquages des tables.<\/p>\n\n\n\n<p><strong>Le mobilier doit \u00eatre parfaitement adapt\u00e9 \u00e0 l\u2019\u00e2ge et \u00e0 la taille des enfants<\/strong>. Assises (banc, tabouret, chaise\u2026) et tables doivent \u00eatre de taille identique et adapt\u00e9s \u00e0 la taille de l\u2019enfant afin qu\u2019il ait la meilleure posture possible.<br>Il est pr\u00e9f\u00e9rable de respecter le combo parfait&nbsp;: taille de l\u2019enfant, hauteur de la table, hauteur d&#8217;assise de la chaise.<\/p>\n\n\n\n<p>Le tableau guide des tables pour enfants peut vous aider dans votre choix&nbsp;:<\/p>\n\n\n\n<figure class=\"wp-block-image size-full\"><img loading=\"lazy\" decoding=\"async\" width=\"800\" height=\"600\" src=\"https:\/\/leblog.wesco.fr\/fr\/wp-content\/uploads\/2024\/10\/tableau-taille.jpg\" alt=\"tableau taille table blog wesco \" class=\"wp-image-130261\" srcset=\"https:\/\/leblog.wesco.fr\/fr\/wp-content\/uploads\/2024\/10\/tableau-taille.jpg 800w, https:\/\/leblog.wesco.fr\/fr\/wp-content\/uploads\/2024\/10\/tableau-taille-300x225.jpg 300w, https:\/\/leblog.wesco.fr\/fr\/wp-content\/uploads\/2024\/10\/tableau-taille-768x576.jpg 768w\" sizes=\"auto, (max-width: 800px) 100vw, 800px\" \/><\/figure>\n\n\n\n<p>Les tailles de tables 00 et 0 sont destin\u00e9es aux tout-petits, g\u00e9n\u00e9ralement en cr\u00e8che ou chez une assistante maternelle.<br>Les tailles 1, 2 et 3 conviennent aux maternelles de la petite section \u00e0 la grande section de maternelle.<br>Enfin, on retrouvera les tailles 4, 5 et 6 destin\u00e9es \u00e0 l\u2019\u00e9cole \u00e9l\u00e9mentaire.<br>La table pour enfant en maternelle sera un peu plus haute qu\u2019en cr\u00e8che. Il en est de m\u00eame pour la table de classe \u00e9l\u00e9mentaire.<\/p>\n\n\n\n<p>Gr\u00e2ce \u00e0 ce guide des tailles pour table enfant en collectivit\u00e9, vous avez tr\u00e8s peu de chance de vous tromper et vous trouverez rapidement le bon mod\u00e8le en fonction de la taille des enfants accueillis.<\/p>\n\n\n\n<p>Cet aspect de taille n\u2019est pas n\u00e9gligeable car l\u2019enfant va y passer beaucoup de temps, s\u2019y concentrer, jouer, construire, grandir, r\u00e9fl\u00e9chir\u2026 Il est important qu\u2019il soit bien install\u00e9.<\/p>\n\n\n\n<h2 class=\"wp-block-heading\">Le choix des composants de vos tables enfant<\/h2>\n\n\n\n<p>Diff\u00e9rentes formes de plateaux, diff\u00e9rentes mati\u00e8res et diff\u00e9rents types de pi\u00e8tements s\u2019offrent \u00e0 vous pour votre lieu d\u2019accueil.<\/p>\n\n\n\n<h3 class=\"wp-block-heading\">Le choix de la mati\u00e8re du plateau de la table adapt\u00e9e aux enfants<\/h3>\n\n\n\n<figure class=\"wp-block-image size-medium\"><img loading=\"lazy\" decoding=\"async\" width=\"300\" height=\"203\" src=\"https:\/\/leblog.wesco.fr\/fr\/wp-content\/uploads\/2024\/10\/Plateau-Melamine-300x203.jpg\" alt=\"plateau table m\u00e9lamin\u00e9 blog wesco \" class=\"wp-image-130264\" srcset=\"https:\/\/leblog.wesco.fr\/fr\/wp-content\/uploads\/2024\/10\/Plateau-Melamine-300x203.jpg 300w, https:\/\/leblog.wesco.fr\/fr\/wp-content\/uploads\/2024\/10\/Plateau-Melamine-1024x694.jpg 1024w, https:\/\/leblog.wesco.fr\/fr\/wp-content\/uploads\/2024\/10\/Plateau-Melamine-768x521.jpg 768w, https:\/\/leblog.wesco.fr\/fr\/wp-content\/uploads\/2024\/10\/Plateau-Melamine-1140x773.jpg 1140w, https:\/\/leblog.wesco.fr\/fr\/wp-content\/uploads\/2024\/10\/Plateau-Melamine.jpg 1280w\" sizes=\"auto, (max-width: 300px) 100vw, 300px\" \/><\/figure>\n\n\n\n<p><strong>M\u00e9lamin\u00e9<\/strong>&nbsp;: solution \u00e9conomique, plateau en panneaux de particules haute densit\u00e9 rev\u00eatus d\u2019une feuille de papier impr\u00e9gn\u00e9e de m\u00e9lamine.<\/p>\n\n\n\n<figure class=\"wp-block-image size-medium\"><img loading=\"lazy\" decoding=\"async\" width=\"300\" height=\"203\" src=\"https:\/\/leblog.wesco.fr\/fr\/wp-content\/uploads\/2024\/10\/Plateau-Stratifie-300x203.jpg\" alt=\"plateau stratifi\u00e9 blog wesco \" class=\"wp-image-130265\" srcset=\"https:\/\/leblog.wesco.fr\/fr\/wp-content\/uploads\/2024\/10\/Plateau-Stratifie-300x203.jpg 300w, https:\/\/leblog.wesco.fr\/fr\/wp-content\/uploads\/2024\/10\/Plateau-Stratifie-1024x694.jpg 1024w, https:\/\/leblog.wesco.fr\/fr\/wp-content\/uploads\/2024\/10\/Plateau-Stratifie-768x521.jpg 768w, https:\/\/leblog.wesco.fr\/fr\/wp-content\/uploads\/2024\/10\/Plateau-Stratifie-1140x773.jpg 1140w, https:\/\/leblog.wesco.fr\/fr\/wp-content\/uploads\/2024\/10\/Plateau-Stratifie.jpg 1280w\" sizes=\"auto, (max-width: 300px) 100vw, 300px\" \/><\/figure>\n\n\n\n<p><strong>Bois stratifi\u00e9<\/strong>&nbsp;: haute r\u00e9sistance aux chocs, aux rayures et \u00e0 l\u2019usure. Entretien facile, sp\u00e9ciale utilisation intensive, naturel ou color\u00e9.<\/p>\n\n\n\n<figure class=\"wp-block-image size-medium\"><img loading=\"lazy\" decoding=\"async\" width=\"300\" height=\"203\" src=\"https:\/\/leblog.wesco.fr\/fr\/wp-content\/uploads\/2024\/10\/Plateau-hetre-massif-300x203.jpg\" alt=\"table en h\u00eatre massif blog wesco \" class=\"wp-image-130267\" srcset=\"https:\/\/leblog.wesco.fr\/fr\/wp-content\/uploads\/2024\/10\/Plateau-hetre-massif-300x203.jpg 300w, https:\/\/leblog.wesco.fr\/fr\/wp-content\/uploads\/2024\/10\/Plateau-hetre-massif-1024x694.jpg 1024w, https:\/\/leblog.wesco.fr\/fr\/wp-content\/uploads\/2024\/10\/Plateau-hetre-massif-768x521.jpg 768w, https:\/\/leblog.wesco.fr\/fr\/wp-content\/uploads\/2024\/10\/Plateau-hetre-massif-1140x773.jpg 1140w, https:\/\/leblog.wesco.fr\/fr\/wp-content\/uploads\/2024\/10\/Plateau-hetre-massif.jpg 1280w\" sizes=\"auto, (max-width: 300px) 100vw, 300px\" \/><\/figure>\n\n\n\n<p><strong>H\u00eatre massif<\/strong>&nbsp;: robuste et naturel, qualit\u00e9 sup\u00e9rieure.<\/p>\n\n\n\n<figure class=\"wp-block-image size-medium\"><img loading=\"lazy\" decoding=\"async\" width=\"300\" height=\"203\" src=\"https:\/\/leblog.wesco.fr\/fr\/wp-content\/uploads\/2024\/10\/Plateau-Effacable-a-sec-300x203.jpg\" alt=\"table avec plateau effa\u00e7able blog wesco \" class=\"wp-image-130268\" srcset=\"https:\/\/leblog.wesco.fr\/fr\/wp-content\/uploads\/2024\/10\/Plateau-Effacable-a-sec-300x203.jpg 300w, https:\/\/leblog.wesco.fr\/fr\/wp-content\/uploads\/2024\/10\/Plateau-Effacable-a-sec-1024x694.jpg 1024w, https:\/\/leblog.wesco.fr\/fr\/wp-content\/uploads\/2024\/10\/Plateau-Effacable-a-sec-768x521.jpg 768w, https:\/\/leblog.wesco.fr\/fr\/wp-content\/uploads\/2024\/10\/Plateau-Effacable-a-sec-1140x773.jpg 1140w, https:\/\/leblog.wesco.fr\/fr\/wp-content\/uploads\/2024\/10\/Plateau-Effacable-a-sec.jpg 1280w\" sizes=\"auto, (max-width: 300px) 100vw, 300px\" \/><\/figure>\n\n\n\n<p><strong>Effa\u00e7able \u00e0 sec<\/strong>&nbsp;: haute r\u00e9sistance, entretien facile.<\/p>\n\n\n\n<figure class=\"wp-block-image size-medium\"><img loading=\"lazy\" decoding=\"async\" width=\"300\" height=\"203\" src=\"https:\/\/leblog.wesco.fr\/fr\/wp-content\/uploads\/2024\/10\/Plateau-Insonorise-300x203.jpg\" alt=\"table insonoris\u00e9e blog wesco\" class=\"wp-image-130275\" srcset=\"https:\/\/leblog.wesco.fr\/fr\/wp-content\/uploads\/2024\/10\/Plateau-Insonorise-300x203.jpg 300w, https:\/\/leblog.wesco.fr\/fr\/wp-content\/uploads\/2024\/10\/Plateau-Insonorise-1024x694.jpg 1024w, https:\/\/leblog.wesco.fr\/fr\/wp-content\/uploads\/2024\/10\/Plateau-Insonorise-768x521.jpg 768w, https:\/\/leblog.wesco.fr\/fr\/wp-content\/uploads\/2024\/10\/Plateau-Insonorise-1140x773.jpg 1140w, https:\/\/leblog.wesco.fr\/fr\/wp-content\/uploads\/2024\/10\/Plateau-Insonorise.jpg 1280w\" sizes=\"auto, (max-width: 300px) 100vw, 300px\" \/><\/figure>\n\n\n\n<p><strong>Insonoris\u00e9<\/strong>&nbsp;: r\u00e9duction acoustique, traitement bact\u00e9ricide et anti-microbien, surface satin\u00e9e anti-reflets.<\/p>\n\n\n\n<p>&nbsp;<\/p>\n\n\n\n<p>Plateau de table m\u00e9lamin\u00e9, stratifi\u00e9, en h\u00eatre massif, effa\u00e7able \u00e0 sec, insonoris\u00e9\u2026 Ici, dans tous les cas, vous ferez le choix de la r\u00e9sistance et de la durabilit\u00e9 d\u2019un produit de haute qualit\u00e9. On attachera surtout l\u2019importance du choix sur ce que vous souhaitez faire de votre table enfant&nbsp;: l\u2019aspect hygi\u00e9nique (avec un plateau facilement lavable en un coup d\u2019\u00e9ponge), la robustesse (selon les coups et les al\u00e9as de la vie que la table va subir, et les activit\u00e9s), la r\u00e9duction acoustique (un argument non n\u00e9gligeable lorsque la table sera dans un espace collectif assez important, qui devra regrouper beaucoup de monde. Par exemple dans une cantine avec le bruit des couverts et de la vaisselle sur la table).<br>L\u2019aspect visuel et le rendu final que vous souhaitez donner \u00e0 la pi\u00e8ce est aussi un bon argument pour faire votre choix.<\/p>\n\n\n\n<h3 class=\"wp-block-heading\">Le choix du pi\u00e8tement de votre table adapt\u00e9e aux collectivit\u00e9s pour enfants<\/h3>\n\n\n\n<p><strong>Bois<\/strong>&nbsp;: pieds fixes avec patins protecteurs<\/p>\n\n\n\n<figure class=\"wp-block-image size-thumbnail\"><img loading=\"lazy\" decoding=\"async\" width=\"150\" height=\"150\" src=\"https:\/\/leblog.wesco.fr\/fr\/wp-content\/uploads\/2024\/10\/Pieds-fixe-bois-150x150.jpg\" alt=\"pieds table bois blog wesco \" class=\"wp-image-130269\" srcset=\"https:\/\/leblog.wesco.fr\/fr\/wp-content\/uploads\/2024\/10\/Pieds-fixe-bois-150x150.jpg 150w, https:\/\/leblog.wesco.fr\/fr\/wp-content\/uploads\/2024\/10\/Pieds-fixe-bois-300x300.jpg 300w, https:\/\/leblog.wesco.fr\/fr\/wp-content\/uploads\/2024\/10\/Pieds-fixe-bois-1024x1022.jpg 1024w, https:\/\/leblog.wesco.fr\/fr\/wp-content\/uploads\/2024\/10\/Pieds-fixe-bois-768x767.jpg 768w, https:\/\/leblog.wesco.fr\/fr\/wp-content\/uploads\/2024\/10\/Pieds-fixe-bois-1536x1533.jpg 1536w, https:\/\/leblog.wesco.fr\/fr\/wp-content\/uploads\/2024\/10\/Pieds-fixe-bois-2048x2044.jpg 2048w, https:\/\/leblog.wesco.fr\/fr\/wp-content\/uploads\/2024\/10\/Pieds-fixe-bois-1140x1138.jpg 1140w, https:\/\/leblog.wesco.fr\/fr\/wp-content\/uploads\/2024\/10\/Pieds-fixe-bois-1920x1916.jpg 1920w, https:\/\/leblog.wesco.fr\/fr\/wp-content\/uploads\/2024\/10\/Pieds-fixe-bois-80x80.jpg 80w\" sizes=\"auto, (max-width: 150px) 100vw, 150px\" \/><\/figure>\n\n\n\n<p><strong>M\u00e9tal&nbsp;: <\/strong><\/p>\n\n\n\n<ul class=\"wp-block-list\">\n<li>pieds avec v\u00e9rins pour r\u00e9gler la stabilit\u00e9&nbsp;&#8211; gris ou blanc&nbsp;;<\/li>\n\n\n\n<li>pieds avec 4 roulettes ou 2 fixes et 2 roulettes&nbsp;&#8211; avec freins pour une solution flexible&nbsp;&#8211; gris ou blanc&nbsp;;<\/li>\n\n\n\n<li>pieds r\u00e9glables en hauteur&nbsp;&#8211; de la T1 (46 cm) \u00e0 la T4 (64 cm)&nbsp;&#8211; r\u00e9glable en 3 hauteurs&nbsp;;<\/li>\n\n\n\n<li>Pied central&nbsp;&#8211; plus d\u2019espace pour plus de confort.<\/li>\n<\/ul>\n\n\n\n<figure class=\"wp-block-image size-medium\"><img loading=\"lazy\" decoding=\"async\" width=\"300\" height=\"128\" src=\"https:\/\/leblog.wesco.fr\/fr\/wp-content\/uploads\/2024\/10\/Tous-Pied-Metal-3-300x128.jpg\" alt=\"pieds de table en m\u00e9tal blog wesco \" class=\"wp-image-130279\" srcset=\"https:\/\/leblog.wesco.fr\/fr\/wp-content\/uploads\/2024\/10\/Tous-Pied-Metal-3-300x128.jpg 300w, https:\/\/leblog.wesco.fr\/fr\/wp-content\/uploads\/2024\/10\/Tous-Pied-Metal-3-1024x438.jpg 1024w, https:\/\/leblog.wesco.fr\/fr\/wp-content\/uploads\/2024\/10\/Tous-Pied-Metal-3-768x329.jpg 768w, https:\/\/leblog.wesco.fr\/fr\/wp-content\/uploads\/2024\/10\/Tous-Pied-Metal-3-1536x657.jpg 1536w, https:\/\/leblog.wesco.fr\/fr\/wp-content\/uploads\/2024\/10\/Tous-Pied-Metal-3-1140x488.jpg 1140w, https:\/\/leblog.wesco.fr\/fr\/wp-content\/uploads\/2024\/10\/Tous-Pied-Metal-3.jpg 1911w\" sizes=\"auto, (max-width: 300px) 100vw, 300px\" \/><\/figure>\n\n\n\n<p><strong>100% bois massif<\/strong>&nbsp;<strong>:<\/strong> pieds \u00e9pais et robustes.<\/p>\n\n\n\n<figure class=\"wp-block-image size-thumbnail\"><img loading=\"lazy\" decoding=\"async\" width=\"150\" height=\"150\" src=\"https:\/\/leblog.wesco.fr\/fr\/wp-content\/uploads\/2024\/10\/Pieds-bois-massif-150x150.jpg\" alt=\"pied bois massif blog wesco \" class=\"wp-image-130281\" srcset=\"https:\/\/leblog.wesco.fr\/fr\/wp-content\/uploads\/2024\/10\/Pieds-bois-massif-150x150.jpg 150w, https:\/\/leblog.wesco.fr\/fr\/wp-content\/uploads\/2024\/10\/Pieds-bois-massif-300x300.jpg 300w, https:\/\/leblog.wesco.fr\/fr\/wp-content\/uploads\/2024\/10\/Pieds-bois-massif-1024x1022.jpg 1024w, https:\/\/leblog.wesco.fr\/fr\/wp-content\/uploads\/2024\/10\/Pieds-bois-massif-768x767.jpg 768w, https:\/\/leblog.wesco.fr\/fr\/wp-content\/uploads\/2024\/10\/Pieds-bois-massif-1536x1533.jpg 1536w, https:\/\/leblog.wesco.fr\/fr\/wp-content\/uploads\/2024\/10\/Pieds-bois-massif-2048x2044.jpg 2048w, https:\/\/leblog.wesco.fr\/fr\/wp-content\/uploads\/2024\/10\/Pieds-bois-massif-1140x1138.jpg 1140w, https:\/\/leblog.wesco.fr\/fr\/wp-content\/uploads\/2024\/10\/Pieds-bois-massif-1920x1916.jpg 1920w, https:\/\/leblog.wesco.fr\/fr\/wp-content\/uploads\/2024\/10\/Pieds-bois-massif-80x80.jpg 80w\" sizes=\"auto, (max-width: 150px) 100vw, 150px\" \/><\/figure>\n\n\n\n<p>Aussi pratique qu\u2019esth\u00e9tique, le pi\u00e8tement choisi doit s\u2019adapter \u00e0 votre espace.<br>Les pieds fixes pour les espaces qui bougeront peu, des roulettes pour du mobilier modulables et cr\u00e9er des am\u00e9nagements flexibles, des pieds centrales pour ne pas avoir les jambes dans les pieds de table et permettre d\u2019installer davantage d\u2019enfants, des pieds r\u00e9glables qui s\u2019adaptent aux diff\u00e9rents \u00e2ges et tailles des enfants.<\/p>\n\n\n\n<h3 class=\"wp-block-heading\">Le choix de la forme et de la couleur de table pour des espaces collectifs qui accueillent des enfants<\/h3>\n\n\n\n<p>Du simple carr\u00e9 \u00e0 l\u2019originale table demi-lune en passant par les plateaux individuels collectifs\u2026 Un large choix s\u2019offre \u00e0 vous selon vos besoins pour am\u00e9nager vos espaces collectifs : salles de classe, classe flexible, cr\u00e8che, cantine\u2026 La vari\u00e9t\u00e9 de formes de plateaux et de couleurs vous permet d\u2019am\u00e9nager des espaces ludiques et color\u00e9s pour apporter un c\u00f4t\u00e9 plus ludique \u00e0 votre espace.<\/p>\n\n\n\n<figure class=\"wp-block-image size-large\"><img loading=\"lazy\" decoding=\"async\" width=\"1024\" height=\"659\" src=\"https:\/\/leblog.wesco.fr\/fr\/wp-content\/uploads\/2024\/10\/Type-de-coupe-1024x659.jpg\" alt=\"les diff\u00e9rentes formes de tables enfant blog wesco \" class=\"wp-image-130271\" srcset=\"https:\/\/leblog.wesco.fr\/fr\/wp-content\/uploads\/2024\/10\/Type-de-coupe-1024x659.jpg 1024w, https:\/\/leblog.wesco.fr\/fr\/wp-content\/uploads\/2024\/10\/Type-de-coupe-300x193.jpg 300w, https:\/\/leblog.wesco.fr\/fr\/wp-content\/uploads\/2024\/10\/Type-de-coupe-768x494.jpg 768w, https:\/\/leblog.wesco.fr\/fr\/wp-content\/uploads\/2024\/10\/Type-de-coupe-1536x989.jpg 1536w, https:\/\/leblog.wesco.fr\/fr\/wp-content\/uploads\/2024\/10\/Type-de-coupe-2048x1318.jpg 2048w, https:\/\/leblog.wesco.fr\/fr\/wp-content\/uploads\/2024\/10\/Type-de-coupe-1140x734.jpg 1140w, https:\/\/leblog.wesco.fr\/fr\/wp-content\/uploads\/2024\/10\/Type-de-coupe-1920x1236.jpg 1920w\" sizes=\"auto, (max-width: 1024px) 100vw, 1024px\" \/><\/figure>\n\n\n\n<p>Le choix de l\u2019am\u00e9nagement \u00e0 partir de la forme et de la couleur de la table joue un r\u00f4le essentiel dans l\u2019ambiance que vous souhaitez apporter \u00e0 la pi\u00e8ce.<\/p>\n\n\n\n<p>&nbsp;<\/p>\n\n\n\n<p>Retrouvez quelques id\u00e9es <a href=\"https:\/\/leblog.wesco.fr\/fr\/comment-amenager-sa-classe-flexible\/\" target=\"_blank\" rel=\"noreferrer noopener\">d\u2019am\u00e9nagement de classe flexible ici<\/a>.<\/p>\n\n\n\n<h2 class=\"wp-block-heading\">Le type de table en fonction du lieu d\u2019accueil collectif pour enfants<\/h2>\n\n\n\n<p><a href=\"https:\/\/www.wesco.fr\/mobilier-et-deco\/mobilier-et-deco\/tables-et-bureaux\/tables-scolaires.html\" target=\"_blank\" rel=\"noreferrer noopener\">Les tables scolaires<\/a>&nbsp;: table individuelle, table classique, table octogonale de classe de maternelle, table de travail en groupe\u2026 Gr\u00e2ce aux diff\u00e9rentes formes et mati\u00e8res, vous pourrez am\u00e9nager votre classe au gr\u00e9 de vos besoins.<\/p>\n\n\n\n<figure class=\"wp-block-image size-medium\"><img loading=\"lazy\" decoding=\"async\" width=\"300\" height=\"225\" src=\"https:\/\/leblog.wesco.fr\/fr\/wp-content\/uploads\/2024\/10\/image-table-scolaire-300x225.jpg\" alt=\"table avec bac blog wesco \" class=\"wp-image-130283\" srcset=\"https:\/\/leblog.wesco.fr\/fr\/wp-content\/uploads\/2024\/10\/image-table-scolaire-300x225.jpg 300w, https:\/\/leblog.wesco.fr\/fr\/wp-content\/uploads\/2024\/10\/image-table-scolaire-768x576.jpg 768w, https:\/\/leblog.wesco.fr\/fr\/wp-content\/uploads\/2024\/10\/image-table-scolaire.jpg 800w\" sizes=\"auto, (max-width: 300px) 100vw, 300px\" \/><\/figure>\n\n\n\n<p><a href=\"https:\/\/www.wesco.fr\/gp373394-table-plateau-stratifie-bacs-pietement-metal-gris-rectangle-130x50-cm-wesco.html\" target=\"_blank\" rel=\"noreferrer noopener\">Table plateau stratifi\u00e9&nbsp;+ bacs&nbsp;&#8211; pi\u00e8tement m\u00e9tal gris<\/a><\/p>\n\n\n\n<p>&nbsp;<\/p>\n\n\n\n<p><a href=\"https:\/\/www.wesco.fr\/mobilier-et-deco\/mobilier-et-deco\/tables-et-bureaux\/tables-de-cantine.html\" target=\"_blank\" rel=\"noreferrer noopener\">Les tables de cantine<\/a>&nbsp;: un plateau stratifi\u00e9 facilement lavable, une table insonoris\u00e9e pour r\u00e9duire le bruit.<\/p>\n\n\n\n<figure class=\"wp-block-image size-medium\"><img loading=\"lazy\" decoding=\"async\" width=\"300\" height=\"225\" src=\"https:\/\/leblog.wesco.fr\/fr\/wp-content\/uploads\/2024\/10\/image-table-cantine-300x225.jpg\" alt=\"table octogonal blog wesco \" class=\"wp-image-130284\" srcset=\"https:\/\/leblog.wesco.fr\/fr\/wp-content\/uploads\/2024\/10\/image-table-cantine-300x225.jpg 300w, https:\/\/leblog.wesco.fr\/fr\/wp-content\/uploads\/2024\/10\/image-table-cantine-768x576.jpg 768w, https:\/\/leblog.wesco.fr\/fr\/wp-content\/uploads\/2024\/10\/image-table-cantine.jpg 800w\" sizes=\"auto, (max-width: 300px) 100vw, 300px\" \/><\/figure>\n\n\n\n<p><a href=\"https:\/\/www.wesco.fr\/gp98004-table-plateau-stratifie-pietement-metal-gris-octogone-o-120-cm-wesco.html\" target=\"_blank\" rel=\"noreferrer noopener\">Table plateau stratifi\u00e9&nbsp;&#8211; pi\u00e8tement m\u00e9tal gris&nbsp;&#8211; Octogone 120 cm<\/a><\/p>\n\n\n\n<p>&nbsp;<\/p>\n\n\n\n<p>Retrouvez<a href=\"https:\/\/leblog.wesco.fr\/fr\/les-incontournables-des-equipements-en-restauration-collective-chez-les-enfants\/\" target=\"_blank\" rel=\"noreferrer noopener\"> ici tous les incontournables des \u00e9quipements en restauration collective chez les enfants.<\/a><\/p>\n\n\n\n<p>&nbsp;<\/p>\n\n\n\n<p><a href=\"https:\/\/www.wesco.fr\/mobilier-et-deco\/mobilier-et-deco\/tables-et-bureaux\/tables-flexibles-pour-classe.html\" target=\"_blank\" rel=\"noreferrer noopener\">Les tables flexibles<\/a>&nbsp;: des tables \u00e0 roulettes, des tables inclinables, des tables au sol, des tables effa\u00e7ables, des tables trap\u00e8zes.<\/p>\n\n\n\n<figure class=\"wp-block-image size-medium\"><img loading=\"lazy\" decoding=\"async\" width=\"300\" height=\"225\" src=\"https:\/\/leblog.wesco.fr\/fr\/wp-content\/uploads\/2024\/10\/image-table-flexibles-300x225.jpg\" alt=\"table demi cercle blog wesco \" class=\"wp-image-130285\" srcset=\"https:\/\/leblog.wesco.fr\/fr\/wp-content\/uploads\/2024\/10\/image-table-flexibles-300x225.jpg 300w, https:\/\/leblog.wesco.fr\/fr\/wp-content\/uploads\/2024\/10\/image-table-flexibles-768x576.jpg 768w, https:\/\/leblog.wesco.fr\/fr\/wp-content\/uploads\/2024\/10\/image-table-flexibles.jpg 800w\" sizes=\"auto, (max-width: 300px) 100vw, 300px\" \/><\/figure>\n\n\n\n<p><a href=\"https:\/\/www.wesco.fr\/gp674935-table-plateau-effacable-pietement-bois-demi-rond-120x60-cm-wesco.html\" target=\"_blank\" rel=\"noreferrer noopener\">Table plateau effa\u00e7able&nbsp;&#8211; pi\u00e8tement bois&nbsp;&#8211; demi-rond 120*60cm<\/a><\/p>\n\n\n\n<p>&nbsp;<\/p>\n\n\n\n<p>Quelques id\u00e9es d\u2019am\u00e9nagements pour vos tables trap\u00e8zes&nbsp;:<\/p>\n\n\n\n<figure class=\"wp-block-image size-large\"><img loading=\"lazy\" decoding=\"async\" width=\"1024\" height=\"195\" src=\"https:\/\/leblog.wesco.fr\/fr\/wp-content\/uploads\/2024\/10\/modele-dispositions-1024x195.jpg\" alt=\"disposition flexible blog wesco \" class=\"wp-image-130287\" srcset=\"https:\/\/leblog.wesco.fr\/fr\/wp-content\/uploads\/2024\/10\/modele-dispositions-1024x195.jpg 1024w, https:\/\/leblog.wesco.fr\/fr\/wp-content\/uploads\/2024\/10\/modele-dispositions-300x57.jpg 300w, https:\/\/leblog.wesco.fr\/fr\/wp-content\/uploads\/2024\/10\/modele-dispositions-768x146.jpg 768w, https:\/\/leblog.wesco.fr\/fr\/wp-content\/uploads\/2024\/10\/modele-dispositions-1536x292.jpg 1536w, https:\/\/leblog.wesco.fr\/fr\/wp-content\/uploads\/2024\/10\/modele-dispositions-1140x217.jpg 1140w, https:\/\/leblog.wesco.fr\/fr\/wp-content\/uploads\/2024\/10\/modele-dispositions.jpg 1911w\" sizes=\"auto, (max-width: 1024px) 100vw, 1024px\" \/><\/figure>\n\n\n\n<p>&nbsp;<\/p>\n\n\n\n<p><a href=\"https:\/\/www.wesco.fr\/mobilier-et-deco\/mobilier-et-deco\/tables-et-bureaux\/tables-pliantes.html\" target=\"_blank\" rel=\"noreferrer noopener\">Les tables rabattables et les tables pliantes<\/a>&nbsp;: Id\u00e9ales dans les salles de r\u00e9union ou d\u2019activit\u00e9s. En un seul geste et sans effort, vous pouvez ajouter une surface de travail qui, une fois inutilis\u00e9es, peut \u00eatre rabattue, laissant ainsi place \u00e0 de nouvelles activit\u00e9s.<\/p>\n\n\n\n<figure class=\"wp-block-image size-medium\"><img loading=\"lazy\" decoding=\"async\" width=\"300\" height=\"225\" src=\"https:\/\/leblog.wesco.fr\/fr\/wp-content\/uploads\/2024\/10\/image-table-pliante-300x225.jpg\" alt=\"table pliante blog wesco \" class=\"wp-image-130288\" srcset=\"https:\/\/leblog.wesco.fr\/fr\/wp-content\/uploads\/2024\/10\/image-table-pliante-300x225.jpg 300w, https:\/\/leblog.wesco.fr\/fr\/wp-content\/uploads\/2024\/10\/image-table-pliante-768x576.jpg 768w, https:\/\/leblog.wesco.fr\/fr\/wp-content\/uploads\/2024\/10\/image-table-pliante.jpg 800w\" sizes=\"auto, (max-width: 300px) 100vw, 300px\" \/><\/figure>\n\n\n\n<p><a href=\"https:\/\/www.wesco.fr\/gp97942-table-pliante-insonorisee-l-120-l-80-cm-wesco.html\" target=\"_blank\" rel=\"noreferrer noopener\">Table pliante insonoris\u00e9e<\/a><\/p>\n\n\n\n<p>&nbsp;<\/p>\n\n\n\n<p><a href=\"https:\/\/www.wesco.fr\/mobilier-et-deco\/mobilier-et-deco\/tables-et-chaises-d-exterieur.html\" target=\"_blank\" rel=\"noreferrer noopener\">Les tables d\u2019ext\u00e9rieur<\/a>&nbsp;: enti\u00e8rement lavables et r\u00e9sistantes aux intemp\u00e9ries.<\/p>\n\n\n\n<figure class=\"wp-block-image size-medium\"><img loading=\"lazy\" decoding=\"async\" width=\"300\" height=\"225\" src=\"https:\/\/leblog.wesco.fr\/fr\/wp-content\/uploads\/2024\/10\/image-table-dexterieur-300x225.jpg\" alt=\"table ext\u00e9rieur enfant blog wesco \" class=\"wp-image-130289\" srcset=\"https:\/\/leblog.wesco.fr\/fr\/wp-content\/uploads\/2024\/10\/image-table-dexterieur-300x225.jpg 300w, https:\/\/leblog.wesco.fr\/fr\/wp-content\/uploads\/2024\/10\/image-table-dexterieur-768x576.jpg 768w, https:\/\/leblog.wesco.fr\/fr\/wp-content\/uploads\/2024\/10\/image-table-dexterieur.jpg 800w\" sizes=\"auto, (max-width: 300px) 100vw, 300px\" \/><\/figure>\n\n\n\n<p><a href=\"https:\/\/www.wesco.fr\/45323180-table-rectangulaire-lou-petite-taille-wesco.html\" target=\"_blank\" rel=\"noreferrer noopener\">Table rectangulaire Lou&nbsp;&#8211; Petite taille<\/a><\/p>\n\n\n\n<p>&nbsp;<\/p>\n\n\n\n<h5 class=\"wp-block-heading\">En bref<\/h5>\n\n\n\n<p>Table scolaire, table de cantine, table flexible, table rabattable et pliante ou table d\u2019ext\u00e9rieur. Vous avez d\u00e9sormais toutes les cartes en main pour faire votre choix et proposer aux \u00e9l\u00e8ves un \u00e9quipement adapt\u00e9 \u00e0 leurs besoins selon l\u2019espace dans lequel ils se trouvent. Il ne vous restera plus qu\u2019\u00e0 les ajuster en fonction de la hauteur des \u00e9l\u00e8ves et des assises propos\u00e9es.<\/p>\n\n\n\n<p><\/p>\n\n\n\n<figure class=\"wp-block-image size-large\"><a href=\"https:\/\/www.wesco.fr\/mobilier-et-deco\/mobilier-et-deco\/tables-et-bureaux.html\" target=\"_blank\" rel=\"noreferrer noopener\"><img loading=\"lazy\" decoding=\"async\" width=\"1024\" height=\"288\" src=\"https:\/\/leblog.wesco.fr\/fr\/wp-content\/uploads\/2024\/10\/base-encart-pub-1024x288.jpg\" alt=\"tables enfant blog wesco \" class=\"wp-image-130273\" srcset=\"https:\/\/leblog.wesco.fr\/fr\/wp-content\/uploads\/2024\/10\/base-encart-pub-1024x288.jpg 1024w, https:\/\/leblog.wesco.fr\/fr\/wp-content\/uploads\/2024\/10\/base-encart-pub-300x84.jpg 300w, https:\/\/leblog.wesco.fr\/fr\/wp-content\/uploads\/2024\/10\/base-encart-pub-768x216.jpg 768w, https:\/\/leblog.wesco.fr\/fr\/wp-content\/uploads\/2024\/10\/base-encart-pub-1536x432.jpg 1536w, https:\/\/leblog.wesco.fr\/fr\/wp-content\/uploads\/2024\/10\/base-encart-pub-1140x321.jpg 1140w, https:\/\/leblog.wesco.fr\/fr\/wp-content\/uploads\/2024\/10\/base-encart-pub.jpg 1600w\" sizes=\"auto, (max-width: 1024px) 100vw, 1024px\" \/><\/a><\/figure>\n\n\n\n<div class=\"wp-block-carousel-slider-slider\"><div class=\"carousel-slider-outer carousel-slider-outer-image-carousel carousel-slider-outer-130246\" style=\"--carousel-slider-nav-color:#f1f1f1;--carousel-slider-active-nav-color:rgb(0,0,0);--carousel-slider-arrow-size:48px;--carousel-slider-bullet-size:10px\">\n<div id=\"&#039;id-130246\" class=\"carousel-slider carousel-slider-130246 arrows-visibility-hover dots-visibility-never arrows-outside dots-center dots-circle owl-carousel\" data-slide-type=\"image-carousel\" data-owl-settings='{\"nav\":true,\"dots\":false,\"slideBy\":1,\"stagePadding\":0,\"margin\":10,\"loop\":false,\"lazyLoad\":false,\"autoplay\":true,\"autoplayTimeout\":5000,\"autoplaySpeed\":500,\"autoplayHoverPause\":true,\"autoWidth\":false,\"responsive\":{\"300\":{\"items\":1},\"576\":{\"items\":2},\"768\":{\"items\":2},\"1024\":{\"items\":3},\"1280\":{\"items\":4},\"1536\":{\"items\":5}}}'>\n<div class=\"carousel-slider__item\">\n\t<a href=\"https:\/\/www.wesco.fr\/45324180-table-rectangulaire-lou-grande-taille-wesco.html?queryID=d61949f814b10ec57adb8d67997eb509&#038;objectID=34064&#038;indexName=PRODUCTION_wesco_fr_products\" target=\"_blank\"><img loading=\"lazy\" decoding=\"async\" width=\"800\" height=\"600\" src=\"https:\/\/leblog.wesco.fr\/fr\/wp-content\/uploads\/2024\/10\/table-exterieur.jpg\" class=\"attachment-large size-large\" alt=\"table rectangulaire Louisa blog wesco\" srcset=\"https:\/\/leblog.wesco.fr\/fr\/wp-content\/uploads\/2024\/10\/table-exterieur.jpg 800w, https:\/\/leblog.wesco.fr\/fr\/wp-content\/uploads\/2024\/10\/table-exterieur-300x225.jpg 300w, https:\/\/leblog.wesco.fr\/fr\/wp-content\/uploads\/2024\/10\/table-exterieur-768x576.jpg 768w\" sizes=\"auto, (max-width: 800px) 100vw, 800px\" \/><div class=\"carousel-slider__caption\"><h4 class=\"title\">TABLE RECTANGULAIRE Louisa Grande taille<\/h4><\/div><\/a><\/div>\n\n<div class=\"carousel-slider__item\">\n\t<a href=\"https:\/\/www.wesco.fr\/gp97942-table-pliante-insonorisee-l-120-l-80-cm-wesco.html?queryID=463af2eb4978b500336b619f8e1a1d94&#038;objectID=23215&#038;indexName=PRODUCTION_wesco_fr_products\" target=\"_blank\"><img loading=\"lazy\" decoding=\"async\" width=\"800\" height=\"600\" src=\"https:\/\/leblog.wesco.fr\/fr\/wp-content\/uploads\/2024\/10\/table-pliante.jpg\" class=\"attachment-large size-large\" alt=\"Table pliante blog wesco\" srcset=\"https:\/\/leblog.wesco.fr\/fr\/wp-content\/uploads\/2024\/10\/table-pliante.jpg 800w, https:\/\/leblog.wesco.fr\/fr\/wp-content\/uploads\/2024\/10\/table-pliante-300x225.jpg 300w, https:\/\/leblog.wesco.fr\/fr\/wp-content\/uploads\/2024\/10\/table-pliante-768x576.jpg 768w\" sizes=\"auto, (max-width: 800px) 100vw, 800px\" \/><div class=\"carousel-slider__caption\"><h4 class=\"title\">TABLE PLIANTE INSONORIS\u00c9E - L: 120 - l: 80 cm<\/h4><\/div><\/a><\/div>\n\n<div class=\"carousel-slider__item\">\n\t<a href=\"https:\/\/www.wesco.fr\/gp674935-table-plateau-effacable-pietement-bois-demi-rond-120x60-cm-wesco.html?queryID=33152d02e1e68b4711eefeb3421b8146&#038;objectID=39171&#038;indexName=PRODUCTION_wesco_fr_products\" target=\"_blank\"><img loading=\"lazy\" decoding=\"async\" width=\"800\" height=\"600\" src=\"https:\/\/leblog.wesco.fr\/fr\/wp-content\/uploads\/2024\/10\/tableau-plateau-effacable.jpg\" class=\"attachment-large size-large\" alt=\"table demi-rond plateau effa\u00e7able blog wesco\" srcset=\"https:\/\/leblog.wesco.fr\/fr\/wp-content\/uploads\/2024\/10\/tableau-plateau-effacable.jpg 800w, https:\/\/leblog.wesco.fr\/fr\/wp-content\/uploads\/2024\/10\/tableau-plateau-effacable-300x225.jpg 300w, https:\/\/leblog.wesco.fr\/fr\/wp-content\/uploads\/2024\/10\/tableau-plateau-effacable-768x576.jpg 768w\" sizes=\"auto, (max-width: 800px) 100vw, 800px\" \/><div class=\"carousel-slider__caption\"><h4 class=\"title\">TABLE PLATEAU EFFA\u00c7ABLE - PI\u00c9TEMENT BOIS - Demi-rond 120x60 cm<\/h4><\/div><\/a><\/div>\n\n<div class=\"carousel-slider__item\">\n\t<a href=\"https:\/\/www.wesco.fr\/gp98004-table-plateau-stratifie-pietement-metal-gris-octogone-o-120-cm-wesco.html?queryID=1e771489c42879f28cbef9f6ca134087&#038;objectID=47976&#038;indexName=PRODUCTION_wesco_fr_products\" target=\"_blank\"><img loading=\"lazy\" decoding=\"async\" width=\"800\" height=\"600\" src=\"https:\/\/leblog.wesco.fr\/fr\/wp-content\/uploads\/2024\/10\/table-octogonale.jpg\" class=\"attachment-large size-large\" alt=\"table octagonale blog wesco\" srcset=\"https:\/\/leblog.wesco.fr\/fr\/wp-content\/uploads\/2024\/10\/table-octogonale.jpg 800w, https:\/\/leblog.wesco.fr\/fr\/wp-content\/uploads\/2024\/10\/table-octogonale-300x225.jpg 300w, https:\/\/leblog.wesco.fr\/fr\/wp-content\/uploads\/2024\/10\/table-octogonale-768x576.jpg 768w\" sizes=\"auto, (max-width: 800px) 100vw, 800px\" \/><div class=\"carousel-slider__caption\"><h4 class=\"title\">TABLE PLATEAU STRATIFI\u00c9 - PI\u00c9TEMENT M\u00c9TAL GRIS - Octogone \u00d8 120 cm<\/h4><\/div><\/a><\/div>\n\n<div class=\"carousel-slider__item\">\n\t<a href=\"https:\/\/www.wesco.fr\/gp373394-table-plateau-stratifie-bacs-pietement-metal-gris-rectangle-130x50-cm-wesco.html\" target=\"_blank\"><img loading=\"lazy\" decoding=\"async\" width=\"800\" height=\"600\" src=\"https:\/\/leblog.wesco.fr\/fr\/wp-content\/uploads\/2024\/10\/table-plateau-stratifie.jpg\" class=\"attachment-large size-large\" alt=\"Table plateau stratifi\u00e9 + bacs blog wesco\" srcset=\"https:\/\/leblog.wesco.fr\/fr\/wp-content\/uploads\/2024\/10\/table-plateau-stratifie.jpg 800w, https:\/\/leblog.wesco.fr\/fr\/wp-content\/uploads\/2024\/10\/table-plateau-stratifie-300x225.jpg 300w, https:\/\/leblog.wesco.fr\/fr\/wp-content\/uploads\/2024\/10\/table-plateau-stratifie-768x576.jpg 768w\" sizes=\"auto, (max-width: 800px) 100vw, 800px\" \/><div class=\"carousel-slider__caption\"><h4 class=\"title\">TABLE PLATEAU STRATIFI\u00c9 + BACS - PI\u00c9TEMENT M\u00c9TAL GRIS - Rectangle 130x50 cm<\/h4><\/div><\/a><\/div>\n\n<\/div><!-- .carousel-slider-130246 -->\n<\/div><!-- .carousel-slider-outer-130246 -->\n<\/div>\n\n\n\n<h5 class=\"wp-block-heading\">Nos articles sur la m\u00eame th\u00e9matique<\/h5>\n\n\n\n<ul class=\"wp-block-list\">\n<li><a href=\"https:\/\/leblog.wesco.fr\/fr\/guide-dachat-choisir-une-chaise-bebe-avec-une-bonne-assise-en-lieu-daccueil\/\" target=\"_blank\" rel=\"noreferrer noopener\">Guide d\u2019achat&nbsp;: choisir une chaise b\u00e9b\u00e9 avec une bonne assise en lieu d\u2019accueil<\/a><\/li>\n\n\n\n<li><a href=\"https:\/\/leblog.wesco.fr\/fr\/guide-dachat-comment-choisir-des-chaises-decole-adaptees-aux-enfants-en-collectivites\/\" target=\"_blank\" rel=\"noreferrer noopener\">Guide d\u2019achat&nbsp;: comment choisir des chaises d\u2019\u00e9coles adapt\u00e9es aux enfants en collectivit\u00e9&nbsp;?<\/a><\/li>\n\n\n\n<li><a href=\"https:\/\/leblog.wesco.fr\/fr\/comment-bien-choisir-une-table-dactivite-pour-bebe-et-enfant\/\">Comment bien choisir une table d\u2019activit\u00e9 pour b\u00e9b\u00e9 et enfant&nbsp;?<\/a><\/li>\n\n\n\n<li><a href=\"https:\/\/leblog.wesco.fr\/fr\/guide-dachat-comment-bien-choisir-la-vaisselle-pour-la-creche-et-lecole\/\">Choisir la vaisselle en restauration collective<\/a>&nbsp;<a href=\"https:\/\/leblog.wesco.fr\/fr\/guide-dachat-comment-bien-choisir-la-vaisselle-pour-la-creche-et-lecole\/\">: de la cr\u00e8che \u00e0 l\u2019\u00e9cole<\/a><\/li>\n<\/ul>\n\n\n\n<h5 class=\"wp-block-heading\">Pour aller plus loin<\/h5>\n\n\n\n<ul class=\"wp-block-list\">\n<li><a href=\"https:\/\/leblog.wesco.fr\/fr\/comment-amenager-sa-classe-flexible\/\">Comment am\u00e9nager sa classe flexible&nbsp;?<\/a><\/li>\n\n\n\n<li><a href=\"https:\/\/leblog.wesco.fr\/fr\/les-incontournables-des-equipements-en-restauration-collective-chez-les-enfants\/\">Les incontournables des \u00e9quipements en restauration collective chez les enfants<\/a><\/li>\n<\/ul>\n","protected":false},"excerpt":{"rendered":"<p>Les \u00e9tablissements d\u2019accueil collectif pour enfants (MAM, garderie, micro-cr\u00e8che, cr\u00e8che\u2026) ont souvent une table par espace qui leur est associ\u00e9e&nbsp;: table de classe, table d\u2019am\u00e9nagement flexible, table de cantine\u2026 Nous vous donnons ici quelques rep\u00e8res pour choisir la table enfant la plus adapt\u00e9e \u00e0 vos espaces et r\u00e9pondant aux diff\u00e9rents besoins des enfants et du personnel encadrant. La s\u00e9curit\u00e9 des tables adapt\u00e9es aux enfants en collectivit\u00e9s Comme pour les chaises scolaires ou chaises de cr\u00e8ches, vos tables enfants utilis\u00e9es en milieu collectif doivent r\u00e9pondre \u00e0 la norme des tailles. Ici, il s\u2019agit de la norme EN 1729 mobilier scolaire, sp\u00e9cifiant les dimensions fonctionnelles et les marquages des tables. Le mobilier doit \u00eatre parfaitement adapt\u00e9 \u00e0 l\u2019\u00e2ge et \u00e0 la taille des enfants. Assises (banc, tabouret, chaise\u2026) et tables doivent \u00eatre de taille identique et adapt\u00e9s [&hellip;]<\/p>\n","protected":false},"author":13,"featured_media":130291,"comment_status":"open","ping_status":"open","sticky":false,"template":"","format":"standard","meta":{"_lmt_disableupdate":"","_lmt_disable":"","episode_type":"","audio_file":"","podmotor_file_id":"","podmotor_episode_id":"","cover_image":"","cover_image_id":"","duration":"","filesize":"","filesize_raw":"","date_recorded":"","explicit":"","block":"","itunes_episode_number":"","itunes_title":"","itunes_season_number":"","itunes_episode_type":"","footnotes":""},"categories":[63],"tags":[18,19,20,31,121,242],"class_list":["post-130224","post","type-post","status-publish","format-standard","has-post-thumbnail","hentry","category-amenagement","tag-12-36-mois","tag-3-6-ans","tag-6-10-ans","tag-classe-flexible","tag-guide-dachat","tag-lieu-daccueil-du-tout-petit"],"yoast_head":"<!-- This site is optimized with the Yoast SEO plugin v27.5 - https:\/\/yoast.com\/product\/yoast-seo-wordpress\/ -->\n<title>Table enfant pour structure d&#039;accueil collectif - Le Blog Wesco<\/title>\n<meta name=\"description\" content=\"Conseils et crit\u00e8res de s\u00e9lection pour choisir une table adapt\u00e9e aux enfants en accueil collectif : mat\u00e9riau, forme, hauteur.\" \/>\n<meta name=\"robots\" content=\"index, follow, max-snippet:-1, max-image-preview:large, max-video-preview:-1\" \/>\n<link rel=\"canonical\" href=\"https:\/\/leblog.wesco.fr\/fr\/guide-dachat-pour-choisir-une-table-enfant-adaptee-aux-structures-daccueil-collectif\/\" \/>\n<meta property=\"og:locale\" content=\"fr_FR\" \/>\n<meta property=\"og:type\" content=\"article\" \/>\n<meta property=\"og:title\" content=\"Table enfant pour structure d&#039;accueil collectif - Le Blog Wesco\" \/>\n<meta property=\"og:description\" content=\"Conseils et crit\u00e8res de s\u00e9lection pour choisir une table adapt\u00e9e aux enfants en accueil collectif : mat\u00e9riau, forme, hauteur.\" \/>\n<meta property=\"og:url\" content=\"https:\/\/leblog.wesco.fr\/fr\/guide-dachat-pour-choisir-une-table-enfant-adaptee-aux-structures-daccueil-collectif\/\" \/>\n<meta property=\"og:site_name\" content=\"Blog Wesco\" \/>\n<meta property=\"article:published_time\" content=\"2024-10-30T14:20:44+00:00\" \/>\n<meta property=\"article:modified_time\" content=\"2024-10-30T14:20:45+00:00\" \/>\n<meta property=\"og:image\" content=\"https:\/\/leblog.wesco.fr\/fr\/wp-content\/uploads\/2024\/10\/base-header.jpg\" \/>\n\t<meta property=\"og:image:width\" content=\"1600\" \/>\n\t<meta property=\"og:image:height\" content=\"800\" \/>\n\t<meta property=\"og:image:type\" content=\"image\/jpeg\" \/>\n<meta name=\"author\" content=\"Caroline Bretaudeau\" \/>\n<meta name=\"twitter:card\" content=\"summary_large_image\" \/>\n<meta name=\"twitter:label1\" content=\"\u00c9crit par\" \/>\n\t<meta name=\"twitter:data1\" content=\"Caroline Bretaudeau\" \/>\n\t<meta name=\"twitter:label2\" content=\"Dur\u00e9e de lecture estim\u00e9e\" \/>\n\t<meta name=\"twitter:data2\" content=\"10 minutes\" \/>\n<!-- \/ Yoast SEO plugin. -->","yoast_head_json":{"title":"Table enfant pour structure d'accueil collectif - Le Blog Wesco","description":"Conseils et crit\u00e8res de s\u00e9lection pour choisir une table adapt\u00e9e aux enfants en accueil collectif : mat\u00e9riau, forme, hauteur.","robots":{"index":"index","follow":"follow","max-snippet":"max-snippet:-1","max-image-preview":"max-image-preview:large","max-video-preview":"max-video-preview:-1"},"canonical":"https:\/\/leblog.wesco.fr\/fr\/guide-dachat-pour-choisir-une-table-enfant-adaptee-aux-structures-daccueil-collectif\/","og_locale":"fr_FR","og_type":"article","og_title":"Table enfant pour structure d'accueil collectif - Le Blog Wesco","og_description":"Conseils et crit\u00e8res de s\u00e9lection pour choisir une table adapt\u00e9e aux enfants en accueil collectif : mat\u00e9riau, forme, hauteur.","og_url":"https:\/\/leblog.wesco.fr\/fr\/guide-dachat-pour-choisir-une-table-enfant-adaptee-aux-structures-daccueil-collectif\/","og_site_name":"Blog Wesco","article_published_time":"2024-10-30T14:20:44+00:00","article_modified_time":"2024-10-30T14:20:45+00:00","og_image":[{"width":1600,"height":800,"url":"https:\/\/leblog.wesco.fr\/fr\/wp-content\/uploads\/2024\/10\/base-header.jpg","type":"image\/jpeg"}],"author":"Caroline Bretaudeau","twitter_card":"summary_large_image","twitter_misc":{"\u00c9crit par":"Caroline Bretaudeau","Dur\u00e9e de lecture estim\u00e9e":"10 minutes"},"schema":{"@context":"https:\/\/schema.org","@graph":[{"@type":"Article","@id":"https:\/\/leblog.wesco.fr\/fr\/guide-dachat-pour-choisir-une-table-enfant-adaptee-aux-structures-daccueil-collectif\/#article","isPartOf":{"@id":"https:\/\/leblog.wesco.fr\/fr\/guide-dachat-pour-choisir-une-table-enfant-adaptee-aux-structures-daccueil-collectif\/"},"author":{"name":"Caroline Bretaudeau","@id":"https:\/\/leblog.wesco.fr\/fr\/#\/schema\/person\/3e6564df45acb4a6da39864b46a6a3a1"},"headline":"Guide d&#8217;achat pour choisir une table enfant adapt\u00e9e aux structures d&#8217;accueil collectif","datePublished":"2024-10-30T14:20:44+00:00","dateModified":"2024-10-30T14:20:45+00:00","mainEntityOfPage":{"@id":"https:\/\/leblog.wesco.fr\/fr\/guide-dachat-pour-choisir-une-table-enfant-adaptee-aux-structures-daccueil-collectif\/"},"wordCount":1351,"commentCount":0,"image":{"@id":"https:\/\/leblog.wesco.fr\/fr\/guide-dachat-pour-choisir-une-table-enfant-adaptee-aux-structures-daccueil-collectif\/#primaryimage"},"thumbnailUrl":"https:\/\/leblog.wesco.fr\/fr\/wp-content\/uploads\/2024\/10\/base-header.jpg","keywords":["12\/36 mois","3\/6 ans","6\/10 ans","Classe flexible","Guide d&#039;achat","Lieu d'accueil du tout-petit"],"articleSection":["Am\u00e9nagement"],"inLanguage":"fr-FR","potentialAction":[{"@type":"CommentAction","name":"Comment","target":["https:\/\/leblog.wesco.fr\/fr\/guide-dachat-pour-choisir-une-table-enfant-adaptee-aux-structures-daccueil-collectif\/#respond"]}]},{"@type":"WebPage","@id":"https:\/\/leblog.wesco.fr\/fr\/guide-dachat-pour-choisir-une-table-enfant-adaptee-aux-structures-daccueil-collectif\/","url":"https:\/\/leblog.wesco.fr\/fr\/guide-dachat-pour-choisir-une-table-enfant-adaptee-aux-structures-daccueil-collectif\/","name":"Table enfant pour structure d'accueil collectif - Le Blog Wesco","isPartOf":{"@id":"https:\/\/leblog.wesco.fr\/fr\/#website"},"primaryImageOfPage":{"@id":"https:\/\/leblog.wesco.fr\/fr\/guide-dachat-pour-choisir-une-table-enfant-adaptee-aux-structures-daccueil-collectif\/#primaryimage"},"image":{"@id":"https:\/\/leblog.wesco.fr\/fr\/guide-dachat-pour-choisir-une-table-enfant-adaptee-aux-structures-daccueil-collectif\/#primaryimage"},"thumbnailUrl":"https:\/\/leblog.wesco.fr\/fr\/wp-content\/uploads\/2024\/10\/base-header.jpg","datePublished":"2024-10-30T14:20:44+00:00","dateModified":"2024-10-30T14:20:45+00:00","author":{"@id":"https:\/\/leblog.wesco.fr\/fr\/#\/schema\/person\/3e6564df45acb4a6da39864b46a6a3a1"},"description":"Conseils et crit\u00e8res de s\u00e9lection pour choisir une table adapt\u00e9e aux enfants en accueil collectif : mat\u00e9riau, forme, hauteur.","breadcrumb":{"@id":"https:\/\/leblog.wesco.fr\/fr\/guide-dachat-pour-choisir-une-table-enfant-adaptee-aux-structures-daccueil-collectif\/#breadcrumb"},"inLanguage":"fr-FR","potentialAction":[{"@type":"ReadAction","target":["https:\/\/leblog.wesco.fr\/fr\/guide-dachat-pour-choisir-une-table-enfant-adaptee-aux-structures-daccueil-collectif\/"]}]},{"@type":"ImageObject","inLanguage":"fr-FR","@id":"https:\/\/leblog.wesco.fr\/fr\/guide-dachat-pour-choisir-une-table-enfant-adaptee-aux-structures-daccueil-collectif\/#primaryimage","url":"https:\/\/leblog.wesco.fr\/fr\/wp-content\/uploads\/2024\/10\/base-header.jpg","contentUrl":"https:\/\/leblog.wesco.fr\/fr\/wp-content\/uploads\/2024\/10\/base-header.jpg","width":1600,"height":800,"caption":"table accueil collectif blog wesco"},{"@type":"BreadcrumbList","@id":"https:\/\/leblog.wesco.fr\/fr\/guide-dachat-pour-choisir-une-table-enfant-adaptee-aux-structures-daccueil-collectif\/#breadcrumb","itemListElement":[{"@type":"ListItem","position":1,"name":"Accueil","item":"https:\/\/leblog.wesco.fr\/fr\/"},{"@type":"ListItem","position":2,"name":"Am\u00e9nagement","item":"https:\/\/leblog.wesco.fr\/fr\/category\/amenagement\/"},{"@type":"ListItem","position":3,"name":"Guide d&#8217;achat pour choisir une table enfant adapt\u00e9e aux structures d&#8217;accueil collectif"}]},{"@type":"WebSite","@id":"https:\/\/leblog.wesco.fr\/fr\/#website","url":"https:\/\/leblog.wesco.fr\/fr\/","name":"Blog Wesco","description":"Le rendez-vous des enfants, des parents et des professionnels","potentialAction":[{"@type":"SearchAction","target":{"@type":"EntryPoint","urlTemplate":"https:\/\/leblog.wesco.fr\/fr\/?s={search_term_string}"},"query-input":{"@type":"PropertyValueSpecification","valueRequired":true,"valueName":"search_term_string"}}],"inLanguage":"fr-FR"},{"@type":"Person","@id":"https:\/\/leblog.wesco.fr\/fr\/#\/schema\/person\/3e6564df45acb4a6da39864b46a6a3a1","name":"Caroline Bretaudeau","url":"https:\/\/leblog.wesco.fr\/fr\/author\/cbretaudeau\/"}]}},"modified_by":"Caroline Bretaudeau","_links":{"self":[{"href":"https:\/\/leblog.wesco.fr\/fr\/wp-json\/wp\/v2\/posts\/130224","targetHints":{"allow":["GET"]}}],"collection":[{"href":"https:\/\/leblog.wesco.fr\/fr\/wp-json\/wp\/v2\/posts"}],"about":[{"href":"https:\/\/leblog.wesco.fr\/fr\/wp-json\/wp\/v2\/types\/post"}],"author":[{"embeddable":true,"href":"https:\/\/leblog.wesco.fr\/fr\/wp-json\/wp\/v2\/users\/13"}],"replies":[{"embeddable":true,"href":"https:\/\/leblog.wesco.fr\/fr\/wp-json\/wp\/v2\/comments?post=130224"}],"version-history":[{"count":20,"href":"https:\/\/leblog.wesco.fr\/fr\/wp-json\/wp\/v2\/posts\/130224\/revisions"}],"predecessor-version":[{"id":130296,"href":"https:\/\/leblog.wesco.fr\/fr\/wp-json\/wp\/v2\/posts\/130224\/revisions\/130296"}],"wp:featuredmedia":[{"embeddable":true,"href":"https:\/\/leblog.wesco.fr\/fr\/wp-json\/wp\/v2\/media\/130291"}],"wp:attachment":[{"href":"https:\/\/leblog.wesco.fr\/fr\/wp-json\/wp\/v2\/media?parent=130224"}],"wp:term":[{"taxonomy":"category","embeddable":true,"href":"https:\/\/leblog.wesco.fr\/fr\/wp-json\/wp\/v2\/categories?post=130224"},{"taxonomy":"post_tag","embeddable":true,"href":"https:\/\/leblog.wesco.fr\/fr\/wp-json\/wp\/v2\/tags?post=130224"}],"curies":[{"name":"wp","href":"https:\/\/api.w.org\/{rel}","templated":true}]}}