{"id":1301,"date":"2016-11-07T10:54:59","date_gmt":"2016-11-07T09:54:59","guid":{"rendered":"http:\/\/leblog.wesco.fr\/fr\/?p=1301"},"modified":"2022-12-13T09:58:21","modified_gmt":"2022-12-13T08:58:21","slug":"quest-ce-qui-se-passe-dans-sa-tete","status":"publish","type":"post","link":"https:\/\/leblog.wesco.fr\/fr\/quest-ce-qui-se-passe-dans-sa-tete\/","title":{"rendered":"Dis-moi, la mini-s\u00e9rie pour le TRIO"},"content":{"rendered":"<p><!--more--><\/p>\n<p class=\"p1\"><span class=\"s1\"><b>Mini-s\u00e9rie innovante et p\u00e9dagogique \u00e9crite par Nathalie Casso-Vicarini, en partenariat avec l&#8217;Association Qu\u00e9b\u00e9coise des Centres Petite Enfance, \u201cDis-moi\u201d a \u00e9t\u00e9 imagin\u00e9e comme un programme court sur le th\u00e8me de la bienveillance \u00e9ducative, destin\u00e9 au TRIO enfants-parents-professionnels. <\/b><\/span><span class=\"s1\"><b>Lanc\u00e9e ce mois-ci sur les r\u00e9seaux sociaux, elle a recueilli un accueil favorable de la part des professionnels de la petite enfance. En voici les cl\u00e9s. <\/b><\/span><\/p>\n<h2 class=\"p2\"><span class=\"s1\">Un programme d\u00e9di\u00e9 \u00e0 la bienveillance \u00e9ducative <\/span><\/h2>\n<p class=\"p4\"><span class=\"s1\">Port\u00e9e et imagin\u00e9e par Nathalie Casso-Vicarini, fondatrice d\u2019Ensemble pour l&#8217;\u00c9ducation de la Petite Enfance, cette mini-s\u00e9rie a \u00e0 c\u0153ur de montrer les enfants dans leur quotidien, \u00e0 la cr\u00e8che ou en famille, en France ou au Qu\u00e9bec. <\/span><span class=\"s1\">Construite autour de cinq th\u00e8mes, \u201cNa\u00eetre et tisser les premiers liens\u201d, \u00a0<\/span><span class=\"s1\">\u201cJouer et communiquer\u201d, \u201cBien vivre le quotidien\u201d, \u00a0\u201cAgir t\u00f4t\u201d, \u00a0\u201cProt\u00e9ger les enfants et leurs droits\u201d et \u201cTout un village pour \u00e9lever un enfant\u201d, la mini-s\u00e9rie a pour objectif d\u2019expliquer de mani\u00e8re didactique \u201c<i>ce qu\u2019il faut faire ou ne pas faire<\/i>\u201d afin de donner des postures \u00e9ducatives positives aux adultes. \u201d<i>On n\u2019y trouvera pas de recettes mais le regard de la science au service de la p\u00e9dagogie\u201d <\/i>dixit Nathalie Casso-Vicarini. A travers la promotion de cette s\u00e9rie, l\u2019\u00e9quipe d\u2019Ensemble pour l&#8217;\u00c9ducation de la Petite Enfance cherche \u00e0 diffuser l\u2019id\u00e9e qu\u2019agir t\u00f4t permet de r\u00e9duire les in\u00e9galit\u00e9s et garantir un meilleur avenir \u00e0 nos enfants. <\/span><\/p>\n<h2 class=\"p2\"><span class=\"s1\">Des \u00e9pisodes pour se mettre dans les pas de l\u2019enfant<\/span><\/h2>\n<p class=\"p1\"><span class=\"s1\">Se mettre dans les pas de l\u2019enfant est le meilleur moyen de comprendre ses r\u00e9actions au quotidien. C\u2019est pourquoi, les auteurs ont pris le parti de filmer des situations du quotidien \u00e0 hauteur d\u2019enfants, sans sc\u00e9nario ni intervention de l\u2019adulte, pour observer leurs comportements. <\/span><span class=\"s1\">Chaque \u00e9pisode a pour objectif de <b>mesurer l\u2019impact sur le d\u00e9veloppement du cerveau de ces diff\u00e9rentes situations de la vie courante<\/b>. Les auteurs nous invitent alors \u00e0 un vrai voyage dans le cerveau de l\u2019enfant afin de nous rendre compte de l\u2019effet de chaque \u00e9v\u00e9nement ou \u00e9motion sur celui-ci, gr\u00e2ce \u00e0 des images de synth\u00e8se 3D et des explications accessibles, bas\u00e9es sur les derni\u00e8res d\u00e9couvertes des neurosciences. <\/span><\/p>\n<p class=\"p2\"><strong><em><span class=\"s1\">\u00a0<\/span><span class=\"s1\">\u201cLe fruit d\u2019une intelligence collective\u201d<\/span><\/em><\/strong><\/p>\n<p class=\"p1\"><span class=\"s1\">Con\u00e7ue avec le soutien de nombreux experts scientifiques, dont l\u2019Encyclop\u00e9die du D\u00e9veloppement du Jeune Enfant, les diff\u00e9rents \u00e9pisodes ont pour objectif d\u2019apporter des informations, <b>des pistes \u00e9ducatives fond\u00e9es sur les recherches scientifiques les plus r\u00e9centes<\/b>. \u201c<i>Ce programme est le fruit d\u2019une intelligence collective<\/i>\u201d, pr\u00e9cise l\u2019auteur. Original, il tend \u00e0 valoriser une troisi\u00e8me voie \u00e9ducative favorisant \u201c<i>l\u2019\u00e9volution naturelle<\/i>\u201d de l\u2019enfant. Celle-ci passe par la mise en action de postures \u00e9ducatives positives afin d\u2019accompagner l\u2019adulte, parent ou professionnel, dans une meilleure compr\u00e9hension du d\u00e9veloppement de l\u2019enfant afin d\u2019adapter sa fa\u00e7on d\u2019\u00eatre et d\u2019agir.<\/span><\/p>\n<p class=\"p2\"><span class=\"s1\">\u00a0<\/span><span class=\"s1\">Vous souhaitez en savoir plus ? D\u00e9couvrez d\u00e8s maintenant les premiers \u00e9pisodes de la s\u00e9rie sur <a href=\"https:\/\/www.youtube.com\/playlist?list=PLdf4uMEWg61Nj_E9OxhC0lrVdKw9RLyNB\" target=\"_blank\" rel=\"noopener\">notre compte You Tube.\u00a0<\/a><\/span><\/p>\n<p><img loading=\"lazy\" decoding=\"async\" class=\"alignnone wp-image-4663 size-full\" src=\"https:\/\/leblog.wesco.fr\/fr\/wp-content\/uploads\/2020\/11\/epepep-ressources-1.png\" alt=\"Cet article s'appuie sur des ressources fournies par l'association EPEPE gr\u00e2ce au partenariat avec notre fondation d'entreprise\" width=\"1089\" height=\"186\" \/><\/p>\n\n\n<pre class=\"wp-block-code\"><code>&#091;carousel_slide id='128080']<\/code><\/pre>\n\n\n\n<div class=\"wp-block-carousel-slider-slider\"><\/div>\n\n\n\n<div class=\"wp-block-carousel-slider-slider\"><\/div>\n","protected":false},"excerpt":{"rendered":"","protected":false},"author":5,"featured_media":2328,"comment_status":"open","ping_status":"open","sticky":false,"template":"","format":"standard","meta":{"_lmt_disableupdate":"","_lmt_disable":"","episode_type":"","audio_file":"","podmotor_file_id":"","podmotor_episode_id":"","cover_image":"","cover_image_id":"","duration":"","filesize":"","filesize_raw":"","date_recorded":"","explicit":"","block":"","itunes_episode_number":"","itunes_title":"","itunes_season_number":"","itunes_episode_type":"","footnotes":""},"categories":[62],"tags":[16,18,29,32,35,34],"class_list":["post-1301","post","type-post","status-publish","format-standard","has-post-thumbnail","hentry","category-eveil-et-apprentissage","tag-0-12-mois","tag-12-36-mois","tag-bienveillance","tag-communication","tag-education","tag-videos-dis-moi-pour-eveiller-bebe"],"yoast_head":"<!-- This site is optimized with the Yoast SEO plugin v27.5 - https:\/\/yoast.com\/product\/yoast-seo-wordpress\/ -->\n<title>Qu\u2019est-ce qui se passe dans ta t\u00eate, s\u00e9rie sur la bienveillance \u00e9ducative - Le Blog Wesco<\/title>\n<meta name=\"description\" content=\"Un programme destin\u00e9 aux professionnels de la petite enfance et aux parents, qui montre l\u2019enfant dans des situations du quotidien, analyse leur impact sur son d\u00e9veloppement et donne des pistes \u00e9ducatives positives\" \/>\n<meta name=\"robots\" content=\"index, follow, max-snippet:-1, max-image-preview:large, max-video-preview:-1\" \/>\n<link rel=\"canonical\" href=\"https:\/\/leblog.wesco.fr\/fr\/quest-ce-qui-se-passe-dans-sa-tete\/\" \/>\n<meta property=\"og:locale\" content=\"fr_FR\" \/>\n<meta property=\"og:type\" content=\"article\" \/>\n<meta property=\"og:title\" content=\"Qu\u2019est-ce qui se passe dans ta t\u00eate, s\u00e9rie sur la bienveillance \u00e9ducative - Le Blog Wesco\" \/>\n<meta property=\"og:description\" content=\"Un programme destin\u00e9 aux professionnels de la petite enfance et aux parents, qui montre l\u2019enfant dans des situations du quotidien, analyse leur impact sur son d\u00e9veloppement et donne des pistes \u00e9ducatives positives\" \/>\n<meta property=\"og:url\" content=\"https:\/\/leblog.wesco.fr\/fr\/quest-ce-qui-se-passe-dans-sa-tete\/\" \/>\n<meta property=\"og:site_name\" content=\"Blog Wesco\" \/>\n<meta property=\"article:published_time\" content=\"2016-11-07T09:54:59+00:00\" \/>\n<meta property=\"article:modified_time\" content=\"2022-12-13T08:58:21+00:00\" \/>\n<meta property=\"og:image\" content=\"https:\/\/leblog.wesco.fr\/fr\/wp-content\/uploads\/2017\/06\/dis_moi.jpg\" \/>\n\t<meta property=\"og:image:width\" content=\"1600\" \/>\n\t<meta property=\"og:image:height\" content=\"800\" \/>\n\t<meta property=\"og:image:type\" content=\"image\/jpeg\" \/>\n<meta name=\"author\" content=\"Nathalie Casso-Vicarini\" \/>\n<meta name=\"twitter:card\" content=\"summary_large_image\" \/>\n<meta name=\"twitter:label1\" content=\"\u00c9crit par\" \/>\n\t<meta name=\"twitter:data1\" content=\"Nathalie Casso-Vicarini\" \/>\n\t<meta name=\"twitter:label2\" content=\"Dur\u00e9e de lecture estim\u00e9e\" \/>\n\t<meta name=\"twitter:data2\" content=\"3 minutes\" \/>\n<!-- \/ Yoast SEO plugin. -->","yoast_head_json":{"title":"Qu\u2019est-ce qui se passe dans ta t\u00eate, s\u00e9rie sur la bienveillance \u00e9ducative - Le Blog Wesco","description":"Un programme destin\u00e9 aux professionnels de la petite enfance et aux parents, qui montre l\u2019enfant dans des situations du quotidien, analyse leur impact sur son d\u00e9veloppement et donne des pistes \u00e9ducatives positives","robots":{"index":"index","follow":"follow","max-snippet":"max-snippet:-1","max-image-preview":"max-image-preview:large","max-video-preview":"max-video-preview:-1"},"canonical":"https:\/\/leblog.wesco.fr\/fr\/quest-ce-qui-se-passe-dans-sa-tete\/","og_locale":"fr_FR","og_type":"article","og_title":"Qu\u2019est-ce qui se passe dans ta t\u00eate, s\u00e9rie sur la bienveillance \u00e9ducative - Le Blog Wesco","og_description":"Un programme destin\u00e9 aux professionnels de la petite enfance et aux parents, qui montre l\u2019enfant dans des situations du quotidien, analyse leur impact sur son d\u00e9veloppement et donne des pistes \u00e9ducatives positives","og_url":"https:\/\/leblog.wesco.fr\/fr\/quest-ce-qui-se-passe-dans-sa-tete\/","og_site_name":"Blog Wesco","article_published_time":"2016-11-07T09:54:59+00:00","article_modified_time":"2022-12-13T08:58:21+00:00","og_image":[{"width":1600,"height":800,"url":"https:\/\/leblog.wesco.fr\/fr\/wp-content\/uploads\/2017\/06\/dis_moi.jpg","type":"image\/jpeg"}],"author":"Nathalie Casso-Vicarini","twitter_card":"summary_large_image","twitter_misc":{"\u00c9crit par":"Nathalie Casso-Vicarini","Dur\u00e9e de lecture estim\u00e9e":"3 minutes"},"schema":{"@context":"https:\/\/schema.org","@graph":[{"@type":"Article","@id":"https:\/\/leblog.wesco.fr\/fr\/quest-ce-qui-se-passe-dans-sa-tete\/#article","isPartOf":{"@id":"https:\/\/leblog.wesco.fr\/fr\/quest-ce-qui-se-passe-dans-sa-tete\/"},"author":{"name":"Nathalie Casso-Vicarini","@id":"https:\/\/leblog.wesco.fr\/fr\/#\/schema\/person\/26cdfc5cd8df6472503ea768c3ba7db1"},"headline":"Dis-moi, la mini-s\u00e9rie pour le TRIO","datePublished":"2016-11-07T09:54:59+00:00","dateModified":"2022-12-13T08:58:21+00:00","mainEntityOfPage":{"@id":"https:\/\/leblog.wesco.fr\/fr\/quest-ce-qui-se-passe-dans-sa-tete\/"},"wordCount":548,"commentCount":0,"image":{"@id":"https:\/\/leblog.wesco.fr\/fr\/quest-ce-qui-se-passe-dans-sa-tete\/#primaryimage"},"thumbnailUrl":"https:\/\/leblog.wesco.fr\/fr\/wp-content\/uploads\/2017\/06\/dis_moi.jpg","keywords":["0\/12 mois","12\/36 mois","Bienveillance","Communication","\u00c9ducation","Vid\u00e9os Dis-moi (pour \u00e9veiller b\u00e9b\u00e9)"],"articleSection":["\u00c9veil &amp; apprentissage"],"inLanguage":"fr-FR","potentialAction":[{"@type":"CommentAction","name":"Comment","target":["https:\/\/leblog.wesco.fr\/fr\/quest-ce-qui-se-passe-dans-sa-tete\/#respond"]}]},{"@type":"WebPage","@id":"https:\/\/leblog.wesco.fr\/fr\/quest-ce-qui-se-passe-dans-sa-tete\/","url":"https:\/\/leblog.wesco.fr\/fr\/quest-ce-qui-se-passe-dans-sa-tete\/","name":"Qu\u2019est-ce qui se passe dans ta t\u00eate, s\u00e9rie sur la bienveillance \u00e9ducative - Le Blog Wesco","isPartOf":{"@id":"https:\/\/leblog.wesco.fr\/fr\/#website"},"primaryImageOfPage":{"@id":"https:\/\/leblog.wesco.fr\/fr\/quest-ce-qui-se-passe-dans-sa-tete\/#primaryimage"},"image":{"@id":"https:\/\/leblog.wesco.fr\/fr\/quest-ce-qui-se-passe-dans-sa-tete\/#primaryimage"},"thumbnailUrl":"https:\/\/leblog.wesco.fr\/fr\/wp-content\/uploads\/2017\/06\/dis_moi.jpg","datePublished":"2016-11-07T09:54:59+00:00","dateModified":"2022-12-13T08:58:21+00:00","author":{"@id":"https:\/\/leblog.wesco.fr\/fr\/#\/schema\/person\/26cdfc5cd8df6472503ea768c3ba7db1"},"description":"Un programme destin\u00e9 aux professionnels de la petite enfance et aux parents, qui montre l\u2019enfant dans des situations du quotidien, analyse leur impact sur son d\u00e9veloppement et donne des pistes \u00e9ducatives positives","breadcrumb":{"@id":"https:\/\/leblog.wesco.fr\/fr\/quest-ce-qui-se-passe-dans-sa-tete\/#breadcrumb"},"inLanguage":"fr-FR","potentialAction":[{"@type":"ReadAction","target":["https:\/\/leblog.wesco.fr\/fr\/quest-ce-qui-se-passe-dans-sa-tete\/"]}]},{"@type":"ImageObject","inLanguage":"fr-FR","@id":"https:\/\/leblog.wesco.fr\/fr\/quest-ce-qui-se-passe-dans-sa-tete\/#primaryimage","url":"https:\/\/leblog.wesco.fr\/fr\/wp-content\/uploads\/2017\/06\/dis_moi.jpg","contentUrl":"https:\/\/leblog.wesco.fr\/fr\/wp-content\/uploads\/2017\/06\/dis_moi.jpg","width":1600,"height":800,"caption":"illustration article dis moi cerveau et m\u00e9canismes blog wesco"},{"@type":"BreadcrumbList","@id":"https:\/\/leblog.wesco.fr\/fr\/quest-ce-qui-se-passe-dans-sa-tete\/#breadcrumb","itemListElement":[{"@type":"ListItem","position":1,"name":"Accueil","item":"https:\/\/leblog.wesco.fr\/fr\/"},{"@type":"ListItem","position":2,"name":"\u00c9veil &amp; apprentissage","item":"https:\/\/leblog.wesco.fr\/fr\/category\/eveil-et-apprentissage\/"},{"@type":"ListItem","position":3,"name":"Dis-moi, la mini-s\u00e9rie pour le TRIO"}]},{"@type":"WebSite","@id":"https:\/\/leblog.wesco.fr\/fr\/#website","url":"https:\/\/leblog.wesco.fr\/fr\/","name":"Blog Wesco","description":"Le rendez-vous des enfants, des parents et des professionnels","potentialAction":[{"@type":"SearchAction","target":{"@type":"EntryPoint","urlTemplate":"https:\/\/leblog.wesco.fr\/fr\/?s={search_term_string}"},"query-input":{"@type":"PropertyValueSpecification","valueRequired":true,"valueName":"search_term_string"}}],"inLanguage":"fr-FR"},{"@type":"Person","@id":"https:\/\/leblog.wesco.fr\/fr\/#\/schema\/person\/26cdfc5cd8df6472503ea768c3ba7db1","name":"Nathalie Casso-Vicarini","url":"https:\/\/leblog.wesco.fr\/fr\/author\/ncv\/"}]}},"modified_by":"egonnord","_links":{"self":[{"href":"https:\/\/leblog.wesco.fr\/fr\/wp-json\/wp\/v2\/posts\/1301","targetHints":{"allow":["GET"]}}],"collection":[{"href":"https:\/\/leblog.wesco.fr\/fr\/wp-json\/wp\/v2\/posts"}],"about":[{"href":"https:\/\/leblog.wesco.fr\/fr\/wp-json\/wp\/v2\/types\/post"}],"author":[{"embeddable":true,"href":"https:\/\/leblog.wesco.fr\/fr\/wp-json\/wp\/v2\/users\/5"}],"replies":[{"embeddable":true,"href":"https:\/\/leblog.wesco.fr\/fr\/wp-json\/wp\/v2\/comments?post=1301"}],"version-history":[{"count":3,"href":"https:\/\/leblog.wesco.fr\/fr\/wp-json\/wp\/v2\/posts\/1301\/revisions"}],"predecessor-version":[{"id":128088,"href":"https:\/\/leblog.wesco.fr\/fr\/wp-json\/wp\/v2\/posts\/1301\/revisions\/128088"}],"wp:featuredmedia":[{"embeddable":true,"href":"https:\/\/leblog.wesco.fr\/fr\/wp-json\/wp\/v2\/media\/2328"}],"wp:attachment":[{"href":"https:\/\/leblog.wesco.fr\/fr\/wp-json\/wp\/v2\/media?parent=1301"}],"wp:term":[{"taxonomy":"category","embeddable":true,"href":"https:\/\/leblog.wesco.fr\/fr\/wp-json\/wp\/v2\/categories?post=1301"},{"taxonomy":"post_tag","embeddable":true,"href":"https:\/\/leblog.wesco.fr\/fr\/wp-json\/wp\/v2\/tags?post=1301"}],"curies":[{"name":"wp","href":"https:\/\/api.w.org\/{rel}","templated":true}]}}