{"id":129731,"date":"2024-09-06T09:00:00","date_gmt":"2024-09-06T07:00:00","guid":{"rendered":"https:\/\/leblog.wesco.fr\/fr\/?p=129731"},"modified":"2026-04-03T15:06:14","modified_gmt":"2026-04-03T13:06:14","slug":"comment-bien-choisir-une-table-dactivite-pour-bebe-et-enfant","status":"publish","type":"post","link":"https:\/\/leblog.wesco.fr\/fr\/comment-bien-choisir-une-table-dactivite-pour-bebe-et-enfant\/","title":{"rendered":"Comment bien choisir une table d&#8217;activit\u00e9 pour b\u00e9b\u00e9 et enfant ?"},"content":{"rendered":"\n<div class=\"wp-block-columns is-layout-flex wp-container-core-columns-is-layout-9d6595d7 wp-block-columns-is-layout-flex\">\n<div class=\"wp-block-column is-layout-flow wp-block-column-is-layout-flow\" style=\"flex-basis:100%\">\n<p>&nbsp;<\/p>\n<\/div>\n<\/div>\n\n\n\n<p>\u00c0 la cr\u00e8che ou \u00e0 l\u2019\u00e9cole maternelle, la table d\u2019activit\u00e9 accompagne les <strong>apprentissages des enfants<\/strong> et encourage l\u2019exploration en toute <strong>autonomie<\/strong>. Dans cet article, d\u00e9couvrez les <strong>apports p\u00e9dagogiques<\/strong> des tables d\u2019activit\u00e9s pour enfants, les crit\u00e8res de s\u00e9lection pour orienter votre choix ainsi qu\u2019un comparatif complet des diff\u00e9rentes tables d\u2019activit\u00e9s vendues par Wesco.<\/p>\n\n\n\n<h2 class=\"wp-block-heading\">La table d&#8217;activit\u00e9, une table polyvalente pour soutenir les apprentissages des enfants<\/h2>\n\n\n\n<h3 class=\"wp-block-heading\">Table d&#8217;activit\u00e9 VS table d&#8217;activit\u00e9 sensorielle, quelles sont les diff\u00e9rences&nbsp;? <\/h3>\n\n\n\n<p>La <strong>table d\u2019activit\u00e9<\/strong> est un meuble destin\u00e9 aux enfants et dont le but est de les stimuler \u00e0 travers le jeu.<\/p>\n\n\n\n<p>Elle se reconna\u00eet gr\u00e2ce \u00e0&nbsp;:<\/p>\n\n\n\n<ul class=\"wp-block-list\">\n<li>Sa <strong>forme <\/strong>&nbsp;: bien souvent ronde, carr\u00e9e ou rectangulaire, ce qui permet aux enfants de se placer de part et d\u2019autre&nbsp;;<\/li>\n\n\n\n<li>Son <strong>accessibilit\u00e9 <\/strong>&nbsp;: diff\u00e9rentes hauteurs sont propos\u00e9es afin de s\u2019adapter aux enfants (des b\u00e9b\u00e9s en cr\u00e8che jusqu&#8217;aux enfants plus grands en \u00e9cole \u00e9l\u00e9mentaire). Cela permet aux enfants d\u2019\u00eatre autonomes et acteurs de leurs apprentissages&nbsp;;<\/li>\n\n\n\n<li>Sa <strong>mobilit\u00e9 <\/strong>gr\u00e2ce \u00e0 la pr\u00e9sence \u00e9ventuelle de roulettes pour pouvoir facilement la d\u00e9placer&nbsp;;<\/li>\n\n\n\n<li>Une <strong>surface de jeu<\/strong> plane ou compartiment\u00e9e avec des bacs amovibles pour la mise en place des activit\u00e9s&nbsp;;<\/li>\n\n\n\n<li>La pr\u00e9sence de jeux et autres \u00e9l\u00e9ments ludiques dont l\u2019objectif est d\u2019<a href=\"https:\/\/leblog.wesco.fr\/fr\/favoriser-les-apprentissages\/\">accompagner les apprentissages des enfants<\/a> (blocs, puzzles, engrenages, transvasements, etc.).<\/li>\n<\/ul>\n\n\n\n<p>La <strong>table d&#8217;activit\u00e9 sensorielle<\/strong> est une table d\u2019activit\u00e9 qui se diff\u00e9rencie en particulier par l\u2019apport d\u2019\u00e9l\u00e9ments stimulant les 5 sens&nbsp;: lumi\u00e8res color\u00e9es, sons apaisants, mati\u00e8res naturelles (eau, sable\u2026). Elle se destine plus aux enfants qu\u2019aux b\u00e9b\u00e9s, notamment ceux ayant des besoins sp\u00e9cifiques (TDAH, autisme, etc.).<\/p>\n\n\n\n<h4 class=\"wp-block-heading\">En r\u00e9sum\u00e9<\/h4>\n\n\n\n<ul class=\"wp-block-list\">\n<li>Une table d&#8217;activit\u00e9 est principalement ax\u00e9e sur le d\u00e9veloppement et le jeu \u00e9ducatif des jeunes enfants&nbsp;;<\/li>\n\n\n\n<li>Une table d\u2019activit\u00e9 sensorielle offre en plus une <a href=\"https:\/\/leblog.wesco.fr\/fr\/idees-d-activites-sensorielles-pour-la-creche\/\">stimulation sensorielle<\/a> \u00e0 vis\u00e9e relaxante voire \u00e0 des fins th\u00e9rapeutiques.<\/li>\n<\/ul>\n\n\n\n<h3 class=\"wp-block-heading\">Quels sont les apports p\u00e9dagogiques d&#8217;une table d&#8217;activit\u00e9&nbsp;?<\/h3>\n\n\n\n<p>\u00c0 mi-chemin entre le support de jeu et la table de travail, la table d\u2019activit\u00e9 offre un espace enrichissant et amusant o\u00f9 les enfants peuvent d\u00e9velopper de <strong>nombreuses comp\u00e9tences<\/strong>&nbsp;:<\/p>\n\n\n\n<ul class=\"wp-block-list\">\n<li><strong>Cognitives <\/strong>&nbsp;: stimule l\u2019apprentissage et facilite la r\u00e9solution de probl\u00e8mes&nbsp;;<\/li>\n\n\n\n<li><strong>Motrices <\/strong>&nbsp;: la table d\u2019activit\u00e9 est propice aux activit\u00e9s de <a href=\"https:\/\/leblog.wesco.fr\/fr\/comment-encourager-les-progres-en-motricite-fine-de-bebe-avec-la-periode-sensible-des-petits-objets\/\">motricit\u00e9 fine<\/a> permettant \u00e0 l\u2019enfant de travailler sa coordination \u0153il-main&nbsp;;<\/li>\n\n\n\n<li><strong>Interactions sociales<\/strong>&nbsp;: g\u00e9n\u00e9ralement, plusieurs enfants peuvent prendre part autour de la table d\u2019activit\u00e9 et cela favorise l\u2019\u00e9change et le d\u00e9veloppement d\u2019un <a href=\"https:\/\/leblog.wesco.fr\/fr\/socialisation-chez-bebe-comment-encourager-un-comportement-prosocial\/\">comportement prosocial<\/a>&nbsp;;<\/li>\n\n\n\n<li><strong>Sensorielles <\/strong>&nbsp;: activit\u00e9s de tri, de transvasement, jeux d\u2019eau qui permettent une exploration tactile et visuelle&nbsp;;<\/li>\n\n\n\n<li><strong>Cr\u00e9ativit\u00e9 et imagination<\/strong>&nbsp;: encourage l\u2019imagination et permet le jeu libre chez l\u2019enfant.<\/li>\n<\/ul>\n\n\n\n<h2 class=\"wp-block-heading\">6 crit\u00e8res essentiels pour bien choisir sa table d&#8217;activit\u00e9<\/h2>\n\n\n\n<p>Que vous soyez en structure d\u2019accueil du jeune enfant (cr\u00e8che, MAM, etc.) ou \u00e0 l\u2019\u00e9cole, voici une premi\u00e8re liste (non exhaustive) des crit\u00e8res pour orienter votre choix vers une table d\u2019activit\u00e9 en particulier&nbsp;:<\/p>\n\n\n\n<ul class=\"wp-block-list\">\n<li><strong>Lieu d\u2019utilisation<\/strong> de la table d\u2019activit\u00e9&nbsp;: en int\u00e9rieur ou en ext\u00e9rieur (avec les contraintes de r\u00e9sistances aux conditions climatiques que cela implique)&nbsp;;<\/li>\n\n\n\n<li><strong>Espace disponible<\/strong> pour installer la table d\u2019activit\u00e9 : en structure petite enfance il est souvent plus facile de d\u00e9dier un endroit pr\u00e9cis et fixe pour la table d\u2019activit\u00e9. \u00c0 contrario, \u00e0 l\u2019\u00e9cole, les <strong>tables d\u2019activit\u00e9s mobiles<\/strong> (ou facilement d\u00e9pla\u00e7ables) sont parfois pr\u00e9f\u00e9r\u00e9es notamment dans les <a href=\"https:\/\/leblog.wesco.fr\/fr\/la-classe-flexible-petite-revolution-a-lecole-primaire\/\">classes flexibles<\/a>&nbsp;;<\/li>\n\n\n\n<li><strong>L\u2019\u00e2ge des enfants<\/strong> oriente \u00e9galement le choix de la table d\u2019activit\u00e9 puisqu\u2019elles n\u2019ont pas toutes les m\u00eames dimensions (hauteur depuis le sol ou rebord pour s\u2019agripper par exemple)&nbsp;;<\/li>\n\n\n\n<li><strong>Rangements <\/strong>&nbsp;: certaines tables d\u2019activit\u00e9s offrent des espaces de rangement quand d\u2019autres proposent uniquement une surface de jeu&nbsp;;<\/li>\n\n\n\n<li><strong>Int\u00e9r\u00eat p\u00e9dagogique<\/strong>&nbsp;: en fonction des activit\u00e9s que vous souhaitez proposer aux enfants vous aurez tendance \u00e0 privil\u00e9gier certains mod\u00e8les de tables d\u2019activit\u00e9s (surface en plastique adapt\u00e9e aux jeux d\u2019eau ou bien encore table lumineuse pour apporter une dimension sensorielle, etc.)&nbsp;;<\/li>\n\n\n\n<li><strong>S\u00e9curit\u00e9 et respect des normes<\/strong> en vigueur pour ce type de mobilier&nbsp;: angles arrondis, pas d\u2019ar\u00eates vives ou de risque de se pincer les doigts.<\/li>\n<\/ul>\n\n\n\n<h2 class=\"wp-block-heading\">Comparatif des tables d&#8217;activit\u00e9s vendues sur <a href=\"http:\/\/wesco.fr\">wesco.fr<\/a><\/h2>\n\n\n\n<h3 class=\"wp-block-heading\">Tables d&#8217;activit\u00e9s pour les b\u00e9b\u00e9s (cr\u00e8che, MAM, assistantes maternelles)<\/h3>\n\n\n\n<div class=\"wp-block-columns is-layout-flex wp-container-core-columns-is-layout-9d6595d7 wp-block-columns-is-layout-flex\">\n<div class=\"wp-block-column is-layout-flow wp-block-column-is-layout-flow\">\n<figure class=\"wp-block-image size-full\"><img loading=\"lazy\" decoding=\"async\" width=\"800\" height=\"600\" src=\"https:\/\/leblog.wesco.fr\/fr\/wp-content\/uploads\/2024\/07\/58457_c001_191021_pd_p.jpg\" alt=\"TABLE D'ACTIVIT\u00c9S MOBILE Babi Up avec 4 bacs blog wesco\" class=\"wp-image-129754\" srcset=\"https:\/\/leblog.wesco.fr\/fr\/wp-content\/uploads\/2024\/07\/58457_c001_191021_pd_p.jpg 800w, https:\/\/leblog.wesco.fr\/fr\/wp-content\/uploads\/2024\/07\/58457_c001_191021_pd_p-300x225.jpg 300w, https:\/\/leblog.wesco.fr\/fr\/wp-content\/uploads\/2024\/07\/58457_c001_191021_pd_p-768x576.jpg 768w\" sizes=\"auto, (max-width: 800px) 100vw, 800px\" \/><\/figure>\n<\/div>\n\n\n\n<div class=\"wp-block-column is-layout-flow wp-block-column-is-layout-flow\">\n<h4 class=\"wp-block-heading\">TABLE D&#8217;ACTIVIT\u00c9S MOBILE Babi Up avec 4 bacs<\/h4>\n\n\n\n<p>Cette table d&#8217;activit\u00e9 mobile \u00e0 hauteur d\u2019enfant offre une grande surface de jeu et un bel espace de rangement. Pratique, l\u2019espace sous le plateau permet de mettre en place et de ranger des bacs de jeu en toute simplicit\u00e9&nbsp;!<br>Les d\u00e9tails en +&nbsp;: Gr\u00e2ce aux rebords, B\u00e9b\u00e9 peut s\u2019agripper en toute s\u00e9curit\u00e9 et se mettre debout en autonomie. Facilement d\u00e9pla\u00e7able gr\u00e2ce aux roulettes robustes et silencieuses qui n\u2019ab\u00eement pas les sols.<br>Age&nbsp;: + 12 mois<br>Fabriqu\u00e9 en&nbsp;: Europe<br>Garantie&nbsp;: 3 ans (sauf les bacs)<\/p>\n\n\n\n<div class=\"wp-block-buttons is-layout-flex wp-block-buttons-is-layout-flex\">\n<div class=\"wp-block-button\"><a class=\"wp-block-button__link wp-element-button\" href=\"https:\/\/www.wesco.fr\/of58457-table-d-activites-mobile-babi-up-avec-4-bacs-wesco.html?queryID=bfd42bc8289b316361b1affebbf22110&amp;objectID=23674&amp;indexName=PRODUCTION_wesco_fr_products\" target=\"_blank\" rel=\"noreferrer noopener\">voir la table d&#8217;activit\u00e9s babi up<\/a><\/div>\n<\/div>\n<\/div>\n<\/div>\n\n\n\n<hr class=\"wp-block-separator has-alpha-channel-opacity\"\/>\n\n\n\n<div class=\"wp-block-columns is-layout-flex wp-container-core-columns-is-layout-9d6595d7 wp-block-columns-is-layout-flex\">\n<div class=\"wp-block-column is-layout-flow wp-block-column-is-layout-flow\">\n<figure class=\"wp-block-image size-full\"><img loading=\"lazy\" decoding=\"async\" width=\"800\" height=\"600\" src=\"https:\/\/leblog.wesco.fr\/fr\/wp-content\/uploads\/2024\/07\/64970_c001_221115_pd.jpg\" alt=\"TABLE D'EXPLORATION SENSORIELLE Pieds bois blog wesco\" class=\"wp-image-129758\" srcset=\"https:\/\/leblog.wesco.fr\/fr\/wp-content\/uploads\/2024\/07\/64970_c001_221115_pd.jpg 800w, https:\/\/leblog.wesco.fr\/fr\/wp-content\/uploads\/2024\/07\/64970_c001_221115_pd-300x225.jpg 300w, https:\/\/leblog.wesco.fr\/fr\/wp-content\/uploads\/2024\/07\/64970_c001_221115_pd-768x576.jpg 768w\" sizes=\"auto, (max-width: 800px) 100vw, 800px\" \/><\/figure>\n\n\n\n<figure class=\"wp-block-image size-full\"><img loading=\"lazy\" decoding=\"async\" width=\"800\" height=\"600\" src=\"https:\/\/leblog.wesco.fr\/fr\/wp-content\/uploads\/2024\/07\/66591_221122_1.jpg\" alt=\"TABLE D'EXPLORATION SENSORIELLE Pieds bois en situation avec produits sensoriels\" class=\"wp-image-129759\" srcset=\"https:\/\/leblog.wesco.fr\/fr\/wp-content\/uploads\/2024\/07\/66591_221122_1.jpg 800w, https:\/\/leblog.wesco.fr\/fr\/wp-content\/uploads\/2024\/07\/66591_221122_1-300x225.jpg 300w, https:\/\/leblog.wesco.fr\/fr\/wp-content\/uploads\/2024\/07\/66591_221122_1-768x576.jpg 768w\" sizes=\"auto, (max-width: 800px) 100vw, 800px\" \/><\/figure>\n<\/div>\n\n\n\n<div class=\"wp-block-column is-layout-flow wp-block-column-is-layout-flow\">\n<h4 class=\"wp-block-heading\">TABLE D&#8217;EXPLORATION SENSORIELLE Pieds bois<\/h4>\n\n\n\n<p>Remplissez-la de sable, d\u2019eau\u2026 et invitez les enfants \u00e0 plonger leurs mains pour exp\u00e9rimenter de nouvelles sensations tactiles. Le fond du bac est divis\u00e9 en 4 sections pour permettre les activit\u00e9s de motricit\u00e9 fine comme le tri et la diff\u00e9renciation ou pour cr\u00e9er des <a href=\"https:\/\/www.wesco.fr\/68942171-maxi-lot-minis-mondes-en-pierre.html?queryID=69ec0c3c0a343fb7023f43ab94b50dfc&amp;objectID=58096&amp;indexName=PRODUCTION_wesco_fr_products\" target=\"_blank\" rel=\"noreferrer noopener\">mini-mondes<\/a>.<br>Le d\u00e9tail en +&nbsp;: Ergonomiques, les rebords sur\u00e9lev\u00e9s pr\u00e9viennent les d\u00e9bordements tout en restant accessibles aux plus petits. \u00c9quip\u00e9 d&#8217;un bouchon de vidange pour un nettoyage facile.<br>Age&nbsp;: + 18 mois<br>Fabriqu\u00e9 en&nbsp;: France<br>Garantie&nbsp;: 3 ans<\/p>\n\n\n\n<div class=\"wp-block-buttons is-layout-flex wp-block-buttons-is-layout-flex\">\n<div class=\"wp-block-button\"><a class=\"wp-block-button__link wp-element-button\" href=\"https:\/\/www.wesco.fr\/64970001-table-d-exploration-sensorielle-pieds-bois-wesco.html?queryID=fd777e67f3dcb0298a7121ecc88e0725&amp;objectID=47645&amp;indexName=PRODUCTION_wesco_fr_products\" target=\"_blank\" rel=\"noreferrer noopener\">voir la table d&#8217;exploration sensorielle<\/a><\/div>\n\n\n\n<div class=\"wp-block-button\"><a class=\"wp-block-button__link wp-element-button\" href=\"https:\/\/www.wesco.fr\/66880171-kit-univers-sensoriel-exploration-lumineuse.html\" target=\"_blank\" rel=\"noreferrer noopener\">voir la table d&#8217;exploration lumineuse<\/a><\/div>\n<\/div>\n<\/div>\n<\/div>\n\n\n\n<hr class=\"wp-block-separator has-alpha-channel-opacity\"\/>\n\n\n\n<div class=\"wp-block-columns is-layout-flex wp-container-core-columns-is-layout-9d6595d7 wp-block-columns-is-layout-flex\">\n<div class=\"wp-block-column is-layout-flow wp-block-column-is-layout-flow\">\n<figure class=\"wp-block-image size-full\"><img loading=\"lazy\" decoding=\"async\" width=\"800\" height=\"600\" src=\"https:\/\/leblog.wesco.fr\/fr\/wp-content\/uploads\/2024\/07\/65008_c171_221115_pd.jpg\" alt=\"TABLE D'EXPLORATION SENSORIELLE Pieds m\u00e9tal blog wesco\" class=\"wp-image-129764\" srcset=\"https:\/\/leblog.wesco.fr\/fr\/wp-content\/uploads\/2024\/07\/65008_c171_221115_pd.jpg 800w, https:\/\/leblog.wesco.fr\/fr\/wp-content\/uploads\/2024\/07\/65008_c171_221115_pd-300x225.jpg 300w, https:\/\/leblog.wesco.fr\/fr\/wp-content\/uploads\/2024\/07\/65008_c171_221115_pd-768x576.jpg 768w\" sizes=\"auto, (max-width: 800px) 100vw, 800px\" \/><\/figure>\n\n\n\n<figure class=\"wp-block-image size-full\"><img loading=\"lazy\" decoding=\"async\" width=\"800\" height=\"600\" src=\"https:\/\/leblog.wesco.fr\/fr\/wp-content\/uploads\/2024\/07\/65008_c171_221115_1d.jpg\" alt=\"TABLE D'EXPLORATION SENSORIELLE Pieds m\u00e9tal avec couvercle blog wesco\" class=\"wp-image-129763\" srcset=\"https:\/\/leblog.wesco.fr\/fr\/wp-content\/uploads\/2024\/07\/65008_c171_221115_1d.jpg 800w, https:\/\/leblog.wesco.fr\/fr\/wp-content\/uploads\/2024\/07\/65008_c171_221115_1d-300x225.jpg 300w, https:\/\/leblog.wesco.fr\/fr\/wp-content\/uploads\/2024\/07\/65008_c171_221115_1d-768x576.jpg 768w\" sizes=\"auto, (max-width: 800px) 100vw, 800px\" \/><\/figure>\n<\/div>\n\n\n\n<div class=\"wp-block-column is-layout-flow wp-block-column-is-layout-flow\">\n<h4 class=\"wp-block-heading\">TABLE D&#8217;EXPLORATION SENSORIELLE Pieds m\u00e9tal<\/h4>\n\n\n\n<p>Gr\u00e2ce aux pieds en m\u00e9tal, cette version de la table d\u2019exploration peut \u00eatre utilis\u00e9e en ext\u00e9rieur. Le fond du bac propose 4 zones distinctes adapt\u00e9es aux activit\u00e9s de tri et de diff\u00e9renciation. Il est possible d&#8217;accessoiriser cette table d\u2019exploration avec un <a href=\"https:\/\/www.wesco.fr\/66620002-circuit-pour-bac-d-exploration-wesco.html\" target=\"_blank\" rel=\"noreferrer noopener\">circuit <\/a>pour cr\u00e9er des activit\u00e9s avec du sable et de l\u2019eau.<br>Le d\u00e9tail en +&nbsp;: Table vendue avec un couvercle pour prot\u00e9ger son contenu et pouvoir jouer de nouveau ult\u00e9rieurement. Pos\u00e9 au sol, le couvercle peut \u00e9galement servir de seconde surface de jeu.<br>Age&nbsp;: + 18 mois<br>Fabriqu\u00e9 en&nbsp;: France<br>Garantie&nbsp;: 3 ans<\/p>\n\n\n\n<div class=\"wp-block-buttons is-layout-flex wp-block-buttons-is-layout-flex\">\n<div class=\"wp-block-button\"><a class=\"wp-block-button__link wp-element-button\" href=\"https:\/\/www.wesco.fr\/65008001-table-d-exploration-sensorielle-pieds-metal-wesco.html?queryID=220375d9dae2e53fa71b160319fccb2c&amp;objectID=47646&amp;indexName=PRODUCTION_wesco_fr_products\" target=\"_blank\" rel=\"noreferrer noopener\">voir la table d&#8217;exploration <br>sensorielle pieds m\u00e9tal<\/a><\/div>\n<\/div>\n<\/div>\n<\/div>\n\n\n\n<h3 class=\"wp-block-heading\">Tables d&#8217;activit\u00e9s adapt\u00e9es \u00e0 l&#8217;\u00e9cole maternelle<\/h3>\n\n\n\n<div class=\"wp-block-columns is-layout-flex wp-container-core-columns-is-layout-9d6595d7 wp-block-columns-is-layout-flex\">\n<div class=\"wp-block-column is-layout-flow wp-block-column-is-layout-flow\">\n<figure class=\"wp-block-image size-full\"><img loading=\"lazy\" decoding=\"async\" width=\"800\" height=\"600\" src=\"https:\/\/leblog.wesco.fr\/fr\/wp-content\/uploads\/2024\/07\/64557_c016_211220_pd.jpg\" alt=\"TABLE MULTI-ACTIVIT\u00c9S Creativ Sp\u00e9cial sensoriel + 2 bancs blog Wesco\" class=\"wp-image-129769\" srcset=\"https:\/\/leblog.wesco.fr\/fr\/wp-content\/uploads\/2024\/07\/64557_c016_211220_pd.jpg 800w, https:\/\/leblog.wesco.fr\/fr\/wp-content\/uploads\/2024\/07\/64557_c016_211220_pd-300x225.jpg 300w, https:\/\/leblog.wesco.fr\/fr\/wp-content\/uploads\/2024\/07\/64557_c016_211220_pd-768x576.jpg 768w\" sizes=\"auto, (max-width: 800px) 100vw, 800px\" \/><\/figure>\n\n\n\n<figure class=\"wp-block-image size-full\"><img loading=\"lazy\" decoding=\"async\" width=\"800\" height=\"600\" src=\"https:\/\/leblog.wesco.fr\/fr\/wp-content\/uploads\/2024\/07\/62493_c016_211105_8d.jpg\" alt=\"Enfant en train de faire une activit\u00e9 de tri sur la TABLE MULTI-ACTIVIT\u00c9S Creativ Sp\u00e9cial sensoriel + 2 bancs blog wesco\" class=\"wp-image-129768\" srcset=\"https:\/\/leblog.wesco.fr\/fr\/wp-content\/uploads\/2024\/07\/62493_c016_211105_8d.jpg 800w, https:\/\/leblog.wesco.fr\/fr\/wp-content\/uploads\/2024\/07\/62493_c016_211105_8d-300x225.jpg 300w, https:\/\/leblog.wesco.fr\/fr\/wp-content\/uploads\/2024\/07\/62493_c016_211105_8d-768x576.jpg 768w\" sizes=\"auto, (max-width: 800px) 100vw, 800px\" \/><\/figure>\n<\/div>\n\n\n\n<div class=\"wp-block-column is-layout-flow wp-block-column-is-layout-flow\">\n<h4 class=\"wp-block-heading\">TABLE MULTI-ACTIVIT\u00c9S Creativ Sp\u00e9cial sensoriel + 2 bancs<\/h4>\n\n\n\n<p>Faible encombrement au sol mais nombreuses activit\u00e9s possibles&nbsp;! V\u00e9ritable \u00eelot d\u2019activit\u00e9s, la table Creativ dispose (suivant les configurations) d\u2019un d\u00e9vidoir \u00e0 papier, d\u2019un bac sp\u00e9cial peinture ou de poches de rangement Nomad pour avoir tout \u00e0 port\u00e9e main. La surface effa\u00e7able \u00e0 sec est facilement amovible pour varier les activit\u00e9s avec diff\u00e9rents bacs (bacs \u00e0 fond miroir ou fond transparent, bacs de tri Montessori\u2026). Les bacs s\u2019interchangent d\u2019un simple geste et sans outils permettant de varier les activit\u00e9s sans contraintes.<br>Le d\u00e9tail en +&nbsp;: Les bancs se glissent sous la table pour un gain de place maximal une fois l\u2019activit\u00e9 termin\u00e9e.<br>Age&nbsp;: + 3 ans<br>Fabriqu\u00e9 en&nbsp;: Europe<br>Garantie : 3 ans<\/p>\n\n\n\n<div class=\"wp-block-buttons is-layout-flex wp-block-buttons-is-layout-flex\">\n<div class=\"wp-block-button\"><a class=\"wp-block-button__link wp-element-button\" href=\"https:\/\/www.wesco.fr\/64557016-table-multi-activites-creativ-special-sensoriel-2-bancs-wesco.html?queryID=7f49211e39fa5e8a0123aa81eb52c7d8&amp;objectID=36437&amp;indexName=PRODUCTION_wesco_fr_products\" target=\"_blank\" rel=\"noreferrer noopener\">Voir la table multi-activit\u00e9s Cr\u00e9ativ<\/a><\/div>\n<\/div>\n<\/div>\n<\/div>\n\n\n\n<hr class=\"wp-block-separator has-alpha-channel-opacity\"\/>\n\n\n\n<div class=\"wp-block-columns is-layout-flex wp-container-core-columns-is-layout-9d6595d7 wp-block-columns-is-layout-flex\">\n<div class=\"wp-block-column is-layout-flow wp-block-column-is-layout-flow\">\n<figure class=\"wp-block-image size-full\"><img loading=\"lazy\" decoding=\"async\" width=\"800\" height=\"600\" src=\"https:\/\/leblog.wesco.fr\/fr\/wp-content\/uploads\/2024\/09\/KIT-TABLE-LUMINEUSE-Avec-plateau-et-cercle-de-tri.jpg\" alt=\"table sensorielle lumineuse  blog wesco\" class=\"wp-image-132231\" srcset=\"https:\/\/leblog.wesco.fr\/fr\/wp-content\/uploads\/2024\/09\/KIT-TABLE-LUMINEUSE-Avec-plateau-et-cercle-de-tri.jpg 800w, https:\/\/leblog.wesco.fr\/fr\/wp-content\/uploads\/2024\/09\/KIT-TABLE-LUMINEUSE-Avec-plateau-et-cercle-de-tri-300x225.jpg 300w, https:\/\/leblog.wesco.fr\/fr\/wp-content\/uploads\/2024\/09\/KIT-TABLE-LUMINEUSE-Avec-plateau-et-cercle-de-tri-768x576.jpg 768w, https:\/\/leblog.wesco.fr\/fr\/wp-content\/uploads\/2024\/09\/KIT-TABLE-LUMINEUSE-Avec-plateau-et-cercle-de-tri-16x12.jpg 16w\" sizes=\"auto, (max-width: 800px) 100vw, 800px\" \/><\/figure>\n\n\n\n<figure class=\"wp-block-image size-full\"><img loading=\"lazy\" decoding=\"async\" width=\"800\" height=\"600\" src=\"https:\/\/leblog.wesco.fr\/fr\/wp-content\/uploads\/2024\/09\/KIT-TABLE-LUMINEUSE-Avec-plateau-et-cercle-de-tri-ambiance.jpg\" alt=\"photo ambiance salle sensorielle 2 enfants qui jouent autour de plusieurs tables sensorielles blog wesco\" class=\"wp-image-132230\" srcset=\"https:\/\/leblog.wesco.fr\/fr\/wp-content\/uploads\/2024\/09\/KIT-TABLE-LUMINEUSE-Avec-plateau-et-cercle-de-tri-ambiance.jpg 800w, https:\/\/leblog.wesco.fr\/fr\/wp-content\/uploads\/2024\/09\/KIT-TABLE-LUMINEUSE-Avec-plateau-et-cercle-de-tri-ambiance-300x225.jpg 300w, https:\/\/leblog.wesco.fr\/fr\/wp-content\/uploads\/2024\/09\/KIT-TABLE-LUMINEUSE-Avec-plateau-et-cercle-de-tri-ambiance-768x576.jpg 768w, https:\/\/leblog.wesco.fr\/fr\/wp-content\/uploads\/2024\/09\/KIT-TABLE-LUMINEUSE-Avec-plateau-et-cercle-de-tri-ambiance-16x12.jpg 16w\" sizes=\"auto, (max-width: 800px) 100vw, 800px\" \/><\/figure>\n<\/div>\n\n\n\n<div class=\"wp-block-column is-layout-flow wp-block-column-is-layout-flow\">\n<h4 class=\"wp-block-heading\">TABLE LUMINEUSE D&#8217;ACTIVIT\u00c9S SENSORIELLES Avec cercle de tri<\/h4>\n\n\n\n<p>Cette table lumineuse apporte une touche de couleur id\u00e9ale dans <a href=\"https:\/\/leblog.wesco.fr\/fr\/creer-espace-multisensoriel\/\">espaces multisensoriels Snoezelen<\/a> et convient particuli\u00e8rement aux enfants pr\u00e9sentant des troubles de l\u2019attention et d\u2019hyperactivit\u00e9. Gr\u00e2ce \u00e0 la t\u00e9l\u00e9commande, vous pourrez facilement changer la couleur de la lumi\u00e8re, sa vitesse (continu, clignotant ou progressif) et son intensit\u00e9. Enfin le cercle de tri permet la mise en place d\u2019activit\u00e9s de manipulation et de d\u00e9couvertes sensorielles.<br>Le d\u00e9tail en +&nbsp;: la table se recharge sur secteur avec une autonomie de batterie d\u2019environ 8 heures (suivant les r\u00e9glages).<br>Age&nbsp;: + 3 ans (sous la surveillance d\u2019un adulte)<br>Fabriqu\u00e9 en&nbsp;: France<br>Garantie&nbsp;: 1 ans<\/p>\n\n\n\n<div class=\"wp-block-buttons is-layout-flex wp-block-buttons-is-layout-flex\">\n<div class=\"wp-block-button\"><a class=\"wp-block-button__link wp-element-button\" href=\"https:\/\/www.wesco.fr\/63058171-table-lumineuse-d-activites-sensorielles-avec-cercle-de-tri.html?queryID=be2c4f48005f5cbf493ce7c0e74ae69a&amp;objectID=33630&amp;indexName=PRODUCTION_wesco_fr_products\" target=\"_blank\" rel=\"noreferrer noopener\">voir la table lumineuse d&#8217;activit\u00e9s sensorielles<\/a><\/div>\n<\/div>\n<\/div>\n<\/div>\n\n\n\n<hr class=\"wp-block-separator has-alpha-channel-opacity\"\/>\n\n\n\n<div class=\"wp-block-columns is-layout-flex wp-container-core-columns-is-layout-9d6595d7 wp-block-columns-is-layout-flex\">\n<div class=\"wp-block-column is-layout-flow wp-block-column-is-layout-flow\">\n<figure class=\"wp-block-image size-full\"><img loading=\"lazy\" decoding=\"async\" width=\"800\" height=\"600\" src=\"https:\/\/leblog.wesco.fr\/fr\/wp-content\/uploads\/2024\/07\/57414_290819_pd.jpg\" alt=\"table ronde lumineuse pour activit\u00e9s sensorielles avec enfants blog wesco\" class=\"wp-image-129774\" srcset=\"https:\/\/leblog.wesco.fr\/fr\/wp-content\/uploads\/2024\/07\/57414_290819_pd.jpg 800w, https:\/\/leblog.wesco.fr\/fr\/wp-content\/uploads\/2024\/07\/57414_290819_pd-300x225.jpg 300w, https:\/\/leblog.wesco.fr\/fr\/wp-content\/uploads\/2024\/07\/57414_290819_pd-768x576.jpg 768w\" sizes=\"auto, (max-width: 800px) 100vw, 800px\" \/><\/figure>\n<\/div>\n\n\n\n<div class=\"wp-block-column is-layout-flow wp-block-column-is-layout-flow\">\n<h4 class=\"wp-block-heading\">TABLE RONDE LUMINEUSE<\/h4>\n\n\n\n<p>Pos\u00e9e au sol ou sur une petite table \u00e0 hauteur d\u2019enfant, cette table lumineuse est l\u2019alli\u00e9e des petits espaces. Gr\u00e2ce \u00e0 la lumi\u00e8re de diff\u00e9rentes couleurs, elle offre une stimulation visuelle et captive l\u2019attention des enfants.<br>Le d\u00e9tail en +&nbsp;: possibilit\u00e9 d\u2019accessoiriser la table lumineuse avec un d\u00f4me de fascination ou un bac de fascination compartiment\u00e9 pour varier les exp\u00e9riences sensorielles.<br>Age&nbsp;: + 3 ans (sous la surveillance d\u2019un adulte)<br>Fabriqu\u00e9 en&nbsp;: Europe<br>Garantie&nbsp;: 1 ans<\/p>\n\n\n\n<div class=\"wp-block-buttons is-layout-flex wp-block-buttons-is-layout-flex\">\n<div class=\"wp-block-button\"><a class=\"wp-block-button__link wp-element-button\" href=\"https:\/\/www.wesco.fr\/57414171-table-ronde-lumineuse.html\" target=\"_blank\" rel=\"noreferrer noopener\">voir la table ronde lumineuse<\/a><\/div>\n<\/div>\n<\/div>\n<\/div>\n\n\n\n<h3 class=\"wp-block-heading\">Tables d\u2019activit\u00e9s pour l\u2019ext\u00e9rieur de 18 mois \u00e0 6 ans et +<\/h3>\n\n\n\n<div class=\"wp-block-columns is-layout-flex wp-container-core-columns-is-layout-9d6595d7 wp-block-columns-is-layout-flex\">\n<div class=\"wp-block-column is-layout-flow wp-block-column-is-layout-flow\">\n<figure class=\"wp-block-image size-full\"><img loading=\"lazy\" decoding=\"async\" width=\"800\" height=\"600\" src=\"https:\/\/leblog.wesco.fr\/fr\/wp-content\/uploads\/2024\/09\/71186_c037_241115_pd.jpg\" alt=\"table en plastique avec chaises pouvant accueillir 8 enfants blog wesco\" class=\"wp-image-130720\" srcset=\"https:\/\/leblog.wesco.fr\/fr\/wp-content\/uploads\/2024\/09\/71186_c037_241115_pd.jpg 800w, https:\/\/leblog.wesco.fr\/fr\/wp-content\/uploads\/2024\/09\/71186_c037_241115_pd-300x225.jpg 300w, https:\/\/leblog.wesco.fr\/fr\/wp-content\/uploads\/2024\/09\/71186_c037_241115_pd-768x576.jpg 768w\" sizes=\"auto, (max-width: 800px) 100vw, 800px\" \/><\/figure>\n\n\n\n<figure class=\"wp-block-image size-full\"><img loading=\"lazy\" decoding=\"async\" width=\"800\" height=\"600\" src=\"https:\/\/leblog.wesco.fr\/fr\/wp-content\/uploads\/2024\/09\/45326_241120_1.jpg\" alt=\"photo d'ambiance avec 2 enfants table d'activit\u00e9s et chaises louisa blog wesco\" class=\"wp-image-130719\" srcset=\"https:\/\/leblog.wesco.fr\/fr\/wp-content\/uploads\/2024\/09\/45326_241120_1.jpg 800w, https:\/\/leblog.wesco.fr\/fr\/wp-content\/uploads\/2024\/09\/45326_241120_1-300x225.jpg 300w, https:\/\/leblog.wesco.fr\/fr\/wp-content\/uploads\/2024\/09\/45326_241120_1-768x576.jpg 768w\" sizes=\"auto, (max-width: 800px) 100vw, 800px\" \/><\/figure>\n<\/div>\n\n\n\n<div class=\"wp-block-column is-layout-flow wp-block-column-is-layout-flow\">\n<h4 class=\"wp-block-heading\">MAXI LOT TABLE D&#8217;ACTIVIT\u00c9S + 8 CHAISES Louisa Taille moyenne<\/h4>\n\n\n\n<p>La gamme Louisa (table et chaises) s\u2019utilise \u00e0 l\u2019int\u00e9rieur comme \u00e0 l\u2019ext\u00e9rieur. Ultra-l\u00e9g\u00e8res, les chaises Louisa sont facilement manipulables par les enfants. Le bac au centre de la table est amovible et peut accueillir diff\u00e9rentes activit\u00e9s (blocs de construction par exemple). Table et chaises Louisa disponibles 3 tailles permettant de regrouper jusqu\u2019\u00e0 8 enfants autour d\u2019une activit\u00e9.<br>Le d\u00e9tail en +&nbsp;: Les chaises sont empilables et se rangent facilement afin d\u2019optimiser l\u2019espace. Surface enti\u00e8rement lavable \u00e0 l\u2019eau.<br>Age&nbsp;: + 18 mois<br>Fabriqu\u00e9 en&nbsp;: France<br>Garantie&nbsp;: 3 ans<\/p>\n\n\n\n<div class=\"wp-block-buttons is-layout-flex wp-block-buttons-is-layout-flex\">\n<div class=\"wp-block-button\"><a class=\"wp-block-button__link wp-element-button\" href=\"https:\/\/www.wesco.fr\/of71185-maxi-lot-table-d-activites-8-chaises-louisa-taille-moyenne.html\" target=\"_blank\" rel=\"noreferrer noopener\">Voir la table d&#8217;activit\u00e9s louisa<\/a><\/div>\n<\/div>\n<\/div>\n<\/div>\n\n\n\n<hr class=\"wp-block-separator has-alpha-channel-opacity\"\/>\n\n\n\n<div class=\"wp-block-columns is-layout-flex wp-container-core-columns-is-layout-9d6595d7 wp-block-columns-is-layout-flex\">\n<div class=\"wp-block-column is-layout-flow wp-block-column-is-layout-flow\">\n<figure class=\"wp-block-image size-full\"><img loading=\"lazy\" decoding=\"async\" width=\"800\" height=\"600\" src=\"https:\/\/leblog.wesco.fr\/fr\/wp-content\/uploads\/2024\/07\/66161_c016_221027_pd.jpg\" alt=\"TABLE D'ACTIVIT\u00c9S \u00c0 EAU ET \u00c0 SABLE \u00c9l\u00e9ments Avec accessoires jeux de sable et d'eau blog wesco\" class=\"wp-image-129779\" srcset=\"https:\/\/leblog.wesco.fr\/fr\/wp-content\/uploads\/2024\/07\/66161_c016_221027_pd.jpg 800w, https:\/\/leblog.wesco.fr\/fr\/wp-content\/uploads\/2024\/07\/66161_c016_221027_pd-300x225.jpg 300w, https:\/\/leblog.wesco.fr\/fr\/wp-content\/uploads\/2024\/07\/66161_c016_221027_pd-768x576.jpg 768w\" sizes=\"auto, (max-width: 800px) 100vw, 800px\" \/><\/figure>\n<\/div>\n\n\n\n<div class=\"wp-block-column is-layout-flow wp-block-column-is-layout-flow\">\n<h4 class=\"wp-block-heading\">TABLE D&#8217;ACTIVIT\u00c9S \u00c0 EAU ET \u00c0 SABLE \u00c9l\u00e9ments Avec accessoires<\/h4>\n\n\n\n<p>Cette table d\u2019activit\u00e9s en bois massif de la <a href=\"https:\/\/www.wesco.fr\/nos-gammes\/elements.html\" target=\"_blank\" rel=\"noreferrer noopener\">gamme \u00c9l\u00e9ments<\/a> est de haute qualit\u00e9 et comprend une \u00e9tag\u00e8re ainsi que deux bacs \u00e0 eau et \u00e0 sable. L\u2019espace central permettant de faire glisser des bateaux d&#8217;une zone \u00e0 l&#8217;autre. Une table d\u2019activit\u00e9s parfaitement adapt\u00e9e pour la cr\u00e8che et l\u2019\u00e9cole dehors.<br>Le d\u00e9tail en +&nbsp;: Bacs avec bouchons de vidange et deux zones de fixation pour le tuyau d&#8217;arrosage.<br>Age&nbsp;: + 18 mois<br>Fabriqu\u00e9 en&nbsp;: France<br>Garantie&nbsp;: 5 ans (sauf accessoires et pi\u00e8ces)<\/p>\n\n\n\n<div class=\"wp-block-buttons is-layout-flex wp-block-buttons-is-layout-flex\">\n<div class=\"wp-block-button\"><a class=\"wp-block-button__link wp-element-button\" href=\"https:\/\/www.wesco.fr\/66161016-table-d-activites-a-eau-et-a-sable-elements-avec-accessoires-wesco.html?queryID=4c1fe35bc297a9252ab6644eecb2bc16&amp;objectID=46373&amp;indexName=PRODUCTION_wesco_fr_products\" target=\"_blank\" rel=\"noreferrer noopener\">voir la table d&#8217;activit\u00e9s \u00e9l\u00e9ments<\/a><\/div>\n<\/div>\n<\/div>\n<\/div>\n\n\n\n<hr class=\"wp-block-separator has-alpha-channel-opacity\"\/>\n\n\n\n<div class=\"wp-block-columns is-layout-flex wp-container-core-columns-is-layout-9d6595d7 wp-block-columns-is-layout-flex\">\n<div class=\"wp-block-column is-layout-flow wp-block-column-is-layout-flow\">\n<figure class=\"wp-block-image size-full\"><img loading=\"lazy\" decoding=\"async\" width=\"800\" height=\"600\" src=\"https:\/\/leblog.wesco.fr\/fr\/wp-content\/uploads\/2024\/07\/68177_c016_230920_p.jpg\" alt=\"table d'exploration pour activit\u00e9s sensorielles en ext\u00e9rieur gamme \u00e9l\u00e9ments blog wesco\" class=\"wp-image-129781\" srcset=\"https:\/\/leblog.wesco.fr\/fr\/wp-content\/uploads\/2024\/07\/68177_c016_230920_p.jpg 800w, https:\/\/leblog.wesco.fr\/fr\/wp-content\/uploads\/2024\/07\/68177_c016_230920_p-300x225.jpg 300w, https:\/\/leblog.wesco.fr\/fr\/wp-content\/uploads\/2024\/07\/68177_c016_230920_p-768x576.jpg 768w\" sizes=\"auto, (max-width: 800px) 100vw, 800px\" \/><\/figure>\n<\/div>\n\n\n\n<div class=\"wp-block-column is-layout-flow wp-block-column-is-layout-flow\">\n<h4 class=\"wp-block-heading\">TABLE D&#8217;EXPLORATION + 4 CHAISES \u00c9l\u00e9ments T1-2<\/h4>\n\n\n\n<p>Une table d\u2019activit\u00e9 sp\u00e9cialement con\u00e7ue pour un usage en ext\u00e9rieur. Avec son couvercle, elle offre une surface plane id\u00e9ale pour dessiner. Le couvercle mobile peut se glisser sous la table pour devenir une \u00e9tag\u00e8re et r\u00e9v\u00e9ler deux bacs d\u2019observation et de manipulation.<br>Le d\u00e9tail en +&nbsp;: Plusieurs configurations possibles sur notre site (table vendue seule, avec 4 chaises ou avec 2 bancs).<br>Age&nbsp;: + 18 mois<br>Fabriqu\u00e9 en&nbsp;: France<br>Garantie&nbsp;: 5 ans (sauf accessoires)<\/p>\n\n\n\n<div class=\"wp-block-buttons is-layout-flex wp-block-buttons-is-layout-flex\">\n<div class=\"wp-block-button\"><a class=\"wp-block-button__link wp-element-button\" href=\"https:\/\/www.wesco.fr\/68177016-table-d-exploration-4-chaises-elements-t1-2-wesco.html\" target=\"_blank\" rel=\"noreferrer noopener\">voir la table d&#8217;ext\u00e9rieur multi-activit\u00e9s<\/a><\/div>\n<\/div>\n<\/div>\n<\/div>\n\n\n\n<hr class=\"wp-block-separator has-alpha-channel-opacity\"\/>\n\n\n\n<div class=\"wp-block-columns is-layout-flex wp-container-core-columns-is-layout-9d6595d7 wp-block-columns-is-layout-flex\">\n<div class=\"wp-block-column is-layout-flow wp-block-column-is-layout-flow\">\n<figure class=\"wp-block-image size-full\"><img loading=\"lazy\" decoding=\"async\" width=\"800\" height=\"600\" src=\"https:\/\/leblog.wesco.fr\/fr\/wp-content\/uploads\/2024\/07\/68163_c016_230921_pd.jpg\" alt=\"\u00c9TABLI \u00c9l\u00e9ments Avec outils r\u00e9els blog wesco\" class=\"wp-image-129784\" srcset=\"https:\/\/leblog.wesco.fr\/fr\/wp-content\/uploads\/2024\/07\/68163_c016_230921_pd.jpg 800w, https:\/\/leblog.wesco.fr\/fr\/wp-content\/uploads\/2024\/07\/68163_c016_230921_pd-300x225.jpg 300w, https:\/\/leblog.wesco.fr\/fr\/wp-content\/uploads\/2024\/07\/68163_c016_230921_pd-768x576.jpg 768w\" sizes=\"auto, (max-width: 800px) 100vw, 800px\" \/><\/figure>\n<\/div>\n\n\n\n<div class=\"wp-block-column is-layout-flow wp-block-column-is-layout-flow\">\n<h4 class=\"wp-block-heading\">\u00c9TABLI \u00c9l\u00e9ments Avec outils r\u00e9els<\/h4>\n\n\n\n<p>Un \u00e9tabli avec de vrais outils adapt\u00e9s aux enfants pour bricoler comme les grands&nbsp;! Cet \u00e9tabli pour enfants en bois massif de haute qualit\u00e9 dispose d\u2019un \u00e9tau, de plusieurs bacs de rangement et d&#8217;une \u00e9tag\u00e8re en partie basse pour entreposer diff\u00e9rents mat\u00e9riaux.<br>Le d\u00e9tail en +&nbsp;: hauteur adapt\u00e9e pour les enfants plus grands<br>Age&nbsp;: + 6 ans<br>Fabriqu\u00e9 en&nbsp;: France<br>Garantie&nbsp;: 5 ans (sauf accessoires)<\/p>\n\n\n\n<div class=\"wp-block-buttons is-layout-flex wp-block-buttons-is-layout-flex\">\n<div class=\"wp-block-button\"><a class=\"wp-block-button__link wp-element-button\" href=\"https:\/\/www.wesco.fr\/68163016-etabli-elements-avec-outils-reels-wesco.html?queryID=c05cc58eb683ec379405c9bca91307f4&amp;objectID=57315&amp;indexName=PRODUCTION_wesco_fr_products\">voir l&#8217;\u00e9tabli pour enfant<\/a><\/div>\n<\/div>\n<\/div>\n<\/div>\n\n\n\n<hr class=\"wp-block-separator has-alpha-channel-opacity\"\/>\n\n\n\n<div class=\"wp-block-columns is-layout-flex wp-container-core-columns-is-layout-9d6595d7 wp-block-columns-is-layout-flex\">\n<div class=\"wp-block-column is-layout-flow wp-block-column-is-layout-flow\">\n<figure class=\"wp-block-image size-full\"><img loading=\"lazy\" decoding=\"async\" width=\"800\" height=\"600\" src=\"https:\/\/leblog.wesco.fr\/fr\/wp-content\/uploads\/2024\/09\/KIT-4-PETITES-TABLES-DACTIVITES-EAU-ET-SABLE.jpg\" alt=\"kit de 4 tables eau et sable wesco blog wesco\" class=\"wp-image-132229\" srcset=\"https:\/\/leblog.wesco.fr\/fr\/wp-content\/uploads\/2024\/09\/KIT-4-PETITES-TABLES-DACTIVITES-EAU-ET-SABLE.jpg 800w, https:\/\/leblog.wesco.fr\/fr\/wp-content\/uploads\/2024\/09\/KIT-4-PETITES-TABLES-DACTIVITES-EAU-ET-SABLE-300x225.jpg 300w, https:\/\/leblog.wesco.fr\/fr\/wp-content\/uploads\/2024\/09\/KIT-4-PETITES-TABLES-DACTIVITES-EAU-ET-SABLE-768x576.jpg 768w, https:\/\/leblog.wesco.fr\/fr\/wp-content\/uploads\/2024\/09\/KIT-4-PETITES-TABLES-DACTIVITES-EAU-ET-SABLE-16x12.jpg 16w\" sizes=\"auto, (max-width: 800px) 100vw, 800px\" \/><\/figure>\n<\/div>\n\n\n\n<div class=\"wp-block-column is-layout-flow wp-block-column-is-layout-flow\">\n<h4 class=\"wp-block-heading\">KIT 4 petites tables<\/h4>\n\n\n\n<p>Disponibles \u00e0 l&#8217;unit\u00e9 ou en kit, ces tables sont r\u00e9alis\u00e9es en poly\u00e9thyl\u00e8ne tr\u00e8s \u00e9pais qui assure une haute r\u00e9sistance aux activit\u00e9s et \u00e0 un usage en ext\u00e9rieur. Ces tables sont particuli\u00e8rement adapt\u00e9es pour les jeux de sable et d&#8217;eau. Vous pouvez juxtaposer <a href=\"https:\/\/www.wesco.fr\/gp70154202-petite-table-d-activites-eau-et-sable-avec-pieds-wesco.html?utm_source=catalogue&amp;utm_medium=wesco&amp;utm_campaign=general2026\" target=\"_blank\" rel=\"noreferrer noopener\">petit <\/a>et <a href=\"https:\/\/www.wesco.fr\/gp70154204-grande-table-d-activites-eau-et-sable-avec-pieds-wesco.html?utm_source=catalogue&amp;utm_medium=wesco&amp;utm_campaign=general2026\" target=\"_blank\" rel=\"noreferrer noopener\">grand mod\u00e8le<\/a> et cr\u00e9er ainsi un espace d&#8217;activit\u00e9s pour un grand nombre d&#8217;enfants. Pratique, le bouchon de vidange permet de nettoyer facilement la table. <br>Le d\u00e9tail en +\u00a0: Possibilit\u00e9 \u00e9galement de les accessoiriser avec un couvercle (petit et grand format). Enfin, il existe un petit <a href=\"https:\/\/www.wesco.fr\/of73104-petite-table-d-activites-eau-et-sable-avec-pieds-a-roulettes-wesco.html?utm_source=catalogue&amp;utm_medium=wesco&amp;utm_campaign=general2026\" target=\"_blank\" rel=\"noreferrer noopener\">mod\u00e8le avec roulettes<\/a> pour faciliter le d\u00e9placement de l&#8217;int\u00e9rieur \u00e0 l&#8217;ext\u00e9rieur.<br>Age\u00a0: + 2 ans<br>Fabriqu\u00e9 en\u00a0: France<br>Garantie\u00a0: 3 ans<\/p>\n\n\n\n<div class=\"wp-block-buttons is-layout-flex wp-block-buttons-is-layout-flex\">\n<div class=\"wp-block-button\"><a class=\"wp-block-button__link wp-element-button\" href=\"https:\/\/www.wesco.fr\/of73118-kit-4-petites-tables-d-activites-eau-et-sable-wesco.html?queryID=bdfb4f4b61c21f57fd1ce795fbd37e2b&amp;objectID=69723&amp;indexName=PRODUCTION_wesco_fr_products\" target=\"_blank\" rel=\"noreferrer noopener\">voir le kit de tables<\/a><\/div>\n<\/div>\n<\/div>\n<\/div>\n\n\n\n<h5 class=\"wp-block-heading\">En bref<\/h5>\n\n\n\n<p>La table d\u2019activit\u00e9 (tout comme la table d\u2019activit\u00e9 sensorielle) est un meuble polyvalent qui soutient de nombreux aspects du d\u00e9veloppement de l\u2019enfant tout en offrant un espace de jeu engageant et amusant. Utilis\u00e9e \u00e0 l\u2019int\u00e9rieur ou \u00e0 l\u2019ext\u00e9rieur, la table d\u2019activit\u00e9 deviendra rapidement l\u2019endroit pr\u00e9f\u00e9r\u00e9 des enfants&nbsp;!<\/p>\n\n\n\n<h5 class=\"wp-block-heading\">Notre s\u00e9lection<\/h5>\n\n\n\n<div class=\"wp-block-carousel-slider-slider\"><div class=\"carousel-slider-outer carousel-slider-outer-image-carousel carousel-slider-outer-129788\" style=\"--carousel-slider-nav-color:#f1f1f1;--carousel-slider-active-nav-color:rgb(0,0,0);--carousel-slider-arrow-size:48px;--carousel-slider-bullet-size:10px\">\n<div id=\"&#039;id-129788\" class=\"carousel-slider carousel-slider-129788 arrows-visibility-hover dots-visibility-never arrows-outside dots-center dots-circle owl-carousel\" data-slide-type=\"image-carousel\" data-owl-settings='{\"nav\":true,\"dots\":false,\"slideBy\":1,\"stagePadding\":0,\"margin\":10,\"loop\":false,\"lazyLoad\":false,\"autoplay\":true,\"autoplayTimeout\":5000,\"autoplaySpeed\":500,\"autoplayHoverPause\":true,\"autoWidth\":false,\"responsive\":{\"300\":{\"items\":1},\"576\":{\"items\":2},\"768\":{\"items\":2},\"1024\":{\"items\":3},\"1280\":{\"items\":4},\"1536\":{\"items\":5}}}'>\n<div class=\"carousel-slider__item\">\n\t<a href=\"https:\/\/www.wesco.fr\/of58457-table-d-activites-mobile-babi-up-avec-4-bacs-wesco.html?queryID=bfd42bc8289b316361b1affebbf22110&#038;objectID=23674&#038;indexName=PRODUCTION_wesco_fr_products\" target=\"_blank\"><img loading=\"lazy\" decoding=\"async\" width=\"800\" height=\"600\" src=\"https:\/\/leblog.wesco.fr\/fr\/wp-content\/uploads\/2024\/07\/58457_c001_191021_pd_p.jpg\" class=\"attachment-large size-large\" alt=\"TABLE D&#039;ACTIVIT\u00c9S MOBILE Babi Up avec 4 bacs blog wesco\" srcset=\"https:\/\/leblog.wesco.fr\/fr\/wp-content\/uploads\/2024\/07\/58457_c001_191021_pd_p.jpg 800w, https:\/\/leblog.wesco.fr\/fr\/wp-content\/uploads\/2024\/07\/58457_c001_191021_pd_p-300x225.jpg 300w, https:\/\/leblog.wesco.fr\/fr\/wp-content\/uploads\/2024\/07\/58457_c001_191021_pd_p-768x576.jpg 768w\" sizes=\"auto, (max-width: 800px) 100vw, 800px\" \/><div class=\"carousel-slider__caption\"><h4 class=\"title\">TABLE D&#039;ACTIVIT\u00c9S MOBILE Babi Up avec 4 bacs<\/h4><\/div><\/a><\/div>\n\n<div class=\"carousel-slider__item\">\n\t<a href=\"https:\/\/www.wesco.fr\/64970001-table-d-exploration-sensorielle-pieds-bois-wesco.html?queryID=fd777e67f3dcb0298a7121ecc88e0725&#038;objectID=47645&#038;indexName=PRODUCTION_wesco_fr_products\" target=\"_blank\"><img loading=\"lazy\" decoding=\"async\" width=\"800\" height=\"600\" src=\"https:\/\/leblog.wesco.fr\/fr\/wp-content\/uploads\/2024\/07\/64970_c001_221115_pd.jpg\" class=\"attachment-large size-large\" alt=\"TABLE D&#039;EXPLORATION SENSORIELLE Pieds bois blog wesco\" srcset=\"https:\/\/leblog.wesco.fr\/fr\/wp-content\/uploads\/2024\/07\/64970_c001_221115_pd.jpg 800w, https:\/\/leblog.wesco.fr\/fr\/wp-content\/uploads\/2024\/07\/64970_c001_221115_pd-300x225.jpg 300w, https:\/\/leblog.wesco.fr\/fr\/wp-content\/uploads\/2024\/07\/64970_c001_221115_pd-768x576.jpg 768w\" sizes=\"auto, (max-width: 800px) 100vw, 800px\" \/><div class=\"carousel-slider__caption\"><h4 class=\"title\">TABLE D&#039;EXPLORATION SENSORIELLE Pieds bois<\/h4><\/div><\/a><\/div>\n\n<div class=\"carousel-slider__item\">\n\t<a href=\"https:\/\/www.wesco.fr\/65008001-table-d-exploration-sensorielle-pieds-metal-wesco.html?queryID=220375d9dae2e53fa71b160319fccb2c&#038;objectID=47646&#038;indexName=PRODUCTION_wesco_fr_products\" target=\"_blank\"><img loading=\"lazy\" decoding=\"async\" width=\"800\" height=\"600\" src=\"https:\/\/leblog.wesco.fr\/fr\/wp-content\/uploads\/2024\/07\/65008_c171_221115_pd.jpg\" class=\"attachment-large size-large\" alt=\"TABLE D&#039;EXPLORATION SENSORIELLE Pieds m\u00e9tal blog wesco\" srcset=\"https:\/\/leblog.wesco.fr\/fr\/wp-content\/uploads\/2024\/07\/65008_c171_221115_pd.jpg 800w, https:\/\/leblog.wesco.fr\/fr\/wp-content\/uploads\/2024\/07\/65008_c171_221115_pd-300x225.jpg 300w, https:\/\/leblog.wesco.fr\/fr\/wp-content\/uploads\/2024\/07\/65008_c171_221115_pd-768x576.jpg 768w\" sizes=\"auto, (max-width: 800px) 100vw, 800px\" \/><div class=\"carousel-slider__caption\"><h4 class=\"title\">TABLE D&#039;EXPLORATION SENSORIELLE Pieds m\u00e9tal<\/h4><\/div><\/a><\/div>\n\n<div class=\"carousel-slider__item\">\n\t<a href=\"https:\/\/www.wesco.fr\/64557016-table-multi-activites-creativ-special-sensoriel-2-bancs-wesco.html?queryID=7f49211e39fa5e8a0123aa81eb52c7d8&#038;objectID=36437&#038;indexName=PRODUCTION_wesco_fr_products\" target=\"_blank\"><img loading=\"lazy\" decoding=\"async\" width=\"800\" height=\"600\" src=\"https:\/\/leblog.wesco.fr\/fr\/wp-content\/uploads\/2024\/07\/64557_c016_211220_pd.jpg\" class=\"attachment-large size-large\" alt=\"TABLE MULTI-ACTIVIT\u00c9S Creativ Sp\u00e9cial sensoriel + 2 bancs blog Wesco\" srcset=\"https:\/\/leblog.wesco.fr\/fr\/wp-content\/uploads\/2024\/07\/64557_c016_211220_pd.jpg 800w, https:\/\/leblog.wesco.fr\/fr\/wp-content\/uploads\/2024\/07\/64557_c016_211220_pd-300x225.jpg 300w, https:\/\/leblog.wesco.fr\/fr\/wp-content\/uploads\/2024\/07\/64557_c016_211220_pd-768x576.jpg 768w\" sizes=\"auto, (max-width: 800px) 100vw, 800px\" \/><div class=\"carousel-slider__caption\"><h4 class=\"title\">TABLE MULTI-ACTIVIT\u00c9S Creativ Sp\u00e9cial sensoriel + 2 bancs<\/h4><\/div><\/a><\/div>\n\n<div class=\"carousel-slider__item\">\n\t<a href=\"https:\/\/www.wesco.fr\/70985020-kit-table-lumineuse-avec-plateau-et-cercle-de-tri-wesco.html?indexName=PRODUCTION_wesco_fr_products&#038;objectID=33630&#038;queryID=be2c4f48005f5cbf493ce7c0e74ae69a\" target=\"_blank\"><img loading=\"lazy\" decoding=\"async\" width=\"800\" height=\"600\" src=\"https:\/\/leblog.wesco.fr\/fr\/wp-content\/uploads\/2024\/09\/KIT-TABLE-LUMINEUSE-Avec-plateau-et-cercle-de-tri.jpg\" class=\"attachment-large size-large\" alt=\"table sensorielle lumineuse blog wesco\" srcset=\"https:\/\/leblog.wesco.fr\/fr\/wp-content\/uploads\/2024\/09\/KIT-TABLE-LUMINEUSE-Avec-plateau-et-cercle-de-tri.jpg 800w, https:\/\/leblog.wesco.fr\/fr\/wp-content\/uploads\/2024\/09\/KIT-TABLE-LUMINEUSE-Avec-plateau-et-cercle-de-tri-300x225.jpg 300w, https:\/\/leblog.wesco.fr\/fr\/wp-content\/uploads\/2024\/09\/KIT-TABLE-LUMINEUSE-Avec-plateau-et-cercle-de-tri-768x576.jpg 768w, https:\/\/leblog.wesco.fr\/fr\/wp-content\/uploads\/2024\/09\/KIT-TABLE-LUMINEUSE-Avec-plateau-et-cercle-de-tri-16x12.jpg 16w\" sizes=\"auto, (max-width: 800px) 100vw, 800px\" \/><div class=\"carousel-slider__caption\"><h4 class=\"title\">KIT TABLE LUMINEUSE Avec plateau et cercle de tri<\/h4><\/div><\/a><\/div>\n\n<div class=\"carousel-slider__item\">\n\t<a href=\"https:\/\/www.wesco.fr\/57414171-table-ronde-lumineuse.html\" target=\"_blank\"><img loading=\"lazy\" decoding=\"async\" width=\"800\" height=\"600\" src=\"https:\/\/leblog.wesco.fr\/fr\/wp-content\/uploads\/2024\/07\/57414_290819_pd.jpg\" class=\"attachment-large size-large\" alt=\"table ronde lumineuse pour activit\u00e9s sensorielles avec enfants blog wesco\" srcset=\"https:\/\/leblog.wesco.fr\/fr\/wp-content\/uploads\/2024\/07\/57414_290819_pd.jpg 800w, https:\/\/leblog.wesco.fr\/fr\/wp-content\/uploads\/2024\/07\/57414_290819_pd-300x225.jpg 300w, https:\/\/leblog.wesco.fr\/fr\/wp-content\/uploads\/2024\/07\/57414_290819_pd-768x576.jpg 768w\" sizes=\"auto, (max-width: 800px) 100vw, 800px\" \/><div class=\"carousel-slider__caption\"><h4 class=\"title\">TABLE RONDE LUMINEUSE<\/h4><\/div><\/a><\/div>\n\n<div class=\"carousel-slider__item\">\n\t<a href=\"https:\/\/www.wesco.fr\/of71185-maxi-lot-table-d-activites-8-chaises-louisa-taille-moyenne.html\" target=\"_blank\"><img loading=\"lazy\" decoding=\"async\" width=\"800\" height=\"600\" src=\"https:\/\/leblog.wesco.fr\/fr\/wp-content\/uploads\/2024\/09\/71186_c037_241115_pd.jpg\" class=\"attachment-large size-large\" alt=\"table en plastique avec chaises pouvant accueillir 8 enfants blog wesco\" srcset=\"https:\/\/leblog.wesco.fr\/fr\/wp-content\/uploads\/2024\/09\/71186_c037_241115_pd.jpg 800w, https:\/\/leblog.wesco.fr\/fr\/wp-content\/uploads\/2024\/09\/71186_c037_241115_pd-300x225.jpg 300w, https:\/\/leblog.wesco.fr\/fr\/wp-content\/uploads\/2024\/09\/71186_c037_241115_pd-768x576.jpg 768w\" sizes=\"auto, (max-width: 800px) 100vw, 800px\" \/><div class=\"carousel-slider__caption\"><h4 class=\"title\">MAXI LOT TABLE D&#039;ACTIVIT\u00c9S + 8 CHAISES Louisa Taille moyenne<\/h4><\/div><\/a><\/div>\n\n<div class=\"carousel-slider__item\">\n\t<a href=\"https:\/\/www.wesco.fr\/66161016-table-d-activites-a-eau-et-a-sable-elements-avec-accessoires-wesco.html?queryID=4c1fe35bc297a9252ab6644eecb2bc16&#038;objectID=46373&#038;indexName=PRODUCTION_wesco_fr_products\" target=\"_blank\"><img loading=\"lazy\" decoding=\"async\" width=\"800\" height=\"600\" src=\"https:\/\/leblog.wesco.fr\/fr\/wp-content\/uploads\/2024\/07\/66161_c016_221027_pd.jpg\" class=\"attachment-large size-large\" alt=\"TABLE D&#039;ACTIVIT\u00c9S \u00c0 EAU ET \u00c0 SABLE \u00c9l\u00e9ments Avec accessoires jeux de sable et d&#039;eau blog wesco\" srcset=\"https:\/\/leblog.wesco.fr\/fr\/wp-content\/uploads\/2024\/07\/66161_c016_221027_pd.jpg 800w, https:\/\/leblog.wesco.fr\/fr\/wp-content\/uploads\/2024\/07\/66161_c016_221027_pd-300x225.jpg 300w, https:\/\/leblog.wesco.fr\/fr\/wp-content\/uploads\/2024\/07\/66161_c016_221027_pd-768x576.jpg 768w\" sizes=\"auto, (max-width: 800px) 100vw, 800px\" \/><div class=\"carousel-slider__caption\"><h4 class=\"title\">TABLE D&#039;ACTIVIT\u00c9S \u00c0 EAU ET \u00c0 SABLE \u00c9l\u00e9ments Avec accessoires<\/h4><\/div><\/a><\/div>\n\n<div class=\"carousel-slider__item\">\n\t<a href=\"https:\/\/www.wesco.fr\/68177016-table-d-exploration-4-chaises-elements-t1-2-wesco.html\" target=\"_blank\"><img loading=\"lazy\" decoding=\"async\" width=\"800\" height=\"600\" src=\"https:\/\/leblog.wesco.fr\/fr\/wp-content\/uploads\/2024\/07\/68177_c016_230920_p.jpg\" class=\"attachment-large size-large\" alt=\"table d&#039;exploration pour activit\u00e9s sensorielles en ext\u00e9rieur gamme \u00e9l\u00e9ments blog wesco\" srcset=\"https:\/\/leblog.wesco.fr\/fr\/wp-content\/uploads\/2024\/07\/68177_c016_230920_p.jpg 800w, https:\/\/leblog.wesco.fr\/fr\/wp-content\/uploads\/2024\/07\/68177_c016_230920_p-300x225.jpg 300w, https:\/\/leblog.wesco.fr\/fr\/wp-content\/uploads\/2024\/07\/68177_c016_230920_p-768x576.jpg 768w\" sizes=\"auto, (max-width: 800px) 100vw, 800px\" \/><div class=\"carousel-slider__caption\"><h4 class=\"title\">TABLE D&#039;EXPLORATION + 4 CHAISES \u00c9lements T1-2<\/h4><\/div><\/a><\/div>\n\n<div class=\"carousel-slider__item\">\n\t<a href=\"https:\/\/www.wesco.fr\/68163016-etabli-elements-avec-outils-reels-wesco.html?queryID=c05cc58eb683ec379405c9bca91307f4&#038;objectID=57315&#038;indexName=PRODUCTION_wesco_fr_products\" target=\"_blank\"><img loading=\"lazy\" decoding=\"async\" width=\"800\" height=\"600\" src=\"https:\/\/leblog.wesco.fr\/fr\/wp-content\/uploads\/2024\/07\/68163_c016_230921_pd.jpg\" class=\"attachment-large size-large\" alt=\"\u00c9TABLI \u00c9l\u00e9ments Avec outils r\u00e9els blog wesco\" srcset=\"https:\/\/leblog.wesco.fr\/fr\/wp-content\/uploads\/2024\/07\/68163_c016_230921_pd.jpg 800w, https:\/\/leblog.wesco.fr\/fr\/wp-content\/uploads\/2024\/07\/68163_c016_230921_pd-300x225.jpg 300w, https:\/\/leblog.wesco.fr\/fr\/wp-content\/uploads\/2024\/07\/68163_c016_230921_pd-768x576.jpg 768w\" sizes=\"auto, (max-width: 800px) 100vw, 800px\" \/><div class=\"carousel-slider__caption\"><h4 class=\"title\">\u00c9TABLI \u00c9l\u00e9ments Avec outils r\u00e9els<\/h4><\/div><\/a><\/div>\n\n<div class=\"carousel-slider__item\">\n\t<a href=\"https:\/\/www.wesco.fr\/of73118-kit-4-petites-tables-d-activites-eau-et-sable-wesco.html?queryID=bdfb4f4b61c21f57fd1ce795fbd37e2b&#038;objectID=69723&#038;indexName=PRODUCTION_wesco_fr_products\" target=\"_blank\"><img loading=\"lazy\" decoding=\"async\" width=\"800\" height=\"600\" src=\"https:\/\/leblog.wesco.fr\/fr\/wp-content\/uploads\/2024\/09\/KIT-4-PETITES-TABLES-DACTIVITES-EAU-ET-SABLE.jpg\" class=\"attachment-large size-large\" alt=\"kit de 4 tables eau et sable wesco blog wesco\" srcset=\"https:\/\/leblog.wesco.fr\/fr\/wp-content\/uploads\/2024\/09\/KIT-4-PETITES-TABLES-DACTIVITES-EAU-ET-SABLE.jpg 800w, https:\/\/leblog.wesco.fr\/fr\/wp-content\/uploads\/2024\/09\/KIT-4-PETITES-TABLES-DACTIVITES-EAU-ET-SABLE-300x225.jpg 300w, https:\/\/leblog.wesco.fr\/fr\/wp-content\/uploads\/2024\/09\/KIT-4-PETITES-TABLES-DACTIVITES-EAU-ET-SABLE-768x576.jpg 768w, https:\/\/leblog.wesco.fr\/fr\/wp-content\/uploads\/2024\/09\/KIT-4-PETITES-TABLES-DACTIVITES-EAU-ET-SABLE-16x12.jpg 16w\" sizes=\"auto, (max-width: 800px) 100vw, 800px\" \/><div class=\"carousel-slider__caption\"><h4 class=\"title\">KIT 4 PETITES TABLES D&#039;ACTIVIT\u00c9S EAU ET SABLE<\/h4><\/div><\/a><\/div>\n\n<div class=\"carousel-slider__item\">\n\t<img loading=\"lazy\" decoding=\"async\" width=\"800\" height=\"600\" src=\"https:\/\/leblog.wesco.fr\/fr\/wp-content\/uploads\/2024\/09\/PETITE-TABLE-DACTIVITES-EAU-ET-SABLE-avec-pieds-a-roulettes.jpg\" class=\"attachment-large size-large\" alt=\"\" srcset=\"https:\/\/leblog.wesco.fr\/fr\/wp-content\/uploads\/2024\/09\/PETITE-TABLE-DACTIVITES-EAU-ET-SABLE-avec-pieds-a-roulettes.jpg 800w, https:\/\/leblog.wesco.fr\/fr\/wp-content\/uploads\/2024\/09\/PETITE-TABLE-DACTIVITES-EAU-ET-SABLE-avec-pieds-a-roulettes-300x225.jpg 300w, https:\/\/leblog.wesco.fr\/fr\/wp-content\/uploads\/2024\/09\/PETITE-TABLE-DACTIVITES-EAU-ET-SABLE-avec-pieds-a-roulettes-768x576.jpg 768w, https:\/\/leblog.wesco.fr\/fr\/wp-content\/uploads\/2024\/09\/PETITE-TABLE-DACTIVITES-EAU-ET-SABLE-avec-pieds-a-roulettes-16x12.jpg 16w\" sizes=\"auto, (max-width: 800px) 100vw, 800px\" \/><div class=\"carousel-slider__caption\"><h4 class=\"title\">PETITE TABLE D&#039;ACTIVIT\u00c9S EAU ET SABLE avec pieds \u00e0 roulettes<\/h4><\/div><\/a><\/div>\n\n<\/div><!-- .carousel-slider-129788 -->\n<\/div><!-- .carousel-slider-outer-129788 -->\n<\/div>\n\n\n\n<h5 class=\"wp-block-heading\">Nos articles sur la m\u00eame th\u00e9matique<\/h5>\n\n\n\n<ul class=\"wp-block-list\">\n<li><a href=\"https:\/\/leblog.wesco.fr\/fr\/le-guide-complet-pour-choisir-le-lit-de-bebe-le-blog-wesco\/\">Guide d\u2019achat : quel lit choisir pour B\u00e9b\u00e9 ?<\/a><\/li>\n\n\n\n<li><a href=\"https:\/\/leblog.wesco.fr\/fr\/comment-choisir-la-table-a-langer-ideale-pour-bebe-le-blog-wesco\/\">Guide d\u2019achat : quelle table \u00e0 langer choisir ?<\/a><\/li>\n\n\n\n<li><a href=\"https:\/\/leblog.wesco.fr\/fr\/bavoir-pour-bebe-lequel-choisir\/\">Bavoir pour b\u00e9b\u00e9, lequel choisir ?<\/a><\/li>\n\n\n\n<li><a href=\"https:\/\/leblog.wesco.fr\/fr\/guide-dachat-comment-choisir-des-chaises-decole-adaptees-aux-enfants-en-collectivites\/\">Guide d\u2019achat : comment choisir des chaises d\u2019\u00e9cole adapt\u00e9es aux enfants en collectivit\u00e9<\/a><\/li>\n<\/ul>\n\n\n\n<h5 class=\"wp-block-heading\">Pour aller plus loin<\/h5>\n\n\n\n<ul class=\"wp-block-list\">\n<li>D\u00e9couvrez nos <a href=\"https:\/\/www.wesco.fr\/inclusion-autisme\/inclusion-autisme\/produits-sensoriels\/kits-de-produits-sensoriels.html\" target=\"_blank\" rel=\"noreferrer noopener\">kits sensoriels<\/a> pour compl\u00e9ter votre table d&#8217;activit\u00e9<\/li>\n<\/ul>\n","protected":false},"excerpt":{"rendered":"<p>&nbsp; \u00c0 la cr\u00e8che ou \u00e0 l\u2019\u00e9cole maternelle, la table d\u2019activit\u00e9 accompagne les apprentissages des enfants et encourage l\u2019exploration en toute autonomie. Dans cet article, d\u00e9couvrez les apports p\u00e9dagogiques des tables d\u2019activit\u00e9s pour enfants, les crit\u00e8res de s\u00e9lection pour orienter votre choix ainsi qu\u2019un comparatif complet des diff\u00e9rentes tables d\u2019activit\u00e9s vendues par Wesco. La table d&#8217;activit\u00e9, une table polyvalente pour soutenir les apprentissages des enfants Table d&#8217;activit\u00e9 VS table d&#8217;activit\u00e9 sensorielle, quelles sont les diff\u00e9rences&nbsp;? La table d\u2019activit\u00e9 est un meuble destin\u00e9 aux enfants et dont le but est de les stimuler \u00e0 travers le jeu. Elle se reconna\u00eet gr\u00e2ce \u00e0&nbsp;: La table d&#8217;activit\u00e9 sensorielle est une table d\u2019activit\u00e9 qui se diff\u00e9rencie en particulier par l\u2019apport d\u2019\u00e9l\u00e9ments stimulant les 5 sens&nbsp;: lumi\u00e8res color\u00e9es, sons apaisants, mati\u00e8res naturelles (eau, sable\u2026). Elle se destine plus aux enfants [&hellip;]<\/p>\n","protected":false},"author":12,"featured_media":129749,"comment_status":"open","ping_status":"open","sticky":false,"template":"","format":"standard","meta":{"_lmt_disableupdate":"","_lmt_disable":"","episode_type":"","audio_file":"","podmotor_file_id":"","podmotor_episode_id":"","cover_image":"","cover_image_id":"","duration":"","filesize":"","filesize_raw":"","date_recorded":"","explicit":"","block":"","itunes_episode_number":"","itunes_title":"","itunes_season_number":"","itunes_episode_type":"","footnotes":""},"categories":[63],"tags":[16,18,19,20,25,90,28,31,58,38,93,121,242,47,54,96],"class_list":["post-129731","post","type-post","status-publish","format-standard","has-post-thumbnail","hentry","category-amenagement","tag-0-12-mois","tag-12-36-mois","tag-3-6-ans","tag-6-10-ans","tag-apprentissages-fondamentaux","tag-arts-creativite","tag-autonomie","tag-classe-flexible","tag-espace-multisensoriel","tag-eveil","tag-experimentation-sensorielle","tag-guide-dachat","tag-lieu-daccueil-du-tout-petit","tag-motricite-fine","tag-periodes-sensibles-montessori","tag-tous-dehors"],"yoast_head":"<!-- This site is optimized with the Yoast SEO plugin v27.5 - https:\/\/yoast.com\/product\/yoast-seo-wordpress\/ -->\n<title>Quels crit\u00e8res pour bien choisir sa table d&#039;activit\u00e9 ? - Le Blog Wesco<\/title>\n<meta name=\"description\" content=\"Choisissez la meilleure table d&#039;activit\u00e9 pour enfants : conseils pratiques, crit\u00e8res de s\u00e9lection et recommandations pour stimuler l&#039;\u00e9veil et la cr\u00e9ativit\u00e9.\" \/>\n<meta name=\"robots\" content=\"index, follow, max-snippet:-1, max-image-preview:large, max-video-preview:-1\" \/>\n<link rel=\"canonical\" href=\"https:\/\/leblog.wesco.fr\/fr\/comment-bien-choisir-une-table-dactivite-pour-bebe-et-enfant\/\" \/>\n<meta property=\"og:locale\" content=\"fr_FR\" \/>\n<meta property=\"og:type\" content=\"article\" \/>\n<meta property=\"og:title\" content=\"Quels crit\u00e8res pour bien choisir sa table d&#039;activit\u00e9 ? - Le Blog Wesco\" \/>\n<meta property=\"og:description\" content=\"Choisissez la meilleure table d&#039;activit\u00e9 pour enfants : conseils pratiques, crit\u00e8res de s\u00e9lection et recommandations pour stimuler l&#039;\u00e9veil et la cr\u00e9ativit\u00e9.\" \/>\n<meta property=\"og:url\" content=\"https:\/\/leblog.wesco.fr\/fr\/comment-bien-choisir-une-table-dactivite-pour-bebe-et-enfant\/\" \/>\n<meta property=\"og:site_name\" content=\"Blog Wesco\" \/>\n<meta property=\"article:published_time\" content=\"2024-09-06T07:00:00+00:00\" \/>\n<meta property=\"article:modified_time\" content=\"2026-04-03T13:06:14+00:00\" \/>\n<meta property=\"og:image\" content=\"https:\/\/leblog.wesco.fr\/fr\/wp-content\/uploads\/2024\/07\/guide-achat-tables-activites.jpg\" \/>\n\t<meta property=\"og:image:width\" content=\"1600\" \/>\n\t<meta property=\"og:image:height\" content=\"800\" \/>\n\t<meta property=\"og:image:type\" content=\"image\/jpeg\" \/>\n<meta name=\"author\" content=\"Adeline Glotin\" \/>\n<meta name=\"twitter:card\" content=\"summary_large_image\" \/>\n<meta name=\"twitter:label1\" content=\"\u00c9crit par\" \/>\n\t<meta name=\"twitter:data1\" content=\"Adeline Glotin\" \/>\n\t<meta name=\"twitter:label2\" content=\"Dur\u00e9e de lecture estim\u00e9e\" \/>\n\t<meta name=\"twitter:data2\" content=\"13 minutes\" \/>\n<!-- \/ Yoast SEO plugin. -->","yoast_head_json":{"title":"Quels crit\u00e8res pour bien choisir sa table d'activit\u00e9 ? - Le Blog Wesco","description":"Choisissez la meilleure table d'activit\u00e9 pour enfants : conseils pratiques, crit\u00e8res de s\u00e9lection et recommandations pour stimuler l'\u00e9veil et la cr\u00e9ativit\u00e9.","robots":{"index":"index","follow":"follow","max-snippet":"max-snippet:-1","max-image-preview":"max-image-preview:large","max-video-preview":"max-video-preview:-1"},"canonical":"https:\/\/leblog.wesco.fr\/fr\/comment-bien-choisir-une-table-dactivite-pour-bebe-et-enfant\/","og_locale":"fr_FR","og_type":"article","og_title":"Quels crit\u00e8res pour bien choisir sa table d'activit\u00e9 ? - Le Blog Wesco","og_description":"Choisissez la meilleure table d'activit\u00e9 pour enfants : conseils pratiques, crit\u00e8res de s\u00e9lection et recommandations pour stimuler l'\u00e9veil et la cr\u00e9ativit\u00e9.","og_url":"https:\/\/leblog.wesco.fr\/fr\/comment-bien-choisir-une-table-dactivite-pour-bebe-et-enfant\/","og_site_name":"Blog Wesco","article_published_time":"2024-09-06T07:00:00+00:00","article_modified_time":"2026-04-03T13:06:14+00:00","og_image":[{"width":1600,"height":800,"url":"https:\/\/leblog.wesco.fr\/fr\/wp-content\/uploads\/2024\/07\/guide-achat-tables-activites.jpg","type":"image\/jpeg"}],"author":"Adeline Glotin","twitter_card":"summary_large_image","twitter_misc":{"\u00c9crit par":"Adeline Glotin","Dur\u00e9e de lecture estim\u00e9e":"13 minutes"},"schema":{"@context":"https:\/\/schema.org","@graph":[{"@type":"Article","@id":"https:\/\/leblog.wesco.fr\/fr\/comment-bien-choisir-une-table-dactivite-pour-bebe-et-enfant\/#article","isPartOf":{"@id":"https:\/\/leblog.wesco.fr\/fr\/comment-bien-choisir-une-table-dactivite-pour-bebe-et-enfant\/"},"author":{"name":"Adeline Glotin","@id":"https:\/\/leblog.wesco.fr\/fr\/#\/schema\/person\/5b3ee9a8dc2fd893039f49523cc60222"},"headline":"Comment bien choisir une table d&#8217;activit\u00e9 pour b\u00e9b\u00e9 et enfant ?","datePublished":"2024-09-06T07:00:00+00:00","dateModified":"2026-04-03T13:06:14+00:00","mainEntityOfPage":{"@id":"https:\/\/leblog.wesco.fr\/fr\/comment-bien-choisir-une-table-dactivite-pour-bebe-et-enfant\/"},"wordCount":2155,"commentCount":0,"image":{"@id":"https:\/\/leblog.wesco.fr\/fr\/comment-bien-choisir-une-table-dactivite-pour-bebe-et-enfant\/#primaryimage"},"thumbnailUrl":"https:\/\/leblog.wesco.fr\/fr\/wp-content\/uploads\/2024\/07\/guide-achat-tables-activites.jpg","keywords":["0\/12 mois","12\/36 mois","3\/6 ans","6\/10 ans","Apprentissages fondamentaux","Arts &amp; cr\u00e9ativit\u00e9","Autonomie","Classe flexible","Espace multisensoriel","\u00c9veil","Exp\u00e9rimentation sensorielle","Guide d&#039;achat","Lieu d'accueil du tout-petit","Motricit\u00e9 fine","P\u00e9riodes sensibles Montessori","Tous dehors"],"articleSection":["Am\u00e9nagement"],"inLanguage":"fr-FR","potentialAction":[{"@type":"CommentAction","name":"Comment","target":["https:\/\/leblog.wesco.fr\/fr\/comment-bien-choisir-une-table-dactivite-pour-bebe-et-enfant\/#respond"]}]},{"@type":"WebPage","@id":"https:\/\/leblog.wesco.fr\/fr\/comment-bien-choisir-une-table-dactivite-pour-bebe-et-enfant\/","url":"https:\/\/leblog.wesco.fr\/fr\/comment-bien-choisir-une-table-dactivite-pour-bebe-et-enfant\/","name":"Quels crit\u00e8res pour bien choisir sa table d'activit\u00e9 ? - Le Blog Wesco","isPartOf":{"@id":"https:\/\/leblog.wesco.fr\/fr\/#website"},"primaryImageOfPage":{"@id":"https:\/\/leblog.wesco.fr\/fr\/comment-bien-choisir-une-table-dactivite-pour-bebe-et-enfant\/#primaryimage"},"image":{"@id":"https:\/\/leblog.wesco.fr\/fr\/comment-bien-choisir-une-table-dactivite-pour-bebe-et-enfant\/#primaryimage"},"thumbnailUrl":"https:\/\/leblog.wesco.fr\/fr\/wp-content\/uploads\/2024\/07\/guide-achat-tables-activites.jpg","datePublished":"2024-09-06T07:00:00+00:00","dateModified":"2026-04-03T13:06:14+00:00","author":{"@id":"https:\/\/leblog.wesco.fr\/fr\/#\/schema\/person\/5b3ee9a8dc2fd893039f49523cc60222"},"description":"Choisissez la meilleure table d'activit\u00e9 pour enfants : conseils pratiques, crit\u00e8res de s\u00e9lection et recommandations pour stimuler l'\u00e9veil et la cr\u00e9ativit\u00e9.","breadcrumb":{"@id":"https:\/\/leblog.wesco.fr\/fr\/comment-bien-choisir-une-table-dactivite-pour-bebe-et-enfant\/#breadcrumb"},"inLanguage":"fr-FR","potentialAction":[{"@type":"ReadAction","target":["https:\/\/leblog.wesco.fr\/fr\/comment-bien-choisir-une-table-dactivite-pour-bebe-et-enfant\/"]}]},{"@type":"ImageObject","inLanguage":"fr-FR","@id":"https:\/\/leblog.wesco.fr\/fr\/comment-bien-choisir-une-table-dactivite-pour-bebe-et-enfant\/#primaryimage","url":"https:\/\/leblog.wesco.fr\/fr\/wp-content\/uploads\/2024\/07\/guide-achat-tables-activites.jpg","contentUrl":"https:\/\/leblog.wesco.fr\/fr\/wp-content\/uploads\/2024\/07\/guide-achat-tables-activites.jpg","width":1600,"height":800,"caption":"Deux enfants en train de faire un activit\u00e9 sensorielle autour d'une table d'activit\u00e9 blog wesco"},{"@type":"BreadcrumbList","@id":"https:\/\/leblog.wesco.fr\/fr\/comment-bien-choisir-une-table-dactivite-pour-bebe-et-enfant\/#breadcrumb","itemListElement":[{"@type":"ListItem","position":1,"name":"Accueil","item":"https:\/\/leblog.wesco.fr\/fr\/"},{"@type":"ListItem","position":2,"name":"Am\u00e9nagement","item":"https:\/\/leblog.wesco.fr\/fr\/category\/amenagement\/"},{"@type":"ListItem","position":3,"name":"Comment bien choisir une table d&#8217;activit\u00e9 pour b\u00e9b\u00e9 et enfant ?"}]},{"@type":"WebSite","@id":"https:\/\/leblog.wesco.fr\/fr\/#website","url":"https:\/\/leblog.wesco.fr\/fr\/","name":"Blog Wesco","description":"Le rendez-vous des enfants, des parents et des professionnels","potentialAction":[{"@type":"SearchAction","target":{"@type":"EntryPoint","urlTemplate":"https:\/\/leblog.wesco.fr\/fr\/?s={search_term_string}"},"query-input":{"@type":"PropertyValueSpecification","valueRequired":true,"valueName":"search_term_string"}}],"inLanguage":"fr-FR"},{"@type":"Person","@id":"https:\/\/leblog.wesco.fr\/fr\/#\/schema\/person\/5b3ee9a8dc2fd893039f49523cc60222","name":"Adeline Glotin","url":"https:\/\/leblog.wesco.fr\/fr\/author\/amoriniere\/"}]}},"modified_by":"Adeline Glotin","_links":{"self":[{"href":"https:\/\/leblog.wesco.fr\/fr\/wp-json\/wp\/v2\/posts\/129731","targetHints":{"allow":["GET"]}}],"collection":[{"href":"https:\/\/leblog.wesco.fr\/fr\/wp-json\/wp\/v2\/posts"}],"about":[{"href":"https:\/\/leblog.wesco.fr\/fr\/wp-json\/wp\/v2\/types\/post"}],"author":[{"embeddable":true,"href":"https:\/\/leblog.wesco.fr\/fr\/wp-json\/wp\/v2\/users\/12"}],"replies":[{"embeddable":true,"href":"https:\/\/leblog.wesco.fr\/fr\/wp-json\/wp\/v2\/comments?post=129731"}],"version-history":[{"count":66,"href":"https:\/\/leblog.wesco.fr\/fr\/wp-json\/wp\/v2\/posts\/129731\/revisions"}],"predecessor-version":[{"id":132236,"href":"https:\/\/leblog.wesco.fr\/fr\/wp-json\/wp\/v2\/posts\/129731\/revisions\/132236"}],"wp:featuredmedia":[{"embeddable":true,"href":"https:\/\/leblog.wesco.fr\/fr\/wp-json\/wp\/v2\/media\/129749"}],"wp:attachment":[{"href":"https:\/\/leblog.wesco.fr\/fr\/wp-json\/wp\/v2\/media?parent=129731"}],"wp:term":[{"taxonomy":"category","embeddable":true,"href":"https:\/\/leblog.wesco.fr\/fr\/wp-json\/wp\/v2\/categories?post=129731"},{"taxonomy":"post_tag","embeddable":true,"href":"https:\/\/leblog.wesco.fr\/fr\/wp-json\/wp\/v2\/tags?post=129731"}],"curies":[{"name":"wp","href":"https:\/\/api.w.org\/{rel}","templated":true}]}}