{"id":129317,"date":"2024-05-17T09:54:17","date_gmt":"2024-05-17T07:54:17","guid":{"rendered":"https:\/\/leblog.wesco.fr\/fr\/?p=129317"},"modified":"2025-07-11T13:48:18","modified_gmt":"2025-07-11T11:48:18","slug":"comment-bien-amenager-et-decorer-le-dortoir-en-creche","status":"publish","type":"post","link":"https:\/\/leblog.wesco.fr\/fr\/comment-bien-amenager-et-decorer-le-dortoir-en-creche\/","title":{"rendered":"Comment bien am\u00e9nager et d\u00e9corer le dortoir en cr\u00e8che ?"},"content":{"rendered":"\n<p>Lorsqu\u2019on pense am\u00e9nagement de la cr\u00e8che, on imagine en priorit\u00e9 l\u2019espace d\u2019\u00e9veil ou l\u2019espace repas. Pourtant, il y a un autre espace \u00e0 ne pas n\u00e9gliger car les enfants y passent beaucoup de temps (surtout les premiers mois de vie)&nbsp;: c\u2019est le dortoir. Voici nos conseils d&#8217;am\u00e9nagement et de d\u00e9coration du dortoir en cr\u00e8che pour en faire un cocon rassurant propice au repos des tout-petits.<\/p>\n\n\n\n<h2 class=\"wp-block-heading\">Dortoir en cr\u00e8che&nbsp;: ce qu&#8217;il faut savoir avant de commencer<\/h2>\n\n\n\n<h3 class=\"wp-block-heading\">Que dit la r\u00e8glementation en mati\u00e8re d&#8217;am\u00e9nagement de la cr\u00e8che&nbsp;?<\/h3>\n\n\n\n<p>En France, l\u2019arr\u00eat\u00e9 du 31 ao\u00fbt 2021 paru au Journal Officiel a pour objet de cr\u00e9er un r\u00e9f\u00e9rentiel national relatif aux exigences applicables aux \u00e9tablissements d\u2019<strong>accueil du jeune enfant<\/strong> en mati\u00e8re de locaux, d\u2019am\u00e9nagement et d\u2019affichage. Ainsi, pour les espaces de sommeil les recommandations officielles d\u2019am\u00e9nagement sont&nbsp;:<\/p>\n\n\n\n<ul class=\"wp-block-list\">\n<li>Avoir plusieurs dortoirs pour favoriser le sommeil des enfants&nbsp;;<\/li>\n\n\n\n<li>Dans chaque dortoir, respecter le ratio de 7m\u00b2 pour le premier couchage puis 1m\u00b2 par couchage suppl\u00e9mentaire (en veillant \u00e0 respecter la capacit\u00e9 autoris\u00e9e)&nbsp;; <\/li>\n\n\n\n<li>Si l&#8217;organisation interne de la cr\u00e8che ne pr\u00e9voit pas la pr\u00e9sence permanente d&#8217;un professionnel de la petite enfance pour assurer la surveillance du dortoir, il convient d&#8217;installer des fen\u00eatres avec all\u00e8ges vitr\u00e9es sur les parois (murs ou portes) qui s\u00e9parent le dortoir de l&#8217;espace de vie. <\/li>\n<\/ul>\n\n\n\n<h3 class=\"wp-block-heading\">\u00c0 quels crit\u00e8res doit r\u00e9pondre un dortoir en cr\u00e8che&nbsp;?<\/h3>\n\n\n\n<p>Pour qu&#8217;il remplisse pleinement sa fonction, l&#8217;<strong>am\u00e9nagement du dortoir en cr\u00e8che<\/strong> doit s&#8217;appuyer en priorit\u00e9 sur ces 3 crit\u00e8res&nbsp;: <\/p>\n\n\n\n<ul class=\"wp-block-list\">\n<li>Cr\u00e9er une bulle de bien-\u00eatre propice au calme et \u00e0 la d\u00e9tente o\u00f9 les enfants sont rassur\u00e9s et en confiance&nbsp;;<\/li>\n\n\n\n<li>Apporter du confort (acoustique, qualit\u00e9 de l&#8217;air&#8230;) tant pour les enfants que pour les adultes encadrants&nbsp;;<\/li>\n\n\n\n<li>R\u00e9pondre aux normes de qualit\u00e9 et de s\u00e9curit\u00e9 (<a href=\"https:\/\/certification-ameublement.fcba.fr\/nf-mobilier-creches#certification\" target=\"_blank\" rel=\"noreferrer noopener\">NF Cr\u00e8ches<\/a> notamment).<\/li>\n<\/ul>\n\n\n\n<h3 class=\"wp-block-heading\">O\u00f9 doit se trouver id\u00e9alement le dortoir en cr\u00e8che&nbsp;?<\/h3>\n\n\n\n<p>Lors de l&#8217;\u00e9laboration des <strong>plans d&#8217;une cr\u00e8che<\/strong>, certains \u00e9l\u00e9ments sont \u00e0 prendre en consid\u00e9ration pour positionner id\u00e9alement le dortoir&nbsp;:<\/p>\n\n\n\n<ul class=\"wp-block-list\">\n<li>Cela semble logique mais le dortoir doit se trouver relativement \u00e9loign\u00e9 de la pi\u00e8ce de vie pour limiter les d\u00e9sagr\u00e9ments li\u00e9s au bruit qui viendraient perturber le sommeil des enfants. N\u00e9anmoins il doit rester facilement accessible pour faciliter \u00e0 la fois le travail de surveillance des enfants pendant leur sommeil et l\u2019autonomie des enfants plus grands (se lever seul de la sieste par exemple)&nbsp;;<\/li>\n\n\n\n<li>Pr\u00e9f\u00e9rez un <strong>espace dortoir<\/strong> orient\u00e9 nord-est plut\u00f4t que plein sud&nbsp;; <\/li>\n\n\n\n<li>L&#8217;<strong>a\u00e9ration r\u00e9guli\u00e8re du dortoir<\/strong> est fortement recommand\u00e9e. Tenez compte de l\u2019environnement ext\u00e9rieur au dortoir et des freins qui pourraient emp\u00eacher d\u2019ouvrir r\u00e9guli\u00e8rement les fen\u00eatres pour renouveler l\u2019air int\u00e9rieur (axe routier passager par exemple).<\/li>\n<\/ul>\n\n\n\n<h3 class=\"wp-block-heading\">Combien faut-il d&#8217;espaces dortoirs dans une cr\u00e8che&nbsp;?<\/h3>\n\n\n\n<p>En r\u00e8gle g\u00e9n\u00e9rale, il y a plusieurs dortoirs en cr\u00e8che (pour les petits, les moyens et les plus grands) et leur nombre d\u00e9pend des effectifs. Pour autant, certaines cr\u00e8ches font le choix inverse et d\u00e9cident de mixer les \u00e2ges dans les dortoirs. Cette organisation requiert toutefois la pr\u00e9sence continue d\u2019un <strong>professionnel de la petite enfance<\/strong> pour assurer la surveillance des enfants.<\/p>\n\n\n\n<h3 class=\"wp-block-heading\">Rappel des facteurs de risque et pr\u00e9vention de la mort inattendue du nourrisson <\/h3>\n\n\n\n<p>\u00c0 la cr\u00e8che comme \u00e0 la maison, voici les <a href=\"https:\/\/www.ameli.fr\/assure\/sante\/bons-gestes\/bebe\/coucher-bebe\" target=\"_blank\" rel=\"noreferrer noopener\">recommandations officielles<\/a> pour le couchage de b\u00e9b\u00e9&nbsp;:<\/p>\n\n\n\n<ul class=\"wp-block-list\">\n<li>Coucher b\u00e9b\u00e9 sur le dos exclusivement&nbsp;;<\/li>\n\n\n\n<li>Choisir un lit \u00e0 barreaux (r\u00e9pondant aux normes <a href=\"https:\/\/www.boutique.afnor.org\/fr-fr\/norme\/nf-en-7161-ac\/mobilier-lits-a-nacelle-fixes-et-pliants-a-usage-domestique-pour-enfants-pa\/fa196498\/85851\" target=\"_blank\" rel=\"noreferrer noopener\">NF EN 716-1 et 2<\/a>) et un matelas ferme aux dimensions adapt\u00e9es \u00e0 celles du lit en question&nbsp;;<\/li>\n\n\n\n<li>B\u00e9b\u00e9 doit dormir dans une gigoteuse adapt\u00e9e \u00e0 sa taille et \u00e0 la saison (choisissez la bonne valeur de <a href=\"https:\/\/leblog.wesco.fr\/fr\/comment-habiller-son-bebe-selon-la-saison\/\">TOG<\/a>)&nbsp;; <\/li>\n\n\n\n<li>Pas de superflu dans le lit, jusqu&#8217;\u00e0 l&#8217;\u00e2ge de 2 ans on oublie donc : oreiller, couverture, cal-b\u00e9b\u00e9, tour de lit&#8230; Dans les premiers mois de vie, attention aux attaches sucettes et doudous dans lesquels B\u00e9b\u00e9 pourrait enfouir sa t\u00eate&nbsp;;<\/li>\n\n\n\n<li>Une pi\u00e8ce non surchauff\u00e9e dont la temp\u00e9rature doit \u00eatre comprise entre 18 et 20\u00b0C et o\u00f9 l&#8217;air doit circuler ais\u00e9ment.<\/li>\n<\/ul>\n\n\n\n<h2 class=\"wp-block-heading\">Choisir le bon mobilier et la d\u00e9coration pour am\u00e9nager le dortoir en cr\u00e8che<\/h2>\n\n\n\n<h3 class=\"wp-block-heading\">Le choix du lit et du matelas<\/h3>\n\n\n\n<p>En cr\u00e8che, voici les solutions de couchage qu&#8217;on retrouve habituellement dans l&#8217;am\u00e9nagement des dortoirs&nbsp;:<\/p>\n\n\n\n<h4 class=\"wp-block-heading\">Pour les tout-petits, des lits hauts \u00e0 barreaux<\/h4>\n\n\n\n<p>Les <a href=\"https:\/\/www.wesco.fr\/of39551-lit-sureleve-a-barreaux-wesco.html\" target=\"_blank\" rel=\"noreferrer noopener\">lits sur\u00e9lev\u00e9s \u00e0 barreaux<\/a> sont \u00e0 privil\u00e9gier car d\u2019une part ils sont familiers aux b\u00e9b\u00e9s puisqu\u2019ils ressemblent \u00e0 ceux qu\u2019ils ont chez eux. D\u2019autre part, ils sont appr\u00e9ci\u00e9s des professionnels de la petite enfance gr\u00e2ce \u00e0 leur design ergonomique&nbsp;: lit sur\u00e9lev\u00e9 pour prot\u00e9ger le dos des pros, barri\u00e8re coulissante qui se manipule d\u2019une seule main pour d\u00e9poser d\u00e9licatement B\u00e9b\u00e9 dans son lit, barreaux espac\u00e9s de 5,5 cm conform\u00e9ment \u00e0 la norme pour garantir un couchage en toute s\u00e9curit\u00e9, 2 niveaux de position pour le sommier pour \u00e9voluer avec l\u2019\u00e2ge de l\u2019enfant, roulettes pour les d\u00e9placer facilement\u2026 Pensez-y \u00e9galement, certains lits \u00e0 barreaux ont une structure renforc\u00e9e pour transporter 3 \u00e0 6 enfants simultan\u00e9ment et servir de <a href=\"https:\/\/www.wesco.fr\/67446001-lit-bas-serenite-special-evacuation.html?queryID=e729a0854f4d4010ffbbba002e2b28ee&amp;objectID=58384&amp;indexName=PRODUCTION_wesco_fr_products\" target=\"_blank\" rel=\"noreferrer noopener\">lit d\u2019\u00e9vacuation<\/a> en cas de besoin.<\/p>\n\n\n\n<h4 class=\"wp-block-heading\">Pour les plus grands, des lits bas au sol<\/h4>\n\n\n\n<p>Les couchages au sol sont adapt\u00e9s pour les b\u00e9b\u00e9s autour de 24 mois. Pensez \u00e0 la <a href=\"https:\/\/www.wesco.fr\/nos-gammes\/couchette-wesco.html?product_list_order=position&amp;product_list_limit=100\" target=\"_blank\" rel=\"noreferrer noopener\">couchette Wesco<\/a> ou le <a href=\"https:\/\/www.wesco.fr\/of51966-contour-de-matelas-cocon-standard-wesco.html?queryID=d22fbfcdd93ddb501131244febae6ba4&amp;objectID=23489&amp;indexName=PRODUCTION_wesco_fr_products\" target=\"_blank\" rel=\"noreferrer noopener\">contour de matelas cocon<\/a>. Ces lits sont adapt\u00e9s pour faciliter l&#8217;autonomie des enfants qui grandissent. <\/p>\n\n\n\n<h4 class=\"wp-block-heading\">Pensez-y<\/h4>\n\n\n\n<p>Bien \u00e9videmment, veillez \u00e0 choisir le matelas adapt\u00e9 aux dimensions du lit pour qu&#8217;il ne soit ni trop petit ni trop grand. en cr\u00e8che, les matelas waterproof sont appr\u00e9ci\u00e9s pour leur hygi\u00e8ne et leur facilit\u00e9 d&#8217;entretien. <\/p>\n\n\n\n<p>Id\u00e9alement, les enfants devraient pouvoir dormir toujours dans le m\u00eame lit pour faciliter les rep\u00e8res et qu&#8217;ils se sentent s\u00e9curit\u00e9. <\/p>\n\n\n\n<p>D\u00e9couvrez notre guide complet pour vous accompagner plus pr\u00e9cis\u00e9ment dans le <a href=\"https:\/\/leblog.wesco.fr\/fr\/le-guide-complet-pour-choisir-le-lit-de-bebe-le-blog-wesco\/\">choix du lit d\u00e8s la naissance<\/a> ainsi que notre article d\u00e9di\u00e9 au <a href=\"https:\/\/leblog.wesco.fr\/le-choix-du-lit-a-partir-de-2-ans\/\">couchage de l&#8217;enfant \u00e0 partir de 2 ans<\/a>.<\/p>\n\n\n\n<h3 class=\"wp-block-heading\">Le linge de lit <\/h3>\n\n\n\n<p>Pour compl\u00e9ter l&#8217;am\u00e9nagement du dortoir, vous devrez choisir un linge de lit doux et confortable pour les enfants&nbsp;: drap housse en coton, turbulettes en coton pour l&#8217;hiver ou en jersey pour l&#8217;\u00e9t\u00e9, sacs de couchage adapt\u00e9s en taille pour les plus grands. <\/p>\n\n\n\n<p>Soyez \u00e9galement attentifs aux crit\u00e8res suivants qui attestent de la <a href=\"https:\/\/www.wesco.fr\/mobilier-et-deco\/mobilier-et-deco\/lits-couchettes-et-accessoires\/linge-de-lit.html\" target=\"_blank\" rel=\"noreferrer noopener\">qualit\u00e9 du linge de lit<\/a>&nbsp;: textile Oeko-Tex, traitement SANFOR, lavage \u00e0 haute temp\u00e9rature (60\u00b0C \u00e0 90\u00b0C pour garantir une d\u00e9sinfection optimale). <\/p>\n\n\n\n<p>Enfin, faites vous plaisir en choisissant le linge de lit car il apportera la touche de d\u00e9co dans votre dortoir gr\u00e2ce aux diff\u00e9rentes nuances et motifs propos\u00e9s comme chez Wesco avec des couleurs vitamin\u00e9es ou calmes. <\/p>\n\n\n\n<h3 class=\"wp-block-heading\">Astuces d\u00e9co pour une ambiance rassurante comme \u00e0 la maison<\/h3>\n\n\n\n<p>L&#8217;ambiance visuelle et le confort acoustique du dortoir sont des \u00e9l\u00e9ments cl\u00e9s pour que les enfants se sentent bien comme dans un cocon rassurant. Voici nos recommandations pour la <strong>d\u00e9coration du dortoir<\/strong> en cr\u00e8che&nbsp;: <\/p>\n\n\n\n<ul class=\"wp-block-list\">\n<li>\u00c9vitez les \u00e9clairages agressifs et les couleurs trop vives sur les murs puisqu&#8217;elles auront tendance \u00e0 stimuler visuellement les enfants. Pr\u00e9f\u00e9rez les couleurs douces et les teintes pastel propices \u00e0 l&#8217;apaisement&nbsp;;<\/li>\n\n\n\n<li>Avec parcimonie, vous pouvez cr\u00e9er un joli d\u00e9cor en fixant des cadres au mur ou en apposant des stickers sur des surfaces planes et lisses (fen\u00eatre par exemple). Attention toutefois&nbsp;: les enfants ne doivent en aucun cas pouvoir avoir acc\u00e8s \u00e0 ces \u00e9l\u00e9ments de d\u00e9coration. De m\u00eame, ne fixez rien \u00e0 proximit\u00e9 des lits pour pr\u00e9venir tout risque de chute inopin\u00e9e&nbsp;;<\/li>\n\n\n\n<li>De plus, vous pouvez placer une veilleuse qui projette au plafond pour cr\u00e9er une ambiance d\u2019inspiration Snoezelen et favoriser le calme et la d\u00e9tente. Certains mod\u00e8les de veilleuses proposent m\u00eame une fonctionnalit\u00e9 berceuse ou bruits blancs&nbsp;;<\/li>\n\n\n\n<li>Dans le dortoir des plus grands, vous pouvez utiliser des petites <a href=\"https:\/\/www.wesco.fr\/of44855-plasticloison-translucide-rectangulaire-wesco.html?queryID=c413ab059434845b8a1ae87424608c14&amp;objectID=39413&amp;indexName=PRODUCTION_wesco_fr_products\" target=\"_blank\" rel=\"noreferrer noopener\">cloisons de s\u00e9paration<\/a> entre les couchages pour isoler des bruits. En cr\u00e9ant des zones de sommeil individuelles, vous respectez l\u2019intimit\u00e9 des enfants et vous renforcez leur sentiment de s\u00e9curit\u00e9&nbsp;;<\/li>\n\n\n\n<li>Enfin, pourquoi ne pas d\u00e9corer la porte du dortoir (c\u00f4t\u00e9 couloir) avec le dessin d\u2019un personnage rigolo ou les photos des enfants qui y dorment&nbsp;? Cela am\u00e8nera un peu de gaiet\u00e9 et cr\u00e9era un rep\u00e8re visuel pour les enfants. Ils pourront s\u2019identifier facilement et se dire \u201cmoi je fais dodo ici\u201d&nbsp;!<\/li>\n<\/ul>\n\n\n\n<h3 class=\"wp-block-heading\">Surveillance du dortoir et contr\u00f4le du sommeil des enfants<\/h3>\n\n\n\n<p><strong>L\u2019espace repos<\/strong> requiert une surveillance r\u00e9guli\u00e8re pour s\u2019assurer de la s\u00e9curit\u00e9 des enfants (respiration par exemple) et pouvoir r\u00e9pondre rapidement aux besoins \u00e9ventuels des enfants avant qu\u2019ils ne r\u00e9veillent tous leurs camarades. Les recommandations officielles pr\u00e9conisent le <strong>passage d\u2019un professionnel de la petite enfance dans le dortoir toutes les 10 minutes<\/strong>. \u00c0 chaque passage, le professionnel inscrit sur la feuille de suivi de sieste ses initiales ainsi que le(les) pr\u00e9nom(s) des enfants surveill\u00e9s. Pour les enfants plus grands qui dorment dans des lits au sol et qui peuvent en sortir en toute autonomie, la pr\u00e9sence en continue d\u2019un professionnel est requise. G\u00e9n\u00e9ralement, les professionnels ont pour habitude de se relayer au bout de 45 minutes de surveillance. En compl\u00e9ment, les \u00e9quipes peuvent utiliser des dispositifs de surveillance comme les <a href=\"https:\/\/www.wesco.fr\/66094171-ecoute-bebe-simply-zen-beaba.html?queryID=8b0a9aadb7a05254ff578ca10452a1ff&amp;objectID=46333&amp;indexName=PRODUCTION_wesco_fr_products\" target=\"_blank\" rel=\"noreferrer noopener\">\u00e9coute-b\u00e9b\u00e9s<\/a> (certains disposent m\u00eame d\u2019une fonction vid\u00e9o).<\/p>\n\n\n\n<h5 class=\"wp-block-heading\">En bref<\/h5>\n\n\n\n<p>L\u2019am\u00e9nagement et la d\u00e9coration du dortoir en cr\u00e8che laissent peu de place \u00e0 l\u2019approximation puisqu\u2019ils doivent r\u00e9pondre \u00e0 des normes pr\u00e9cises pour garantir la s\u00e9curit\u00e9 des enfants pendant leur sommeil. Le choix du mobilier (mod\u00e8les de lits par exemple), du linge de lit et les accessoires comme les veilleuses lumineuses permettent toutefois de personnaliser cet espace en le rendant unique d\u2019une cr\u00e8che \u00e0 l\u2019autre. Certains enfants peuvent \u00eatre r\u00e9fractaires \u00e0 l\u2019endormissement dans le dortoir, vous pouvez alors proposer un coin repos dans l\u2019espace de vie. Le sommeil ne doit pas se transformer en drame \u00e0 chaque tentative de coucher. Enfin, si vous souhaitez offrir aux enfants de votre cr\u00e8che un lieu insolite pour se reposer, proposez-leur la <a href=\"https:\/\/leblog.wesco.fr\/fr\/la-creche-en-exterieur-les-bienfaits-du-plein-air\/\">sieste dehors<\/a>&nbsp;!<\/p>\n\n\n\n<h5 class=\"wp-block-heading\">Notre s\u00e9lection<\/h5>\n\n\n\n<div class=\"wp-block-carousel-slider-slider\"><div class=\"carousel-slider-outer carousel-slider-outer-image-carousel carousel-slider-outer-129313\" style=\"--carousel-slider-nav-color:#f1f1f1;--carousel-slider-active-nav-color:rgb(0,0,0);--carousel-slider-arrow-size:48px;--carousel-slider-bullet-size:10px\">\n<div id=\"&#039;id-129313\" class=\"carousel-slider carousel-slider-129313 arrows-visibility-hover dots-visibility-never arrows-outside dots-center dots-circle owl-carousel\" data-slide-type=\"image-carousel\" data-owl-settings='{\"nav\":true,\"dots\":false,\"slideBy\":1,\"stagePadding\":0,\"margin\":10,\"loop\":false,\"lazyLoad\":false,\"autoplay\":true,\"autoplayTimeout\":5000,\"autoplaySpeed\":500,\"autoplayHoverPause\":true,\"autoWidth\":false,\"responsive\":{\"300\":{\"items\":1},\"576\":{\"items\":2},\"768\":{\"items\":2},\"1024\":{\"items\":3},\"1280\":{\"items\":4},\"1536\":{\"items\":5}}}'>\n<div class=\"carousel-slider__item\">\n\t<a href=\"https:\/\/www.wesco.fr\/67446001-lit-bas-serenite-special-evacuation.html\" target=\"_blank\"><img loading=\"lazy\" decoding=\"async\" width=\"800\" height=\"500\" src=\"https:\/\/leblog.wesco.fr\/fr\/wp-content\/uploads\/2024\/05\/67446-lit-evacuation.jpg\" class=\"attachment-large size-large\" alt=\"LIT BAS S\u00c9R\u00c9NIT\u00c9 Sp\u00e9cial \u00e9vacuation le blog wesco\" srcset=\"https:\/\/leblog.wesco.fr\/fr\/wp-content\/uploads\/2024\/05\/67446-lit-evacuation.jpg 800w, https:\/\/leblog.wesco.fr\/fr\/wp-content\/uploads\/2024\/05\/67446-lit-evacuation-300x188.jpg 300w, https:\/\/leblog.wesco.fr\/fr\/wp-content\/uploads\/2024\/05\/67446-lit-evacuation-768x480.jpg 768w\" sizes=\"auto, (max-width: 800px) 100vw, 800px\" \/><div class=\"carousel-slider__caption\"><h4 class=\"title\">LIT BAS S\u00c9R\u00c9NIT\u00c9 Sp\u00e9cial \u00e9vacuation<\/h4><\/div><\/a><\/div>\n\n<div class=\"carousel-slider__item\">\n\t<a href=\"https:\/\/www.wesco.fr\/of39550-lit-sureleve-a-panneaux-pleins-wesco.html\" target=\"_blank\"><img loading=\"lazy\" decoding=\"async\" width=\"800\" height=\"500\" src=\"https:\/\/leblog.wesco.fr\/fr\/wp-content\/uploads\/2024\/05\/39550-lit-sureleve.jpg\" class=\"attachment-large size-large\" alt=\"LIT SUR\u00c9LEV\u00c9 BIEN-\u00caTRE \u00c0 panneaux pleins le blog wesco\" srcset=\"https:\/\/leblog.wesco.fr\/fr\/wp-content\/uploads\/2024\/05\/39550-lit-sureleve.jpg 800w, https:\/\/leblog.wesco.fr\/fr\/wp-content\/uploads\/2024\/05\/39550-lit-sureleve-300x188.jpg 300w, https:\/\/leblog.wesco.fr\/fr\/wp-content\/uploads\/2024\/05\/39550-lit-sureleve-768x480.jpg 768w\" sizes=\"auto, (max-width: 800px) 100vw, 800px\" \/><div class=\"carousel-slider__caption\"><h4 class=\"title\">LIT SUR\u00c9LEV\u00c9 BIEN-\u00caTRE \u00c0 panneaux pleins<\/h4><\/div><\/a><\/div>\n\n<div class=\"carousel-slider__item\">\n\t<a href=\"https:\/\/www.wesco.fr\/64893020-disques-porte-photos-wesco.html?queryID=df362582cd215f15181cbd7cd1580f86&#038;objectID=58241&#038;indexName=PRODUCTION_wesco_fr_products\" target=\"_blank\"><img loading=\"lazy\" decoding=\"async\" width=\"800\" height=\"600\" src=\"https:\/\/leblog.wesco.fr\/fr\/wp-content\/uploads\/2024\/05\/64893_c020_231018_p.jpg\" class=\"attachment-large size-large\" alt=\"DISQUES PORTE-PHOTOS le blog wesco\" srcset=\"https:\/\/leblog.wesco.fr\/fr\/wp-content\/uploads\/2024\/05\/64893_c020_231018_p.jpg 800w, https:\/\/leblog.wesco.fr\/fr\/wp-content\/uploads\/2024\/05\/64893_c020_231018_p-300x225.jpg 300w, https:\/\/leblog.wesco.fr\/fr\/wp-content\/uploads\/2024\/05\/64893_c020_231018_p-768x576.jpg 768w\" sizes=\"auto, (max-width: 800px) 100vw, 800px\" \/><div class=\"carousel-slider__caption\"><h4 class=\"title\">DISQUES PORTE-PHOTOS<\/h4><\/div><\/a><\/div>\n\n<div class=\"carousel-slider__item\">\n\t<a href=\"https:\/\/www.wesco.fr\/67499020-stickers-muraux-les-symboles.html\" target=\"_blank\"><img loading=\"lazy\" decoding=\"async\" width=\"800\" height=\"500\" src=\"https:\/\/leblog.wesco.fr\/fr\/wp-content\/uploads\/2024\/05\/67499-stickers-muraux.jpg\" class=\"attachment-large size-large\" alt=\"STICKERS MULTISURFACES Les symboles le blog wesco\" srcset=\"https:\/\/leblog.wesco.fr\/fr\/wp-content\/uploads\/2024\/05\/67499-stickers-muraux.jpg 800w, https:\/\/leblog.wesco.fr\/fr\/wp-content\/uploads\/2024\/05\/67499-stickers-muraux-300x188.jpg 300w, https:\/\/leblog.wesco.fr\/fr\/wp-content\/uploads\/2024\/05\/67499-stickers-muraux-768x480.jpg 768w\" sizes=\"auto, (max-width: 800px) 100vw, 800px\" \/><div class=\"carousel-slider__caption\"><h4 class=\"title\">STICKERS MULTISURFACES Les symboles<\/h4><\/div><\/a><\/div>\n\n<div class=\"carousel-slider__item\">\n\t<a href=\"https:\/\/www.wesco.fr\/41483001-matelas-waterproof-120-cm-x-60-cm-wesco.html\" target=\"_blank\"><img loading=\"lazy\" decoding=\"async\" width=\"800\" height=\"500\" src=\"https:\/\/leblog.wesco.fr\/fr\/wp-content\/uploads\/2024\/05\/41483-matelas-waterproof.jpg\" class=\"attachment-large size-large\" alt=\"MATELAS WATERPROOF 120 x 60 cm le blog wesco\" srcset=\"https:\/\/leblog.wesco.fr\/fr\/wp-content\/uploads\/2024\/05\/41483-matelas-waterproof.jpg 800w, https:\/\/leblog.wesco.fr\/fr\/wp-content\/uploads\/2024\/05\/41483-matelas-waterproof-300x188.jpg 300w, https:\/\/leblog.wesco.fr\/fr\/wp-content\/uploads\/2024\/05\/41483-matelas-waterproof-768x480.jpg 768w\" sizes=\"auto, (max-width: 800px) 100vw, 800px\" \/><div class=\"carousel-slider__caption\"><h4 class=\"title\">MATELAS WATERPROOF 120 x 60 cm<\/h4><\/div><\/a><\/div>\n\n<div class=\"carousel-slider__item\">\n\t<a href=\"https:\/\/www.wesco.fr\/of51974-maxi-lot-contour-de-matelas-cocon-standard-et-matelas-waterproof-wesco.html\" target=\"_blank\"><img loading=\"lazy\" decoding=\"async\" width=\"800\" height=\"500\" src=\"https:\/\/leblog.wesco.fr\/fr\/wp-content\/uploads\/2024\/05\/51974-contour-matelas.jpg\" class=\"attachment-large size-large\" alt=\"MAXI LOT CONTOUR DE MATELAS COCON Standard et matelas waterproof le blog wesco\" srcset=\"https:\/\/leblog.wesco.fr\/fr\/wp-content\/uploads\/2024\/05\/51974-contour-matelas.jpg 800w, https:\/\/leblog.wesco.fr\/fr\/wp-content\/uploads\/2024\/05\/51974-contour-matelas-300x188.jpg 300w, https:\/\/leblog.wesco.fr\/fr\/wp-content\/uploads\/2024\/05\/51974-contour-matelas-768x480.jpg 768w\" sizes=\"auto, (max-width: 800px) 100vw, 800px\" \/><div class=\"carousel-slider__caption\"><h4 class=\"title\">MAXI LOT CONTOUR DE MATELAS COCON Standard et matelas waterproof<\/h4><\/div><\/a><\/div>\n\n<div class=\"carousel-slider__item\">\n\t<a href=\"https:\/\/www.wesco.fr\/of61243-transat-adulte-confort-wesco.html?queryID=814aefbc95287907a62dd5adcbf304b7&#038;objectID=28982&#038;indexName=PRODUCTION_wesco_fr_products\" target=\"_blank\"><img loading=\"lazy\" decoding=\"async\" width=\"800\" height=\"500\" src=\"https:\/\/leblog.wesco.fr\/fr\/wp-content\/uploads\/2024\/05\/61243-transat-adulte.jpg\" class=\"attachment-large size-large\" alt=\"TRANSAT ADULTE Confort le blog wesco\" srcset=\"https:\/\/leblog.wesco.fr\/fr\/wp-content\/uploads\/2024\/05\/61243-transat-adulte.jpg 800w, https:\/\/leblog.wesco.fr\/fr\/wp-content\/uploads\/2024\/05\/61243-transat-adulte-300x188.jpg 300w, https:\/\/leblog.wesco.fr\/fr\/wp-content\/uploads\/2024\/05\/61243-transat-adulte-768x480.jpg 768w\" sizes=\"auto, (max-width: 800px) 100vw, 800px\" \/><div class=\"carousel-slider__caption\"><h4 class=\"title\">TRANSAT ADULTE Confort<\/h4><\/div><\/a><\/div>\n\n<div class=\"carousel-slider__item\">\n\t<a href=\"https:\/\/www.wesco.fr\/of63101-maxi-lot-couchette-standard-matelas-confort-cloisonnette.html\" target=\"_blank\"><img loading=\"lazy\" decoding=\"async\" width=\"800\" height=\"500\" src=\"https:\/\/leblog.wesco.fr\/fr\/wp-content\/uploads\/2024\/05\/63101-couchette-cloisonnette.jpg\" class=\"attachment-large size-large\" alt=\"MAXI LOT COUCHETTE Standard + MATELAS CONFORT + CLOISONNETTE le blog wesco\" srcset=\"https:\/\/leblog.wesco.fr\/fr\/wp-content\/uploads\/2024\/05\/63101-couchette-cloisonnette.jpg 800w, https:\/\/leblog.wesco.fr\/fr\/wp-content\/uploads\/2024\/05\/63101-couchette-cloisonnette-300x188.jpg 300w, https:\/\/leblog.wesco.fr\/fr\/wp-content\/uploads\/2024\/05\/63101-couchette-cloisonnette-768x480.jpg 768w\" sizes=\"auto, (max-width: 800px) 100vw, 800px\" \/><div class=\"carousel-slider__caption\"><h4 class=\"title\">MAXI LOT COUCHETTE Standard + MATELAS CONFORT + CLOISONNETTE<\/h4><\/div><\/a><\/div>\n\n<div class=\"carousel-slider__item\">\n\t<a href=\"https:\/\/www.wesco.fr\/59838171-veilleuse-aqua-dream-baleine-pabobo.html\" target=\"_blank\"><img loading=\"lazy\" decoding=\"async\" width=\"800\" height=\"500\" src=\"https:\/\/leblog.wesco.fr\/fr\/wp-content\/uploads\/2024\/05\/59838-veilleuse-baleine.jpg\" class=\"attachment-large size-large\" alt=\"VEILLEUSE PROJECTION AQUA DREAM Baleine le blog wesco\" srcset=\"https:\/\/leblog.wesco.fr\/fr\/wp-content\/uploads\/2024\/05\/59838-veilleuse-baleine.jpg 800w, https:\/\/leblog.wesco.fr\/fr\/wp-content\/uploads\/2024\/05\/59838-veilleuse-baleine-300x188.jpg 300w, https:\/\/leblog.wesco.fr\/fr\/wp-content\/uploads\/2024\/05\/59838-veilleuse-baleine-768x480.jpg 768w\" sizes=\"auto, (max-width: 800px) 100vw, 800px\" \/><div class=\"carousel-slider__caption\"><h4 class=\"title\">VEILLEUSE PROJECTION AQUA DREAM Baleine<\/h4><\/div><\/a><\/div>\n\n<div class=\"carousel-slider__item\">\n\t<a href=\"https:\/\/www.wesco.fr\/of67273-sac-de-couchage-pour-couchette-130-x-54-cm-wesco.html\" target=\"_blank\"><img loading=\"lazy\" decoding=\"async\" width=\"800\" height=\"500\" src=\"https:\/\/leblog.wesco.fr\/fr\/wp-content\/uploads\/2024\/05\/67273-sac-couchage.jpg\" class=\"attachment-large size-large\" alt=\"SAC DE COUCHAGE pour couchette wesco 130 x 54 cm le blog wesco\" srcset=\"https:\/\/leblog.wesco.fr\/fr\/wp-content\/uploads\/2024\/05\/67273-sac-couchage.jpg 800w, https:\/\/leblog.wesco.fr\/fr\/wp-content\/uploads\/2024\/05\/67273-sac-couchage-300x188.jpg 300w, https:\/\/leblog.wesco.fr\/fr\/wp-content\/uploads\/2024\/05\/67273-sac-couchage-768x480.jpg 768w\" sizes=\"auto, (max-width: 800px) 100vw, 800px\" \/><div class=\"carousel-slider__caption\"><h4 class=\"title\">SAC DE COUCHAGE pour couchette 130 x 54 cm<\/h4><\/div><\/a><\/div>\n\n<div class=\"carousel-slider__item\">\n\t<a href=\"https:\/\/www.wesco.fr\/of67459-3-couettes-drap-housse-2-en-1-3-taies.html\" target=\"_blank\"><img loading=\"lazy\" decoding=\"async\" width=\"800\" height=\"500\" src=\"https:\/\/leblog.wesco.fr\/fr\/wp-content\/uploads\/2024\/05\/67381-couettes-draphousse.jpg\" class=\"attachment-large size-large\" alt=\"3 COUETTES\/DRAP-HOUSSE 2 en 1 le blog wesco\" srcset=\"https:\/\/leblog.wesco.fr\/fr\/wp-content\/uploads\/2024\/05\/67381-couettes-draphousse.jpg 800w, https:\/\/leblog.wesco.fr\/fr\/wp-content\/uploads\/2024\/05\/67381-couettes-draphousse-300x188.jpg 300w, https:\/\/leblog.wesco.fr\/fr\/wp-content\/uploads\/2024\/05\/67381-couettes-draphousse-768x480.jpg 768w\" sizes=\"auto, (max-width: 800px) 100vw, 800px\" \/><div class=\"carousel-slider__caption\"><h4 class=\"title\">3 COUETTES\/DRAP-HOUSSE 2 en 1<\/h4><\/div><\/a><\/div>\n\n<div class=\"carousel-slider__item\">\n\t<a href=\"https:\/\/www.wesco.fr\/67400020-lot-de-6-turbulettes-coton-6-36-mois-wesco.html\" target=\"_blank\"><img loading=\"lazy\" decoding=\"async\" width=\"800\" height=\"500\" src=\"https:\/\/leblog.wesco.fr\/fr\/wp-content\/uploads\/2024\/05\/67400-turbulettes.jpg\" class=\"attachment-large size-large\" alt=\"LOT DE 6 TURBULETTES COTON 6 - 36 mois le blog wesco\" srcset=\"https:\/\/leblog.wesco.fr\/fr\/wp-content\/uploads\/2024\/05\/67400-turbulettes.jpg 800w, https:\/\/leblog.wesco.fr\/fr\/wp-content\/uploads\/2024\/05\/67400-turbulettes-300x188.jpg 300w, https:\/\/leblog.wesco.fr\/fr\/wp-content\/uploads\/2024\/05\/67400-turbulettes-768x480.jpg 768w\" sizes=\"auto, (max-width: 800px) 100vw, 800px\" \/><div class=\"carousel-slider__caption\"><h4 class=\"title\">LOT DE 6 TURBULETTES COTON 6 - 36 mois<\/h4><\/div><\/a><\/div>\n\n<div class=\"carousel-slider__item\">\n\t<a href=\"https:\/\/www.wesco.fr\/2709001-tableau-blanc-laque-60-x-90-cm.html?queryID=c5267686fdd0a7cab3001566f400f7d0&#038;objectID=1745&#038;indexName=PRODUCTION_wesco_fr_products\" target=\"_blank\"><img loading=\"lazy\" decoding=\"async\" width=\"800\" height=\"500\" src=\"https:\/\/leblog.wesco.fr\/fr\/wp-content\/uploads\/2024\/05\/2709-tableau-blanc.jpg\" class=\"attachment-large size-large\" alt=\"TABLEAU BLANC LAQU\u00c9 60 x 90 cm le blog wesco\" srcset=\"https:\/\/leblog.wesco.fr\/fr\/wp-content\/uploads\/2024\/05\/2709-tableau-blanc.jpg 800w, https:\/\/leblog.wesco.fr\/fr\/wp-content\/uploads\/2024\/05\/2709-tableau-blanc-300x188.jpg 300w, https:\/\/leblog.wesco.fr\/fr\/wp-content\/uploads\/2024\/05\/2709-tableau-blanc-768x480.jpg 768w\" sizes=\"auto, (max-width: 800px) 100vw, 800px\" \/><div class=\"carousel-slider__caption\"><h4 class=\"title\">TABLEAU BLANC LAQU\u00c9 60 x 90 cm<\/h4><\/div><\/a><\/div>\n\n<div class=\"carousel-slider__item\">\n\t<a href=\"https:\/\/www.wesco.fr\/66094171-ecoute-bebe-simply-zen-beaba.html?queryID=8b0a9aadb7a05254ff578ca10452a1ff&#038;objectID=46333&#038;indexName=PRODUCTION_wesco_fr_products\" target=\"_blank\"><img loading=\"lazy\" decoding=\"async\" width=\"800\" height=\"600\" src=\"https:\/\/leblog.wesco.fr\/fr\/wp-content\/uploads\/2024\/05\/66094_c171_220906_pd.jpg\" class=\"attachment-large size-large\" alt=\"babyphone ecoute bebe beaba blog wesco\" srcset=\"https:\/\/leblog.wesco.fr\/fr\/wp-content\/uploads\/2024\/05\/66094_c171_220906_pd.jpg 800w, https:\/\/leblog.wesco.fr\/fr\/wp-content\/uploads\/2024\/05\/66094_c171_220906_pd-300x225.jpg 300w, https:\/\/leblog.wesco.fr\/fr\/wp-content\/uploads\/2024\/05\/66094_c171_220906_pd-768x576.jpg 768w\" sizes=\"auto, (max-width: 800px) 100vw, 800px\" \/><div class=\"carousel-slider__caption\"><h4 class=\"title\">\u00c9COUTE-B\u00c9B\u00c9 Simply Zen<\/h4><\/div><\/a><\/div>\n\n<\/div><!-- .carousel-slider-129313 -->\n<\/div><!-- .carousel-slider-outer-129313 -->\n<\/div>\n\n\n\n<h5 class=\"wp-block-heading\">Nos articles sur la m\u00eame th\u00e9matique<\/h5>\n\n\n\n<ul class=\"wp-block-list\">\n<li><a href=\"https:\/\/leblog.wesco.fr\/fr\/lart-de-manier-couleur-vos-etablissements\/\">L&#8217;art de manier la couleur dans vos \u00e9tablissements<\/a><\/li>\n\n\n\n<li><a href=\"https:\/\/leblog.wesco.fr\/fr\/la-sieste-de-bebe-pas-si-anodine-quil-ny-parait\/\">La sieste de b\u00e9b\u00e9 : pas si anodine qu&#8217;il n&#8217;y para\u00eet !<\/a><\/li>\n\n\n\n<li><a href=\"https:\/\/leblog.wesco.fr\/fr\/qualite-de-lair-interieur-enjeu-sante-publique\/\">La qualit\u00e9 de l&#8217;air int\u00e9rieur : un enjeu de sant\u00e9 publique !<\/a><\/li>\n<\/ul>\n\n\n\n<h5 class=\"wp-block-heading\">Pour aller plus loin<\/h5>\n\n\n\n<ul class=\"wp-block-list\">\n<li><a href=\"https:\/\/www.legifrance.gouv.fr\/jorf\/id\/JORFTEXT000044025618#:~:text=espaces%20de%20sommeil-,III.,del%C3%A0%2C%20selon%20la%20capacit%C3%A9%20autoris%C3%A9e.\" target=\"_blank\" rel=\"noreferrer noopener\">R\u00e9f\u00e9rentiel national relatif aux exigences applicables aux \u00e9tablissements d\u2019accueil du jeune enfant en mati\u00e8re de locaux, d\u2019am\u00e9nagement et d\u2019affichage<\/a><\/li>\n\n\n\n<li><a href=\"https:\/\/certification-ameublement.fcba.fr\/nf-mobilier-creches\/informations-fabricants\" target=\"_blank\" rel=\"noreferrer noopener\">La certification NF mobilier professionnel Cr\u00e8ches<\/a><\/li>\n<\/ul>\n","protected":false},"excerpt":{"rendered":"<p>Lorsqu\u2019on pense am\u00e9nagement de la cr\u00e8che, on imagine en priorit\u00e9 l\u2019espace d\u2019\u00e9veil ou l\u2019espace repas. Pourtant, il y a un autre espace \u00e0 ne pas n\u00e9gliger car les enfants y passent beaucoup de temps (surtout les premiers mois de vie)&nbsp;: c\u2019est le dortoir. Voici nos conseils d&#8217;am\u00e9nagement et de d\u00e9coration du dortoir en cr\u00e8che pour en faire un cocon rassurant propice au repos des tout-petits. Dortoir en cr\u00e8che&nbsp;: ce qu&#8217;il faut savoir avant de commencer Que dit la r\u00e8glementation en mati\u00e8re d&#8217;am\u00e9nagement de la cr\u00e8che&nbsp;? En France, l\u2019arr\u00eat\u00e9 du 31 ao\u00fbt 2021 paru au Journal Officiel a pour objet de cr\u00e9er un r\u00e9f\u00e9rentiel national relatif aux exigences applicables aux \u00e9tablissements d\u2019accueil du jeune enfant en mati\u00e8re de locaux, d\u2019am\u00e9nagement et d\u2019affichage. Ainsi, pour les espaces de sommeil les recommandations officielles d\u2019am\u00e9nagement sont&nbsp;: \u00c0 quels crit\u00e8res [&hellip;]<\/p>\n","protected":false},"author":12,"featured_media":129331,"comment_status":"open","ping_status":"open","sticky":false,"template":"","format":"standard","meta":{"_lmt_disableupdate":"","_lmt_disable":"","episode_type":"","audio_file":"","podmotor_file_id":"","podmotor_episode_id":"","cover_image":"","cover_image_id":"","duration":"","filesize":"","filesize_raw":"","date_recorded":"","explicit":"","block":"","itunes_episode_number":"","itunes_title":"","itunes_season_number":"","itunes_episode_type":"","footnotes":""},"categories":[63],"tags":[16,18,242,118],"class_list":["post-129317","post","type-post","status-publish","format-standard","has-post-thumbnail","hentry","category-amenagement","tag-0-12-mois","tag-12-36-mois","tag-lieu-daccueil-du-tout-petit","tag-sommeil"],"yoast_head":"<!-- This site is optimized with the Yoast SEO plugin v27.5 - https:\/\/yoast.com\/product\/yoast-seo-wordpress\/ -->\n<title>Bien am\u00e9nager et d\u00e9corer le dortoir en cr\u00e8che - Le Blog Wesco<\/title>\n<meta name=\"description\" content=\"Des conseils pour l&#039;am\u00e9nagement et la d\u00e9coration du dortoir en cr\u00e8che tout en respectant les normes. Cr\u00e9ez un dortoir confortable pour les enfants.\" \/>\n<meta name=\"robots\" content=\"index, follow, max-snippet:-1, max-image-preview:large, max-video-preview:-1\" \/>\n<link rel=\"canonical\" href=\"https:\/\/leblog.wesco.fr\/fr\/comment-bien-amenager-et-decorer-le-dortoir-en-creche\/\" \/>\n<meta property=\"og:locale\" content=\"fr_FR\" \/>\n<meta property=\"og:type\" content=\"article\" \/>\n<meta property=\"og:title\" content=\"Bien am\u00e9nager et d\u00e9corer le dortoir en cr\u00e8che - Le Blog Wesco\" \/>\n<meta property=\"og:description\" content=\"Des conseils pour l&#039;am\u00e9nagement et la d\u00e9coration du dortoir en cr\u00e8che tout en respectant les normes. Cr\u00e9ez un dortoir confortable pour les enfants.\" \/>\n<meta property=\"og:url\" content=\"https:\/\/leblog.wesco.fr\/fr\/comment-bien-amenager-et-decorer-le-dortoir-en-creche\/\" \/>\n<meta property=\"og:site_name\" content=\"Blog Wesco\" \/>\n<meta property=\"article:published_time\" content=\"2024-05-17T07:54:17+00:00\" \/>\n<meta property=\"article:modified_time\" content=\"2025-07-11T11:48:18+00:00\" \/>\n<meta property=\"og:image\" content=\"https:\/\/leblog.wesco.fr\/fr\/wp-content\/uploads\/2024\/05\/dortoir-creche.jpg\" \/>\n\t<meta property=\"og:image:width\" content=\"1600\" \/>\n\t<meta property=\"og:image:height\" content=\"800\" \/>\n\t<meta property=\"og:image:type\" content=\"image\/jpeg\" \/>\n<meta name=\"author\" content=\"Adeline Glotin\" \/>\n<meta name=\"twitter:card\" content=\"summary_large_image\" \/>\n<meta name=\"twitter:label1\" content=\"\u00c9crit par\" \/>\n\t<meta name=\"twitter:data1\" content=\"Adeline Glotin\" \/>\n\t<meta name=\"twitter:label2\" content=\"Dur\u00e9e de lecture estim\u00e9e\" \/>\n\t<meta name=\"twitter:data2\" content=\"9 minutes\" \/>\n<!-- \/ Yoast SEO plugin. -->","yoast_head_json":{"title":"Bien am\u00e9nager et d\u00e9corer le dortoir en cr\u00e8che - Le Blog Wesco","description":"Des conseils pour l'am\u00e9nagement et la d\u00e9coration du dortoir en cr\u00e8che tout en respectant les normes. Cr\u00e9ez un dortoir confortable pour les enfants.","robots":{"index":"index","follow":"follow","max-snippet":"max-snippet:-1","max-image-preview":"max-image-preview:large","max-video-preview":"max-video-preview:-1"},"canonical":"https:\/\/leblog.wesco.fr\/fr\/comment-bien-amenager-et-decorer-le-dortoir-en-creche\/","og_locale":"fr_FR","og_type":"article","og_title":"Bien am\u00e9nager et d\u00e9corer le dortoir en cr\u00e8che - Le Blog Wesco","og_description":"Des conseils pour l'am\u00e9nagement et la d\u00e9coration du dortoir en cr\u00e8che tout en respectant les normes. Cr\u00e9ez un dortoir confortable pour les enfants.","og_url":"https:\/\/leblog.wesco.fr\/fr\/comment-bien-amenager-et-decorer-le-dortoir-en-creche\/","og_site_name":"Blog Wesco","article_published_time":"2024-05-17T07:54:17+00:00","article_modified_time":"2025-07-11T11:48:18+00:00","og_image":[{"width":1600,"height":800,"url":"https:\/\/leblog.wesco.fr\/fr\/wp-content\/uploads\/2024\/05\/dortoir-creche.jpg","type":"image\/jpeg"}],"author":"Adeline Glotin","twitter_card":"summary_large_image","twitter_misc":{"\u00c9crit par":"Adeline Glotin","Dur\u00e9e de lecture estim\u00e9e":"9 minutes"},"schema":{"@context":"https:\/\/schema.org","@graph":[{"@type":"Article","@id":"https:\/\/leblog.wesco.fr\/fr\/comment-bien-amenager-et-decorer-le-dortoir-en-creche\/#article","isPartOf":{"@id":"https:\/\/leblog.wesco.fr\/fr\/comment-bien-amenager-et-decorer-le-dortoir-en-creche\/"},"author":{"name":"Adeline Glotin","@id":"https:\/\/leblog.wesco.fr\/fr\/#\/schema\/person\/5b3ee9a8dc2fd893039f49523cc60222"},"headline":"Comment bien am\u00e9nager et d\u00e9corer le dortoir en cr\u00e8che ?","datePublished":"2024-05-17T07:54:17+00:00","dateModified":"2025-07-11T11:48:18+00:00","mainEntityOfPage":{"@id":"https:\/\/leblog.wesco.fr\/fr\/comment-bien-amenager-et-decorer-le-dortoir-en-creche\/"},"wordCount":1889,"commentCount":0,"image":{"@id":"https:\/\/leblog.wesco.fr\/fr\/comment-bien-amenager-et-decorer-le-dortoir-en-creche\/#primaryimage"},"thumbnailUrl":"https:\/\/leblog.wesco.fr\/fr\/wp-content\/uploads\/2024\/05\/dortoir-creche.jpg","keywords":["0\/12 mois","12\/36 mois","Lieu d'accueil du tout-petit","Sommeil"],"articleSection":["Am\u00e9nagement"],"inLanguage":"fr-FR","potentialAction":[{"@type":"CommentAction","name":"Comment","target":["https:\/\/leblog.wesco.fr\/fr\/comment-bien-amenager-et-decorer-le-dortoir-en-creche\/#respond"]}]},{"@type":"WebPage","@id":"https:\/\/leblog.wesco.fr\/fr\/comment-bien-amenager-et-decorer-le-dortoir-en-creche\/","url":"https:\/\/leblog.wesco.fr\/fr\/comment-bien-amenager-et-decorer-le-dortoir-en-creche\/","name":"Bien am\u00e9nager et d\u00e9corer le dortoir en cr\u00e8che - Le Blog Wesco","isPartOf":{"@id":"https:\/\/leblog.wesco.fr\/fr\/#website"},"primaryImageOfPage":{"@id":"https:\/\/leblog.wesco.fr\/fr\/comment-bien-amenager-et-decorer-le-dortoir-en-creche\/#primaryimage"},"image":{"@id":"https:\/\/leblog.wesco.fr\/fr\/comment-bien-amenager-et-decorer-le-dortoir-en-creche\/#primaryimage"},"thumbnailUrl":"https:\/\/leblog.wesco.fr\/fr\/wp-content\/uploads\/2024\/05\/dortoir-creche.jpg","datePublished":"2024-05-17T07:54:17+00:00","dateModified":"2025-07-11T11:48:18+00:00","author":{"@id":"https:\/\/leblog.wesco.fr\/fr\/#\/schema\/person\/5b3ee9a8dc2fd893039f49523cc60222"},"description":"Des conseils pour l'am\u00e9nagement et la d\u00e9coration du dortoir en cr\u00e8che tout en respectant les normes. Cr\u00e9ez un dortoir confortable pour les enfants.","breadcrumb":{"@id":"https:\/\/leblog.wesco.fr\/fr\/comment-bien-amenager-et-decorer-le-dortoir-en-creche\/#breadcrumb"},"inLanguage":"fr-FR","potentialAction":[{"@type":"ReadAction","target":["https:\/\/leblog.wesco.fr\/fr\/comment-bien-amenager-et-decorer-le-dortoir-en-creche\/"]}]},{"@type":"ImageObject","inLanguage":"fr-FR","@id":"https:\/\/leblog.wesco.fr\/fr\/comment-bien-amenager-et-decorer-le-dortoir-en-creche\/#primaryimage","url":"https:\/\/leblog.wesco.fr\/fr\/wp-content\/uploads\/2024\/05\/dortoir-creche.jpg","contentUrl":"https:\/\/leblog.wesco.fr\/fr\/wp-content\/uploads\/2024\/05\/dortoir-creche.jpg","width":1600,"height":800,"caption":"ensemble de lits dortoir cr\u00e8che le blog wesco"},{"@type":"BreadcrumbList","@id":"https:\/\/leblog.wesco.fr\/fr\/comment-bien-amenager-et-decorer-le-dortoir-en-creche\/#breadcrumb","itemListElement":[{"@type":"ListItem","position":1,"name":"Accueil","item":"https:\/\/leblog.wesco.fr\/fr\/"},{"@type":"ListItem","position":2,"name":"Am\u00e9nagement","item":"https:\/\/leblog.wesco.fr\/fr\/category\/amenagement\/"},{"@type":"ListItem","position":3,"name":"Comment bien am\u00e9nager et d\u00e9corer le dortoir en cr\u00e8che ?"}]},{"@type":"WebSite","@id":"https:\/\/leblog.wesco.fr\/fr\/#website","url":"https:\/\/leblog.wesco.fr\/fr\/","name":"Blog Wesco","description":"Le rendez-vous des enfants, des parents et des professionnels","potentialAction":[{"@type":"SearchAction","target":{"@type":"EntryPoint","urlTemplate":"https:\/\/leblog.wesco.fr\/fr\/?s={search_term_string}"},"query-input":{"@type":"PropertyValueSpecification","valueRequired":true,"valueName":"search_term_string"}}],"inLanguage":"fr-FR"},{"@type":"Person","@id":"https:\/\/leblog.wesco.fr\/fr\/#\/schema\/person\/5b3ee9a8dc2fd893039f49523cc60222","name":"Adeline Glotin","url":"https:\/\/leblog.wesco.fr\/fr\/author\/amoriniere\/"}]}},"modified_by":"Adeline Glotin","_links":{"self":[{"href":"https:\/\/leblog.wesco.fr\/fr\/wp-json\/wp\/v2\/posts\/129317","targetHints":{"allow":["GET"]}}],"collection":[{"href":"https:\/\/leblog.wesco.fr\/fr\/wp-json\/wp\/v2\/posts"}],"about":[{"href":"https:\/\/leblog.wesco.fr\/fr\/wp-json\/wp\/v2\/types\/post"}],"author":[{"embeddable":true,"href":"https:\/\/leblog.wesco.fr\/fr\/wp-json\/wp\/v2\/users\/12"}],"replies":[{"embeddable":true,"href":"https:\/\/leblog.wesco.fr\/fr\/wp-json\/wp\/v2\/comments?post=129317"}],"version-history":[{"count":18,"href":"https:\/\/leblog.wesco.fr\/fr\/wp-json\/wp\/v2\/posts\/129317\/revisions"}],"predecessor-version":[{"id":131361,"href":"https:\/\/leblog.wesco.fr\/fr\/wp-json\/wp\/v2\/posts\/129317\/revisions\/131361"}],"wp:featuredmedia":[{"embeddable":true,"href":"https:\/\/leblog.wesco.fr\/fr\/wp-json\/wp\/v2\/media\/129331"}],"wp:attachment":[{"href":"https:\/\/leblog.wesco.fr\/fr\/wp-json\/wp\/v2\/media?parent=129317"}],"wp:term":[{"taxonomy":"category","embeddable":true,"href":"https:\/\/leblog.wesco.fr\/fr\/wp-json\/wp\/v2\/categories?post=129317"},{"taxonomy":"post_tag","embeddable":true,"href":"https:\/\/leblog.wesco.fr\/fr\/wp-json\/wp\/v2\/tags?post=129317"}],"curies":[{"name":"wp","href":"https:\/\/api.w.org\/{rel}","templated":true}]}}