{"id":129040,"date":"2024-03-25T08:30:00","date_gmt":"2024-03-25T07:30:00","guid":{"rendered":"https:\/\/leblog.wesco.fr\/fr\/?p=129040"},"modified":"2025-08-05T10:53:00","modified_gmt":"2025-08-05T08:53:00","slug":"jouets-noir-et-blanc-eveiller-la-vision-de-bebe-le-blog-wesco","status":"publish","type":"post","link":"https:\/\/leblog.wesco.fr\/fr\/jouets-noir-et-blanc-eveiller-la-vision-de-bebe-le-blog-wesco\/","title":{"rendered":"Les bienfaits des jouets en noir et blanc pour B\u00e9b\u00e9"},"content":{"rendered":"\n<p>Saviez-vous que la <strong>vision <\/strong>est le dernier des sens \u00e0 se d\u00e9velopper chez un b\u00e9b\u00e9 ? \u00c0 sa naissance, le b\u00e9b\u00e9 voit de mani\u00e8re floue et les seuls \u00e9l\u00e9ments visibles sont ceux qui sont proches de lui&nbsp;(\u00e0 une distance de 20 \u00e0 30 cm). Le noir et blanc peut stimuler<strong> l\u2019acuit\u00e9 visuelle<\/strong> de B\u00e9b\u00e9, on vous explique pourquoi et d\u00e9couvrez notre s\u00e9lection de jouets <strong>100% contrast\u00e9e<\/strong>.<\/p>\n\n\n\n<h2 class=\"wp-block-heading\">Les avantages des jeux et jouets en noir et blanc pour B\u00e9b\u00e9<\/h2>\n\n\n\n<p>Le noir et blanc joue un r\u00f4le essentiel dans le <strong>d\u00e9veloppement visuel<\/strong> de B\u00e9b\u00e9. En raison des contrastes, B\u00e9b\u00e9 est en mesure de distinguer plus facilement les contours des images et objets qui lui sont pr\u00e9sent\u00e9s. Cette stimulation favorise le d\u00e9veloppement de sa vision.<br>Vers l&#8217;\u00e2ge de 4 mois, le monde color\u00e9 commence \u00e0 s&#8217;ouvrir \u00e0 B\u00e9b\u00e9 et il devient capable de percevoir des couleurs de base telles que le rouge, le jaune et le vert. Il est alors opportun de proposer des jouets un peu plus color\u00e9s. Ces jouets offriront \u00e0 b\u00e9b\u00e9 une <strong>exp\u00e9rience visuelle enrichissante<\/strong>, favorisant ainsi son<a href=\"https:\/\/leblog.wesco.fr\/fr\/comment-bebe-developpe-son-super-pouvoir-sensoriel-pendant-la-periode-sensible-du-raffinement-des-sens-de-montessori\/\" target=\"_blank\" rel=\"noreferrer noopener\"> \u00e9veil sensoriel<\/a>.<\/p>\n\n\n\n<figure class=\"wp-block-image size-full\"><img loading=\"lazy\" decoding=\"async\" width=\"800\" height=\"1000\" src=\"https:\/\/leblog.wesco.fr\/fr\/wp-content\/uploads\/2024\/02\/vision-age.jpg\" alt=\"Illustration pour imaginer la vision d'un b\u00e9b\u00e9 de sa naissance a ses 12 mois blog wesco\" class=\"wp-image-129123\" srcset=\"https:\/\/leblog.wesco.fr\/fr\/wp-content\/uploads\/2024\/02\/vision-age.jpg 800w, https:\/\/leblog.wesco.fr\/fr\/wp-content\/uploads\/2024\/02\/vision-age-240x300.jpg 240w, https:\/\/leblog.wesco.fr\/fr\/wp-content\/uploads\/2024\/02\/vision-age-768x960.jpg 768w\" sizes=\"auto, (max-width: 800px) 100vw, 800px\" \/><\/figure>\n\n\n\n<h2 class=\"wp-block-heading\">Notre s\u00e9lection de jouets noirs et blancs et contrast\u00e9s pour B\u00e9b\u00e9<\/h2>\n\n\n\n<p>Voici une s\u00e9lection de jouets en noir et blanc sp\u00e9cialement con\u00e7us pour B\u00e9b\u00e9&nbsp;:<\/p>\n\n\n\n<h3 class=\"wp-block-heading\">TAPIS D&#8217;\u00c9VEIL AVEC ARCHE Noir et blanc<\/h3>\n\n\n\n<div class=\"wp-block-columns is-layout-flex wp-container-core-columns-is-layout-9d6595d7 wp-block-columns-is-layout-flex\">\n<div class=\"wp-block-column is-vertically-aligned-center is-layout-flow wp-block-column-is-layout-flow\">\n<figure class=\"wp-block-image size-full\"><img loading=\"lazy\" decoding=\"async\" width=\"800\" height=\"600\" src=\"https:\/\/leblog.wesco.fr\/fr\/wp-content\/uploads\/2024\/03\/67988_c171_230925_pd.jpg\" alt=\"tapis eveil noir et blanc avec arche eveil bebe le blog wesco\" class=\"wp-image-131403\" srcset=\"https:\/\/leblog.wesco.fr\/fr\/wp-content\/uploads\/2024\/03\/67988_c171_230925_pd.jpg 800w, https:\/\/leblog.wesco.fr\/fr\/wp-content\/uploads\/2024\/03\/67988_c171_230925_pd-300x225.jpg 300w, https:\/\/leblog.wesco.fr\/fr\/wp-content\/uploads\/2024\/03\/67988_c171_230925_pd-768x576.jpg 768w\" sizes=\"auto, (max-width: 800px) 100vw, 800px\" \/><\/figure>\n<\/div>\n\n\n\n<div class=\"wp-block-column is-vertically-aligned-center is-layout-flow wp-block-column-is-layout-flow\">\n<p>Un tapis moelleux qui invite \u00e0 <strong>l\u2019exploration sensorielle<\/strong> notamment avec son arche.<br>Age d\u2019utilisation&nbsp;: d\u00e8s la naissance<\/p>\n\n\n\n<div class=\"wp-block-buttons is-content-justification-center is-layout-flex wp-container-core-buttons-is-layout-16018d1d wp-block-buttons-is-layout-flex\">\n<div class=\"wp-block-button\"><a class=\"wp-block-button__link has-text-align-center wp-element-button\" href=\"https:\/\/www.wesco.fr\/67988045-tapis-d-eveil-avec-arche-noir-et-blanc-wesco.html?queryID=080a9cab7d2168f1f86ce113c8137021&amp;objectID=57307&amp;indexName=PRODUCTION_wesco_fr_products\" target=\"_blank\" rel=\"noreferrer noopener\">Voir le produit<\/a><\/div>\n<\/div>\n<\/div>\n<\/div>\n\n\n\n<h3 class=\"wp-block-heading\">Peluche d&#8217;activit\u00e9s sensorielle Ned<\/h3>\n\n\n\n<div class=\"wp-block-columns is-layout-flex wp-container-core-columns-is-layout-9d6595d7 wp-block-columns-is-layout-flex\">\n<div class=\"wp-block-column is-layout-flow wp-block-column-is-layout-flow\">\n<figure class=\"wp-block-image size-full\"><img loading=\"lazy\" decoding=\"async\" width=\"800\" height=\"500\" src=\"https:\/\/leblog.wesco.fr\/fr\/wp-content\/uploads\/2024\/01\/67078-ned.jpg\" alt=\"Doudou cam\u00e9l\u00e9on en noir et blanc blog wesco\" class=\"wp-image-129115\" srcset=\"https:\/\/leblog.wesco.fr\/fr\/wp-content\/uploads\/2024\/01\/67078-ned.jpg 800w, https:\/\/leblog.wesco.fr\/fr\/wp-content\/uploads\/2024\/01\/67078-ned-300x188.jpg 300w, https:\/\/leblog.wesco.fr\/fr\/wp-content\/uploads\/2024\/01\/67078-ned-768x480.jpg 768w\" sizes=\"auto, (max-width: 800px) 100vw, 800px\" \/><\/figure>\n<\/div>\n\n\n\n<div class=\"wp-block-column is-vertically-aligned-center is-layout-flow wp-block-column-is-layout-flow\">\n<p>Une frimousse attachante pour Ned, le cam\u00e9l\u00e9on. Avec sa palette chromatique bicolore et contrast\u00e9e, et ses super-pouvoirs sensoriels&nbsp;(chaleur, vibration, lumi\u00e8res et poids lest\u00e9), B\u00e9b\u00e9 pourra s\u2019apaiser.<br>Age d\u2019utilisation&nbsp;: d\u00e8s la naissance<\/p>\n\n\n\n<div class=\"wp-block-buttons is-content-justification-center is-layout-flex wp-container-core-buttons-is-layout-16018d1d wp-block-buttons-is-layout-flex\">\n<div class=\"wp-block-button\"><a class=\"wp-block-button__link wp-element-button\" href=\"https:\/\/www.google.com\/url?q=https:\/\/www.wesco.fr\/67078045-doodanimo-ned-wesco.html?queryID%3D5a84d12a660d1f13d68ff395a71af989%26objectID%3D58259%26indexName%3DPRODUCTION_wesco_fr_products&amp;sa=D&amp;source=docs&amp;ust=1709206201096608&amp;usg=AOvVaw13Bdh29BV1h702CdaBkRy4\" target=\"_blank\" rel=\"noreferrer noopener\">D\u00e9couvrir ned<\/a><\/div>\n<\/div>\n<\/div>\n<\/div>\n\n\n\n<h3 class=\"wp-block-heading\">CUBES D&#8217;\u00c9VEIL Discrimination visuelle<\/h3>\n\n\n\n<div class=\"wp-block-columns is-layout-flex wp-container-core-columns-is-layout-9d6595d7 wp-block-columns-is-layout-flex\">\n<div class=\"wp-block-column is-vertically-aligned-center is-layout-flow wp-block-column-is-layout-flow\">\n<figure class=\"wp-block-image size-full\"><img loading=\"lazy\" decoding=\"async\" width=\"800\" height=\"600\" src=\"https:\/\/leblog.wesco.fr\/fr\/wp-content\/uploads\/2024\/03\/57476_190709_pd.jpg\" alt=\"cubes eveil en tissu noir et blanc discrimination visuelle blog wesco\" class=\"wp-image-131401\" srcset=\"https:\/\/leblog.wesco.fr\/fr\/wp-content\/uploads\/2024\/03\/57476_190709_pd.jpg 800w, https:\/\/leblog.wesco.fr\/fr\/wp-content\/uploads\/2024\/03\/57476_190709_pd-300x225.jpg 300w, https:\/\/leblog.wesco.fr\/fr\/wp-content\/uploads\/2024\/03\/57476_190709_pd-768x576.jpg 768w\" sizes=\"auto, (max-width: 800px) 100vw, 800px\" \/><\/figure>\n<\/div>\n\n\n\n<div class=\"wp-block-column is-vertically-aligned-center is-layout-flow wp-block-column-is-layout-flow\">\n<p>Diff\u00e9rents contrastes et textures pour susciter curiosit\u00e9 et concentration chez B\u00e9b\u00e9.<br>Age d\u2019utilisation&nbsp;: + 9 mois<\/p>\n\n\n\n<div class=\"wp-block-buttons is-content-justification-center is-layout-flex wp-container-core-buttons-is-layout-16018d1d wp-block-buttons-is-layout-flex\">\n<div class=\"wp-block-button\"><a class=\"wp-block-button__link wp-element-button\" href=\"https:\/\/www.wesco.fr\/57476171-cubes-d-eveil-discrimination-visuelle-miniland.html?queryID=d88a6864467f66b570a756d91b552036&amp;objectID=19323&amp;indexName=PRODUCTION_wesco_fr_products\" target=\"_blank\" rel=\"noreferrer noopener\">Voir les cubes<\/a><\/div>\n<\/div>\n<\/div>\n<\/div>\n\n\n\n<h3 class=\"wp-block-heading\">CHEVALET D&#8217;\u00c9VEIL La savane<\/h3>\n\n\n\n<div class=\"wp-block-columns is-layout-flex wp-container-core-columns-is-layout-9d6595d7 wp-block-columns-is-layout-flex\">\n<div class=\"wp-block-column is-vertically-aligned-center is-layout-flow wp-block-column-is-layout-flow\">\n<figure class=\"wp-block-image size-full\"><img loading=\"lazy\" decoding=\"async\" width=\"800\" height=\"500\" src=\"https:\/\/leblog.wesco.fr\/fr\/wp-content\/uploads\/2024\/01\/65497-chevalet.jpg\" alt=\"Chevalet en jouet avec des images en noir et blanc wesco blog\" class=\"wp-image-129113\" srcset=\"https:\/\/leblog.wesco.fr\/fr\/wp-content\/uploads\/2024\/01\/65497-chevalet.jpg 800w, https:\/\/leblog.wesco.fr\/fr\/wp-content\/uploads\/2024\/01\/65497-chevalet-300x188.jpg 300w, https:\/\/leblog.wesco.fr\/fr\/wp-content\/uploads\/2024\/01\/65497-chevalet-768x480.jpg 768w\" sizes=\"auto, (max-width: 800px) 100vw, 800px\" \/><\/figure>\n<\/div>\n\n\n\n<div class=\"wp-block-column is-vertically-aligned-center is-layout-flow wp-block-column-is-layout-flow\">\n<p>Un c\u00f4t\u00e9 en noir et blanc et un c\u00f4t\u00e9 color\u00e9 pour suivre B\u00e9b\u00e9 dans ses apprentissages visuels. Tr\u00e8s pratique car ce chevalet se maintient tout seul. Vous pourrez placer B\u00e9b\u00e9 sur le ventre, face au jeu&nbsp;(une fois qu&#8217;il tiendra bien sa t\u00eate), afin de renforcer son tonus musculaire et l&#8217;encourager dans sa motricit\u00e9 globale.<\/p>\n\n\n\n<div class=\"wp-block-buttons is-content-justification-center is-layout-flex wp-container-core-buttons-is-layout-16018d1d wp-block-buttons-is-layout-flex\">\n<div class=\"wp-block-button\"><a class=\"wp-block-button__link wp-element-button\" href=\"https:\/\/www.wesco.fr\/65497171-livre-chevalet-en-tissu-la-savane.html\" target=\"_blank\" rel=\"noreferrer noopener\">Voir le chevalet<\/a><\/div>\n<\/div>\n<\/div>\n<\/div>\n\n\n\n<h2 class=\"wp-block-heading\">COLLECTION IMAGIER CONTRAST\u00c9 Mes animaux tout doux<\/h2>\n\n\n\n<div class=\"wp-block-columns is-layout-flex wp-container-core-columns-is-layout-9d6595d7 wp-block-columns-is-layout-flex\">\n<div class=\"wp-block-column is-vertically-aligned-center is-layout-flow wp-block-column-is-layout-flow\">\n<figure class=\"wp-block-image size-full\"><img loading=\"lazy\" decoding=\"async\" width=\"800\" height=\"600\" src=\"https:\/\/leblog.wesco.fr\/fr\/wp-content\/uploads\/2024\/03\/57318_190709_pd.jpg\" alt=\"imagier tout carton discrimination visuelle contraste noir et blanc eveil bebe le blog wesco\" class=\"wp-image-131405\" srcset=\"https:\/\/leblog.wesco.fr\/fr\/wp-content\/uploads\/2024\/03\/57318_190709_pd.jpg 800w, https:\/\/leblog.wesco.fr\/fr\/wp-content\/uploads\/2024\/03\/57318_190709_pd-300x225.jpg 300w, https:\/\/leblog.wesco.fr\/fr\/wp-content\/uploads\/2024\/03\/57318_190709_pd-768x576.jpg 768w\" sizes=\"auto, (max-width: 800px) 100vw, 800px\" \/><\/figure>\n<\/div>\n\n\n\n<div class=\"wp-block-column is-vertically-aligned-center is-layout-flow wp-block-column-is-layout-flow\">\n<p>Noir et blanc avec quelques touches de couleur et des textures \u00e0 toucher pour faciliter la d\u00e9couverte de B\u00e9b\u00e9.<br>Age d\u2019utilisation&nbsp;: + 12 mois<\/p>\n\n\n\n<div class=\"wp-block-buttons is-content-justification-center is-layout-flex wp-container-core-buttons-is-layout-16018d1d wp-block-buttons-is-layout-flex\">\n<div class=\"wp-block-button\"><a class=\"wp-block-button__link wp-element-button\" href=\"https:\/\/www.wesco.fr\/57318171-imagier-noir-et-blanc-a-toucher-mes-animaux-tout-doux-tourbillon.html?queryID=0e128caa436f2247e5f365a386a477a7&amp;objectID=19040&amp;indexName=PRODUCTION_wesco_fr_products\" target=\"_blank\" rel=\"noreferrer noopener\">Voir l&#8217;imagier<\/a><\/div>\n<\/div>\n<\/div>\n<\/div>\n\n\n\n<h2 class=\"wp-block-heading\">MON D\u00c9 \u00c0 HISTOIRES<\/h2>\n\n\n\n<div class=\"wp-block-columns is-layout-flex wp-container-core-columns-is-layout-9d6595d7 wp-block-columns-is-layout-flex\">\n<div class=\"wp-block-column is-layout-flow wp-block-column-is-layout-flow\">\n<figure class=\"wp-block-image size-full\"><img loading=\"lazy\" decoding=\"async\" width=\"800\" height=\"500\" src=\"https:\/\/leblog.wesco.fr\/fr\/wp-content\/uploads\/2024\/01\/66485-de-histoires.jpg\" alt=\"Plusieurs livres en noir et blanc blog wesco\" class=\"wp-image-129114\" srcset=\"https:\/\/leblog.wesco.fr\/fr\/wp-content\/uploads\/2024\/01\/66485-de-histoires.jpg 800w, https:\/\/leblog.wesco.fr\/fr\/wp-content\/uploads\/2024\/01\/66485-de-histoires-300x188.jpg 300w, https:\/\/leblog.wesco.fr\/fr\/wp-content\/uploads\/2024\/01\/66485-de-histoires-768x480.jpg 768w\" sizes=\"auto, (max-width: 800px) 100vw, 800px\" \/><\/figure>\n<\/div>\n\n\n\n<div class=\"wp-block-column is-vertically-aligned-center is-layout-flow wp-block-column-is-layout-flow\">\n<p>Plusieurs histoires \u00e0 d\u00e9couvrir, 100% en noir et blanc. Age d\u2019utilisation&nbsp;: d\u00e8s la naissance<\/p>\n\n\n\n<div class=\"wp-block-buttons is-content-justification-center is-layout-flex wp-container-core-buttons-is-layout-16018d1d wp-block-buttons-is-layout-flex\">\n<div class=\"wp-block-button\"><a class=\"wp-block-button__link wp-element-button\" href=\"https:\/\/www.wesco.fr\/66485171-mon-de-a-histoires-casterman.html\" target=\"_blank\" rel=\"noreferrer noopener\">Voir le produit<\/a><\/div>\n<\/div>\n<\/div>\n<\/div>\n\n\n\n<h2 class=\"wp-block-heading\">Balle de pr\u00e9hension <\/h2>\n\n\n\n<div class=\"wp-block-columns is-layout-flex wp-container-core-columns-is-layout-9d6595d7 wp-block-columns-is-layout-flex\">\n<div class=\"wp-block-column is-vertically-aligned-center is-layout-flow wp-block-column-is-layout-flow\">\n<figure class=\"wp-block-image size-full\"><img loading=\"lazy\" decoding=\"async\" width=\"800\" height=\"500\" src=\"https:\/\/leblog.wesco.fr\/fr\/wp-content\/uploads\/2024\/01\/69174-balle.jpg\" alt=\"Balle de pr\u00e9hension pour b\u00e9b\u00e9 en noir et blanc blog wesco\" class=\"wp-image-129116\" srcset=\"https:\/\/leblog.wesco.fr\/fr\/wp-content\/uploads\/2024\/01\/69174-balle.jpg 800w, https:\/\/leblog.wesco.fr\/fr\/wp-content\/uploads\/2024\/01\/69174-balle-300x188.jpg 300w, https:\/\/leblog.wesco.fr\/fr\/wp-content\/uploads\/2024\/01\/69174-balle-768x480.jpg 768w\" sizes=\"auto, (max-width: 800px) 100vw, 800px\" \/><\/figure>\n<\/div>\n\n\n\n<div class=\"wp-block-column is-vertically-aligned-center is-layout-flow wp-block-column-is-layout-flow\">\n<p>Plus facile pour B\u00e9b\u00e9 de visualiser cette balle en noir et blanc et ainsi l\u2019attraper pour s\u2019amuser.<br>Age d\u2019utilisation&nbsp;: d\u00e8s la naissance<\/p>\n\n\n\n<div class=\"wp-block-buttons is-content-justification-center is-layout-flex wp-container-core-buttons-is-layout-16018d1d wp-block-buttons-is-layout-flex\">\n<div class=\"wp-block-button\"><a class=\"wp-block-button__link wp-element-button\" href=\"https:\/\/www.wesco.fr\/69174045-balles-d-activites-o-ball-noir-blanc-oball.html?queryID=46e0a2796d15e4bdf2db606ccfd6b2cf&amp;objectID=59327&amp;indexName=PRODUCTION_wesco_fr_products\" target=\"_blank\" rel=\"noreferrer noopener\">Voir la balle de pr\u00e9hension<\/a><\/div>\n<\/div>\n<\/div>\n<\/div>\n\n\n\n<h5 class=\"wp-block-heading\">En bref&nbsp;<\/h5>\n\n\n\n<p>Aidez B\u00e9b\u00e9 \u00e0 developper son acuit\u00e9 visuelle en lui proposant quelques jouets en noir et blanc. La vue de B\u00e9b\u00e9 se d\u00e9veloppe durant ses deux premi\u00e8res ann\u00e9es de vie.<\/p>\n\n\n\n<h5 class=\"wp-block-heading\">Notre s\u00e9lection<\/h5>\n\n\n\n<div class=\"wp-block-carousel-slider-slider\"><div class=\"carousel-slider-outer carousel-slider-outer-image-carousel carousel-slider-outer-129043\" style=\"--carousel-slider-nav-color:#f1f1f1;--carousel-slider-active-nav-color:rgb(10,0,0);--carousel-slider-arrow-size:48px;--carousel-slider-bullet-size:10px\">\n<div id=\"&#039;id-129043\" class=\"carousel-slider carousel-slider-129043 arrows-visibility-hover dots-visibility-never arrows-outside dots-center dots-circle owl-carousel\" data-slide-type=\"image-carousel\" data-owl-settings='{\"nav\":true,\"dots\":false,\"slideBy\":1,\"stagePadding\":0,\"margin\":10,\"loop\":false,\"lazyLoad\":false,\"autoplay\":true,\"autoplayTimeout\":5000,\"autoplaySpeed\":500,\"autoplayHoverPause\":true,\"autoWidth\":false,\"responsive\":{\"300\":{\"items\":1},\"576\":{\"items\":2},\"768\":{\"items\":2},\"1024\":{\"items\":3},\"1280\":{\"items\":4},\"1536\":{\"items\":5}}}'>\n<div class=\"carousel-slider__item\">\n\t<a href=\"https:\/\/www.wesco.fr\/60024171-imagier-d-activites-noir-et-blanc-clementoni.html\" target=\"_blank\"><img loading=\"lazy\" decoding=\"async\" width=\"800\" height=\"600\" src=\"https:\/\/leblog.wesco.fr\/fr\/wp-content\/uploads\/2024\/01\/Chevalet_eveil_savane_noir_blanc.jpg\" class=\"attachment-large size-large\" alt=\"Imagier en noir et blanc pour b\u00e9b\u00e9 blog wesco\" srcset=\"https:\/\/leblog.wesco.fr\/fr\/wp-content\/uploads\/2024\/01\/Chevalet_eveil_savane_noir_blanc.jpg 800w, https:\/\/leblog.wesco.fr\/fr\/wp-content\/uploads\/2024\/01\/Chevalet_eveil_savane_noir_blanc-300x225.jpg 300w, https:\/\/leblog.wesco.fr\/fr\/wp-content\/uploads\/2024\/01\/Chevalet_eveil_savane_noir_blanc-768x576.jpg 768w\" sizes=\"auto, (max-width: 800px) 100vw, 800px\" \/><div class=\"carousel-slider__caption\"><h4 class=\"title\">IMAGIER D&#039;ACTIVIT\u00c9S NOIR ET BLANC<\/h4><\/div><\/a><\/div>\n\n<div class=\"carousel-slider__item\">\n\t<a href=\"https:\/\/www.wesco.fr\/66485171-mon-de-a-histoires-casterman.html\" target=\"_blank\"><img loading=\"lazy\" decoding=\"async\" width=\"800\" height=\"600\" src=\"https:\/\/leblog.wesco.fr\/fr\/wp-content\/uploads\/2024\/01\/De_histoires_noir_blanc.jpg\" class=\"attachment-large size-large\" alt=\"D\u00e9 \u00e0 histoires en noir et blanc pour b\u00e9b\u00e9 blog wesco\" srcset=\"https:\/\/leblog.wesco.fr\/fr\/wp-content\/uploads\/2024\/01\/De_histoires_noir_blanc.jpg 800w, https:\/\/leblog.wesco.fr\/fr\/wp-content\/uploads\/2024\/01\/De_histoires_noir_blanc-300x225.jpg 300w, https:\/\/leblog.wesco.fr\/fr\/wp-content\/uploads\/2024\/01\/De_histoires_noir_blanc-768x576.jpg 768w\" sizes=\"auto, (max-width: 800px) 100vw, 800px\" \/><div class=\"carousel-slider__caption\"><h4 class=\"title\">MON D\u00c9 \u00c0 HISTOIRES<\/h4><\/div><\/a><\/div>\n\n<div class=\"carousel-slider__item\">\n\t<a href=\"https:\/\/www.wesco.fr\/57476171-cubes-d-eveil-discrimination-visuelle-miniland.html?queryID=053b58c10fc64a7a1e1d85d78047da4f&#038;objectID=19323&#038;indexName=PRODUCTION_wesco_fr_products\" target=\"_blank\"><img loading=\"lazy\" decoding=\"async\" width=\"800\" height=\"600\" src=\"https:\/\/leblog.wesco.fr\/fr\/wp-content\/uploads\/2024\/03\/57476_190709_pd.jpg\" class=\"attachment-large size-large\" alt=\"cubes eveil en tissu noir et blanc discrimination visuelle blog wesco\" srcset=\"https:\/\/leblog.wesco.fr\/fr\/wp-content\/uploads\/2024\/03\/57476_190709_pd.jpg 800w, https:\/\/leblog.wesco.fr\/fr\/wp-content\/uploads\/2024\/03\/57476_190709_pd-300x225.jpg 300w, https:\/\/leblog.wesco.fr\/fr\/wp-content\/uploads\/2024\/03\/57476_190709_pd-768x576.jpg 768w\" sizes=\"auto, (max-width: 800px) 100vw, 800px\" \/><div class=\"carousel-slider__caption\"><h4 class=\"title\">CUBES D&#039;\u00c9VEIL Discrimination visuelle<\/h4><\/div><\/a><\/div>\n\n<div class=\"carousel-slider__item\">\n\t<a href=\"https:\/\/www.wesco.fr\/67988045-tapis-d-eveil-avec-arche-noir-et-blanc-wesco.html?queryID=080a9cab7d2168f1f86ce113c8137021&#038;objectID=57307&#038;indexName=PRODUCTION_wesco_fr_products\" target=\"_blank\"><img loading=\"lazy\" decoding=\"async\" width=\"800\" height=\"600\" src=\"https:\/\/leblog.wesco.fr\/fr\/wp-content\/uploads\/2024\/03\/67988_c171_230925_pd.jpg\" class=\"attachment-large size-large\" alt=\"tapis eveil noir et blanc avec arche eveil bebe le blog wesco\" srcset=\"https:\/\/leblog.wesco.fr\/fr\/wp-content\/uploads\/2024\/03\/67988_c171_230925_pd.jpg 800w, https:\/\/leblog.wesco.fr\/fr\/wp-content\/uploads\/2024\/03\/67988_c171_230925_pd-300x225.jpg 300w, https:\/\/leblog.wesco.fr\/fr\/wp-content\/uploads\/2024\/03\/67988_c171_230925_pd-768x576.jpg 768w\" sizes=\"auto, (max-width: 800px) 100vw, 800px\" \/><div class=\"carousel-slider__caption\"><h4 class=\"title\">TAPIS D&#039;\u00c9VEIL Noir et blanc avec arche<\/h4><\/div><\/a><\/div>\n\n<div class=\"carousel-slider__item\">\n\t<a href=\"https:\/\/www.wesco.fr\/57318171-imagier-noir-et-blanc-a-toucher-mes-animaux-tout-doux-tourbillon.html?queryID=0e128caa436f2247e5f365a386a477a7&#038;objectID=19040&#038;indexName=PRODUCTION_wesco_fr_products\" target=\"_blank\"><img loading=\"lazy\" decoding=\"async\" width=\"800\" height=\"600\" src=\"https:\/\/leblog.wesco.fr\/fr\/wp-content\/uploads\/2024\/03\/57318_190709_pd.jpg\" class=\"attachment-large size-large\" alt=\"imagier tout carton discrimination visuelle contraste noir et blanc eveil bebe le blog wesco\" srcset=\"https:\/\/leblog.wesco.fr\/fr\/wp-content\/uploads\/2024\/03\/57318_190709_pd.jpg 800w, https:\/\/leblog.wesco.fr\/fr\/wp-content\/uploads\/2024\/03\/57318_190709_pd-300x225.jpg 300w, https:\/\/leblog.wesco.fr\/fr\/wp-content\/uploads\/2024\/03\/57318_190709_pd-768x576.jpg 768w\" sizes=\"auto, (max-width: 800px) 100vw, 800px\" \/><div class=\"carousel-slider__caption\"><h4 class=\"title\">COLLECTION IMAGIER CONTRAST\u00c9 Mes animaux tout doux<\/h4><\/div><\/a><\/div>\n\n<\/div><!-- .carousel-slider-129043 -->\n<\/div><!-- .carousel-slider-outer-129043 -->\n<\/div>\n\n\n\n<h5 class=\"wp-block-heading\">Pour aller plus loin<\/h5>\n\n\n\n<ul class=\"wp-block-list\">\n<li>Vid\u00e9o de la maison des maternelles <a href=\"https:\/\/www.youtube.com\/watch?v=fKES5X1I_Gk\" target=\"_blank\" rel=\"noreferrer noopener\">\u00ab&nbsp;Que voit mon B\u00e9b\u00e9 \u00bb<\/a><\/li>\n\n\n\n<li><a href=\"https:\/\/leblog.wesco.fr\/fr\/un-guide-deveil-pour-conseiller-les-parents-de-bebes-de-0-a-24-mois\/\">Un guide d\u2019\u00e9veil pour conseiller les parents de b\u00e9b\u00e9s de 0 \u00e0 24 mois<\/a><\/li>\n<\/ul>\n","protected":false},"excerpt":{"rendered":"<p>Saviez-vous que la vision est le dernier des sens \u00e0 se d\u00e9velopper chez un b\u00e9b\u00e9 ? \u00c0 sa naissance, le b\u00e9b\u00e9 voit de mani\u00e8re floue et les seuls \u00e9l\u00e9ments visibles sont ceux qui sont proches de lui&nbsp;(\u00e0 une distance de 20 \u00e0 30 cm). Le noir et blanc peut stimuler l\u2019acuit\u00e9 visuelle de B\u00e9b\u00e9, on vous explique pourquoi et d\u00e9couvrez notre s\u00e9lection de jouets 100% contrast\u00e9e. Les avantages des jeux et jouets en noir et blanc pour B\u00e9b\u00e9 Le noir et blanc joue un r\u00f4le essentiel dans le d\u00e9veloppement visuel de B\u00e9b\u00e9. En raison des contrastes, B\u00e9b\u00e9 est en mesure de distinguer plus facilement les contours des images et objets qui lui sont pr\u00e9sent\u00e9s. Cette stimulation favorise le d\u00e9veloppement de sa vision.Vers l&#8217;\u00e2ge de 4 mois, le monde color\u00e9 commence \u00e0 s&#8217;ouvrir \u00e0 B\u00e9b\u00e9 et [&hellip;]<\/p>\n","protected":false},"author":19,"featured_media":129117,"comment_status":"open","ping_status":"open","sticky":false,"template":"","format":"standard","meta":{"_lmt_disableupdate":"","_lmt_disable":"","episode_type":"","audio_file":"","podmotor_file_id":"","podmotor_episode_id":"","cover_image":"","cover_image_id":"","duration":"","filesize":"","filesize_raw":"","date_recorded":"","explicit":"","block":"","itunes_episode_number":"","itunes_title":"","itunes_season_number":"","itunes_episode_type":"","footnotes":""},"categories":[62],"tags":[16,25,38],"class_list":["post-129040","post","type-post","status-publish","format-standard","has-post-thumbnail","hentry","category-eveil-et-apprentissage","tag-0-12-mois","tag-apprentissages-fondamentaux","tag-eveil"],"yoast_head":"<!-- This site is optimized with the Yoast SEO plugin v27.4 - https:\/\/yoast.com\/product\/yoast-seo-wordpress\/ -->\n<title>Jouets noir et blanc : \u00e9veiller la vision de b\u00e9b\u00e9 - Le Blog Wesco<\/title>\n<meta name=\"description\" content=\"Stimulez la vision de B\u00e9b\u00e9 avec nos jouets en noir et blanc. D\u00e9couvrez l&#039;\u00e9volution de sa vision d\u00e8s la naissance avec tapis, cubes, chevalet, et plus encore.\" \/>\n<meta name=\"robots\" content=\"index, follow, max-snippet:-1, max-image-preview:large, max-video-preview:-1\" \/>\n<link rel=\"canonical\" href=\"https:\/\/leblog.wesco.fr\/fr\/jouets-noir-et-blanc-eveiller-la-vision-de-bebe-le-blog-wesco\/\" \/>\n<meta property=\"og:locale\" content=\"fr_FR\" \/>\n<meta property=\"og:type\" content=\"article\" \/>\n<meta property=\"og:title\" content=\"Jouets noir et blanc : \u00e9veiller la vision de b\u00e9b\u00e9 - Le Blog Wesco\" \/>\n<meta property=\"og:description\" content=\"Stimulez la vision de B\u00e9b\u00e9 avec nos jouets en noir et blanc. D\u00e9couvrez l&#039;\u00e9volution de sa vision d\u00e8s la naissance avec tapis, cubes, chevalet, et plus encore.\" \/>\n<meta property=\"og:url\" content=\"https:\/\/leblog.wesco.fr\/fr\/jouets-noir-et-blanc-eveiller-la-vision-de-bebe-le-blog-wesco\/\" \/>\n<meta property=\"og:site_name\" content=\"Blog Wesco\" \/>\n<meta property=\"article:published_time\" content=\"2024-03-25T07:30:00+00:00\" \/>\n<meta property=\"article:modified_time\" content=\"2025-08-05T08:53:00+00:00\" \/>\n<meta property=\"og:image\" content=\"https:\/\/leblog.wesco.fr\/fr\/wp-content\/uploads\/2024\/01\/jouets-noir-blanc.jpg\" \/>\n\t<meta property=\"og:image:width\" content=\"1600\" \/>\n\t<meta property=\"og:image:height\" content=\"800\" \/>\n\t<meta property=\"og:image:type\" content=\"image\/jpeg\" \/>\n<meta name=\"author\" content=\"Mathilde Allin\" \/>\n<meta name=\"twitter:card\" content=\"summary_large_image\" \/>\n<meta name=\"twitter:label1\" content=\"\u00c9crit par\" \/>\n\t<meta name=\"twitter:data1\" content=\"Mathilde Allin\" \/>\n\t<meta name=\"twitter:label2\" content=\"Dur\u00e9e de lecture estim\u00e9e\" \/>\n\t<meta name=\"twitter:data2\" content=\"5 minutes\" \/>\n<!-- \/ Yoast SEO plugin. -->","yoast_head_json":{"title":"Jouets noir et blanc : \u00e9veiller la vision de b\u00e9b\u00e9 - Le Blog Wesco","description":"Stimulez la vision de B\u00e9b\u00e9 avec nos jouets en noir et blanc. D\u00e9couvrez l'\u00e9volution de sa vision d\u00e8s la naissance avec tapis, cubes, chevalet, et plus encore.","robots":{"index":"index","follow":"follow","max-snippet":"max-snippet:-1","max-image-preview":"max-image-preview:large","max-video-preview":"max-video-preview:-1"},"canonical":"https:\/\/leblog.wesco.fr\/fr\/jouets-noir-et-blanc-eveiller-la-vision-de-bebe-le-blog-wesco\/","og_locale":"fr_FR","og_type":"article","og_title":"Jouets noir et blanc : \u00e9veiller la vision de b\u00e9b\u00e9 - Le Blog Wesco","og_description":"Stimulez la vision de B\u00e9b\u00e9 avec nos jouets en noir et blanc. D\u00e9couvrez l'\u00e9volution de sa vision d\u00e8s la naissance avec tapis, cubes, chevalet, et plus encore.","og_url":"https:\/\/leblog.wesco.fr\/fr\/jouets-noir-et-blanc-eveiller-la-vision-de-bebe-le-blog-wesco\/","og_site_name":"Blog Wesco","article_published_time":"2024-03-25T07:30:00+00:00","article_modified_time":"2025-08-05T08:53:00+00:00","og_image":[{"width":1600,"height":800,"url":"https:\/\/leblog.wesco.fr\/fr\/wp-content\/uploads\/2024\/01\/jouets-noir-blanc.jpg","type":"image\/jpeg"}],"author":"Mathilde Allin","twitter_card":"summary_large_image","twitter_misc":{"\u00c9crit par":"Mathilde Allin","Dur\u00e9e de lecture estim\u00e9e":"5 minutes"},"schema":{"@context":"https:\/\/schema.org","@graph":[{"@type":"Article","@id":"https:\/\/leblog.wesco.fr\/fr\/jouets-noir-et-blanc-eveiller-la-vision-de-bebe-le-blog-wesco\/#article","isPartOf":{"@id":"https:\/\/leblog.wesco.fr\/fr\/jouets-noir-et-blanc-eveiller-la-vision-de-bebe-le-blog-wesco\/"},"author":{"name":"Mathilde Allin","@id":"https:\/\/leblog.wesco.fr\/fr\/#\/schema\/person\/4498a81882e3479cd626e6aeba92e793"},"headline":"Les bienfaits des jouets en noir et blanc pour B\u00e9b\u00e9","datePublished":"2024-03-25T07:30:00+00:00","dateModified":"2025-08-05T08:53:00+00:00","mainEntityOfPage":{"@id":"https:\/\/leblog.wesco.fr\/fr\/jouets-noir-et-blanc-eveiller-la-vision-de-bebe-le-blog-wesco\/"},"wordCount":582,"commentCount":2,"image":{"@id":"https:\/\/leblog.wesco.fr\/fr\/jouets-noir-et-blanc-eveiller-la-vision-de-bebe-le-blog-wesco\/#primaryimage"},"thumbnailUrl":"https:\/\/leblog.wesco.fr\/fr\/wp-content\/uploads\/2024\/01\/jouets-noir-blanc.jpg","keywords":["0\/12 mois","Apprentissages fondamentaux","\u00c9veil"],"articleSection":["\u00c9veil &amp; apprentissage"],"inLanguage":"fr-FR","potentialAction":[{"@type":"CommentAction","name":"Comment","target":["https:\/\/leblog.wesco.fr\/fr\/jouets-noir-et-blanc-eveiller-la-vision-de-bebe-le-blog-wesco\/#respond"]}]},{"@type":"WebPage","@id":"https:\/\/leblog.wesco.fr\/fr\/jouets-noir-et-blanc-eveiller-la-vision-de-bebe-le-blog-wesco\/","url":"https:\/\/leblog.wesco.fr\/fr\/jouets-noir-et-blanc-eveiller-la-vision-de-bebe-le-blog-wesco\/","name":"Jouets noir et blanc : \u00e9veiller la vision de b\u00e9b\u00e9 - Le Blog Wesco","isPartOf":{"@id":"https:\/\/leblog.wesco.fr\/fr\/#website"},"primaryImageOfPage":{"@id":"https:\/\/leblog.wesco.fr\/fr\/jouets-noir-et-blanc-eveiller-la-vision-de-bebe-le-blog-wesco\/#primaryimage"},"image":{"@id":"https:\/\/leblog.wesco.fr\/fr\/jouets-noir-et-blanc-eveiller-la-vision-de-bebe-le-blog-wesco\/#primaryimage"},"thumbnailUrl":"https:\/\/leblog.wesco.fr\/fr\/wp-content\/uploads\/2024\/01\/jouets-noir-blanc.jpg","datePublished":"2024-03-25T07:30:00+00:00","dateModified":"2025-08-05T08:53:00+00:00","author":{"@id":"https:\/\/leblog.wesco.fr\/fr\/#\/schema\/person\/4498a81882e3479cd626e6aeba92e793"},"description":"Stimulez la vision de B\u00e9b\u00e9 avec nos jouets en noir et blanc. D\u00e9couvrez l'\u00e9volution de sa vision d\u00e8s la naissance avec tapis, cubes, chevalet, et plus encore.","breadcrumb":{"@id":"https:\/\/leblog.wesco.fr\/fr\/jouets-noir-et-blanc-eveiller-la-vision-de-bebe-le-blog-wesco\/#breadcrumb"},"inLanguage":"fr-FR","potentialAction":[{"@type":"ReadAction","target":["https:\/\/leblog.wesco.fr\/fr\/jouets-noir-et-blanc-eveiller-la-vision-de-bebe-le-blog-wesco\/"]}]},{"@type":"ImageObject","inLanguage":"fr-FR","@id":"https:\/\/leblog.wesco.fr\/fr\/jouets-noir-et-blanc-eveiller-la-vision-de-bebe-le-blog-wesco\/#primaryimage","url":"https:\/\/leblog.wesco.fr\/fr\/wp-content\/uploads\/2024\/01\/jouets-noir-blanc.jpg","contentUrl":"https:\/\/leblog.wesco.fr\/fr\/wp-content\/uploads\/2024\/01\/jouets-noir-blanc.jpg","width":1600,"height":800,"caption":"Fille avec un doudou en forme de cam\u00e9l\u00e9on blog wesco"},{"@type":"BreadcrumbList","@id":"https:\/\/leblog.wesco.fr\/fr\/jouets-noir-et-blanc-eveiller-la-vision-de-bebe-le-blog-wesco\/#breadcrumb","itemListElement":[{"@type":"ListItem","position":1,"name":"Accueil","item":"https:\/\/leblog.wesco.fr\/fr\/"},{"@type":"ListItem","position":2,"name":"\u00c9veil &amp; apprentissage","item":"https:\/\/leblog.wesco.fr\/fr\/category\/eveil-et-apprentissage\/"},{"@type":"ListItem","position":3,"name":"Les bienfaits des jouets en noir et blanc pour B\u00e9b\u00e9"}]},{"@type":"WebSite","@id":"https:\/\/leblog.wesco.fr\/fr\/#website","url":"https:\/\/leblog.wesco.fr\/fr\/","name":"Blog Wesco","description":"Le rendez-vous des enfants, des parents et des professionnels","potentialAction":[{"@type":"SearchAction","target":{"@type":"EntryPoint","urlTemplate":"https:\/\/leblog.wesco.fr\/fr\/?s={search_term_string}"},"query-input":{"@type":"PropertyValueSpecification","valueRequired":true,"valueName":"search_term_string"}}],"inLanguage":"fr-FR"},{"@type":"Person","@id":"https:\/\/leblog.wesco.fr\/fr\/#\/schema\/person\/4498a81882e3479cd626e6aeba92e793","name":"Mathilde Allin","url":"https:\/\/leblog.wesco.fr\/fr\/author\/mallin\/"}]}},"modified_by":"Caroline Bretaudeau","_links":{"self":[{"href":"https:\/\/leblog.wesco.fr\/fr\/wp-json\/wp\/v2\/posts\/129040","targetHints":{"allow":["GET"]}}],"collection":[{"href":"https:\/\/leblog.wesco.fr\/fr\/wp-json\/wp\/v2\/posts"}],"about":[{"href":"https:\/\/leblog.wesco.fr\/fr\/wp-json\/wp\/v2\/types\/post"}],"author":[{"embeddable":true,"href":"https:\/\/leblog.wesco.fr\/fr\/wp-json\/wp\/v2\/users\/19"}],"replies":[{"embeddable":true,"href":"https:\/\/leblog.wesco.fr\/fr\/wp-json\/wp\/v2\/comments?post=129040"}],"version-history":[{"count":13,"href":"https:\/\/leblog.wesco.fr\/fr\/wp-json\/wp\/v2\/posts\/129040\/revisions"}],"predecessor-version":[{"id":131594,"href":"https:\/\/leblog.wesco.fr\/fr\/wp-json\/wp\/v2\/posts\/129040\/revisions\/131594"}],"wp:featuredmedia":[{"embeddable":true,"href":"https:\/\/leblog.wesco.fr\/fr\/wp-json\/wp\/v2\/media\/129117"}],"wp:attachment":[{"href":"https:\/\/leblog.wesco.fr\/fr\/wp-json\/wp\/v2\/media?parent=129040"}],"wp:term":[{"taxonomy":"category","embeddable":true,"href":"https:\/\/leblog.wesco.fr\/fr\/wp-json\/wp\/v2\/categories?post=129040"},{"taxonomy":"post_tag","embeddable":true,"href":"https:\/\/leblog.wesco.fr\/fr\/wp-json\/wp\/v2\/tags?post=129040"}],"curies":[{"name":"wp","href":"https:\/\/api.w.org\/{rel}","templated":true}]}}