{"id":128404,"date":"2023-06-06T09:33:35","date_gmt":"2023-06-06T07:33:35","guid":{"rendered":"https:\/\/leblog.wesco.fr\/fr\/?p=128404"},"modified":"2025-07-11T15:53:28","modified_gmt":"2025-07-11T13:53:28","slug":"5-choses-a-retenir-sur-la-plagiocephalie-positionnelle-de-bebe","status":"publish","type":"post","link":"https:\/\/leblog.wesco.fr\/fr\/5-choses-a-retenir-sur-la-plagiocephalie-positionnelle-de-bebe\/","title":{"rendered":"5 choses \u00e0 retenir sur la plagioc\u00e9phalie positionnelle de B\u00e9b\u00e9"},"content":{"rendered":"\n<p><em>Article r\u00e9dig\u00e9 en partenariat avec Cl\u00e9a Secci, kin\u00e9sith\u00e9rapeute p\u00e9diatrique.<\/em><\/p>\n\n\n\n<p>La plagioc\u00e9phalie positionnelle de B\u00e9b\u00e9 est une d\u00e9formation du cr\u00e2ne cons\u00e9cutive \u00e0 l\u2019application d\u2019une force ext\u00e9rieure sur une zone du cr\u00e2ne et de fa\u00e7on r\u00e9p\u00e9t\u00e9e. C\u2019est la position pr\u00e9f\u00e9rentielle qu\u2019adopte le nourrisson qui est en cause. Elle concernerait 1 enfant sur 5. Face \u00e0 une telle situation, il est recommand\u00e9 de consulter un <a href=\"https:\/\/leblog.wesco.fr\/fr\/kinesitherapeute-pour-enfants-zoom-sur-le-metier-de-clea-secci\/\">kin\u00e9sith\u00e9rapeute sp\u00e9cialis\u00e9 en p\u00e9diatrie<\/a>. Voici quelques notions int\u00e9ressantes \u00e0 retenir sur le sujet.<\/p>\n\n\n\n<h2 class=\"wp-block-heading\">5 choses sur la plagioc\u00e9phalie positionnelle du nourrisson<\/h2>\n\n\n\n<p>1&nbsp;&#8211; <strong>L\u2019aplatissement du cr\u00e2ne<\/strong> est le reflet d\u2019un manque de mobilit\u00e9 global du b\u00e9b\u00e9 vers un c\u00f4t\u00e9 non pr\u00e9f\u00e9rentiel, entra\u00eenant une plagioc\u00e9phalie, ou bien de fa\u00e7on bilat\u00e9rale, entra\u00eenant une brachyc\u00e9phalie.<\/p>\n\n\n\n<p>2&nbsp;&#8211; C\u2019est l\u2019\u00e9volution vers une mobilit\u00e9 globale et cervicale riche du b\u00e9b\u00e9 qui va permettre au cr\u00e2ne de se remodeler progressivement. Ce gain de mobilit\u00e9 peut se faire par le biais d\u2019exercices actifs avec B\u00e9b\u00e9 montr\u00e9s par votre <strong>kin\u00e9sith\u00e9rapeute p\u00e9diatrique<\/strong> et \u00e0 reproduire \u00e0 la maison, ainsi que des mobilisations que ce dernier r\u00e9alisera en s\u00e9ance.<\/p>\n\n\n\n<p>3&nbsp;&#8211; B\u00e9b\u00e9 apprend beaucoup sur le plan moteur lorsqu\u2019il est <strong>positionn\u00e9 \u00e0 plat sur le dos<\/strong> sur une surface ferme. Ainsi il ressent mieux son corps et ses points d\u2019appui et emmagasine de l\u2019exp\u00e9rience pour d\u00e9velopper un large panel d\u2019adaptations posturales et sa motricit\u00e9. Pour cela, le choix d\u2019un<a href=\"https:\/\/www.wesco.fr\/of45432-tapis-uni-cousu-130-x-130-cm-wesco.html\" target=\"_blank\" rel=\"noreferrer noopener\"> tapis de qualit\u00e9<\/a> est important. Il vaut mieux \u00e9viter les rev\u00eatements textiles qui emp\u00eachent les glissements.<\/p>\n\n\n\n<p>4\u00a0&#8211; Les b\u00e9b\u00e9s sont naturellement attir\u00e9s par les motifs contrast\u00e9s. Pour les guider vers le c\u00f4t\u00e9 non pr\u00e9f\u00e9rentiel on utilisera des <a href=\"https:\/\/www.wesco.fr\/65497171-livre-chevalet-en-tissu-la-savane.html?queryID=81584feaf03ac0c9c9a273685fc2e392&amp;objectID=45795&amp;indexName=PRODUCTION_wesco_fr_products\" target=\"_blank\" rel=\"noreferrer noopener\">objets noirs et blancs<\/a> dans un premier temps\u00a0(jusqu\u2019\u00e0 3 mois environ), puis des <a href=\"https:\/\/www.wesco.fr\/60023171-cubes-en-tissu-noir-et-blanc-clementoni.html\" target=\"_blank\" rel=\"noreferrer noopener\">objets aux couleurs tr\u00e8s vives et contrast\u00e9es<\/a>.<\/p>\n\n\n\n<div class=\"wp-block-columns is-layout-flex wp-container-core-columns-is-layout-9d6595d7 wp-block-columns-is-layout-flex\">\n<div class=\"wp-block-column is-layout-flow wp-block-column-is-layout-flow\">\n<figure class=\"wp-block-image size-full\"><img loading=\"lazy\" decoding=\"async\" width=\"800\" height=\"600\" src=\"https:\/\/leblog.wesco.fr\/fr\/wp-content\/uploads\/2023\/06\/65418_c020_220630_pd.jpg\" alt=\"CUBE D'\u00c9VEIL PORTE-IMAGES blog wesco\" class=\"wp-image-130452\" srcset=\"https:\/\/leblog.wesco.fr\/fr\/wp-content\/uploads\/2023\/06\/65418_c020_220630_pd.jpg 800w, https:\/\/leblog.wesco.fr\/fr\/wp-content\/uploads\/2023\/06\/65418_c020_220630_pd-300x225.jpg 300w, https:\/\/leblog.wesco.fr\/fr\/wp-content\/uploads\/2023\/06\/65418_c020_220630_pd-768x576.jpg 768w\" sizes=\"auto, (max-width: 800px) 100vw, 800px\" \/><\/figure>\n<\/div>\n\n\n\n<div class=\"wp-block-column is-vertically-aligned-center is-layout-flow wp-block-column-is-layout-flow\">\n<p>Avec ce cube color\u00e9, il est possible de mixer les deux principes en glissant des images contrast\u00e9es noires et blanches&nbsp;:<\/p>\n\n\n\n<div class=\"wp-block-buttons is-layout-flex wp-block-buttons-is-layout-flex\">\n<div class=\"wp-block-button aligncenter\"><a class=\"wp-block-button__link wp-element-button\" href=\"https:\/\/www.wesco.fr\/65418020-cube-d-eveil-porte-images-wesco.html?queryID=ba58cd976bdceee9892636b411bfeb5f&amp;objectID=45744&amp;indexName=PRODUCTION_wesco_fr_products\" target=\"_blank\" rel=\"noreferrer noopener\">Voir le cube color\u00e9<\/a><\/div>\n<\/div>\n<\/div>\n<\/div>\n\n\n\n<p>5&nbsp;&#8211;<strong> Le remodelage du cr\u00e2ne<\/strong> est un processus plus lent que celui de la d\u00e9formation. La prise de mesures cr\u00e2niennes par votre kin\u00e9sith\u00e9rapeute&nbsp;(espac\u00e9es d\u2019un mois et demi environ) permet de quantifier objectivement l\u2019\u00e9volution.<\/p>\n\n\n\n<h5 class=\"wp-block-heading\">Nos articles sur la m\u00eame th\u00e9matique<\/h5>\n\n\n\n<ul class=\"wp-block-list\">\n<li><a href=\"https:\/\/leblog.wesco.fr\/fr\/kinesitherapeute-pour-enfants-zoom-sur-le-metier-de-clea-secci\/\">Zoom sur le m\u00e9tier de kin\u00e9sith\u00e9rapeute pour enfants<\/a><\/li>\n\n\n\n<li><a href=\"https:\/\/leblog.wesco.fr\/fr\/comment-encourager-la-coordination-des-mouvements-de-bebe-avec-montessori\/\">Comment encourager la coordination des mouvements de B\u00e9b\u00e9 avec Montessori&nbsp;?<\/a><\/li>\n\n\n\n<li><a href=\"https:\/\/leblog.wesco.fr\/fr\/comment-sinitier-a-la-motricite-libre\/\">Comment s\u2019initier \u00e0 la motricit\u00e9 libre<\/a><\/li>\n<\/ul>\n\n\n\n<h5 class=\"wp-block-heading has-text-align-center\">Notre s\u00e9lection<\/h5>\n\n\n\n<div class=\"wp-block-carousel-slider-slider\"><div class=\"carousel-slider-outer carousel-slider-outer-image-carousel carousel-slider-outer-128408\" style=\"--carousel-slider-nav-color:#f1f1f1;--carousel-slider-active-nav-color:rgb(0,0,0);--carousel-slider-arrow-size:48px;--carousel-slider-bullet-size:10px\">\n<div id=\"&#039;id-128408\" class=\"carousel-slider carousel-slider-128408 arrows-visibility-hover dots-visibility-never arrows-outside dots-center dots-circle owl-carousel\" data-slide-type=\"image-carousel\" data-owl-settings='{\"nav\":true,\"dots\":false,\"slideBy\":1,\"stagePadding\":0,\"margin\":10,\"loop\":false,\"lazyLoad\":false,\"autoplay\":true,\"autoplayTimeout\":5000,\"autoplaySpeed\":500,\"autoplayHoverPause\":true,\"autoWidth\":false,\"responsive\":{\"300\":{\"items\":1},\"576\":{\"items\":2},\"768\":{\"items\":2},\"1024\":{\"items\":3},\"1280\":{\"items\":4},\"1536\":{\"items\":5}}}'>\n<div class=\"carousel-slider__item\">\n\t<a href=\"https:\/\/www.wesco.fr\/46594020-cube-d-eveil-porte-images-personnalisables-wesco.html\" target=\"_self\"><img loading=\"lazy\" decoding=\"async\" width=\"300\" height=\"277\" src=\"https:\/\/leblog.wesco.fr\/fr\/wp-content\/uploads\/2023\/03\/cube-wesco-46594.jpg\" class=\"attachment-large size-large\" alt=\"Cube color\u00e9 blog wesco\" \/><div class=\"carousel-slider__caption\"><h4 class=\"title\">CUBE D&#039;\u00c9VEIL PORTE-IMAGES personnalisables<\/h4><\/div><\/a><\/div>\n\n<div class=\"carousel-slider__item\">\n\t<a href=\"https:\/\/www.wesco.fr\/of45432-tapis-uni-cousu-130-x-130-cm-wesco.html\" target=\"_self\"><img loading=\"lazy\" decoding=\"async\" width=\"800\" height=\"600\" src=\"https:\/\/leblog.wesco.fr\/fr\/wp-content\/uploads\/2023\/03\/Tapis_45432.jpg\" class=\"attachment-large size-large\" alt=\"Tapis motricit\u00e9 blog wesco\" srcset=\"https:\/\/leblog.wesco.fr\/fr\/wp-content\/uploads\/2023\/03\/Tapis_45432.jpg 800w, https:\/\/leblog.wesco.fr\/fr\/wp-content\/uploads\/2023\/03\/Tapis_45432-300x225.jpg 300w, https:\/\/leblog.wesco.fr\/fr\/wp-content\/uploads\/2023\/03\/Tapis_45432-768x576.jpg 768w\" sizes=\"auto, (max-width: 800px) 100vw, 800px\" \/><div class=\"carousel-slider__caption\"><h4 class=\"title\">TAPIS UNI COUSU 130 x 130 cm<\/h4><\/div><\/a><\/div>\n\n<div class=\"carousel-slider__item\">\n\t<a href=\"https:\/\/www.wesco.fr\/57476171-cubes-d-eveil-discrimination-visuelle-miniland.html?queryID=053b58c10fc64a7a1e1d85d78047da4f&#038;objectID=19323&#038;indexName=PRODUCTION_wesco_fr_products\" target=\"_self\"><img loading=\"lazy\" decoding=\"async\" width=\"800\" height=\"600\" src=\"https:\/\/leblog.wesco.fr\/fr\/wp-content\/uploads\/2024\/03\/57476_190709_pd.jpg\" class=\"attachment-large size-large\" alt=\"cubes eveil en tissu noir et blanc discrimination visuelle blog wesco\" srcset=\"https:\/\/leblog.wesco.fr\/fr\/wp-content\/uploads\/2024\/03\/57476_190709_pd.jpg 800w, https:\/\/leblog.wesco.fr\/fr\/wp-content\/uploads\/2024\/03\/57476_190709_pd-300x225.jpg 300w, https:\/\/leblog.wesco.fr\/fr\/wp-content\/uploads\/2024\/03\/57476_190709_pd-768x576.jpg 768w\" sizes=\"auto, (max-width: 800px) 100vw, 800px\" \/><div class=\"carousel-slider__caption\"><h4 class=\"title\">CUBES D&#039;\u00c9VEIL Discrimination visuelle<\/h4><\/div><\/a><\/div>\n\n<div class=\"carousel-slider__item\">\n\t<a href=\"https:\/\/www.wesco.fr\/57318171-imagier-noir-et-blanc-a-toucher-mes-animaux-tout-doux-tourbillon.html?queryID=0e128caa436f2247e5f365a386a477a7&#038;objectID=19040&#038;indexName=PRODUCTION_wesco_fr_products\" target=\"_self\"><img loading=\"lazy\" decoding=\"async\" width=\"800\" height=\"600\" src=\"https:\/\/leblog.wesco.fr\/fr\/wp-content\/uploads\/2024\/03\/57318_190709_pd.jpg\" class=\"attachment-large size-large\" alt=\"imagier tout carton discrimination visuelle contraste noir et blanc eveil bebe le blog wesco\" srcset=\"https:\/\/leblog.wesco.fr\/fr\/wp-content\/uploads\/2024\/03\/57318_190709_pd.jpg 800w, https:\/\/leblog.wesco.fr\/fr\/wp-content\/uploads\/2024\/03\/57318_190709_pd-300x225.jpg 300w, https:\/\/leblog.wesco.fr\/fr\/wp-content\/uploads\/2024\/03\/57318_190709_pd-768x576.jpg 768w\" sizes=\"auto, (max-width: 800px) 100vw, 800px\" \/><div class=\"carousel-slider__caption\"><h4 class=\"title\">COLLECTION IMAGIER CONTRAST\u00c9 Mes animaux tout doux<\/h4><\/div><\/a><\/div>\n\n<\/div><!-- .carousel-slider-128408 -->\n<\/div><!-- .carousel-slider-outer-128408 -->\n<\/div>\n","protected":false},"excerpt":{"rendered":"<p>Article r\u00e9dig\u00e9 en partenariat avec Cl\u00e9a Secci, kin\u00e9sith\u00e9rapeute p\u00e9diatrique. La plagioc\u00e9phalie positionnelle de B\u00e9b\u00e9 est une d\u00e9formation du cr\u00e2ne cons\u00e9cutive \u00e0 l\u2019application d\u2019une force ext\u00e9rieure sur une zone du cr\u00e2ne et de fa\u00e7on r\u00e9p\u00e9t\u00e9e. C\u2019est la position pr\u00e9f\u00e9rentielle qu\u2019adopte le nourrisson qui est en cause. Elle concernerait 1 enfant sur 5. Face \u00e0 une telle situation, il est recommand\u00e9 de consulter un kin\u00e9sith\u00e9rapeute sp\u00e9cialis\u00e9 en p\u00e9diatrie. Voici quelques notions int\u00e9ressantes \u00e0 retenir sur le sujet. 5 choses sur la plagioc\u00e9phalie positionnelle du nourrisson 1&nbsp;&#8211; L\u2019aplatissement du cr\u00e2ne est le reflet d\u2019un manque de mobilit\u00e9 global du b\u00e9b\u00e9 vers un c\u00f4t\u00e9 non pr\u00e9f\u00e9rentiel, entra\u00eenant une plagioc\u00e9phalie, ou bien de fa\u00e7on bilat\u00e9rale, entra\u00eenant une brachyc\u00e9phalie. 2&nbsp;&#8211; C\u2019est l\u2019\u00e9volution vers une mobilit\u00e9 globale et cervicale riche du b\u00e9b\u00e9 qui va permettre au cr\u00e2ne de se remodeler progressivement. Ce [&hellip;]<\/p>\n","protected":false},"author":19,"featured_media":128406,"comment_status":"open","ping_status":"open","sticky":false,"template":"","format":"standard","meta":{"_lmt_disableupdate":"","_lmt_disable":"","episode_type":"","audio_file":"","podmotor_file_id":"","podmotor_episode_id":"","cover_image":"","cover_image_id":"","duration":"","filesize":"","filesize_raw":"","date_recorded":"","explicit":"","block":"","itunes_episode_number":"","itunes_title":"","itunes_season_number":"","itunes_episode_type":"","footnotes":""},"categories":[62],"tags":[16,38,95,48,49],"class_list":["post-128404","post","type-post","status-publish","format-standard","has-post-thumbnail","hentry","category-eveil-et-apprentissage","tag-0-12-mois","tag-eveil","tag-motricite-des-petits","tag-motricite-globale","tag-motricite-libre"],"yoast_head":"<!-- This site is optimized with the Yoast SEO plugin v27.5 - https:\/\/yoast.com\/product\/yoast-seo-wordpress\/ -->\n<title>La plagioc\u00e9phalie positionnelle du nourrisson - Le Blog Wesco<\/title>\n<meta name=\"description\" content=\"5 choses \u00e0 savoir sur la plagioc\u00e9phalie positionnelle du nourrisson et conseil pour pr\u00e9venir de l\u2019aplatissement du cr\u00e2ne de b\u00e9b\u00e9.\" \/>\n<meta name=\"robots\" content=\"index, follow, max-snippet:-1, max-image-preview:large, max-video-preview:-1\" \/>\n<link rel=\"canonical\" href=\"https:\/\/leblog.wesco.fr\/fr\/5-choses-a-retenir-sur-la-plagiocephalie-positionnelle-de-bebe\/\" \/>\n<meta property=\"og:locale\" content=\"fr_FR\" \/>\n<meta property=\"og:type\" content=\"article\" \/>\n<meta property=\"og:title\" content=\"La plagioc\u00e9phalie positionnelle du nourrisson - Le Blog Wesco\" \/>\n<meta property=\"og:description\" content=\"5 choses \u00e0 savoir sur la plagioc\u00e9phalie positionnelle du nourrisson et conseil pour pr\u00e9venir de l\u2019aplatissement du cr\u00e2ne de b\u00e9b\u00e9.\" \/>\n<meta property=\"og:url\" content=\"https:\/\/leblog.wesco.fr\/fr\/5-choses-a-retenir-sur-la-plagiocephalie-positionnelle-de-bebe\/\" \/>\n<meta property=\"og:site_name\" content=\"Blog Wesco\" \/>\n<meta property=\"article:published_time\" content=\"2023-06-06T07:33:35+00:00\" \/>\n<meta property=\"article:modified_time\" content=\"2025-07-11T13:53:28+00:00\" \/>\n<meta property=\"og:image\" content=\"https:\/\/leblog.wesco.fr\/fr\/wp-content\/uploads\/2023\/03\/plagiocephalie.jpg\" \/>\n\t<meta property=\"og:image:width\" content=\"1600\" \/>\n\t<meta property=\"og:image:height\" content=\"800\" \/>\n\t<meta property=\"og:image:type\" content=\"image\/jpeg\" \/>\n<meta name=\"author\" content=\"Mathilde Allin\" \/>\n<meta name=\"twitter:card\" content=\"summary_large_image\" \/>\n<meta name=\"twitter:label1\" content=\"\u00c9crit par\" \/>\n\t<meta name=\"twitter:data1\" content=\"Mathilde Allin\" \/>\n\t<meta name=\"twitter:label2\" content=\"Dur\u00e9e de lecture estim\u00e9e\" \/>\n\t<meta name=\"twitter:data2\" content=\"3 minutes\" \/>\n<!-- \/ Yoast SEO plugin. -->","yoast_head_json":{"title":"La plagioc\u00e9phalie positionnelle du nourrisson - Le Blog Wesco","description":"5 choses \u00e0 savoir sur la plagioc\u00e9phalie positionnelle du nourrisson et conseil pour pr\u00e9venir de l\u2019aplatissement du cr\u00e2ne de b\u00e9b\u00e9.","robots":{"index":"index","follow":"follow","max-snippet":"max-snippet:-1","max-image-preview":"max-image-preview:large","max-video-preview":"max-video-preview:-1"},"canonical":"https:\/\/leblog.wesco.fr\/fr\/5-choses-a-retenir-sur-la-plagiocephalie-positionnelle-de-bebe\/","og_locale":"fr_FR","og_type":"article","og_title":"La plagioc\u00e9phalie positionnelle du nourrisson - Le Blog Wesco","og_description":"5 choses \u00e0 savoir sur la plagioc\u00e9phalie positionnelle du nourrisson et conseil pour pr\u00e9venir de l\u2019aplatissement du cr\u00e2ne de b\u00e9b\u00e9.","og_url":"https:\/\/leblog.wesco.fr\/fr\/5-choses-a-retenir-sur-la-plagiocephalie-positionnelle-de-bebe\/","og_site_name":"Blog Wesco","article_published_time":"2023-06-06T07:33:35+00:00","article_modified_time":"2025-07-11T13:53:28+00:00","og_image":[{"width":1600,"height":800,"url":"https:\/\/leblog.wesco.fr\/fr\/wp-content\/uploads\/2023\/03\/plagiocephalie.jpg","type":"image\/jpeg"}],"author":"Mathilde Allin","twitter_card":"summary_large_image","twitter_misc":{"\u00c9crit par":"Mathilde Allin","Dur\u00e9e de lecture estim\u00e9e":"3 minutes"},"schema":{"@context":"https:\/\/schema.org","@graph":[{"@type":"Article","@id":"https:\/\/leblog.wesco.fr\/fr\/5-choses-a-retenir-sur-la-plagiocephalie-positionnelle-de-bebe\/#article","isPartOf":{"@id":"https:\/\/leblog.wesco.fr\/fr\/5-choses-a-retenir-sur-la-plagiocephalie-positionnelle-de-bebe\/"},"author":{"name":"Mathilde Allin","@id":"https:\/\/leblog.wesco.fr\/fr\/#\/schema\/person\/4498a81882e3479cd626e6aeba92e793"},"headline":"5 choses \u00e0 retenir sur la plagioc\u00e9phalie positionnelle de B\u00e9b\u00e9","datePublished":"2023-06-06T07:33:35+00:00","dateModified":"2025-07-11T13:53:28+00:00","mainEntityOfPage":{"@id":"https:\/\/leblog.wesco.fr\/fr\/5-choses-a-retenir-sur-la-plagiocephalie-positionnelle-de-bebe\/"},"wordCount":466,"commentCount":0,"image":{"@id":"https:\/\/leblog.wesco.fr\/fr\/5-choses-a-retenir-sur-la-plagiocephalie-positionnelle-de-bebe\/#primaryimage"},"thumbnailUrl":"https:\/\/leblog.wesco.fr\/fr\/wp-content\/uploads\/2023\/03\/plagiocephalie.jpg","keywords":["0\/12 mois","\u00c9veil","Motricit\u00e9 des petits","Motricit\u00e9 globale","Motricit\u00e9 libre"],"articleSection":["\u00c9veil &amp; apprentissage"],"inLanguage":"fr-FR","potentialAction":[{"@type":"CommentAction","name":"Comment","target":["https:\/\/leblog.wesco.fr\/fr\/5-choses-a-retenir-sur-la-plagiocephalie-positionnelle-de-bebe\/#respond"]}]},{"@type":"WebPage","@id":"https:\/\/leblog.wesco.fr\/fr\/5-choses-a-retenir-sur-la-plagiocephalie-positionnelle-de-bebe\/","url":"https:\/\/leblog.wesco.fr\/fr\/5-choses-a-retenir-sur-la-plagiocephalie-positionnelle-de-bebe\/","name":"La plagioc\u00e9phalie positionnelle du nourrisson - Le Blog Wesco","isPartOf":{"@id":"https:\/\/leblog.wesco.fr\/fr\/#website"},"primaryImageOfPage":{"@id":"https:\/\/leblog.wesco.fr\/fr\/5-choses-a-retenir-sur-la-plagiocephalie-positionnelle-de-bebe\/#primaryimage"},"image":{"@id":"https:\/\/leblog.wesco.fr\/fr\/5-choses-a-retenir-sur-la-plagiocephalie-positionnelle-de-bebe\/#primaryimage"},"thumbnailUrl":"https:\/\/leblog.wesco.fr\/fr\/wp-content\/uploads\/2023\/03\/plagiocephalie.jpg","datePublished":"2023-06-06T07:33:35+00:00","dateModified":"2025-07-11T13:53:28+00:00","author":{"@id":"https:\/\/leblog.wesco.fr\/fr\/#\/schema\/person\/4498a81882e3479cd626e6aeba92e793"},"description":"5 choses \u00e0 savoir sur la plagioc\u00e9phalie positionnelle du nourrisson et conseil pour pr\u00e9venir de l\u2019aplatissement du cr\u00e2ne de b\u00e9b\u00e9.","breadcrumb":{"@id":"https:\/\/leblog.wesco.fr\/fr\/5-choses-a-retenir-sur-la-plagiocephalie-positionnelle-de-bebe\/#breadcrumb"},"inLanguage":"fr-FR","potentialAction":[{"@type":"ReadAction","target":["https:\/\/leblog.wesco.fr\/fr\/5-choses-a-retenir-sur-la-plagiocephalie-positionnelle-de-bebe\/"]}]},{"@type":"ImageObject","inLanguage":"fr-FR","@id":"https:\/\/leblog.wesco.fr\/fr\/5-choses-a-retenir-sur-la-plagiocephalie-positionnelle-de-bebe\/#primaryimage","url":"https:\/\/leblog.wesco.fr\/fr\/wp-content\/uploads\/2023\/03\/plagiocephalie.jpg","contentUrl":"https:\/\/leblog.wesco.fr\/fr\/wp-content\/uploads\/2023\/03\/plagiocephalie.jpg","width":1600,"height":800,"caption":"B\u00e9b\u00e9 mignon sur son tapis qui regarde l'objectif blog wesco"},{"@type":"BreadcrumbList","@id":"https:\/\/leblog.wesco.fr\/fr\/5-choses-a-retenir-sur-la-plagiocephalie-positionnelle-de-bebe\/#breadcrumb","itemListElement":[{"@type":"ListItem","position":1,"name":"Accueil","item":"https:\/\/leblog.wesco.fr\/fr\/"},{"@type":"ListItem","position":2,"name":"\u00c9veil &amp; apprentissage","item":"https:\/\/leblog.wesco.fr\/fr\/category\/eveil-et-apprentissage\/"},{"@type":"ListItem","position":3,"name":"5 choses \u00e0 retenir sur la plagioc\u00e9phalie positionnelle de B\u00e9b\u00e9"}]},{"@type":"WebSite","@id":"https:\/\/leblog.wesco.fr\/fr\/#website","url":"https:\/\/leblog.wesco.fr\/fr\/","name":"Blog Wesco","description":"Le rendez-vous des enfants, des parents et des professionnels","potentialAction":[{"@type":"SearchAction","target":{"@type":"EntryPoint","urlTemplate":"https:\/\/leblog.wesco.fr\/fr\/?s={search_term_string}"},"query-input":{"@type":"PropertyValueSpecification","valueRequired":true,"valueName":"search_term_string"}}],"inLanguage":"fr-FR"},{"@type":"Person","@id":"https:\/\/leblog.wesco.fr\/fr\/#\/schema\/person\/4498a81882e3479cd626e6aeba92e793","name":"Mathilde Allin","url":"https:\/\/leblog.wesco.fr\/fr\/author\/mallin\/"}]}},"modified_by":"Adeline Glotin","_links":{"self":[{"href":"https:\/\/leblog.wesco.fr\/fr\/wp-json\/wp\/v2\/posts\/128404","targetHints":{"allow":["GET"]}}],"collection":[{"href":"https:\/\/leblog.wesco.fr\/fr\/wp-json\/wp\/v2\/posts"}],"about":[{"href":"https:\/\/leblog.wesco.fr\/fr\/wp-json\/wp\/v2\/types\/post"}],"author":[{"embeddable":true,"href":"https:\/\/leblog.wesco.fr\/fr\/wp-json\/wp\/v2\/users\/19"}],"replies":[{"embeddable":true,"href":"https:\/\/leblog.wesco.fr\/fr\/wp-json\/wp\/v2\/comments?post=128404"}],"version-history":[{"count":7,"href":"https:\/\/leblog.wesco.fr\/fr\/wp-json\/wp\/v2\/posts\/128404\/revisions"}],"predecessor-version":[{"id":131407,"href":"https:\/\/leblog.wesco.fr\/fr\/wp-json\/wp\/v2\/posts\/128404\/revisions\/131407"}],"wp:featuredmedia":[{"embeddable":true,"href":"https:\/\/leblog.wesco.fr\/fr\/wp-json\/wp\/v2\/media\/128406"}],"wp:attachment":[{"href":"https:\/\/leblog.wesco.fr\/fr\/wp-json\/wp\/v2\/media?parent=128404"}],"wp:term":[{"taxonomy":"category","embeddable":true,"href":"https:\/\/leblog.wesco.fr\/fr\/wp-json\/wp\/v2\/categories?post=128404"},{"taxonomy":"post_tag","embeddable":true,"href":"https:\/\/leblog.wesco.fr\/fr\/wp-json\/wp\/v2\/tags?post=128404"}],"curies":[{"name":"wp","href":"https:\/\/api.w.org\/{rel}","templated":true}]}}