{"id":127970,"date":"2023-01-10T16:52:32","date_gmt":"2023-01-10T15:52:32","guid":{"rendered":"https:\/\/leblog.wesco.fr\/fr\/?p=127970"},"modified":"2023-01-13T10:51:54","modified_gmt":"2023-01-13T09:51:54","slug":"devenir-parent-est-ce-que-ca-sapprend-et-comment-sy-preparer","status":"publish","type":"post","link":"https:\/\/leblog.wesco.fr\/fr\/devenir-parent-est-ce-que-ca-sapprend-et-comment-sy-preparer\/","title":{"rendered":"Devenir parent\u00a0: est-ce que \u00e7a s&#8217;apprend et comment s\u2019y pr\u00e9parer\u00a0?"},"content":{"rendered":"\n<p>Parce que devenir parent s&#8217;associe souvent \u00e0 un grand saut dans l\u2019inconnu, les questions s\u2019encha\u00eenent, les joies et les peurs s\u2019entrem\u00ealent et c\u2019est bien normal&nbsp;! Tout d\u2019abord, sachez qu&#8217;il n&#8217;existe pas de mode d\u2019emploi ou de solutions miracles et c\u2019est tant mieux, car nous sommes tous diff\u00e9rents et B\u00e9b\u00e9 aussi.<\/p>\n\n\n\n<p>Dans cet article, nous vous donnons <strong>des rep\u00e8res<\/strong> pour d\u00e9buter votre statut de parent avec s\u00e9r\u00e9nit\u00e9 et vous offrir les cl\u00e9s d\u2019une parentalit\u00e9 qui vous ressemble.<\/p>\n\n\n\n<h2 class=\"wp-block-heading\">Comment se pr\u00e9parer \u00e0 devenir parent&nbsp;?<\/h2>\n\n\n\n<p>On ne na\u00eet pas parent, on le devient au fur et \u00e0 mesure des \u00e9v\u00e9nements et cette <strong>aventure de la parentalit\u00e9<\/strong> peut d\u00e9buter d\u00e8s la grossesse.<\/p>\n\n\n\n<h3 class=\"wp-block-heading\">Le soutien des professionnels de sant\u00e9<\/h3>\n\n\n\n<p>Pour vous accompagner, des \u00e9changes avec des professionnels de sant\u00e9 sont pr\u00e9vus au cours de la grossesse :<\/p>\n\n\n\n<ul class=\"wp-block-list\">\n<li>Entretien pr\u00e9natal&nbsp;: c\u2019est le 1er rdv avec votre sage-femme&nbsp;(ou m\u00e9decin). Vous pourrez faire le point sur votre projet de naissance et poser vos questions ou discuter de vos difficult\u00e9s.<\/li>\n<\/ul>\n\n\n\n<p style=\"font-style:normal;font-weight:700\">Notre conseil&nbsp;: avant ce rendez-vous, faites une check-list de toutes vos questions afin de ne rien oublier. C\u2019est aussi l\u2019occasion de discuter avec votre conjoint.e de vos peurs, vos doutes ou interrogations.<\/p>\n\n\n\n<ul class=\"wp-block-list\">\n<li>S\u00e9ances de pr\u00e9paration \u00e0 la naissance&nbsp;: chaque parent b\u00e9n\u00e9ficie de 7 s\u00e9ances, elles ont plusieurs objectifs comme expliquer le d\u00e9roulement de l\u2019accouchement, conna\u00eetre les soins \u00e0 apporter \u00e0 B\u00e9b\u00e9, des cours de pr\u00e9paration \u00e0 l\u2019accouchement, etc.<\/li>\n<\/ul>\n\n\n\n<h3 class=\"wp-block-heading\">Des actions pour pr\u00e9parer l\u2019arriv\u00e9e de B\u00e9b\u00e9<\/h3>\n\n\n\n<p>D\u2019autres actions vous aideront \u00e0 vous pr\u00e9parer doucement \u00e0 l\u2019arriv\u00e9e de B\u00e9b\u00e9&nbsp;:<\/p>\n\n\n\n<ul class=\"wp-block-list\">\n<li>Toucher et parler \u00e0 B\u00e9b\u00e9 \u00e0 travers le ventre, n&#8217;oubliez pas qu\u2019il entend et ressent tout, c\u2019est l\u2019occasion de cr\u00e9er un d\u00e9but de relation avec lui&nbsp;;<\/li>\n\n\n\n<li>S\u2019\u00e9quiper des essentiels pour B\u00e9b\u00e9&nbsp;;<\/li>\n\n\n\n<li>Cr\u00e9er et am\u00e9nager un nid douillet&nbsp;;<\/li>\n\n\n\n<li>Trouver un pr\u00e9nom&nbsp;;<\/li>\n\n\n\n<li>R\u00e9fl\u00e9chir et chercher un moyen de garde,\u2026<\/li>\n<\/ul>\n\n\n\n<h3 class=\"wp-block-heading\">Des outils \u00e0 disposition des futurs parents<\/h3>\n\n\n\n<p>Aujourd\u2019hui, nous avons la chance d\u2019avoir une richesse d\u2019outils et d\u2019informations \u00e0 port\u00e9e de main. Cependant, attention \u00e0 ne pas vous ultra-documenter, vous risqueriez de vous mettre une pression \u00e9norme sur les \u00e9paules et de perdre en spontan\u00e9it\u00e9 avec votre futur Ptiloup.<\/p>\n\n\n\n<p>Voici des exemples de ressources&nbsp;:<\/p>\n\n\n\n<ul class=\"wp-block-list\">\n<li><a href=\"https:\/\/1000jours.fabrique.social.gouv.fr\/\" target=\"_blank\" rel=\"noreferrer noopener\">Application 1000 premiers jours<\/a>&nbsp;: pour suivre les \u00e9tapes du projet de parentalit\u00e9 jusqu\u2019aux 2 ans de B\u00e9b\u00e9.<\/li>\n\n\n\n<li><a href=\"https:\/\/solidarites-sante.gouv.fr\/IMG\/pdf\/le-livret-des-parents.pdf\" target=\"_blank\" rel=\"noreferrer noopener\">Le livret des parents<\/a>&nbsp;: des rep\u00e8res et des conseils concrets.<\/li>\n<\/ul>\n\n\n\n<p>Chez Wesco, nous en avons cr\u00e9\u00e9 3 pour vous guider dans votre parentalit\u00e9&nbsp;:<\/p>\n\n\n\n<div class=\"wp-block-columns is-layout-flex wp-container-core-columns-is-layout-9d6595d7 wp-block-columns-is-layout-flex\">\n<div class=\"wp-block-column is-vertically-aligned-center is-layout-flow wp-block-column-is-layout-flow\">\n<figure class=\"wp-block-image size-full\"><img loading=\"lazy\" decoding=\"async\" width=\"800\" height=\"500\" src=\"https:\/\/leblog.wesco.fr\/fr\/wp-content\/uploads\/2023\/01\/podcast-wesco.jpg\" alt=\"\" class=\"wp-image-128212\" srcset=\"https:\/\/leblog.wesco.fr\/fr\/wp-content\/uploads\/2023\/01\/podcast-wesco.jpg 800w, https:\/\/leblog.wesco.fr\/fr\/wp-content\/uploads\/2023\/01\/podcast-wesco-300x188.jpg 300w, https:\/\/leblog.wesco.fr\/fr\/wp-content\/uploads\/2023\/01\/podcast-wesco-768x480.jpg 768w\" sizes=\"auto, (max-width: 800px) 100vw, 800px\" \/><\/figure>\n\n\n\n<p class=\"has-text-align-center\">Une cha\u00eene de podcasts&nbsp;: retrouvez notre s\u00e9rie&nbsp;\u00ab&nbsp;Main dans la main avec B\u00e9b\u00e9&nbsp;\u00bb pour vous aider dans le quotidien.<\/p>\n\n\n\n<div class=\"wp-block-buttons is-layout-flex wp-block-buttons-is-layout-flex\">\n<div class=\"wp-block-button aligncenter\"><a class=\"wp-block-button__link wp-element-button\" href=\"https:\/\/leblog.wesco.fr\/nos-podcasts\/\" target=\"_blank\" rel=\"noreferrer noopener\">J&#8217;\u00e9coute<\/a><\/div>\n<\/div>\n<\/div>\n\n\n\n<div class=\"wp-block-column is-vertically-aligned-center is-layout-flow wp-block-column-is-layout-flow\">\n<figure class=\"wp-block-image size-full\"><img loading=\"lazy\" decoding=\"async\" width=\"362\" height=\"143\" src=\"https:\/\/leblog.wesco.fr\/fr\/wp-content\/uploads\/2021\/06\/logo_blog.jpg\" alt=\"logo wesco le blog blog wesco\" class=\"wp-image-5471\" srcset=\"https:\/\/leblog.wesco.fr\/fr\/wp-content\/uploads\/2021\/06\/logo_blog.jpg 362w, https:\/\/leblog.wesco.fr\/fr\/wp-content\/uploads\/2021\/06\/logo_blog-300x119.jpg 300w\" sizes=\"auto, (max-width: 362px) 100vw, 362px\" \/><\/figure>\n\n\n\n<p class=\"has-text-align-center\">Notre blog&nbsp;: ici, retrouvez des sujets d\u2019articles vari\u00e9s&nbsp;(<a href=\"https:\/\/www.google.com\/url?q=https:\/\/leblog.wesco.fr\/fr\/diversification-alimentaire-etape-par-etape\/&amp;sa=D&amp;source=docs&amp;ust=1669118851050200&amp;usg=AOvVaw3AztJQd2xrLqiPw3gljsX_\">diversification alimentaire<\/a>, <a href=\"https:\/\/leblog.wesco.fr\/fr\/?s=motricit%C3%A9\">motricit\u00e9<\/a>, <a href=\"https:\/\/leblog.wesco.fr\/fr\/category\/education\/\">\u00e9ducation<\/a>,\u2026).<\/p>\n\n\n\n<div class=\"wp-block-buttons is-layout-flex wp-block-buttons-is-layout-flex\">\n<div class=\"wp-block-button\"><a class=\"wp-block-button__link wp-element-button\" href=\"https:\/\/leblog.wesco.fr\/\">D\u00e9couvrir le blog<\/a><\/div>\n<\/div>\n<\/div>\n\n\n\n<div class=\"wp-block-column is-vertically-aligned-center is-layout-flow wp-block-column-is-layout-flow\">\n<figure class=\"wp-block-image size-full is-resized\"><img loading=\"lazy\" decoding=\"async\" src=\"https:\/\/leblog.wesco.fr\/fr\/wp-content\/uploads\/2023\/01\/infolettre-wesco.jpg\" alt=\"\" class=\"wp-image-128214\" width=\"246\" height=\"153\" srcset=\"https:\/\/leblog.wesco.fr\/fr\/wp-content\/uploads\/2023\/01\/infolettre-wesco.jpg 800w, https:\/\/leblog.wesco.fr\/fr\/wp-content\/uploads\/2023\/01\/infolettre-wesco-300x188.jpg 300w, https:\/\/leblog.wesco.fr\/fr\/wp-content\/uploads\/2023\/01\/infolettre-wesco-768x480.jpg 768w\" sizes=\"auto, (max-width: 246px) 100vw, 246px\" \/><\/figure>\n\n\n\n<p class=\"has-text-align-center\">Une infolettre personnalis\u00e9e remplie de conseils en fonction de l\u2019\u00e2ge de B\u00e9b\u00e9.<\/p>\n\n\n\n<div class=\"wp-block-buttons is-layout-flex wp-block-buttons-is-layout-flex\">\n<div class=\"wp-block-button aligncenter\"><a class=\"wp-block-button__link wp-element-button\" href=\"https:\/\/link.wesco.fr\/T\/WF\/1174\/vlghSl\/Optin\/fr-CA\/Form.ofsys\" target=\"_blank\" rel=\"noreferrer noopener\">Je m&#8217;abonne<\/a><\/div>\n<\/div>\n<\/div>\n<\/div>\n\n\n\n<h2 class=\"wp-block-heading\">\u00catre parent aujourd&#8217;hui<\/h2>\n\n\n\n<h3 class=\"wp-block-heading\">Point sur la parentalit\u00e9 positive, c\u2019est quoi exactement&nbsp;?<\/h3>\n\n\n\n<p>On entend de plus en plus parler de parentalit\u00e9 positive. Mais de quoi s\u2019agit-t-il r\u00e9ellement&nbsp;?<br>L\u2019\u00e9ducation positive est une approche qui invite le parent \u00e0 reconna\u00eetre son enfant en tant que personne \u00e0 part enti\u00e8re, en lui donnant le droit de s\u2019exprimer et d\u2019\u00eatre \u00e0 son \u00e9coute, sans jamais le contr\u00f4ler\u2026 C\u2019est aussi l\u2019aider \u00e0 comprendre ses \u00e9motions en le guidant avec bienveillance et positivit\u00e9.<\/p>\n\n\n\n<p>Cependant attention, pratiquer la <strong>parentalit\u00e9 positive<\/strong> n\u2019est pas LA m\u00e9thode miracle. \u00catre un parent aimant et bienveillant&nbsp;: oui&nbsp;! Mais \u00eatre un parent parfait&nbsp;: c\u2019est mission impossible&nbsp;! Ne vous mettez pas cette pression en respectant \u00e0 la lettre cette approche. Vous risquez de culpabiliser ou de vous sentir incapable d\u2019y arriver. Laissez-vous le droit \u00e0 l\u2019erreur, un parent parfait n\u2019existe pas.<\/p>\n\n\n\n<h3 class=\"wp-block-heading\">T\u00e9moignages : la parole aux parents<\/h3>\n\n\n\n<p>Bien souvent, les jeunes ou futurs parents font face \u00e0 des inqui\u00e9tudes similaires et se posent d&#8217;innombrables questions. Essayons de prendre du recul et de trouver des r\u00e9ponses ensemble. Pour cela, on vous propose de lire 3 exp\u00e9riences de parent.<\/p>\n\n\n\n<div class=\"wp-block-buttons is-content-justification-center is-layout-flex wp-container-core-buttons-is-layout-16018d1d wp-block-buttons-is-layout-flex\">\n<div class=\"wp-block-button\"><a class=\"wp-block-button__link wp-element-button\" href=\"https:\/\/leblog.wesco.fr\/fr\/temoignages-de-parents-conseils-et-experiences\/\">Lire les t\u00e9moignages<\/a><\/div>\n<\/div>\n\n\n\n<h5 class=\"wp-block-heading\">En bref<\/h5>\n\n\n\n<p>Devenir parent est une aventure qui ne s\u2019arr\u00eate jamais. Chaque jour, vous apprendrez \u00e0 le devenir. Vous ferez sans doute des erreurs alors apprenez \u00e0 les reconna\u00eetre sans vous mettre de pression. Il n\u2019y a pas de honte \u00e0 vous isoler avec B\u00e9b\u00e9, \u00e0 passer le relai \u00e0 quelqu\u2019un de confiance, \u00e0 prendre soin de vous ou m\u00eame \u00e0 laisser la corbeille de linge se remplir. Si vous vous sentez d\u00e9pass\u00e9.e ou au bout du bout, demandez de l\u2019aide aupr\u00e8s des professionnels, de votre famille, de vos amis, etc.<\/p>\n","protected":false},"excerpt":{"rendered":"<p>Parce que devenir parent s&#8217;associe souvent \u00e0 un grand saut dans l\u2019inconnu, les questions s\u2019encha\u00eenent, les joies et les peurs s\u2019entrem\u00ealent et c\u2019est bien normal&nbsp;! Tout d\u2019abord, sachez qu&#8217;il n&#8217;existe pas de mode d\u2019emploi ou de solutions miracles et c\u2019est tant mieux, car nous sommes tous diff\u00e9rents et B\u00e9b\u00e9 aussi. Dans cet article, nous vous donnons des rep\u00e8res pour d\u00e9buter votre statut de parent avec s\u00e9r\u00e9nit\u00e9 et vous offrir les cl\u00e9s d\u2019une parentalit\u00e9 qui vous ressemble. Comment se pr\u00e9parer \u00e0 devenir parent&nbsp;? On ne na\u00eet pas parent, on le devient au fur et \u00e0 mesure des \u00e9v\u00e9nements et cette aventure de la parentalit\u00e9 peut d\u00e9buter d\u00e8s la grossesse. Le soutien des professionnels de sant\u00e9 Pour vous accompagner, des \u00e9changes avec des professionnels de sant\u00e9 sont pr\u00e9vus au cours de la grossesse : Notre conseil&nbsp;: avant [&hellip;]<\/p>\n","protected":false},"author":19,"featured_media":128211,"comment_status":"open","ping_status":"open","sticky":false,"template":"","format":"standard","meta":{"_lmt_disableupdate":"","_lmt_disable":"","episode_type":"","audio_file":"","podmotor_file_id":"","podmotor_episode_id":"","cover_image":"","cover_image_id":"","duration":"","filesize":"","filesize_raw":"","date_recorded":"","explicit":"","block":"","itunes_episode_number":"","itunes_title":"","itunes_season_number":"","itunes_episode_type":"","footnotes":""},"categories":[65],"tags":[16,25,29,32,119,52],"class_list":["post-127970","post","type-post","status-publish","format-standard","has-post-thumbnail","hentry","category-education","tag-0-12-mois","tag-apprentissages-fondamentaux","tag-bienveillance","tag-communication","tag-education-2","tag-parentalite"],"yoast_head":"<!-- This site is optimized with the Yoast SEO plugin v27.4 - https:\/\/yoast.com\/product\/yoast-seo-wordpress\/ -->\n<title>Devenir parent : comment s&#039;y pr\u00e9parer ? - Le Blog Wesco<\/title>\n<meta name=\"description\" content=\"Nos conseils pour vous pr\u00e9parer \u00e0 devenir parent, les choses \u00e0 pr\u00e9parer avant l&#039;arriv\u00e9e de b\u00e9b\u00e9 ainsi que les outils \u00e0 votre disposition.\" \/>\n<meta name=\"robots\" content=\"index, follow, max-snippet:-1, max-image-preview:large, max-video-preview:-1\" \/>\n<link rel=\"canonical\" href=\"https:\/\/leblog.wesco.fr\/fr\/devenir-parent-est-ce-que-ca-sapprend-et-comment-sy-preparer\/\" \/>\n<meta property=\"og:locale\" content=\"fr_FR\" \/>\n<meta property=\"og:type\" content=\"article\" \/>\n<meta property=\"og:title\" content=\"Devenir parent : comment s&#039;y pr\u00e9parer ? - Le Blog Wesco\" \/>\n<meta property=\"og:description\" content=\"Nos conseils pour vous pr\u00e9parer \u00e0 devenir parent, les choses \u00e0 pr\u00e9parer avant l&#039;arriv\u00e9e de b\u00e9b\u00e9 ainsi que les outils \u00e0 votre disposition.\" \/>\n<meta property=\"og:url\" content=\"https:\/\/leblog.wesco.fr\/fr\/devenir-parent-est-ce-que-ca-sapprend-et-comment-sy-preparer\/\" \/>\n<meta property=\"og:site_name\" content=\"Blog Wesco\" \/>\n<meta property=\"article:published_time\" content=\"2023-01-10T15:52:32+00:00\" \/>\n<meta property=\"article:modified_time\" content=\"2023-01-13T09:51:54+00:00\" \/>\n<meta property=\"og:image\" content=\"https:\/\/leblog.wesco.fr\/fr\/wp-content\/uploads\/2022\/11\/devenir-parent.jpg\" \/>\n\t<meta property=\"og:image:width\" content=\"1600\" \/>\n\t<meta property=\"og:image:height\" content=\"800\" \/>\n\t<meta property=\"og:image:type\" content=\"image\/jpeg\" \/>\n<meta name=\"author\" content=\"Mathilde Allin\" \/>\n<meta name=\"twitter:card\" content=\"summary_large_image\" \/>\n<meta name=\"twitter:label1\" content=\"\u00c9crit par\" \/>\n\t<meta name=\"twitter:data1\" content=\"Mathilde Allin\" \/>\n\t<meta name=\"twitter:label2\" content=\"Dur\u00e9e de lecture estim\u00e9e\" \/>\n\t<meta name=\"twitter:data2\" content=\"5 minutes\" \/>\n<!-- \/ Yoast SEO plugin. -->","yoast_head_json":{"title":"Devenir parent : comment s'y pr\u00e9parer ? - Le Blog Wesco","description":"Nos conseils pour vous pr\u00e9parer \u00e0 devenir parent, les choses \u00e0 pr\u00e9parer avant l'arriv\u00e9e de b\u00e9b\u00e9 ainsi que les outils \u00e0 votre disposition.","robots":{"index":"index","follow":"follow","max-snippet":"max-snippet:-1","max-image-preview":"max-image-preview:large","max-video-preview":"max-video-preview:-1"},"canonical":"https:\/\/leblog.wesco.fr\/fr\/devenir-parent-est-ce-que-ca-sapprend-et-comment-sy-preparer\/","og_locale":"fr_FR","og_type":"article","og_title":"Devenir parent : comment s'y pr\u00e9parer ? - Le Blog Wesco","og_description":"Nos conseils pour vous pr\u00e9parer \u00e0 devenir parent, les choses \u00e0 pr\u00e9parer avant l'arriv\u00e9e de b\u00e9b\u00e9 ainsi que les outils \u00e0 votre disposition.","og_url":"https:\/\/leblog.wesco.fr\/fr\/devenir-parent-est-ce-que-ca-sapprend-et-comment-sy-preparer\/","og_site_name":"Blog Wesco","article_published_time":"2023-01-10T15:52:32+00:00","article_modified_time":"2023-01-13T09:51:54+00:00","og_image":[{"width":1600,"height":800,"url":"https:\/\/leblog.wesco.fr\/fr\/wp-content\/uploads\/2022\/11\/devenir-parent.jpg","type":"image\/jpeg"}],"author":"Mathilde Allin","twitter_card":"summary_large_image","twitter_misc":{"\u00c9crit par":"Mathilde Allin","Dur\u00e9e de lecture estim\u00e9e":"5 minutes"},"schema":{"@context":"https:\/\/schema.org","@graph":[{"@type":"Article","@id":"https:\/\/leblog.wesco.fr\/fr\/devenir-parent-est-ce-que-ca-sapprend-et-comment-sy-preparer\/#article","isPartOf":{"@id":"https:\/\/leblog.wesco.fr\/fr\/devenir-parent-est-ce-que-ca-sapprend-et-comment-sy-preparer\/"},"author":{"name":"Mathilde Allin","@id":"https:\/\/leblog.wesco.fr\/fr\/#\/schema\/person\/4498a81882e3479cd626e6aeba92e793"},"headline":"Devenir parent\u00a0: est-ce que \u00e7a s&#8217;apprend et comment s\u2019y pr\u00e9parer\u00a0?","datePublished":"2023-01-10T15:52:32+00:00","dateModified":"2023-01-13T09:51:54+00:00","mainEntityOfPage":{"@id":"https:\/\/leblog.wesco.fr\/fr\/devenir-parent-est-ce-que-ca-sapprend-et-comment-sy-preparer\/"},"wordCount":834,"commentCount":1,"image":{"@id":"https:\/\/leblog.wesco.fr\/fr\/devenir-parent-est-ce-que-ca-sapprend-et-comment-sy-preparer\/#primaryimage"},"thumbnailUrl":"https:\/\/leblog.wesco.fr\/fr\/wp-content\/uploads\/2022\/11\/devenir-parent.jpg","keywords":["0\/12 mois","Apprentissages fondamentaux","Bienveillance","Communication","Education","Parentalit\u00e9"],"articleSection":["\u00c9ducation"],"inLanguage":"fr-FR","potentialAction":[{"@type":"CommentAction","name":"Comment","target":["https:\/\/leblog.wesco.fr\/fr\/devenir-parent-est-ce-que-ca-sapprend-et-comment-sy-preparer\/#respond"]}]},{"@type":"WebPage","@id":"https:\/\/leblog.wesco.fr\/fr\/devenir-parent-est-ce-que-ca-sapprend-et-comment-sy-preparer\/","url":"https:\/\/leblog.wesco.fr\/fr\/devenir-parent-est-ce-que-ca-sapprend-et-comment-sy-preparer\/","name":"Devenir parent : comment s'y pr\u00e9parer ? - Le Blog Wesco","isPartOf":{"@id":"https:\/\/leblog.wesco.fr\/fr\/#website"},"primaryImageOfPage":{"@id":"https:\/\/leblog.wesco.fr\/fr\/devenir-parent-est-ce-que-ca-sapprend-et-comment-sy-preparer\/#primaryimage"},"image":{"@id":"https:\/\/leblog.wesco.fr\/fr\/devenir-parent-est-ce-que-ca-sapprend-et-comment-sy-preparer\/#primaryimage"},"thumbnailUrl":"https:\/\/leblog.wesco.fr\/fr\/wp-content\/uploads\/2022\/11\/devenir-parent.jpg","datePublished":"2023-01-10T15:52:32+00:00","dateModified":"2023-01-13T09:51:54+00:00","author":{"@id":"https:\/\/leblog.wesco.fr\/fr\/#\/schema\/person\/4498a81882e3479cd626e6aeba92e793"},"description":"Nos conseils pour vous pr\u00e9parer \u00e0 devenir parent, les choses \u00e0 pr\u00e9parer avant l'arriv\u00e9e de b\u00e9b\u00e9 ainsi que les outils \u00e0 votre disposition.","breadcrumb":{"@id":"https:\/\/leblog.wesco.fr\/fr\/devenir-parent-est-ce-que-ca-sapprend-et-comment-sy-preparer\/#breadcrumb"},"inLanguage":"fr-FR","potentialAction":[{"@type":"ReadAction","target":["https:\/\/leblog.wesco.fr\/fr\/devenir-parent-est-ce-que-ca-sapprend-et-comment-sy-preparer\/"]}]},{"@type":"ImageObject","inLanguage":"fr-FR","@id":"https:\/\/leblog.wesco.fr\/fr\/devenir-parent-est-ce-que-ca-sapprend-et-comment-sy-preparer\/#primaryimage","url":"https:\/\/leblog.wesco.fr\/fr\/wp-content\/uploads\/2022\/11\/devenir-parent.jpg","contentUrl":"https:\/\/leblog.wesco.fr\/fr\/wp-content\/uploads\/2022\/11\/devenir-parent.jpg","width":1600,"height":800,"caption":"Maman avec son b\u00e9b\u00e9 dans les bras blog wesco"},{"@type":"BreadcrumbList","@id":"https:\/\/leblog.wesco.fr\/fr\/devenir-parent-est-ce-que-ca-sapprend-et-comment-sy-preparer\/#breadcrumb","itemListElement":[{"@type":"ListItem","position":1,"name":"Accueil","item":"https:\/\/leblog.wesco.fr\/fr\/"},{"@type":"ListItem","position":2,"name":"\u00c9ducation","item":"https:\/\/leblog.wesco.fr\/fr\/category\/education\/"},{"@type":"ListItem","position":3,"name":"Devenir parent\u00a0: est-ce que \u00e7a s&#8217;apprend et comment s\u2019y pr\u00e9parer\u00a0?"}]},{"@type":"WebSite","@id":"https:\/\/leblog.wesco.fr\/fr\/#website","url":"https:\/\/leblog.wesco.fr\/fr\/","name":"Blog Wesco","description":"Le rendez-vous des enfants, des parents et des professionnels","potentialAction":[{"@type":"SearchAction","target":{"@type":"EntryPoint","urlTemplate":"https:\/\/leblog.wesco.fr\/fr\/?s={search_term_string}"},"query-input":{"@type":"PropertyValueSpecification","valueRequired":true,"valueName":"search_term_string"}}],"inLanguage":"fr-FR"},{"@type":"Person","@id":"https:\/\/leblog.wesco.fr\/fr\/#\/schema\/person\/4498a81882e3479cd626e6aeba92e793","name":"Mathilde Allin","url":"https:\/\/leblog.wesco.fr\/fr\/author\/mallin\/"}]}},"modified_by":"Mathilde Allin","_links":{"self":[{"href":"https:\/\/leblog.wesco.fr\/fr\/wp-json\/wp\/v2\/posts\/127970","targetHints":{"allow":["GET"]}}],"collection":[{"href":"https:\/\/leblog.wesco.fr\/fr\/wp-json\/wp\/v2\/posts"}],"about":[{"href":"https:\/\/leblog.wesco.fr\/fr\/wp-json\/wp\/v2\/types\/post"}],"author":[{"embeddable":true,"href":"https:\/\/leblog.wesco.fr\/fr\/wp-json\/wp\/v2\/users\/19"}],"replies":[{"embeddable":true,"href":"https:\/\/leblog.wesco.fr\/fr\/wp-json\/wp\/v2\/comments?post=127970"}],"version-history":[{"count":16,"href":"https:\/\/leblog.wesco.fr\/fr\/wp-json\/wp\/v2\/posts\/127970\/revisions"}],"predecessor-version":[{"id":128287,"href":"https:\/\/leblog.wesco.fr\/fr\/wp-json\/wp\/v2\/posts\/127970\/revisions\/128287"}],"wp:featuredmedia":[{"embeddable":true,"href":"https:\/\/leblog.wesco.fr\/fr\/wp-json\/wp\/v2\/media\/128211"}],"wp:attachment":[{"href":"https:\/\/leblog.wesco.fr\/fr\/wp-json\/wp\/v2\/media?parent=127970"}],"wp:term":[{"taxonomy":"category","embeddable":true,"href":"https:\/\/leblog.wesco.fr\/fr\/wp-json\/wp\/v2\/categories?post=127970"},{"taxonomy":"post_tag","embeddable":true,"href":"https:\/\/leblog.wesco.fr\/fr\/wp-json\/wp\/v2\/tags?post=127970"}],"curies":[{"name":"wp","href":"https:\/\/api.w.org\/{rel}","templated":true}]}}