{"id":127964,"date":"2022-11-30T12:44:38","date_gmt":"2022-11-30T11:44:38","guid":{"rendered":"https:\/\/leblog.wesco.fr\/fr\/?p=127964"},"modified":"2022-12-15T11:48:26","modified_gmt":"2022-12-15T10:48:26","slug":"kinesitherapeute-pour-enfants-zoom-sur-le-metier-de-clea-secci","status":"publish","type":"post","link":"https:\/\/leblog.wesco.fr\/fr\/kinesitherapeute-pour-enfants-zoom-sur-le-metier-de-clea-secci\/","title":{"rendered":"Kin\u00e9sith\u00e9rapeute pour enfants\u00a0: zoom sur le m\u00e9tier de Cl\u00e9a Secci"},"content":{"rendered":"\n<p style=\"font-style:italic;font-weight:400\">Article r\u00e9dig\u00e9 en partenariat avec Cl\u00e9a Secci, kin\u00e9sith\u00e9rapeute p\u00e9diatrique.<\/p>\n\n\n\n<p>&nbsp;<\/p>\n\n\n\n<p>Vous connaissez sans doute la kin\u00e9sith\u00e9rapie pour adulte mais connaissez-vous la kin\u00e9sith\u00e9rapie p\u00e9diatrique&nbsp;? Cette forme de kin\u00e9 est <strong>adapt\u00e9e aux tout-petits<\/strong>, aux enfants mais \u00e9galement aux adolescents.<br>Paralysie c\u00e9r\u00e9brale, plagioc\u00e9phalie du nourrisson, malformations du pied ou encore probl\u00e8mes respiratoires, peuvent \u00eatre l\u2019une des raisons de consulter ce sp\u00e9cialiste pour B\u00e9b\u00e9. Dans cette interview, on fait le point avec Cl\u00e9a Secci sur son m\u00e9tier de kin\u00e9sith\u00e9rapeute sp\u00e9cialis\u00e9e en p\u00e9diatrie.<\/p>\n\n\n\n<h2 class=\"wp-block-heading\">Kin\u00e9sith\u00e9rapeute p\u00e9diatrique&nbsp;: interview de Cl\u00e9a Secci<\/h2>\n\n\n\n<h3 class=\"wp-block-heading\">Qui \u00eates-vous ? Votre parcours professionnel&nbsp;?<\/h3>\n\n\n\n<p>Je suis Cl\u00e9a Secci, kin\u00e9sith\u00e9rapeute sp\u00e9cialis\u00e9e en p\u00e9diatrie et formatrice. J\u2019ai actuellement une activit\u00e9 uniquement lib\u00e9rale au sein du cabinet Ortho-Pedia \u00e0 Nice mais j\u2019ai travaill\u00e9 plusieurs ann\u00e9es dans le secteur hospitalier p\u00e9diatrique, notamment en service n\u00e9onatologie, r\u00e9animation et chirurgie. L\u2019essentiel de mon activit\u00e9 professionnelle est centr\u00e9e autour de la prise en charge pr\u00e9coce du nourrisson et celle des enfants atteints de paralysie c\u00e9r\u00e9brale. J\u2019adore partager mon quotidien professionnel, former et informer via mon compte Instagram <a href=\"https:\/\/www.instagram.com\/clea_kinepedia\/\" target=\"_blank\" rel=\"noreferrer noopener\">@Clea_Kinepedia<\/a>. J\u2019ai suivi beaucoup de formations en p\u00e9diatrie pour ouvrir ma vision des prises en charge et comp\u00e9tences. J\u2019ai obtenu deux dipl\u00f4mes universitaires&nbsp;: l\u2019un pour ma sp\u00e9cialisation en kin\u00e9sith\u00e9rapie p\u00e9diatrique et l\u2019autre sur la prise en charge des troubles de l\u2019oralit\u00e9 alimentaire de l\u2019enfant.<\/p>\n\n\n\n<h3 class=\"wp-block-heading\">Pouvez-vous nous pr\u00e9senter votre m\u00e9tier de kin\u00e9sith\u00e9rapeute comme si vous l\u2019expliquiez \u00e0 un enfant&nbsp;?<\/h3>\n\n\n\n<p>J\u2019explique aux enfants que je suis la personne qui va les aider \u00e0 bouger plus facilement et devenir encore plus fort&nbsp;!<br>Mon travail a pour objectif d\u2019amener les enfants \u00e0 d\u00e9velopper, am\u00e9liorer ou r\u00e9cup\u00e9rer une fonction motrice leur permettant, par la suite, <strong>le meilleur d\u00e9veloppement moteur possible<\/strong>. Cela se fait par le biais d\u2019exercices de r\u00e9\u00e9ducation et de mobilisation.<\/p>\n\n\n\n<h3 class=\"wp-block-heading\">Avez-vous une sp\u00e9cialit\u00e9&nbsp;?<\/h3>\n\n\n\n<p>La p\u00e9diatrie, plus sp\u00e9cifiquement la prise en charge des troubles neurologiques du nourrisson et de l\u2019enfant.<\/p>\n\n\n\n<h3 class=\"wp-block-heading\">Pourquoi s\u2019\u00eatre sp\u00e9cialis\u00e9e dans la p\u00e9diatrie&nbsp;?<\/h3>\n\n\n\n<p>Je trouve la relation soignant &#8211; soign\u00e9 avec les enfants extraordinaire et tellement riche. Les enfants pr\u00e9sentent parfois des troubles pour lesquels la r\u00e9\u00e9ducation tient une place capitale dans leur avenir fonctionnel et je trouve cela tr\u00e8s stimulant. Aussi, cela pousse \u00e0 se d\u00e9passer et les amener \u00e0 se d\u00e9passer pour <strong>mettre en place ce qui va les aider au mieux.<\/strong><\/p>\n\n\n\n<h3 class=\"wp-block-heading\">\u00c0 quelles pathologies \u00eates-vous le plus souvent confront\u00e9es&nbsp;?<\/h3>\n\n\n\n<p>La paralysie c\u00e9r\u00e9brale, la plagioc\u00e9phalie du nourrisson, les malpositions et malformations du pied.<\/p>\n\n\n\n<h3 class=\"wp-block-heading\">Pour quelles raisons vos patients viennent-ils vous voir&nbsp;?<\/h3>\n\n\n\n<p>De mani\u00e8re g\u00e9n\u00e9rale, quelle que soit la pathologie concern\u00e9e, l\u2019objectif est de gagner ou de <strong>retrouver de la fonction motrice<\/strong> pour ces enfants.<\/p>\n\n\n\n<h3 class=\"wp-block-heading\">Quand faut-il consulter un kin\u00e9sith\u00e9rapeute pour B\u00e9b\u00e9&nbsp;? Quel est le r\u00f4le du kin\u00e9 dans son suivi r\u00e9gulier&nbsp;?<\/h3>\n\n\n\n<p>La kin\u00e9sith\u00e9rapie se met en place sur prescription m\u00e9dicale. Les b\u00e9b\u00e9s peuvent \u00eatre amen\u00e9s \u00e0 en avoir besoin en cas de grande pr\u00e9maturit\u00e9. Par exemple, le <strong>d\u00e9veloppement moteur <\/strong>peut \u00eatre plus difficile pour ces enfants et un accompagnement est n\u00e9cessaire. Cela peut \u00eatre pour des raisons orthop\u00e9diques : des pieds d\u00e9vi\u00e9s chez le b\u00e9b\u00e9 ou l\u2019enfant, une t\u00eate qui se positionne toujours d\u2019un c\u00f4t\u00e9 et un b\u00e9b\u00e9 qui aurait du mal \u00e0 varier sa posture spontan\u00e9ment, une paralysie du bras suite \u00e0 un accouchement difficile\u2026 Ou encore des atteintes neuro-d\u00e9veloppementales : si le b\u00e9b\u00e9 pr\u00e9sente une pathologie \u00e0 la naissance ou bien g\u00e9n\u00e9tique et qui rend son d\u00e9veloppement moteur plus difficile.<\/p>\n\n\n\n<p>Les b\u00e9b\u00e9s qui pr\u00e9sentent des difficult\u00e9s d\u2019alimentation li\u00e9es \u00e0 un <strong>trouble de la motricit\u00e9 <\/strong>peuvent \u00e9galement consulter un kin\u00e9sith\u00e9rapeute form\u00e9 en oralit\u00e9.<br>De fa\u00e7on plus saisonni\u00e8re, les b\u00e9b\u00e9s viennent parfois en cabinet de kin\u00e9sith\u00e9rapie pour des s\u00e9ances de d\u00e9sencombrement respiratoire.<br>Les enfants plus grands peuvent avoir recours \u00e0 la kin\u00e9sith\u00e9rapie apr\u00e8s une blessure, en cas de scoliose ou bien s\u00fbr dans le cadre du suivi des troubles neuro-d\u00e9veloppementaux avec retentissement moteur \u00e0 long terme. Dans le cadre de pathologies respiratoires chroniques, les enfants sont \u00e9galement suivis en kin\u00e9sith\u00e9rapie tout au long de leur vie.<\/p>\n\n\n\n<h3 class=\"wp-block-heading\">\u00c0 partir de quel \u00e2ge peut-on consulter pour B\u00e9b\u00e9&nbsp;? Quels actes de kin\u00e9sith\u00e9rapie peuvent-\u00eatre pratiqu\u00e9s sur B\u00e9b\u00e9&nbsp;?<\/h3>\n\n\n\n<p><strong>Il n\u2019y pas de minimum d\u2019\u00e2ge<\/strong>, c\u2019est l\u2019indication qui pr\u00e9vaut&nbsp;! J\u2019ai eu l\u2019opportunit\u00e9 de pouvoir exercer aupr\u00e8s d\u2019extr\u00eames pr\u00e9matur\u00e9s en r\u00e9animation n\u00e9onatale et donc de r\u00e9aliser des soins sur des b\u00e9b\u00e9s avant leur terme de naissance. Je trouvais cela fascinant de pouvoir assister \u00e0 ce d\u00e9veloppement, observer ces mouvements qui normalement sont abrit\u00e9s par le ventre maternel.<\/p>\n\n\n\n<h3 class=\"wp-block-heading\">Les s\u00e9ances peuvent-elles \u00eatre douloureuses pour B\u00e9b\u00e9&nbsp;? Dont la kin\u00e9 respiratoire qui fait souvent peur aux parents&nbsp;?<\/h3>\n\n\n\n<p>Les s\u00e9ances de kin\u00e9sith\u00e9rapie respiratoire p\u00e2tissent effectivement d\u2019une douleur parce que le nourrisson pleure et s\u2019agite beaucoup. En revanche, (si les man\u0153uvres sont r\u00e9alis\u00e9es de fa\u00e7on appropri\u00e9e) il semblerait que ce soit davantage de la g\u00eane, li\u00e9 \u00e0 une situation inconnue et donc pouvant \u00eatre v\u00e9cue comme stressante, qui entra\u00eene les pleurs du b\u00e9b\u00e9. Les pressions exerc\u00e9es ne doivent pas faire mal.<br>De m\u00eame, dans les mobilisations orthop\u00e9diques sur les pieds des b\u00e9b\u00e9s. On peut assister \u00e0 des pleurs, principalement du fait de la contrainte ressentie par l\u2019enfant. Il faut tenir l\u2019articulation mobilis\u00e9e fermement et cela peut ne pas leur plaire.<br>Les <strong>gestes de kin\u00e9sith\u00e9rapie p\u00e9diatrique <\/strong>ne sont normalement pas douloureux et heureusement&nbsp;!<\/p>\n\n\n\n<h3 class=\"wp-block-heading\">En tant que parents, peut-on reproduire des exercices \u00e0 son domicile&nbsp;?<\/h3>\n\n\n\n<p>Le <strong>partenariat de soin avec les familles est primordial<\/strong>. Pour parfaire les r\u00e9sultats et accompagner la r\u00e9cup\u00e9ration, le kin\u00e9sith\u00e9rapeute p\u00e9diatrique aura toujours des choses \u00e0 vous pr\u00e9coniser pour le quotidien. Ils sont sp\u00e9cifiques, d\u2019une part \u00e0 la pathologie, et d\u2019autre part au niveau de r\u00e9\u00e9ducation de l\u2019enfant. C\u2019est votre kin\u00e9 qui vous montrera ce qu\u2019il faut faire.<\/p>\n\n\n\n<h3 class=\"wp-block-heading\">S\u2019agit-il d\u2019actes conventionn\u00e9s&nbsp;? Quelle prise en charge de la kin\u00e9sith\u00e9rapie p\u00e9diatrique par la s\u00e9curit\u00e9 sociale ? Besoin d\u2019une prescription&nbsp;?<\/h3>\n\n\n\n<p>Oui, la prescription m\u00e9dicale est requise pour les traitements de kin\u00e9sith\u00e9rapie. Il n\u2019existe malheureusement pas de cotation vraiment sp\u00e9cifique \u00e0 la p\u00e9diatrie. Ce qui induit un mode de remboursement identique \u00e0 celui des soins de l\u2019adulte. Alors que l\u2019approche et le temps n\u00e9cessaire soient bien diff\u00e9rents.<\/p>\n\n\n\n<h3 class=\"wp-block-heading\">De quel mat\u00e9riel vous servez-vous&nbsp;? Et comment vous en servez-vous&nbsp;?<\/h3>\n\n\n\n<p>Il faut pouvoir s\u2019adapter \u00e0 tous les \u00e2ges et et \u00e0 tous les niveaux de d\u00e9veloppement des enfants, alors oui, j\u2019ai \u00e9norm\u00e9ment de mat\u00e9riels. J&#8217;essaie de ne pas tout sortir afin de canaliser les enfants sur des exercices sp\u00e9cifiquement choisis. J\u2019utilise des plateformes d\u2019\u00e9quilibre, <a href=\"https:\/\/leblog.wesco.fr\/fr\/6-jeux-pour-developper-la-motricite-des-enfants\/\">des modules de motricit\u00e9 en mousse<\/a>, des jeux sollicitant la pr\u00e9hension, des objets sensoriels, des <a href=\"https:\/\/www.wesco.fr\/jeux-et-jouets\/jeux-de-construction.html\" target=\"_blank\" rel=\"noreferrer noopener\">jeux de construction<\/a>, etc. Impossible de tout lister car tout peut me donner une id\u00e9e d\u2019exercice \u00e0 faire avec les enfants, m\u00eame des pinces \u00e0 linge ou des rouleaux de sopalin !<\/p>\n\n\n\n<h3 class=\"wp-block-heading\">En tant que kin\u00e9sith\u00e9rapeute, avez-vous un coup de c\u0153ur dans les produits Wesco&nbsp;?<\/h3>\n\n\n\n<p>Chez Wesco, je trouve plein d\u2019outils ludiques pour faire travailler mes patients et les amener vers l\u2019objectif fonctionnel souhait\u00e9 tout en s\u2019amusant. Difficile de choisir un favori mais j\u2019adore les <a href=\"https:\/\/www.wesco.fr\/motricite-et-sport\/motricite\/parcours-de-motricite\/parcours-de-motricite-moins-de-3-ans.html\" target=\"_blank\" rel=\"noreferrer noopener\">Babimodules<\/a> et les <a href=\"https:\/\/www.google.com\/url?q=https:\/\/www.wesco.fr\/63375171-dalles-sensorielles-en-bois-kit-sensoriel-1-wesco.html&amp;sa=D&amp;source=docs&amp;ust=1669109542430941&amp;usg=AOvVaw1HNGp-Xu_lyWyoltnxeRl_\" target=\"_blank\" rel=\"noreferrer noopener\">dalles sensorielles<\/a> par exemple.<\/p>\n\n\n\n<figure class=\"wp-block-image size-large is-resized\"><a href=\"https:\/\/www.wesco.fr\/motricite-et-sport\/motricite\/parcours-de-motricite.html\"><img loading=\"lazy\" decoding=\"async\" src=\"https:\/\/leblog.wesco.fr\/fr\/wp-content\/uploads\/2022\/11\/parcours-motricite-pub-1024x288.jpg\" alt=\"\" class=\"wp-image-128004\" width=\"810\" height=\"227\" srcset=\"https:\/\/leblog.wesco.fr\/fr\/wp-content\/uploads\/2022\/11\/parcours-motricite-pub-1024x288.jpg 1024w, https:\/\/leblog.wesco.fr\/fr\/wp-content\/uploads\/2022\/11\/parcours-motricite-pub-300x84.jpg 300w, https:\/\/leblog.wesco.fr\/fr\/wp-content\/uploads\/2022\/11\/parcours-motricite-pub-768x216.jpg 768w, https:\/\/leblog.wesco.fr\/fr\/wp-content\/uploads\/2022\/11\/parcours-motricite-pub-1536x432.jpg 1536w, https:\/\/leblog.wesco.fr\/fr\/wp-content\/uploads\/2022\/11\/parcours-motricite-pub-1140x321.jpg 1140w, https:\/\/leblog.wesco.fr\/fr\/wp-content\/uploads\/2022\/11\/parcours-motricite-pub.jpg 1600w\" sizes=\"auto, (max-width: 810px) 100vw, 810px\" \/><\/a><\/figure>\n\n\n\n<h5 class=\"wp-block-heading\">Nos articles sur la m\u00eame th\u00e9matique<\/h5>\n\n\n\n<ul class=\"wp-block-list\">\n<li><a href=\"https:\/\/leblog.wesco.fr\/fr\/comment-creer-un-parcours-de-motricite-a-la-maison\/\">Comment cr\u00e9er un parcours de motricit\u00e9 \u00e0 la maison ?<\/a><\/li>\n\n\n\n<li><a href=\"https:\/\/leblog.wesco.fr\/fr\/comment-encourager-la-coordination-des-mouvements-de-bebe-avec-montessori\/\" target=\"_blank\" rel=\"noreferrer noopener\">Comment encourager la coordination des mouvements de B\u00e9b\u00e9 avec Montessori ?<\/a><\/li>\n<\/ul>\n","protected":false},"excerpt":{"rendered":"<p>Article r\u00e9dig\u00e9 en partenariat avec Cl\u00e9a Secci, kin\u00e9sith\u00e9rapeute p\u00e9diatrique. Vous connaissez sans doute la kin\u00e9sith\u00e9rapie pour adulte mais connaissez-vous la kin\u00e9sith\u00e9rapie p\u00e9diatrique&nbsp;? Cette forme de kin\u00e9 est adapt\u00e9e aux tout-petits, aux enfants mais \u00e9galement aux adolescents.Paralysie c\u00e9r\u00e9brale, plagioc\u00e9phalie du nourrisson, malformations du pied ou encore probl\u00e8mes respiratoires, peuvent \u00eatre l\u2019une des raisons de consulter ce sp\u00e9cialiste pour B\u00e9b\u00e9. Dans cette interview, on fait le point avec Cl\u00e9a Secci sur son m\u00e9tier de kin\u00e9sith\u00e9rapeute sp\u00e9cialis\u00e9e en p\u00e9diatrie. Kin\u00e9sith\u00e9rapeute p\u00e9diatrique&nbsp;: interview de Cl\u00e9a Secci Qui \u00eates-vous ? Votre parcours professionnel&nbsp;? Je suis Cl\u00e9a Secci, kin\u00e9sith\u00e9rapeute sp\u00e9cialis\u00e9e en p\u00e9diatrie et formatrice. J\u2019ai actuellement une activit\u00e9 uniquement lib\u00e9rale au sein du cabinet Ortho-Pedia \u00e0 Nice mais j\u2019ai travaill\u00e9 plusieurs ann\u00e9es dans le secteur hospitalier p\u00e9diatrique, notamment en service n\u00e9onatologie, r\u00e9animation et chirurgie. L\u2019essentiel de mon activit\u00e9 professionnelle est centr\u00e9e [&hellip;]<\/p>\n","protected":false},"author":19,"featured_media":128026,"comment_status":"open","ping_status":"open","sticky":false,"template":"","format":"standard","meta":{"_lmt_disableupdate":"","_lmt_disable":"","episode_type":"","audio_file":"","podmotor_file_id":"","podmotor_episode_id":"","cover_image":"","cover_image_id":"","duration":"","filesize":"","filesize_raw":"","date_recorded":"","explicit":"","block":"","itunes_episode_number":"","itunes_title":"","itunes_season_number":"","itunes_episode_type":"","footnotes":""},"categories":[66],"tags":[19,95,48],"class_list":["post-127964","post","type-post","status-publish","format-standard","has-post-thumbnail","hentry","category-sport-motricite-et-plein-air","tag-3-6-ans","tag-motricite-des-petits","tag-motricite-globale"],"yoast_head":"<!-- This site is optimized with the Yoast SEO plugin v27.5 - https:\/\/yoast.com\/product\/yoast-seo-wordpress\/ -->\n<title>Kin\u00e9sith\u00e9rapie p\u00e9diatrique, zoom sur la pratique - Le Blog Wesco<\/title>\n<meta name=\"description\" content=\"Cl\u00e9a Secci nous explique son m\u00e9tier de kin\u00e9sith\u00e9rapeute p\u00e9diatrique, pour quelles pathologies intervient-elle et \u00e0 partir de quel \u00e2ge.\" \/>\n<meta name=\"robots\" content=\"index, follow, max-snippet:-1, max-image-preview:large, max-video-preview:-1\" \/>\n<link rel=\"canonical\" href=\"https:\/\/leblog.wesco.fr\/fr\/kinesitherapeute-pour-enfants-zoom-sur-le-metier-de-clea-secci\/\" \/>\n<meta property=\"og:locale\" content=\"fr_FR\" \/>\n<meta property=\"og:type\" content=\"article\" \/>\n<meta property=\"og:title\" content=\"Kin\u00e9sith\u00e9rapie p\u00e9diatrique, zoom sur la pratique - Le Blog Wesco\" \/>\n<meta property=\"og:description\" content=\"Cl\u00e9a Secci nous explique son m\u00e9tier de kin\u00e9sith\u00e9rapeute p\u00e9diatrique, pour quelles pathologies intervient-elle et \u00e0 partir de quel \u00e2ge.\" \/>\n<meta property=\"og:url\" content=\"https:\/\/leblog.wesco.fr\/fr\/kinesitherapeute-pour-enfants-zoom-sur-le-metier-de-clea-secci\/\" \/>\n<meta property=\"og:site_name\" content=\"Blog Wesco\" \/>\n<meta property=\"article:published_time\" content=\"2022-11-30T11:44:38+00:00\" \/>\n<meta property=\"article:modified_time\" content=\"2022-12-15T10:48:26+00:00\" \/>\n<meta property=\"og:image\" content=\"https:\/\/leblog.wesco.fr\/fr\/wp-content\/uploads\/2022\/11\/kine-clea-secci-1.jpg\" \/>\n\t<meta property=\"og:image:width\" content=\"1600\" \/>\n\t<meta property=\"og:image:height\" content=\"800\" \/>\n\t<meta property=\"og:image:type\" content=\"image\/jpeg\" \/>\n<meta name=\"author\" content=\"Mathilde Allin\" \/>\n<meta name=\"twitter:card\" content=\"summary_large_image\" \/>\n<meta name=\"twitter:label1\" content=\"\u00c9crit par\" \/>\n\t<meta name=\"twitter:data1\" content=\"Mathilde Allin\" \/>\n<!-- \/ Yoast SEO plugin. -->","yoast_head_json":{"title":"Kin\u00e9sith\u00e9rapie p\u00e9diatrique, zoom sur la pratique - Le Blog Wesco","description":"Cl\u00e9a Secci nous explique son m\u00e9tier de kin\u00e9sith\u00e9rapeute p\u00e9diatrique, pour quelles pathologies intervient-elle et \u00e0 partir de quel \u00e2ge.","robots":{"index":"index","follow":"follow","max-snippet":"max-snippet:-1","max-image-preview":"max-image-preview:large","max-video-preview":"max-video-preview:-1"},"canonical":"https:\/\/leblog.wesco.fr\/fr\/kinesitherapeute-pour-enfants-zoom-sur-le-metier-de-clea-secci\/","og_locale":"fr_FR","og_type":"article","og_title":"Kin\u00e9sith\u00e9rapie p\u00e9diatrique, zoom sur la pratique - Le Blog Wesco","og_description":"Cl\u00e9a Secci nous explique son m\u00e9tier de kin\u00e9sith\u00e9rapeute p\u00e9diatrique, pour quelles pathologies intervient-elle et \u00e0 partir de quel \u00e2ge.","og_url":"https:\/\/leblog.wesco.fr\/fr\/kinesitherapeute-pour-enfants-zoom-sur-le-metier-de-clea-secci\/","og_site_name":"Blog Wesco","article_published_time":"2022-11-30T11:44:38+00:00","article_modified_time":"2022-12-15T10:48:26+00:00","og_image":[{"width":1600,"height":800,"url":"https:\/\/leblog.wesco.fr\/fr\/wp-content\/uploads\/2022\/11\/kine-clea-secci-1.jpg","type":"image\/jpeg"}],"author":"Mathilde Allin","twitter_card":"summary_large_image","twitter_misc":{"\u00c9crit par":"Mathilde Allin"},"schema":{"@context":"https:\/\/schema.org","@graph":[{"@type":"Article","@id":"https:\/\/leblog.wesco.fr\/fr\/kinesitherapeute-pour-enfants-zoom-sur-le-metier-de-clea-secci\/#article","isPartOf":{"@id":"https:\/\/leblog.wesco.fr\/fr\/kinesitherapeute-pour-enfants-zoom-sur-le-metier-de-clea-secci\/"},"author":{"name":"Mathilde Allin","@id":"https:\/\/leblog.wesco.fr\/fr\/#\/schema\/person\/4498a81882e3479cd626e6aeba92e793"},"headline":"Kin\u00e9sith\u00e9rapeute pour enfants\u00a0: zoom sur le m\u00e9tier de Cl\u00e9a Secci","datePublished":"2022-11-30T11:44:38+00:00","dateModified":"2022-12-15T10:48:26+00:00","mainEntityOfPage":{"@id":"https:\/\/leblog.wesco.fr\/fr\/kinesitherapeute-pour-enfants-zoom-sur-le-metier-de-clea-secci\/"},"wordCount":1420,"commentCount":0,"image":{"@id":"https:\/\/leblog.wesco.fr\/fr\/kinesitherapeute-pour-enfants-zoom-sur-le-metier-de-clea-secci\/#primaryimage"},"thumbnailUrl":"https:\/\/leblog.wesco.fr\/fr\/wp-content\/uploads\/2022\/11\/kine-clea-secci-1.jpg","keywords":["3\/6 ans","Motricit\u00e9 des petits","Motricit\u00e9 globale"],"articleSection":["Sport, motricit\u00e9 &amp; plein-air"],"inLanguage":"fr-FR","potentialAction":[{"@type":"CommentAction","name":"Comment","target":["https:\/\/leblog.wesco.fr\/fr\/kinesitherapeute-pour-enfants-zoom-sur-le-metier-de-clea-secci\/#respond"]}]},{"@type":"WebPage","@id":"https:\/\/leblog.wesco.fr\/fr\/kinesitherapeute-pour-enfants-zoom-sur-le-metier-de-clea-secci\/","url":"https:\/\/leblog.wesco.fr\/fr\/kinesitherapeute-pour-enfants-zoom-sur-le-metier-de-clea-secci\/","name":"Kin\u00e9sith\u00e9rapie p\u00e9diatrique, zoom sur la pratique - Le Blog Wesco","isPartOf":{"@id":"https:\/\/leblog.wesco.fr\/fr\/#website"},"primaryImageOfPage":{"@id":"https:\/\/leblog.wesco.fr\/fr\/kinesitherapeute-pour-enfants-zoom-sur-le-metier-de-clea-secci\/#primaryimage"},"image":{"@id":"https:\/\/leblog.wesco.fr\/fr\/kinesitherapeute-pour-enfants-zoom-sur-le-metier-de-clea-secci\/#primaryimage"},"thumbnailUrl":"https:\/\/leblog.wesco.fr\/fr\/wp-content\/uploads\/2022\/11\/kine-clea-secci-1.jpg","datePublished":"2022-11-30T11:44:38+00:00","dateModified":"2022-12-15T10:48:26+00:00","author":{"@id":"https:\/\/leblog.wesco.fr\/fr\/#\/schema\/person\/4498a81882e3479cd626e6aeba92e793"},"description":"Cl\u00e9a Secci nous explique son m\u00e9tier de kin\u00e9sith\u00e9rapeute p\u00e9diatrique, pour quelles pathologies intervient-elle et \u00e0 partir de quel \u00e2ge.","breadcrumb":{"@id":"https:\/\/leblog.wesco.fr\/fr\/kinesitherapeute-pour-enfants-zoom-sur-le-metier-de-clea-secci\/#breadcrumb"},"inLanguage":"fr-FR","potentialAction":[{"@type":"ReadAction","target":["https:\/\/leblog.wesco.fr\/fr\/kinesitherapeute-pour-enfants-zoom-sur-le-metier-de-clea-secci\/"]}]},{"@type":"ImageObject","inLanguage":"fr-FR","@id":"https:\/\/leblog.wesco.fr\/fr\/kinesitherapeute-pour-enfants-zoom-sur-le-metier-de-clea-secci\/#primaryimage","url":"https:\/\/leblog.wesco.fr\/fr\/wp-content\/uploads\/2022\/11\/kine-clea-secci-1.jpg","contentUrl":"https:\/\/leblog.wesco.fr\/fr\/wp-content\/uploads\/2022\/11\/kine-clea-secci-1.jpg","width":1600,"height":800,"caption":"kin\u00e9sith\u00e9rapeute cl\u00e9a avec enfant blog wesco"},{"@type":"BreadcrumbList","@id":"https:\/\/leblog.wesco.fr\/fr\/kinesitherapeute-pour-enfants-zoom-sur-le-metier-de-clea-secci\/#breadcrumb","itemListElement":[{"@type":"ListItem","position":1,"name":"Accueil","item":"https:\/\/leblog.wesco.fr\/fr\/"},{"@type":"ListItem","position":2,"name":"Sport, motricit\u00e9 &amp; plein-air","item":"https:\/\/leblog.wesco.fr\/fr\/category\/sport-motricite-et-plein-air\/"},{"@type":"ListItem","position":3,"name":"Kin\u00e9sith\u00e9rapeute pour enfants\u00a0: zoom sur le m\u00e9tier de Cl\u00e9a Secci"}]},{"@type":"WebSite","@id":"https:\/\/leblog.wesco.fr\/fr\/#website","url":"https:\/\/leblog.wesco.fr\/fr\/","name":"Blog Wesco","description":"Le rendez-vous des enfants, des parents et des professionnels","potentialAction":[{"@type":"SearchAction","target":{"@type":"EntryPoint","urlTemplate":"https:\/\/leblog.wesco.fr\/fr\/?s={search_term_string}"},"query-input":{"@type":"PropertyValueSpecification","valueRequired":true,"valueName":"search_term_string"}}],"inLanguage":"fr-FR"},{"@type":"Person","@id":"https:\/\/leblog.wesco.fr\/fr\/#\/schema\/person\/4498a81882e3479cd626e6aeba92e793","name":"Mathilde Allin","url":"https:\/\/leblog.wesco.fr\/fr\/author\/mallin\/"}]}},"modified_by":"Mathilde Allin","_links":{"self":[{"href":"https:\/\/leblog.wesco.fr\/fr\/wp-json\/wp\/v2\/posts\/127964","targetHints":{"allow":["GET"]}}],"collection":[{"href":"https:\/\/leblog.wesco.fr\/fr\/wp-json\/wp\/v2\/posts"}],"about":[{"href":"https:\/\/leblog.wesco.fr\/fr\/wp-json\/wp\/v2\/types\/post"}],"author":[{"embeddable":true,"href":"https:\/\/leblog.wesco.fr\/fr\/wp-json\/wp\/v2\/users\/19"}],"replies":[{"embeddable":true,"href":"https:\/\/leblog.wesco.fr\/fr\/wp-json\/wp\/v2\/comments?post=127964"}],"version-history":[{"count":14,"href":"https:\/\/leblog.wesco.fr\/fr\/wp-json\/wp\/v2\/posts\/127964\/revisions"}],"predecessor-version":[{"id":128197,"href":"https:\/\/leblog.wesco.fr\/fr\/wp-json\/wp\/v2\/posts\/127964\/revisions\/128197"}],"wp:featuredmedia":[{"embeddable":true,"href":"https:\/\/leblog.wesco.fr\/fr\/wp-json\/wp\/v2\/media\/128026"}],"wp:attachment":[{"href":"https:\/\/leblog.wesco.fr\/fr\/wp-json\/wp\/v2\/media?parent=127964"}],"wp:term":[{"taxonomy":"category","embeddable":true,"href":"https:\/\/leblog.wesco.fr\/fr\/wp-json\/wp\/v2\/categories?post=127964"},{"taxonomy":"post_tag","embeddable":true,"href":"https:\/\/leblog.wesco.fr\/fr\/wp-json\/wp\/v2\/tags?post=127964"}],"curies":[{"name":"wp","href":"https:\/\/api.w.org\/{rel}","templated":true}]}}