{"id":126752,"date":"2022-08-16T08:00:00","date_gmt":"2022-08-16T06:00:00","guid":{"rendered":"https:\/\/leblog.wesco.fr\/fr\/?p=126752"},"modified":"2024-12-09T15:51:43","modified_gmt":"2024-12-09T14:51:43","slug":"eveil-aux-langues-pour-les-plus-petits","status":"publish","type":"post","link":"https:\/\/leblog.wesco.fr\/fr\/eveil-aux-langues-pour-les-plus-petits\/","title":{"rendered":"\u00c9veiller les plus petits aux langues"},"content":{"rendered":"\n<p>On estime qu\u2019environ 7000 langues sont parl\u00e9es aujourd\u2019hui \u00e0 travers le monde. En plus d\u2019aider les plus jeunes \u00e0 prendre conscience de la diversit\u00e9 linguistique les entourant, mettre en place des ateliers d\u2019<strong>\u00e9veil aux langues<\/strong> dans les structures d\u2019accueil ne pr\u00e9sente que des avantages pour leur d\u00e9veloppement. On vous dit tout sur les pourquoi et comment instaurer ces ateliers.<\/p>\n\n\n\n<p>&nbsp;<\/p>\n\n\n\n<h2 class=\"wp-block-heading\">Les premiers mois de vie&nbsp;: l&#8217;\u00e2ge d&#8217;or de l&#8217;\u00e9veil aux langues<\/h2>\n\n\n\n<p>D\u00e8s leurs premiers jours de vie, les b\u00e9b\u00e9s sont sensibles aux sons de la parole&nbsp;: ils reconnaissent puis m\u00e9morisent rapidement <a href=\"https:\/\/leblog.wesco.fr\/fr\/comment-nait-le-langage\/\">les premiers mots de leur langue maternelle<\/a>. La p\u00e9riode d\u2019apprentissage des langues la plus optimale s\u2019\u00e9tend de la naissance aux 7 ans.<\/p>\n\n\n\n<p>Si, \u00e0 l\u2019\u00e2ge adulte, vous vous \u00eates d\u00e9j\u00e0 essay\u00e9s \u00e0 l\u2019apprentissage d\u2019une langue, vous avez probablement pu constater des difficult\u00e9s. Entendre et reproduire des sons jusqu\u2019ici \u00e9trangers pour vous est complexe. Par exemple, le \u201cth\u201d anglais, le \u201cr\u201d espagnol, les 4 diff\u00e9rents tons du mandarin\u2026 De ce c\u00f4t\u00e9-l\u00e0, les tout-petits sont avantag\u00e9s&nbsp;: ils ne sont pas encore limit\u00e9s par la perception et la prononciation des sons propres \u00e0 leur(s) langue(s) maternelle(s).<\/p>\n\n\n\n<h2 class=\"wp-block-heading\">\u00c9veiller les enfants \u00e0 l&#8217;apprentissage d&#8217;une nouvelle langue <\/h2>\n\n\n\n<p>On craint souvent que <strong>parler deux langues<\/strong> en m\u00eame temps aux enfants puisse cr\u00e9er de la confusion dans leurs esprits, et retarder l\u2019apprentissage de leur premi\u00e8re langue. Faux&nbsp;: depuis 1962 et les \u00e9tudes r\u00e9alis\u00e9es par Elizabeth Peal et Wallace E. Lambert \u00e0 Montr\u00e9al, on sait que cela n\u2019entra\u00eene aucune d\u00e9ficience ni retard intellectuel. Au contraire, les enfants bilingues ont obtenu des r\u00e9sultats sup\u00e9rieurs \u00e0 ceux des enfants ne parlant qu\u2019une seule langue.<\/p>\n\n\n\n<p>Cependant, il existe bien une phase du d\u00e9veloppement pendant laquelle l&#8217;enfant m\u00e9lange les deux langues. Mais c\u2019est une \u00e9volution normale de l\u2019apprentissage qui sera vite r\u00e9solue. Pas de panique, donc&nbsp;!<\/p>\n\n\n\n<h2 class=\"wp-block-heading\">Quels sont les b\u00e9n\u00e9fices \u00e0 retenir de l\u2019\u00e9veil aux langues des tout-petits ?<\/h2>\n\n\n\n<ul class=\"wp-block-list\">\n<li>Favorise leurs capacit\u00e9s de m\u00e9morisation et de r\u00e9flexion<\/li>\n\n\n\n<li>Facilite leur <strong>apprentissage des langues<\/strong> pour l\u2019avenir, et rendra plus facile le passage de l\u2019une \u00e0 l\u2019autre<\/li>\n\n\n\n<li>D\u00e9veloppe leur cr\u00e9ativit\u00e9 et leur analyse des situations de communication<\/li>\n\n\n\n<li>Prendre conscience de la diversit\u00e9 linguistique et culturelle du monde en s\u2019amusant tous ensemble, c\u2019est acqu\u00e9rir les bases de la tol\u00e9rance et du vivre-ensemble.<\/li>\n<\/ul>\n\n\n\n<h2 class=\"wp-block-heading\">Les ateliers d&#8217;\u00e9veil aux langues : qu&#8217;est-ce que c&#8217;est ?<\/h2>\n\n\n\n<p>Dans un premier temps port\u00e9s par l\u2019association <a href=\"https:\/\/dulala.fr\/\" target=\"_blank\" rel=\"noreferrer noopener\">D\u2019une langue \u00e0 l\u2019autre<\/a>, les <strong>ateliers d\u2019\u00e9veil aux langues<\/strong> se multiplient aujourd\u2019hui dans les cr\u00e8ches. On trouve en effet des initiatives dans plusieurs langues (catalan, alsacien, anglais, arabe, espagnol&#8230;).<\/p>\n\n\n\n<p>Il s\u2019agit de proposer aux enfants une d\u00e9couverte par le biais d\u2019activit\u00e9s et d\u2019interactions ludiques. On ne cherche pas \u00e0 les faire apprendre, on vise plut\u00f4t la reproduction de ce qu\u2019ils entendent, et \u00e0 les laisser libres d\u2019exp\u00e9rimenter ces nouveaut\u00e9s.<\/p>\n\n\n\n<h3 class=\"wp-block-heading\">Fixez vos objectifs et modalit\u00e9s<\/h3>\n\n\n\n<ul class=\"wp-block-list\">\n<li>Par petits groupes et selon les tranches d\u2019\u00e2ge (0\/3 ans, 3\/6 ans)<\/li>\n\n\n\n<li>Plut\u00f4t au sol, sur des <a href=\"https:\/\/www.wesco.fr\/63483016-natte-en-liege.html\" target=\"_blank\" rel=\"noreferrer noopener\">tapis<\/a>, en les laissant libres de circuler pour que l\u2019activit\u00e9 soit ludique<\/li>\n\n\n\n<li>Le choix des <strong>langues<\/strong>\u00a0: quelles langues parlent les familles des enfants accueillis ? Quelles langues parlez-vous ? Nul besoin d\u2019\u00eatre parfaitement bilingue\u00a0: vous n\u2019\u00eates pas des professeurs de langue. Il est toujours possible de faire appel aux parents pour les investir s\u2019ils le souhaitent dans les ateliers.<\/li>\n\n\n\n<li>D\u00e9terminez le nombre d\u2019ateliers par semaine\/mois et leur r\u00e9gularit\u00e9 (importante pour l\u2019instauration de rituels). Adaptez la dur\u00e9e de l\u2019activit\u00e9 selon les \u00e2ges et les capacit\u00e9s de concentration de chacun.<\/li>\n\n\n\n<li>L\u2019atelier doit \u00eatre associ\u00e9 par les enfants \u00e0 un moment de plaisir\u00a0: pr\u00e9voyez donc des activit\u00e9s et des interactions proches de leurs habitudes (comptines, chants, instruments de musique, histoires, jeux, danses\u2026).<\/li>\n\n\n\n<li>Faites appel \u00e0 des supports vari\u00e9s stimulant tous leurs sens\u00a0: de la musique, des objets ou images aux mati\u00e8res et couleurs vari\u00e9es, pourquoi pas selon les langues choisies instaurer des temps de go\u00fbters autour des sp\u00e9cialit\u00e9s culinaires d\u2019une culture etc.<\/li>\n<\/ul>\n\n\n\n<h3 class=\"wp-block-heading\">\u00c9veil aux langues&nbsp;: pourquoi pas la Langue des Signes Fran\u00e7aise ?<\/h3>\n\n\n\n<p>Que vous signiez d\u00e9j\u00e0 avec les enfants que vous accueillez ou non, la LSF peut tout \u00e0 fait faire l\u2019objet d\u2019ateliers d\u2019\u00e9veil aux langues&nbsp;: elle favorisera d\u2019ailleurs le d\u00e9veloppement des plus petits. Si votre projet d\u2019ateliers est aussi \u00e0 vis\u00e9e <a href=\"https:\/\/www.wesco.fr\/inclusion-autisme.html\" target=\"_blank\" rel=\"noreferrer noopener\">inclusive<\/a>, la sensibilisation \u00e0 la Langue des Signes Fran\u00e7aise permettra de faire conna\u00eetre aux enfants la culture sourde (<a href=\"https:\/\/www.youtube.com\/watch?v=iauQQiSQfsE\" target=\"_blank\" rel=\"noreferrer noopener\">chansigne<\/a>, <a href=\"https:\/\/www.youtube.com\/watch?v=f7_nRV5m3Rk\" target=\"_blank\" rel=\"noreferrer noopener\">po\u00e9signe<\/a>\u2026).<\/p>\n\n\n\n<h2 class=\"wp-block-heading\">\u00c9veil aux langues : notre s\u00e9lection <\/h2>\n\n\n\n<div class=\"wp-block-media-text alignwide has-media-on-the-right is-stacked-on-mobile is-vertically-aligned-center\"><div class=\"wp-block-media-text__content\">\n<p class=\"has-text-align-center\">C\u2019est une ressource utilis\u00e9e et pl\u00e9biscit\u00e9e par l\u2019association Dulala. Cette forme de repr\u00e9sentation favorise la concentration et la compr\u00e9hension&nbsp;; libre \u00e0 vous d\u2019adapter et de traduire les contes aux langues choisies pour vos ateliers.<\/p>\n\n\n\n<div class=\"wp-block-buttons alignwide is-content-justification-center is-layout-flex wp-container-core-buttons-is-layout-16018d1d wp-block-buttons-is-layout-flex\">\n<div class=\"wp-block-button\"><a class=\"wp-block-button__link wp-element-button\" href=\"https:\/\/www.wesco.fr\/58974016-theatre-d-images-kamishibai-wesco.html\" target=\"_blank\" rel=\"noreferrer noopener\">voir le th\u00e9\u00e2tre<\/a><\/div>\n<\/div>\n<\/div><figure class=\"wp-block-media-text__media\"><img loading=\"lazy\" decoding=\"async\" width=\"600\" height=\"348\" src=\"https:\/\/leblog.wesco.fr\/fr\/wp-content\/uploads\/2022\/07\/eveil-langues-kamishibai.jpg\" alt=\"\" class=\"wp-image-126754 size-full\" srcset=\"https:\/\/leblog.wesco.fr\/fr\/wp-content\/uploads\/2022\/07\/eveil-langues-kamishibai.jpg 600w, https:\/\/leblog.wesco.fr\/fr\/wp-content\/uploads\/2022\/07\/eveil-langues-kamishibai-300x174.jpg 300w\" sizes=\"auto, (max-width: 600px) 100vw, 600px\" \/><\/figure><\/div>\n\n\n\n<div class=\"wp-block-media-text is-stacked-on-mobile is-vertically-aligned-center\"><figure class=\"wp-block-media-text__media\"><img loading=\"lazy\" decoding=\"async\" width=\"600\" height=\"348\" src=\"https:\/\/leblog.wesco.fr\/fr\/wp-content\/uploads\/2022\/07\/eveil-langues-anglais.jpg\" alt=\"CD livre apprendre l'anglais chant\" class=\"wp-image-126755 size-full\" srcset=\"https:\/\/leblog.wesco.fr\/fr\/wp-content\/uploads\/2022\/07\/eveil-langues-anglais.jpg 600w, https:\/\/leblog.wesco.fr\/fr\/wp-content\/uploads\/2022\/07\/eveil-langues-anglais-300x174.jpg 300w\" sizes=\"auto, (max-width: 600px) 100vw, 600px\" \/><\/figure><div class=\"wp-block-media-text__content\">\n<p class=\"has-text-align-center\">Ce livre-CD contient une s\u00e9lection de comptines anglaises pour se familiariser \u00e0 cette langue de mani\u00e8re ludique. Les comptines sont un bon moyen d\u2019optimiser la m\u00e9morisation des mots et sons inhabituels par le jeu.<\/p>\n\n\n\n<div class=\"wp-block-buttons alignwide is-content-justification-center is-layout-flex wp-container-core-buttons-is-layout-16018d1d wp-block-buttons-is-layout-flex\">\n<div class=\"wp-block-button\"><a class=\"wp-block-button__link wp-element-button\" href=\"https:\/\/www.wesco.fr\/56487171-livre-cd-apprendre-l-anglais-en-chantant.html#wesco_description\" target=\"_blank\" rel=\"noreferrer noopener\">voir le livre\/CD<\/a><\/div>\n<\/div>\n<\/div><\/div>\n\n\n\n<div class=\"wp-block-media-text alignwide has-media-on-the-right is-stacked-on-mobile is-vertically-aligned-center\"><div class=\"wp-block-media-text__content\">\n<p class=\"has-text-align-center\">Un support d\u2019atelier pour guider les enfants dans l\u2019acquisition des premiers mots en Langue des Signes Fran\u00e7aise.<\/p>\n\n\n\n<div class=\"wp-block-buttons alignwide is-content-justification-center is-layout-flex wp-container-core-buttons-is-layout-16018d1d wp-block-buttons-is-layout-flex\">\n<div class=\"wp-block-button\"><a class=\"wp-block-button__link wp-element-button\" href=\"https:\/\/www.wesco.fr\/69085171-maxi-lot-l-imagier-des-signes-langue-au-chat.html?queryID=65211182047f234591ee4b79dcf8f110&amp;objectID=58142&amp;indexName=PRODUCTION_wesco_fr_products\" target=\"_blank\" rel=\"noreferrer noopener\">voir l&#8217;imagier<\/a><\/div>\n<\/div>\n<\/div><figure class=\"wp-block-media-text__media\"><img loading=\"lazy\" decoding=\"async\" width=\"600\" height=\"348\" src=\"https:\/\/leblog.wesco.fr\/fr\/wp-content\/uploads\/2022\/07\/eveil-langues-signes.jpg\" alt=\"imagier pour \u00e9veil langue des signes fran\u00e7aise\" class=\"wp-image-126756 size-full\" srcset=\"https:\/\/leblog.wesco.fr\/fr\/wp-content\/uploads\/2022\/07\/eveil-langues-signes.jpg 600w, https:\/\/leblog.wesco.fr\/fr\/wp-content\/uploads\/2022\/07\/eveil-langues-signes-300x174.jpg 300w\" sizes=\"auto, (max-width: 600px) 100vw, 600px\" \/><\/figure><\/div>\n\n\n\n<div class=\"wp-block-media-text is-stacked-on-mobile is-vertically-aligned-center\"><figure class=\"wp-block-media-text__media\"><img loading=\"lazy\" decoding=\"async\" width=\"600\" height=\"348\" src=\"https:\/\/leblog.wesco.fr\/fr\/wp-content\/uploads\/2022\/07\/eveil-langues-chiffres.jpg\" alt=\"eveil langues chiffres langue signes fran\u00e7aise LSF\" class=\"wp-image-126757 size-full\" srcset=\"https:\/\/leblog.wesco.fr\/fr\/wp-content\/uploads\/2022\/07\/eveil-langues-chiffres.jpg 600w, https:\/\/leblog.wesco.fr\/fr\/wp-content\/uploads\/2022\/07\/eveil-langues-chiffres-300x174.jpg 300w\" sizes=\"auto, (max-width: 600px) 100vw, 600px\" \/><\/figure><div class=\"wp-block-media-text__content\">\n<p class=\"has-text-align-center\">Toucher, compter, tracer les chiffres du bout des doigts et m\u00e9moriser les signes associ\u00e9s&nbsp;: un jeu \u00e9ducatif complet \u00e0 faire manipuler par les petites mains (\u00e0 partir de 2 ans) pendant vos ateliers de LSF.<\/p>\n\n\n\n<div class=\"wp-block-buttons alignwide is-content-justification-center is-layout-flex wp-container-core-buttons-is-layout-16018d1d wp-block-buttons-is-layout-flex\">\n<div class=\"wp-block-button\"><a class=\"wp-block-button__link wp-element-button\" href=\"https:\/\/www.wesco.fr\/44662171-chiffres-de-1-a-10-en-langue-des-signes-ecoconcus-plan-toys.html#wesco_description\" target=\"_blank\" rel=\"noreferrer noopener\">voir les chiffres<\/a><\/div>\n<\/div>\n<\/div><\/div>\n\n\n\n<h2 class=\"wp-block-heading\">Pour conclure <\/h2>\n\n\n\n<p>En plus de les sensibiliser au vivre-ensemble et aux cultures du monde, les ateliers d\u2019<strong>\u00e9veil aux langues<\/strong> n\u2019auront donc que des avantages pour le d\u00e9veloppement des plus jeunes. Cette \u201cpr\u00e9-initiation\u201d aux <strong>langues<\/strong> peut \u00eatre instaur\u00e9e d\u00e8s la cr\u00e8che puis \u00e0 la maternelle, de mani\u00e8re ludique pour que les tout-petits soient libres d\u2019exp\u00e9rimenter ces nouvelles d\u00e9couvertes langagi\u00e8res.<\/p>\n\n\n\n<h2 class=\"wp-block-heading\">Nos articles sur la m\u00eame th\u00e9matique <\/h2>\n\n\n\n<ul class=\"wp-block-list\">\n<li><a href=\"https:\/\/leblog.wesco.fr\/fr\/comment-nait-le-langage\/\">Comment na\u00eet le langage ?<\/a><\/li>\n\n\n\n<li><a href=\"https:\/\/leblog.wesco.fr\/fr\/le-langage\/\">Les grandes \u00e9tapes du d\u00e9veloppement du langage<\/a><\/li>\n<\/ul>\n\n\n\n<h2 class=\"wp-block-heading\">Pour aller plus loin<\/h2>\n\n\n\n<ul class=\"wp-block-list\">\n<li><a href=\"https:\/\/www.youtube.com\/watch?v=7woeQZMjFGY\" target=\"_blank\" rel=\"noreferrer noopener\">Vid\u00e9o : une activit\u00e9 d\u2019\u00e9veil aux langues en maternelle<\/a><\/li>\n\n\n\n<li><a href=\"https:\/\/dulala.fr\/wp-content\/uploads\/2020\/09\/Dulala-PetiteEnfance-Brochure-1.pdf\" target=\"_blank\" rel=\"noreferrer noopener\">Les langues de chacun, une chance pour tous ! Comment faire vivre le multilinguisme dans une structure Petite Enfance ? Association Dulala (2017)<\/a><\/li>\n<\/ul>\n\n\n\n<div class=\"wp-block-cover alignwide is-light\" style=\"min-height:280px;aspect-ratio:unset;\"><span aria-hidden=\"true\" class=\"wp-block-cover__background has-background-dim-100 has-background-dim\" style=\"background-color:#f0735c\"><\/span><div class=\"wp-block-cover__inner-container is-layout-flow wp-block-cover-is-layout-flow\">\n<p class=\"has-white-color has-text-color\"><strong>\u00c0 vos c\u00f4t\u00e9s<\/strong><br>Depuis 2016, nos r\u00e9dacteur.rice.s ont mis en ligne plus de 230 articles sur des sujets vari\u00e9s dans un seul but : vous guider au mieux dans la grande aventure du bien grandir et de l\u2019\u00e9panouissement des enfants. Pour qu\u2019ils \u00e9veillent le monde ! \ud83d\ude09<br><br>\u00c0 l\u2019heure o\u00f9 les conseils divers inondent Internet, toute l\u2019\u00e9quipe Wesco souhaite vous le rappeler : chacun.e d\u2019entre vous est libre d\u2019\u00eatre le parent ou le professionnel qu\u2019il ou elle souhaite. Nous traitons ici de nombreuses p\u00e9dagogies et axes d\u2019ouverture sur la parentalit\u00e9, esp\u00e9rant provoquer un \u00e9change, rencontrer vos avis et pourquoi pas, faire \u00e9voluer les n\u00f4tres \u00e0 vos c\u00f4t\u00e9s.<br><br>Si on peut se permettre un tout dernier conseil : \u00e9coutez-vous, \u00e9coutez vos Ptiloups. Gardez ce qui vous convient, laissez de c\u00f4t\u00e9 ce qui va \u00e0 l\u2019encontre de vos valeurs, vos possibilit\u00e9s, \u00e0 l\u2019encontre de qui vous \u00eates. Si vous vous posez la question, c\u2019est que vous \u00eates d\u00e9j\u00e0 le meilleur parent ou accompagnant professionnel pour vos Ptiloups :).<\/p>\n<\/div><\/div>\n","protected":false},"excerpt":{"rendered":"<p>On estime qu\u2019environ 7000 langues sont parl\u00e9es aujourd\u2019hui \u00e0 travers le monde. En plus d\u2019aider les plus jeunes \u00e0 prendre conscience de la diversit\u00e9 linguistique les entourant, mettre en place des ateliers d\u2019\u00e9veil aux langues dans les structures d\u2019accueil ne pr\u00e9sente que des avantages pour leur d\u00e9veloppement. On vous dit tout sur les pourquoi et comment instaurer ces ateliers. Les premiers mois de vie&nbsp;: l&#8217;\u00e2ge d&#8217;or de l&#8217;\u00e9veil aux langues D\u00e8s leurs premiers jours de vie, les b\u00e9b\u00e9s sont sensibles aux sons de la parole&nbsp;: ils reconnaissent puis m\u00e9morisent rapidement les premiers mots de leur langue maternelle. La p\u00e9riode d\u2019apprentissage des langues la plus optimale s\u2019\u00e9tend de la naissance aux 7 ans. Si, \u00e0 l\u2019\u00e2ge adulte, vous vous \u00eates d\u00e9j\u00e0 essay\u00e9s \u00e0 l\u2019apprentissage d\u2019une langue, vous avez probablement pu constater des difficult\u00e9s. Entendre et reproduire [&hellip;]<\/p>\n","protected":false},"author":25,"featured_media":126753,"comment_status":"open","ping_status":"open","sticky":false,"template":"","format":"standard","meta":{"_lmt_disableupdate":"","_lmt_disable":"","episode_type":"","audio_file":"","podmotor_file_id":"","podmotor_episode_id":"","cover_image":"","cover_image_id":"","duration":"","filesize":"","filesize_raw":"","date_recorded":"","explicit":"","block":"","itunes_episode_number":"","itunes_title":"","itunes_season_number":"","itunes_episode_type":"","footnotes":""},"categories":[62],"tags":[18,90,38,45],"class_list":["post-126752","post","type-post","status-publish","format-standard","has-post-thumbnail","hentry","category-eveil-et-apprentissage","tag-12-36-mois","tag-arts-creativite","tag-eveil","tag-langage"],"yoast_head":"<!-- This site is optimized with the Yoast SEO plugin v27.5 - https:\/\/yoast.com\/product\/yoast-seo-wordpress\/ -->\n<title>\u00c9veil aux langues pour les plus petits - Le Blog Wesco<\/title>\n<meta name=\"description\" content=\"D\u00e9couvrez l\u2019importance de l&#039;\u00e9veil aux langues \u00e9trang\u00e8res et \u00e0 la culture du monde d\u00e8s le plus jeune \u00e2ge pour les enfants.\" \/>\n<meta name=\"robots\" content=\"index, follow, max-snippet:-1, max-image-preview:large, max-video-preview:-1\" \/>\n<link rel=\"canonical\" href=\"https:\/\/leblog.wesco.fr\/fr\/eveil-aux-langues-pour-les-plus-petits\/\" \/>\n<meta property=\"og:locale\" content=\"fr_FR\" \/>\n<meta property=\"og:type\" content=\"article\" \/>\n<meta property=\"og:title\" content=\"\u00c9veil aux langues pour les plus petits - Le Blog Wesco\" \/>\n<meta property=\"og:description\" content=\"D\u00e9couvrez l\u2019importance de l&#039;\u00e9veil aux langues \u00e9trang\u00e8res et \u00e0 la culture du monde d\u00e8s le plus jeune \u00e2ge pour les enfants.\" \/>\n<meta property=\"og:url\" content=\"https:\/\/leblog.wesco.fr\/fr\/eveil-aux-langues-pour-les-plus-petits\/\" \/>\n<meta property=\"og:site_name\" content=\"Blog Wesco\" \/>\n<meta property=\"article:published_time\" content=\"2022-08-16T06:00:00+00:00\" \/>\n<meta property=\"article:modified_time\" content=\"2024-12-09T14:51:43+00:00\" \/>\n<meta property=\"og:image\" content=\"https:\/\/leblog.wesco.fr\/fr\/wp-content\/uploads\/2022\/07\/eveil-langues.jpg\" \/>\n\t<meta property=\"og:image:width\" content=\"1600\" \/>\n\t<meta property=\"og:image:height\" content=\"800\" \/>\n\t<meta property=\"og:image:type\" content=\"image\/jpeg\" \/>\n<meta name=\"author\" content=\"Margaux Lidoine\" \/>\n<meta name=\"twitter:card\" content=\"summary_large_image\" \/>\n<meta name=\"twitter:label1\" content=\"\u00c9crit par\" \/>\n\t<meta name=\"twitter:data1\" content=\"Margaux Lidoine\" \/>\n\t<meta name=\"twitter:label2\" content=\"Dur\u00e9e de lecture estim\u00e9e\" \/>\n\t<meta name=\"twitter:data2\" content=\"7 minutes\" \/>\n<!-- \/ Yoast SEO plugin. -->","yoast_head_json":{"title":"\u00c9veil aux langues pour les plus petits - Le Blog Wesco","description":"D\u00e9couvrez l\u2019importance de l'\u00e9veil aux langues \u00e9trang\u00e8res et \u00e0 la culture du monde d\u00e8s le plus jeune \u00e2ge pour les enfants.","robots":{"index":"index","follow":"follow","max-snippet":"max-snippet:-1","max-image-preview":"max-image-preview:large","max-video-preview":"max-video-preview:-1"},"canonical":"https:\/\/leblog.wesco.fr\/fr\/eveil-aux-langues-pour-les-plus-petits\/","og_locale":"fr_FR","og_type":"article","og_title":"\u00c9veil aux langues pour les plus petits - Le Blog Wesco","og_description":"D\u00e9couvrez l\u2019importance de l'\u00e9veil aux langues \u00e9trang\u00e8res et \u00e0 la culture du monde d\u00e8s le plus jeune \u00e2ge pour les enfants.","og_url":"https:\/\/leblog.wesco.fr\/fr\/eveil-aux-langues-pour-les-plus-petits\/","og_site_name":"Blog Wesco","article_published_time":"2022-08-16T06:00:00+00:00","article_modified_time":"2024-12-09T14:51:43+00:00","og_image":[{"width":1600,"height":800,"url":"https:\/\/leblog.wesco.fr\/fr\/wp-content\/uploads\/2022\/07\/eveil-langues.jpg","type":"image\/jpeg"}],"author":"Margaux Lidoine","twitter_card":"summary_large_image","twitter_misc":{"\u00c9crit par":"Margaux Lidoine","Dur\u00e9e de lecture estim\u00e9e":"7 minutes"},"schema":{"@context":"https:\/\/schema.org","@graph":[{"@type":"Article","@id":"https:\/\/leblog.wesco.fr\/fr\/eveil-aux-langues-pour-les-plus-petits\/#article","isPartOf":{"@id":"https:\/\/leblog.wesco.fr\/fr\/eveil-aux-langues-pour-les-plus-petits\/"},"author":{"name":"Margaux Lidoine","@id":"https:\/\/leblog.wesco.fr\/fr\/#\/schema\/person\/ba481f3ad14e2e374ce9f74ae40acfcf"},"headline":"\u00c9veiller les plus petits aux langues","datePublished":"2022-08-16T06:00:00+00:00","dateModified":"2024-12-09T14:51:43+00:00","mainEntityOfPage":{"@id":"https:\/\/leblog.wesco.fr\/fr\/eveil-aux-langues-pour-les-plus-petits\/"},"wordCount":1083,"commentCount":0,"image":{"@id":"https:\/\/leblog.wesco.fr\/fr\/eveil-aux-langues-pour-les-plus-petits\/#primaryimage"},"thumbnailUrl":"https:\/\/leblog.wesco.fr\/fr\/wp-content\/uploads\/2022\/07\/eveil-langues.jpg","keywords":["12\/36 mois","Arts &amp; cr\u00e9ativit\u00e9","\u00c9veil","Langage"],"articleSection":["\u00c9veil &amp; apprentissage"],"inLanguage":"fr-FR","potentialAction":[{"@type":"CommentAction","name":"Comment","target":["https:\/\/leblog.wesco.fr\/fr\/eveil-aux-langues-pour-les-plus-petits\/#respond"]}]},{"@type":"WebPage","@id":"https:\/\/leblog.wesco.fr\/fr\/eveil-aux-langues-pour-les-plus-petits\/","url":"https:\/\/leblog.wesco.fr\/fr\/eveil-aux-langues-pour-les-plus-petits\/","name":"\u00c9veil aux langues pour les plus petits - Le Blog Wesco","isPartOf":{"@id":"https:\/\/leblog.wesco.fr\/fr\/#website"},"primaryImageOfPage":{"@id":"https:\/\/leblog.wesco.fr\/fr\/eveil-aux-langues-pour-les-plus-petits\/#primaryimage"},"image":{"@id":"https:\/\/leblog.wesco.fr\/fr\/eveil-aux-langues-pour-les-plus-petits\/#primaryimage"},"thumbnailUrl":"https:\/\/leblog.wesco.fr\/fr\/wp-content\/uploads\/2022\/07\/eveil-langues.jpg","datePublished":"2022-08-16T06:00:00+00:00","dateModified":"2024-12-09T14:51:43+00:00","author":{"@id":"https:\/\/leblog.wesco.fr\/fr\/#\/schema\/person\/ba481f3ad14e2e374ce9f74ae40acfcf"},"description":"D\u00e9couvrez l\u2019importance de l'\u00e9veil aux langues \u00e9trang\u00e8res et \u00e0 la culture du monde d\u00e8s le plus jeune \u00e2ge pour les enfants.","breadcrumb":{"@id":"https:\/\/leblog.wesco.fr\/fr\/eveil-aux-langues-pour-les-plus-petits\/#breadcrumb"},"inLanguage":"fr-FR","potentialAction":[{"@type":"ReadAction","target":["https:\/\/leblog.wesco.fr\/fr\/eveil-aux-langues-pour-les-plus-petits\/"]}]},{"@type":"ImageObject","inLanguage":"fr-FR","@id":"https:\/\/leblog.wesco.fr\/fr\/eveil-aux-langues-pour-les-plus-petits\/#primaryimage","url":"https:\/\/leblog.wesco.fr\/fr\/wp-content\/uploads\/2022\/07\/eveil-langues.jpg","contentUrl":"https:\/\/leblog.wesco.fr\/fr\/wp-content\/uploads\/2022\/07\/eveil-langues.jpg","width":1600,"height":800,"caption":"contes enfants theatre kamishibai eveil langues"},{"@type":"BreadcrumbList","@id":"https:\/\/leblog.wesco.fr\/fr\/eveil-aux-langues-pour-les-plus-petits\/#breadcrumb","itemListElement":[{"@type":"ListItem","position":1,"name":"Accueil","item":"https:\/\/leblog.wesco.fr\/fr\/"},{"@type":"ListItem","position":2,"name":"\u00c9veil &amp; apprentissage","item":"https:\/\/leblog.wesco.fr\/fr\/category\/eveil-et-apprentissage\/"},{"@type":"ListItem","position":3,"name":"\u00c9veiller les plus petits aux langues"}]},{"@type":"WebSite","@id":"https:\/\/leblog.wesco.fr\/fr\/#website","url":"https:\/\/leblog.wesco.fr\/fr\/","name":"Blog Wesco","description":"Le rendez-vous des enfants, des parents et des professionnels","potentialAction":[{"@type":"SearchAction","target":{"@type":"EntryPoint","urlTemplate":"https:\/\/leblog.wesco.fr\/fr\/?s={search_term_string}"},"query-input":{"@type":"PropertyValueSpecification","valueRequired":true,"valueName":"search_term_string"}}],"inLanguage":"fr-FR"},{"@type":"Person","@id":"https:\/\/leblog.wesco.fr\/fr\/#\/schema\/person\/ba481f3ad14e2e374ce9f74ae40acfcf","name":"Margaux Lidoine","url":"https:\/\/leblog.wesco.fr\/fr\/author\/mlidoine\/"}]}},"modified_by":"Adeline Glotin","_links":{"self":[{"href":"https:\/\/leblog.wesco.fr\/fr\/wp-json\/wp\/v2\/posts\/126752","targetHints":{"allow":["GET"]}}],"collection":[{"href":"https:\/\/leblog.wesco.fr\/fr\/wp-json\/wp\/v2\/posts"}],"about":[{"href":"https:\/\/leblog.wesco.fr\/fr\/wp-json\/wp\/v2\/types\/post"}],"author":[{"embeddable":true,"href":"https:\/\/leblog.wesco.fr\/fr\/wp-json\/wp\/v2\/users\/25"}],"replies":[{"embeddable":true,"href":"https:\/\/leblog.wesco.fr\/fr\/wp-json\/wp\/v2\/comments?post=126752"}],"version-history":[{"count":10,"href":"https:\/\/leblog.wesco.fr\/fr\/wp-json\/wp\/v2\/posts\/126752\/revisions"}],"predecessor-version":[{"id":130518,"href":"https:\/\/leblog.wesco.fr\/fr\/wp-json\/wp\/v2\/posts\/126752\/revisions\/130518"}],"wp:featuredmedia":[{"embeddable":true,"href":"https:\/\/leblog.wesco.fr\/fr\/wp-json\/wp\/v2\/media\/126753"}],"wp:attachment":[{"href":"https:\/\/leblog.wesco.fr\/fr\/wp-json\/wp\/v2\/media?parent=126752"}],"wp:term":[{"taxonomy":"category","embeddable":true,"href":"https:\/\/leblog.wesco.fr\/fr\/wp-json\/wp\/v2\/categories?post=126752"},{"taxonomy":"post_tag","embeddable":true,"href":"https:\/\/leblog.wesco.fr\/fr\/wp-json\/wp\/v2\/tags?post=126752"}],"curies":[{"name":"wp","href":"https:\/\/api.w.org\/{rel}","templated":true}]}}