{"id":126325,"date":"2022-06-15T11:04:16","date_gmt":"2022-06-15T09:04:16","guid":{"rendered":"https:\/\/leblog.wesco.fr\/fr\/?p=126325"},"modified":"2025-04-10T09:10:30","modified_gmt":"2025-04-10T07:10:30","slug":"comment-habiller-son-bebe-selon-la-saison","status":"publish","type":"post","link":"https:\/\/leblog.wesco.fr\/fr\/comment-habiller-son-bebe-selon-la-saison\/","title":{"rendered":"Comment habiller son b\u00e9b\u00e9 selon la saison ?"},"content":{"rendered":"\n<p>Jeunes parents ou non, vous vous posez certainement la question de comment habiller votre tout-petit b\u00e9b\u00e9 qui vient juste de na\u00eetre. Et\u00e9 ou hiver, lorsqu\u2019il fait chaud ou non, ce n\u2019est pas toujours facile de se rep\u00e9rer. Vais-je trop le couvrir&nbsp;? Va-t-il avoir trop chaud ou trop froid&nbsp;? On vous d\u00e9voile ici quelques conseils et astuces pour habiller correctement B\u00e9b\u00e9.<\/p>\n\n\n\n<h2 class=\"wp-block-heading\">Comment habiller B\u00e9b\u00e9 selon la saison<\/h2>\n\n\n\n<h3 class=\"wp-block-heading\">Comment habiller B\u00e9b\u00e9 en hiver&nbsp;?<\/h3>\n\n\n\n<p>En hiver, pensez&nbsp;: j\u2019habille B\u00e9b\u00e9 comme moi avec une couche de v\u00eatement en plus.<\/p>\n\n\n\n<p>Un exemple pour le quotidien en hiver&nbsp;:<\/p>\n\n\n\n<ul class=\"wp-block-list\">\n<li>un body \u00e0 manche longue,<\/li>\n\n\n\n<li>un pull,<\/li>\n\n\n\n<li>une salopette ou un pantalon (ou une robe et des collants),<\/li>\n\n\n\n<li>des chaussettes (ou des collants si la tenue est une robe), (+ des chaussures si besoin mais non indispensable si B\u00e9b\u00e9 ne marche pas encore, c\u2019est surtout une question de style ou pour garder les pieds bien au chaud),<\/li>\n\n\n\n<li>une combinaison en hiver pour se d\u00e9placer,<\/li>\n\n\n\n<li>un bonnet qui couvre les oreilles, <\/li>\n\n\n\n<li>des gants (si ceux-ci ne sont pas int\u00e9gr\u00e9s \u00e0 la combinaison). <\/li>\n<\/ul>\n\n\n\n<p>Si B\u00e9b\u00e9 est souvent promen\u00e9 en poussette ou coque, n\u2019h\u00e9sitez pas \u00e0 investir dans un nid d\u2019ange sp\u00e9cial hiver si B\u00e9b\u00e9 n\u2019est pas d\u00e9j\u00e0 dans une combinaison. Cela lui permettra d\u2019\u00eatre toujours bien prot\u00e9g\u00e9 du froid, surtout lorsqu\u2019il ne bouge pas, comme c\u2019est le cas en poussette. Sinon, une simple <a href=\"https:\/\/www.wesco.fr\/of38249-couverture-coton-75-x-100-cm.html\" target=\"_blank\" rel=\"noreferrer noopener\">couverture<\/a> ou un plaid fera aussi parfaitement l\u2019affaire.<\/p>\n\n\n\n<h3 class=\"wp-block-heading\">Comment habiller B\u00e9b\u00e9 en \u00e9t\u00e9&nbsp;?<\/h3>\n\n\n\n<p>En \u00e9t\u00e9, ne pensez pas que B\u00e9b\u00e9 aura aussi chaud que vous d\u00e8s sa naissance. Il ne faut pas oublier que dans le corps de sa maman, le nouveau-n\u00e9 a \u00e9t\u00e9 habitu\u00e9 \u00e0 baigner dans une temp\u00e9rature digne des tropiques&nbsp;: 37 degr\u00e9s.<\/p>\n\n\n\n<div style=\"height:54px\" aria-hidden=\"true\" class=\"wp-block-spacer\"><\/div>\n\n\n\n<p style=\"font-style:normal;font-weight:700\">Habiller B\u00e9b\u00e9 en \u00e9t\u00e9 avant 6 mois&nbsp;:<\/p>\n\n\n\n<p style=\"font-style:normal;font-weight:100\">En \u00e9t\u00e9, avant 6 mois, voici comment vous pouvez habiller votre tout-petit&nbsp;:<\/p>\n\n\n\n<ul class=\"wp-block-list\">\n<li>une salopette (ou un short),<\/li>\n\n\n\n<li>un body,<\/li>\n\n\n\n<li>un chapeau au cas o\u00f9. Mais il ne faudra surtout pas exposer le nouveau-n\u00e9 au soleil.<\/li>\n<\/ul>\n\n\n\n<p>M\u00eame si vous \u00eates tent\u00e9 de laisser B\u00e9b\u00e9 en couche, il est conseill\u00e9 d\u2019\u00e9viter cette m\u00e9thode. B\u00e9b\u00e9 ne sera pas forc\u00e9ment \u00e0 l\u2019aise d\u2019\u00eatre tout nu. Privil\u00e9giez un body fin en coton, au moins pour absorber la transpiration de B\u00e9b\u00e9 et \u00e9viter ainsi les coups de froid lors de courants d\u2019air.<br>B\u00e9b\u00e9 a encore du mal \u00e0 r\u00e9guler la temp\u00e9rature de son corps, il faut donc veiller \u00e0 le garder \u00e0 une bonne temp\u00e9rature corporelle, en \u00e9vitant les variations de temp\u00e9ratures (attention aux courants d\u2019air frais).<\/p>\n\n\n\n<div style=\"height:55px\" aria-hidden=\"true\" class=\"wp-block-spacer\"><\/div>\n\n\n\n<p style=\"font-style:normal;font-weight:700\">Habiller B\u00e9b\u00e9 en \u00e9t\u00e9 apr\u00e8s 6 mois&nbsp;:<\/p>\n\n\n\n<p>Pour un B\u00e9b\u00e9 de plus de 6 mois, vous \u00eates un peu plus libre pour le choix des v\u00eatements : body non obligatoire, privil\u00e9giez les robes, les shorts et les tee-shirts\u2026 Une tenue accompagn\u00e9e de son chapeau ou de sa casquette ainsi que de lunettes de soleil adapt\u00e9es lorsque le B\u00e9b\u00e9 est amen\u00e9 \u00e0 croiser le regard du soleil.<\/p>\n\n\n\n<p>Niveau coloris pour les v\u00eatements, faites place \u00e0 la bonne humeur et favorisez des v\u00eatements aux coloris clairs qui r\u00e9fl\u00e9chiront la lumi\u00e8re et la chaleur plut\u00f4t que de l&#8217;absorber.<\/p>\n\n\n\n<div style=\"height:55px\" aria-hidden=\"true\" class=\"wp-block-spacer\"><\/div>\n\n\n\n<p style=\"font-style:normal;font-weight:700\">Et pour sortir en \u00e9t\u00e9&nbsp;?<\/p>\n\n\n\n<p>M\u00eame si nous vous d\u00e9conseillons d\u2019exposer B\u00e9b\u00e9 au soleil, en cas d\u2019exposition par obligation, il vous faudra compl\u00e9ter la tenue de B\u00e9b\u00e9 par quelques accessoires lors des sorties sous le soleil&nbsp;:<\/p>\n\n\n\n<ul class=\"wp-block-list\">\n<li>un chapeau ou une casquette adapt\u00e9e \u00e0 la taille de la t\u00eate de B\u00e9b\u00e9,<\/li>\n\n\n\n<li>des lunettes de soleil avec un indice de protection 3 ou 4 ainsi qu\u2019un marquage CE garantissant la bonne qualit\u00e9 du produit,<\/li>\n\n\n\n<li>une cr\u00e8me solaire avec un indice 50 minimum.<\/li>\n<\/ul>\n\n\n\n<h2 class=\"wp-block-heading\">Comment habiller B\u00e9b\u00e9 la nuit, selon la temp\u00e9rature&nbsp;?<\/h2>\n\n\n\n<p>Pour la nuit, voici un petit guide pour adapter la tenue mais aussi l\u2019\u00e9paisseur (TOG) de la gigoteuse, selon la temp\u00e9rature de la pi\u00e8ce.<\/p>\n\n\n<div class=\"wp-block-image\">\n<figure class=\"aligncenter size-full\"><a href=\"https:\/\/leblog.wesco.fr\/fr\/comment-choisir-le-bon-tog-dune-gigoteuse\/\"><img loading=\"lazy\" decoding=\"async\" width=\"420\" height=\"135\" src=\"https:\/\/leblog.wesco.fr\/fr\/wp-content\/uploads\/2022\/06\/habiller-bebe-tog.jpg\" alt=\"choix tog blog wesco\" class=\"wp-image-126330\" srcset=\"https:\/\/leblog.wesco.fr\/fr\/wp-content\/uploads\/2022\/06\/habiller-bebe-tog.jpg 420w, https:\/\/leblog.wesco.fr\/fr\/wp-content\/uploads\/2022\/06\/habiller-bebe-tog-300x96.jpg 300w\" sizes=\"auto, (max-width: 420px) 100vw, 420px\" \/><\/a><\/figure>\n<\/div>\n\n\n<p>&nbsp;<\/p>\n\n\n\n<div class=\"wp-block-columns is-layout-flex wp-container-core-columns-is-layout-9d6595d7 wp-block-columns-is-layout-flex\">\n<div class=\"wp-block-column is-layout-flow wp-block-column-is-layout-flow\">\n<p>&nbsp;<\/p>\n\n\n\n<p class=\"has-text-align-center\">Toutes nos gigoteuses et turbulettes pour les temps de sommeil de B\u00e9b\u00e9 <\/p>\n\n\n\n<div class=\"wp-block-buttons alignwide is-layout-flex wp-block-buttons-is-layout-flex\">\n<div class=\"wp-block-button aligncenter\"><a class=\"wp-block-button__link wp-element-button\" href=\"https:\/\/www.wesco.fr\/catalogsearch\/result\/index\/?cat=9678&amp;q=turbulette+\" target=\"_blank\" rel=\"noreferrer noopener\">voir la s\u00e9lection<\/a><\/div>\n<\/div>\n<\/div>\n\n\n\n<div class=\"wp-block-column is-layout-flow wp-block-column-is-layout-flow\"><div class=\"wp-block-image\">\n<figure class=\"aligncenter size-full\"><a href=\"https:\/\/www.wesco.fr\/catalogsearch\/result\/index\/?cat=9678&amp;q=turbulette+\"><img loading=\"lazy\" decoding=\"async\" width=\"600\" height=\"200\" src=\"https:\/\/leblog.wesco.fr\/fr\/wp-content\/uploads\/2022\/07\/produits-turbulettes.jpg\" alt=\"habiller b\u00e9b\u00e9 saison sommeil blog wesco\" class=\"wp-image-126530\" srcset=\"https:\/\/leblog.wesco.fr\/fr\/wp-content\/uploads\/2022\/07\/produits-turbulettes.jpg 600w, https:\/\/leblog.wesco.fr\/fr\/wp-content\/uploads\/2022\/07\/produits-turbulettes-300x100.jpg 300w\" sizes=\"auto, (max-width: 600px) 100vw, 600px\" \/><\/a><\/figure>\n<\/div><\/div>\n<\/div>\n\n\n\n<h2 class=\"wp-block-heading\">On choisit la facilit\u00e9 et le confort des v\u00eatements de B\u00e9b\u00e9<\/h2>\n\n\n\n<p>Avant toute chose, et on ne le dira jamais assez, privil\u00e9giez le c\u00f4t\u00e9 pratique, le confort et le respect de la peau de B\u00e9b\u00e9 dans le choix des v\u00eatements. Oubliez le bling-bling et les froufrous, vous aurez largement le temps de vous rattraper plus tard.<\/p>\n\n\n\n<h3 class=\"wp-block-heading\">Des v\u00eatements pratiques \u00e0 enfiler<\/h3>\n\n\n\n<p>Lorsque B\u00e9b\u00e9 vient de na\u00eetre, pr\u00e9f\u00e9rez les v\u00eatements qui s\u2019ouvrent sur le devant. Cela vous \u00e9vitera de devoir passer le body par la t\u00eate, en ayant peur de lui faire mal. Sinon, passez les v\u00eatements par le visage, permettant ainsi \u00e0 l\u2019enfant d\u2019avoir toujours les yeux sur vous.<\/p>\n\n\n\n<h3 class=\"wp-block-heading\">Le confort de la tenue avant tout<\/h3>\n\n\n\n<p>B\u00e9b\u00e9 ne marche pas encore, il lui faut donc des v\u00eatements souples et confortables pour gesticuler. \u00c9vitez les mati\u00e8res trop serr\u00e9es comme les jeans qui peuvent \u00eatre tr\u00e8s mignons mais serreront vite le petit ventre de bout\u2019chou.<\/p>\n\n\n\n<p>&nbsp;<\/p>\n\n\n\n<p><br>Toutefois, ne pensez pas que laisser B\u00e9b\u00e9 dans son pyjama tout doux en pilou pilou est la solution. Le fait de changer B\u00e9b\u00e9 la journ\u00e9e et l\u2019habiller dans des v\u00eatements de \u201cjour\u201d pourra lui permettre de faire la distinction petit \u00e0 petit entre le jour et la nuit. M\u00eame si personne ne vous en voudra si vous souhaitez tout de m\u00eame le laisser en pyjama&nbsp;\ud83d\ude42<\/p>\n\n\n\n<h3 class=\"wp-block-heading\">Le choix des mati\u00e8res<\/h3>\n\n\n\n<p>Privil\u00e9giez les mati\u00e8res naturelles pour la peau toute fragile de B\u00e9b\u00e9. Coton, lin, fibre de bambou, gaze de coton. La mati\u00e8re doit \u00eatre douce et surtout respirante.<br>Et, si vous le pouvez, favorisez les mati\u00e8res biologiques et surtout le coton bio.<\/p>\n\n\n\n<h3 class=\"wp-block-heading\">Quelle taille de v\u00eatements choisir pour B\u00e9b\u00e9&nbsp;?<\/h3>\n\n\n\n<p>D\u00e8s la naissance de B\u00e9b\u00e9, choisissez des v\u00eatements b\u00e9b\u00e9s en taille \u201cnaissance\u201d ou taille 1 mois. G\u00e9n\u00e9ralement la taille 1 mois sera la plus adapt\u00e9e car votre b\u00e9b\u00e9 va grandir tr\u00e8s vite et ne mettra que peu de temps les v\u00eatements en taille naissance, (sauf si toutefois B\u00e9b\u00e9 n\u2019a pas un poids tr\u00e8s \u00e9lev\u00e9 \u00e0 la naissance). Nous vous conseillons de prendre du 1 mois et de retrousser les manches au d\u00e9but.<\/p>\n\n\n\n<p>&nbsp;<\/p>\n\n\n\n<p><br>Ensuite, il faudra g\u00e9n\u00e9ralement doubler les tailles selon son \u00e2ge. Par exemple, un B\u00e9b\u00e9 de 1 mois mettra souvent du 3 mois, \u00e0 2 mois du 4 mois (taille 3-6 mois) etc\u2026 Jusqu\u2019au 1 an de B\u00e9b\u00e9. Bien \u00e9videmment, cela n\u2019est pas le cas pour tous les b\u00e9b\u00e9s.<\/p>\n\n\n\n<p>&nbsp;<\/p>\n\n\n\n<p><br>Nous vous conseillons de ne pas acheter trop de v\u00eatements de la m\u00eame taille car B\u00e9b\u00e9 peut vite grandir. Et de ne pas non plus acheter trop de v\u00eatements avant la naissance car le poids de B\u00e9b\u00e9 varie vite mais aussi les saisons. En achetant au fur et \u00e0 mesure, vous pourrez ainsi mieux pr\u00e9voir et vous adapter plus facilement.<\/p>\n\n\n\n<h5 class=\"wp-block-heading\">En bref<\/h5>\n\n\n\n<p>Ce n\u2019est pas toujours tr\u00e8s simple de savoir comment habiller un B\u00e9b\u00e9. Qu\u2019il fasse chaud ou froid, vous avez d\u00e9sormais quelques techniques pour rep\u00e9rer si B\u00e9b\u00e9 est suffisamment couvert ou non. Ensuite, libre \u00e0 vous d\u2019adapter en fonction de la situation et de la m\u00e9t\u00e9o.<\/p>\n\n\n\n<h5 class=\"wp-block-heading has-text-align-center\">Notre s\u00e9lection<\/h5>\n\n\n\n<div class=\"wp-block-carousel-slider-slider\"><div class=\"carousel-slider-outer carousel-slider-outer-image-carousel carousel-slider-outer-128187\" style=\"--carousel-slider-nav-color:#f1f1f1;--carousel-slider-active-nav-color:rgb(0,0,0);--carousel-slider-arrow-size:48px;--carousel-slider-bullet-size:10px\">\n<div id=\"&#039;id-128187\" class=\"carousel-slider carousel-slider-128187 arrows-visibility-hover dots-visibility-never arrows-outside dots-center dots-circle owl-carousel\" data-slide-type=\"image-carousel\" data-owl-settings='{\"nav\":true,\"dots\":false,\"slideBy\":1,\"stagePadding\":0,\"margin\":10,\"loop\":false,\"lazyLoad\":false,\"autoplay\":true,\"autoplayTimeout\":5000,\"autoplaySpeed\":500,\"autoplayHoverPause\":true,\"autoWidth\":false,\"responsive\":{\"300\":{\"items\":1},\"576\":{\"items\":2},\"768\":{\"items\":2},\"1024\":{\"items\":3},\"1280\":{\"items\":4},\"1536\":{\"items\":5}}}'>\n<div class=\"carousel-slider__item\">\n\t<a href=\"https:\/\/www.wesco.fr\/of67287-turbulette-coton-0-6-mois-wesco.html?queryID=cb7c8451ac2c0c47cf1f292924150ff7&#038;objectID=53995&#038;indexName=PRODUCTION_wesco_fr_products\" target=\"_blank\"><img loading=\"lazy\" decoding=\"async\" width=\"800\" height=\"600\" src=\"https:\/\/leblog.wesco.fr\/fr\/wp-content\/uploads\/2022\/12\/67287_c223_231003_pd_p.jpg\" class=\"attachment-large size-large\" alt=\"TURBULETTE COTON 0 - 6 mois le blog wesco\" srcset=\"https:\/\/leblog.wesco.fr\/fr\/wp-content\/uploads\/2022\/12\/67287_c223_231003_pd_p.jpg 800w, https:\/\/leblog.wesco.fr\/fr\/wp-content\/uploads\/2022\/12\/67287_c223_231003_pd_p-300x225.jpg 300w, https:\/\/leblog.wesco.fr\/fr\/wp-content\/uploads\/2022\/12\/67287_c223_231003_pd_p-768x576.jpg 768w\" sizes=\"auto, (max-width: 800px) 100vw, 800px\" \/><div class=\"carousel-slider__caption\"><h4 class=\"title\">TURBULETTE COTON 0 - 6 mois<\/h4><\/div><\/a><\/div>\n\n<div class=\"carousel-slider__item\">\n\t<a href=\"https:\/\/www.wesco.fr\/of67286-grande-turbulette-ultra-legere-6-36-mois-wesco.html?queryID=b7301f2e9402e09582f00f271234f050&#038;objectID=53994&#038;indexName=PRODUCTION_wesco_fr_products\" target=\"_blank\"><img loading=\"lazy\" decoding=\"async\" width=\"800\" height=\"600\" src=\"https:\/\/leblog.wesco.fr\/fr\/wp-content\/uploads\/2022\/12\/67286_c037_231002_pd_p.jpg\" class=\"attachment-large size-large\" alt=\"GRANDE TURBULETTE ULTRA L\u00c9G\u00c8RE 6 - 36 mois le blog wesco\" srcset=\"https:\/\/leblog.wesco.fr\/fr\/wp-content\/uploads\/2022\/12\/67286_c037_231002_pd_p.jpg 800w, https:\/\/leblog.wesco.fr\/fr\/wp-content\/uploads\/2022\/12\/67286_c037_231002_pd_p-300x225.jpg 300w, https:\/\/leblog.wesco.fr\/fr\/wp-content\/uploads\/2022\/12\/67286_c037_231002_pd_p-768x576.jpg 768w\" sizes=\"auto, (max-width: 800px) 100vw, 800px\" \/><div class=\"carousel-slider__caption\"><h4 class=\"title\">GRANDE TURBULETTE ULTRA L\u00c9G\u00c8RE 6 - 36 mois<\/h4><\/div><\/a><\/div>\n\n<div class=\"carousel-slider__item\">\n\t<a href=\"https:\/\/www.wesco.fr\/56010001-turbulette-gaze-de-coton-6-36-mois-wesco.html\" target=\"_blank\"><img loading=\"lazy\" decoding=\"async\" width=\"800\" height=\"600\" src=\"https:\/\/leblog.wesco.fr\/fr\/wp-content\/uploads\/2022\/12\/turbulette-gaz-coton-wesco.jpg\" class=\"attachment-large size-large\" alt=\"Turbulette gaze de coton blog wesco\" srcset=\"https:\/\/leblog.wesco.fr\/fr\/wp-content\/uploads\/2022\/12\/turbulette-gaz-coton-wesco.jpg 800w, https:\/\/leblog.wesco.fr\/fr\/wp-content\/uploads\/2022\/12\/turbulette-gaz-coton-wesco-300x225.jpg 300w, https:\/\/leblog.wesco.fr\/fr\/wp-content\/uploads\/2022\/12\/turbulette-gaz-coton-wesco-768x576.jpg 768w\" sizes=\"auto, (max-width: 800px) 100vw, 800px\" \/><div class=\"carousel-slider__caption\"><h4 class=\"title\">TURBULETTE GAZE DE COTON 6 - 36 mois<\/h4><\/div><\/a><\/div>\n\n<div class=\"carousel-slider__item\">\n\t<a href=\"https:\/\/www.wesco.fr\/of57385-turbulette-polaire-6-mois-wesco.html?queryID=ffa57954a3c62ff47f1948146c2519aa&#038;objectID=24283&#038;indexName=PRODUCTION_wesco_fr_products\" target=\"_blank\"><img loading=\"lazy\" decoding=\"async\" width=\"800\" height=\"600\" src=\"https:\/\/leblog.wesco.fr\/fr\/wp-content\/uploads\/2022\/12\/43528_c057_141016_pd_p.jpg\" class=\"attachment-large size-large\" alt=\"TURBULETTE POLAIRE 6 - 36 mois le blog wesco\" srcset=\"https:\/\/leblog.wesco.fr\/fr\/wp-content\/uploads\/2022\/12\/43528_c057_141016_pd_p.jpg 800w, https:\/\/leblog.wesco.fr\/fr\/wp-content\/uploads\/2022\/12\/43528_c057_141016_pd_p-300x225.jpg 300w, https:\/\/leblog.wesco.fr\/fr\/wp-content\/uploads\/2022\/12\/43528_c057_141016_pd_p-768x576.jpg 768w\" sizes=\"auto, (max-width: 800px) 100vw, 800px\" \/><div class=\"carousel-slider__caption\"><h4 class=\"title\">TURBULETTE POLAIRE 6 - 36 mois<\/h4><\/div><\/a><\/div>\n\n<\/div><!-- .carousel-slider-128187 -->\n<\/div><!-- .carousel-slider-outer-128187 -->\n<\/div>\n\n\n\n<h5 class=\"wp-block-heading\">Nos articles sur la m\u00eame th\u00e9matique<\/h5>\n\n\n\n<ul class=\"wp-block-list\">\n<li><a href=\"https:\/\/leblog.wesco.fr\/fr\/le-guide-complet-pour-choisir-le-lit-de-bebe-le-blog-wesco\/\" target=\"_blank\" rel=\"noreferrer noopener\">Guide d\u2019achat : quel lit choisir pour B\u00e9b\u00e9&nbsp;?<\/a><\/li>\n\n\n\n<li><a href=\"https:\/\/leblog.wesco.fr\/fr\/quand-changer-bebe-devient-un-combat\/\" target=\"_blank\" rel=\"noreferrer noopener\">Quand changer B\u00e9b\u00e9 devient un combat<\/a><\/li>\n\n\n\n<li><a href=\"https:\/\/leblog.wesco.fr\/favoriser-leveil-en-amenageant-un-nido-montessori\/\" target=\"_blank\" rel=\"noreferrer noopener\">Comment favoriser l\u2019\u00e9veil de B\u00e9b\u00e9 en am\u00e9nageant un Nido Montessori<\/a>\u00a0<a href=\"https:\/\/leblog.wesco.fr\/favoriser-leveil-en-amenageant-un-nido-montessori\/\" target=\"_blank\" rel=\"noreferrer noopener\">?<\/a><\/li>\n<\/ul>\n\n\n\n<h5 class=\"wp-block-heading\">Pour aller plus loin<\/h5>\n\n\n\n<ul class=\"wp-block-list\">\n<li><a href=\"https:\/\/www.enjoyfamily.fr\/comment-habiller-bebe\/\" target=\"_blank\" rel=\"noreferrer noopener\">Comment habiller b\u00e9b\u00e9 selon les saisons et choisir les v\u00eatements adapt\u00e9s&nbsp;?<\/a><\/li>\n<\/ul>\n\n\n\n<p><\/p>\n","protected":false},"excerpt":{"rendered":"<p>Jeunes parents ou non, vous vous posez certainement la question de comment habiller votre tout-petit b\u00e9b\u00e9 qui vient juste de na\u00eetre. Et\u00e9 ou hiver, lorsqu\u2019il fait chaud ou non, ce n\u2019est pas toujours facile de se rep\u00e9rer. Vais-je trop le couvrir&nbsp;? Va-t-il avoir trop chaud ou trop froid&nbsp;? On vous d\u00e9voile ici quelques conseils et astuces pour habiller correctement B\u00e9b\u00e9. Comment habiller B\u00e9b\u00e9 selon la saison Comment habiller B\u00e9b\u00e9 en hiver&nbsp;? En hiver, pensez&nbsp;: j\u2019habille B\u00e9b\u00e9 comme moi avec une couche de v\u00eatement en plus. Un exemple pour le quotidien en hiver&nbsp;: Si B\u00e9b\u00e9 est souvent promen\u00e9 en poussette ou coque, n\u2019h\u00e9sitez pas \u00e0 investir dans un nid d\u2019ange sp\u00e9cial hiver si B\u00e9b\u00e9 n\u2019est pas d\u00e9j\u00e0 dans une combinaison. Cela lui permettra d\u2019\u00eatre toujours bien prot\u00e9g\u00e9 du froid, surtout lorsqu\u2019il ne bouge pas, comme c\u2019est [&hellip;]<\/p>\n","protected":false},"author":13,"featured_media":126328,"comment_status":"open","ping_status":"open","sticky":false,"template":"","format":"standard","meta":{"_lmt_disableupdate":"","_lmt_disable":"","episode_type":"","audio_file":"","podmotor_file_id":"","podmotor_episode_id":"","cover_image":"","cover_image_id":"","duration":"","filesize":"","filesize_raw":"","date_recorded":"","explicit":"","block":"","itunes_episode_number":"","itunes_title":"","itunes_season_number":"","itunes_episode_type":"","footnotes":""},"categories":[65],"tags":[16,99],"class_list":["post-126325","post","type-post","status-publish","format-standard","has-post-thumbnail","hentry","category-education","tag-0-12-mois","tag-vivre-ensemble"],"yoast_head":"<!-- This site is optimized with the Yoast SEO plugin v27.4 - https:\/\/yoast.com\/product\/yoast-seo-wordpress\/ -->\n<title>Comment habiller b\u00e9b\u00e9 selon les saisons - Le Blog Wesco<\/title>\n<meta name=\"description\" content=\"Choisir la tenue la plus adapt\u00e9e pour que B\u00e9b\u00e9 soit \u00e0 l&#039;aise au fil des saisons et les mati\u00e8res les plus adapt\u00e9es pour sa peau fragile.\" \/>\n<meta name=\"robots\" content=\"index, follow, max-snippet:-1, max-image-preview:large, max-video-preview:-1\" \/>\n<link rel=\"canonical\" href=\"https:\/\/leblog.wesco.fr\/fr\/comment-habiller-son-bebe-selon-la-saison\/\" \/>\n<meta property=\"og:locale\" content=\"fr_FR\" \/>\n<meta property=\"og:type\" content=\"article\" \/>\n<meta property=\"og:title\" content=\"Comment habiller b\u00e9b\u00e9 selon les saisons - Le Blog Wesco\" \/>\n<meta property=\"og:description\" content=\"Choisir la tenue la plus adapt\u00e9e pour que B\u00e9b\u00e9 soit \u00e0 l&#039;aise au fil des saisons et les mati\u00e8res les plus adapt\u00e9es pour sa peau fragile.\" \/>\n<meta property=\"og:url\" content=\"https:\/\/leblog.wesco.fr\/fr\/comment-habiller-son-bebe-selon-la-saison\/\" \/>\n<meta property=\"og:site_name\" content=\"Blog Wesco\" \/>\n<meta property=\"article:published_time\" content=\"2022-06-15T09:04:16+00:00\" \/>\n<meta property=\"article:modified_time\" content=\"2025-04-10T07:10:30+00:00\" \/>\n<meta property=\"og:image\" content=\"https:\/\/leblog.wesco.fr\/fr\/wp-content\/uploads\/2022\/06\/habiller-bebe-saison.jpg\" \/>\n\t<meta property=\"og:image:width\" content=\"1600\" \/>\n\t<meta property=\"og:image:height\" content=\"800\" \/>\n\t<meta property=\"og:image:type\" content=\"image\/jpeg\" \/>\n<meta name=\"author\" content=\"Caroline Bretaudeau\" \/>\n<meta name=\"twitter:card\" content=\"summary_large_image\" \/>\n<meta name=\"twitter:label1\" content=\"\u00c9crit par\" \/>\n\t<meta name=\"twitter:data1\" content=\"Caroline Bretaudeau\" \/>\n\t<meta name=\"twitter:label2\" content=\"Dur\u00e9e de lecture estim\u00e9e\" \/>\n\t<meta name=\"twitter:data2\" content=\"7 minutes\" \/>\n<!-- \/ Yoast SEO plugin. -->","yoast_head_json":{"title":"Comment habiller b\u00e9b\u00e9 selon les saisons - Le Blog Wesco","description":"Choisir la tenue la plus adapt\u00e9e pour que B\u00e9b\u00e9 soit \u00e0 l'aise au fil des saisons et les mati\u00e8res les plus adapt\u00e9es pour sa peau fragile.","robots":{"index":"index","follow":"follow","max-snippet":"max-snippet:-1","max-image-preview":"max-image-preview:large","max-video-preview":"max-video-preview:-1"},"canonical":"https:\/\/leblog.wesco.fr\/fr\/comment-habiller-son-bebe-selon-la-saison\/","og_locale":"fr_FR","og_type":"article","og_title":"Comment habiller b\u00e9b\u00e9 selon les saisons - Le Blog Wesco","og_description":"Choisir la tenue la plus adapt\u00e9e pour que B\u00e9b\u00e9 soit \u00e0 l'aise au fil des saisons et les mati\u00e8res les plus adapt\u00e9es pour sa peau fragile.","og_url":"https:\/\/leblog.wesco.fr\/fr\/comment-habiller-son-bebe-selon-la-saison\/","og_site_name":"Blog Wesco","article_published_time":"2022-06-15T09:04:16+00:00","article_modified_time":"2025-04-10T07:10:30+00:00","og_image":[{"width":1600,"height":800,"url":"https:\/\/leblog.wesco.fr\/fr\/wp-content\/uploads\/2022\/06\/habiller-bebe-saison.jpg","type":"image\/jpeg"}],"author":"Caroline Bretaudeau","twitter_card":"summary_large_image","twitter_misc":{"\u00c9crit par":"Caroline Bretaudeau","Dur\u00e9e de lecture estim\u00e9e":"7 minutes"},"schema":{"@context":"https:\/\/schema.org","@graph":[{"@type":"Article","@id":"https:\/\/leblog.wesco.fr\/fr\/comment-habiller-son-bebe-selon-la-saison\/#article","isPartOf":{"@id":"https:\/\/leblog.wesco.fr\/fr\/comment-habiller-son-bebe-selon-la-saison\/"},"author":{"name":"Caroline Bretaudeau","@id":"https:\/\/leblog.wesco.fr\/fr\/#\/schema\/person\/3e6564df45acb4a6da39864b46a6a3a1"},"headline":"Comment habiller son b\u00e9b\u00e9 selon la saison ?","datePublished":"2022-06-15T09:04:16+00:00","dateModified":"2025-04-10T07:10:30+00:00","mainEntityOfPage":{"@id":"https:\/\/leblog.wesco.fr\/fr\/comment-habiller-son-bebe-selon-la-saison\/"},"wordCount":1345,"commentCount":0,"image":{"@id":"https:\/\/leblog.wesco.fr\/fr\/comment-habiller-son-bebe-selon-la-saison\/#primaryimage"},"thumbnailUrl":"https:\/\/leblog.wesco.fr\/fr\/wp-content\/uploads\/2022\/06\/habiller-bebe-saison.jpg","keywords":["0\/12 mois","Vivre ensemble"],"articleSection":["\u00c9ducation"],"inLanguage":"fr-FR","potentialAction":[{"@type":"CommentAction","name":"Comment","target":["https:\/\/leblog.wesco.fr\/fr\/comment-habiller-son-bebe-selon-la-saison\/#respond"]}]},{"@type":"WebPage","@id":"https:\/\/leblog.wesco.fr\/fr\/comment-habiller-son-bebe-selon-la-saison\/","url":"https:\/\/leblog.wesco.fr\/fr\/comment-habiller-son-bebe-selon-la-saison\/","name":"Comment habiller b\u00e9b\u00e9 selon les saisons - Le Blog Wesco","isPartOf":{"@id":"https:\/\/leblog.wesco.fr\/fr\/#website"},"primaryImageOfPage":{"@id":"https:\/\/leblog.wesco.fr\/fr\/comment-habiller-son-bebe-selon-la-saison\/#primaryimage"},"image":{"@id":"https:\/\/leblog.wesco.fr\/fr\/comment-habiller-son-bebe-selon-la-saison\/#primaryimage"},"thumbnailUrl":"https:\/\/leblog.wesco.fr\/fr\/wp-content\/uploads\/2022\/06\/habiller-bebe-saison.jpg","datePublished":"2022-06-15T09:04:16+00:00","dateModified":"2025-04-10T07:10:30+00:00","author":{"@id":"https:\/\/leblog.wesco.fr\/fr\/#\/schema\/person\/3e6564df45acb4a6da39864b46a6a3a1"},"description":"Choisir la tenue la plus adapt\u00e9e pour que B\u00e9b\u00e9 soit \u00e0 l'aise au fil des saisons et les mati\u00e8res les plus adapt\u00e9es pour sa peau fragile.","breadcrumb":{"@id":"https:\/\/leblog.wesco.fr\/fr\/comment-habiller-son-bebe-selon-la-saison\/#breadcrumb"},"inLanguage":"fr-FR","potentialAction":[{"@type":"ReadAction","target":["https:\/\/leblog.wesco.fr\/fr\/comment-habiller-son-bebe-selon-la-saison\/"]}]},{"@type":"ImageObject","inLanguage":"fr-FR","@id":"https:\/\/leblog.wesco.fr\/fr\/comment-habiller-son-bebe-selon-la-saison\/#primaryimage","url":"https:\/\/leblog.wesco.fr\/fr\/wp-content\/uploads\/2022\/06\/habiller-bebe-saison.jpg","contentUrl":"https:\/\/leblog.wesco.fr\/fr\/wp-content\/uploads\/2022\/06\/habiller-bebe-saison.jpg","width":1600,"height":800,"caption":"comment habiller b\u00e9b\u00e9 blog wesco"},{"@type":"BreadcrumbList","@id":"https:\/\/leblog.wesco.fr\/fr\/comment-habiller-son-bebe-selon-la-saison\/#breadcrumb","itemListElement":[{"@type":"ListItem","position":1,"name":"Accueil","item":"https:\/\/leblog.wesco.fr\/fr\/"},{"@type":"ListItem","position":2,"name":"\u00c9ducation","item":"https:\/\/leblog.wesco.fr\/fr\/category\/education\/"},{"@type":"ListItem","position":3,"name":"Comment habiller son b\u00e9b\u00e9 selon la saison ?"}]},{"@type":"WebSite","@id":"https:\/\/leblog.wesco.fr\/fr\/#website","url":"https:\/\/leblog.wesco.fr\/fr\/","name":"Blog Wesco","description":"Le rendez-vous des enfants, des parents et des professionnels","potentialAction":[{"@type":"SearchAction","target":{"@type":"EntryPoint","urlTemplate":"https:\/\/leblog.wesco.fr\/fr\/?s={search_term_string}"},"query-input":{"@type":"PropertyValueSpecification","valueRequired":true,"valueName":"search_term_string"}}],"inLanguage":"fr-FR"},{"@type":"Person","@id":"https:\/\/leblog.wesco.fr\/fr\/#\/schema\/person\/3e6564df45acb4a6da39864b46a6a3a1","name":"Caroline Bretaudeau","url":"https:\/\/leblog.wesco.fr\/fr\/author\/cbretaudeau\/"}]}},"modified_by":"Adeline Glotin","_links":{"self":[{"href":"https:\/\/leblog.wesco.fr\/fr\/wp-json\/wp\/v2\/posts\/126325","targetHints":{"allow":["GET"]}}],"collection":[{"href":"https:\/\/leblog.wesco.fr\/fr\/wp-json\/wp\/v2\/posts"}],"about":[{"href":"https:\/\/leblog.wesco.fr\/fr\/wp-json\/wp\/v2\/types\/post"}],"author":[{"embeddable":true,"href":"https:\/\/leblog.wesco.fr\/fr\/wp-json\/wp\/v2\/users\/13"}],"replies":[{"embeddable":true,"href":"https:\/\/leblog.wesco.fr\/fr\/wp-json\/wp\/v2\/comments?post=126325"}],"version-history":[{"count":21,"href":"https:\/\/leblog.wesco.fr\/fr\/wp-json\/wp\/v2\/posts\/126325\/revisions"}],"predecessor-version":[{"id":131007,"href":"https:\/\/leblog.wesco.fr\/fr\/wp-json\/wp\/v2\/posts\/126325\/revisions\/131007"}],"wp:featuredmedia":[{"embeddable":true,"href":"https:\/\/leblog.wesco.fr\/fr\/wp-json\/wp\/v2\/media\/126328"}],"wp:attachment":[{"href":"https:\/\/leblog.wesco.fr\/fr\/wp-json\/wp\/v2\/media?parent=126325"}],"wp:term":[{"taxonomy":"category","embeddable":true,"href":"https:\/\/leblog.wesco.fr\/fr\/wp-json\/wp\/v2\/categories?post=126325"},{"taxonomy":"post_tag","embeddable":true,"href":"https:\/\/leblog.wesco.fr\/fr\/wp-json\/wp\/v2\/tags?post=126325"}],"curies":[{"name":"wp","href":"https:\/\/api.w.org\/{rel}","templated":true}]}}