{"id":125162,"date":"2022-04-06T17:00:06","date_gmt":"2022-04-06T15:00:06","guid":{"rendered":"https:\/\/leblog.wesco.fr\/fr\/?p=125162"},"modified":"2025-07-11T11:14:59","modified_gmt":"2025-07-11T09:14:59","slug":"la-creche-en-exterieur-les-bienfaits-du-plein-air","status":"publish","type":"post","link":"https:\/\/leblog.wesco.fr\/fr\/la-creche-en-exterieur-les-bienfaits-du-plein-air\/","title":{"rendered":"La cr\u00e8che en ext\u00e9rieur\u00a0: les bienfaits du plein air\u00a0!"},"content":{"rendered":"\n<p>Monter sa cr\u00e8che en ext\u00e9rieur ou faire cr\u00e8che dehors, quelle dr\u00f4le d\u2019id\u00e9e&nbsp;! Pourquoi certains parents font le choix de mettre leur enfant dans une cr\u00e8che qui propose de faire la sieste dehors, m\u00eame sous 3 degr\u00e9s&nbsp;? Dans cet article, d\u00e9couvrez comment et pourquoi ce ph\u00e9nom\u00e8ne prend de plus en plus d\u2019ampleur et surtout quels sont les b\u00e9n\u00e9fices sur la sant\u00e9 et le d\u00e9veloppement du tout-petit.<\/p>\n\n\n\n<h2 class=\"wp-block-heading\">La cr\u00e8che dehors, d\u2019o\u00f9 \u00e7a vient&nbsp;?<\/h2>\n\n\n\n<p>Pour la petite histoire, dans les ann\u00e9es 40, face \u00e0 une vague de mortalit\u00e9 infantile assimil\u00e9e \u00e0 une qualit\u00e9 de l&#8217;air int\u00e9rieure trop mauvaise, les parents des pays Scandinaves privil\u00e9gient le grand air, sain&#8230; Les enfants \u00e9taient laiss\u00e9s dehors dans leur landau apr\u00e8s une longue promenade. En effet, en laissant le tout-petit dormir \u00e0 l&#8217;ext\u00e9rieur, au contact d&#8217;un air plus sain, on va favoriser son immunit\u00e9 mais aussi l\u2019aider \u00e0 mieux respirer. On parle alors de \u201csieste Nordique\u201d d\u00e9signant une sieste revigorante \u00e0 l&#8217;ext\u00e9rieur au contact du froid. Aujourd&#8217;hui, &#8220;peu importe la m\u00e9t\u00e9o&#8221;, la tradition reste de laisser b\u00e9b\u00e9 faire sa sieste dans son landau, sur le balcon, dans le jardin&#8230; Vous pouvez m\u00eame en rencontrer \u00e0 la terrasse des restaurants. <\/p>\n\n\n\n<h3 class=\"wp-block-heading\">La cr\u00e8che en ext\u00e9rieur, une technique d\u00e9velopp\u00e9e dans la plupart des pays Nordiques <\/h3>\n\n\n\n<p>Aujourd\u2019hui, on retrouve la sieste en plein air ou m\u00eame l&#8217;am\u00e9nagement d&#8217;une cr\u00e8che en ext\u00e9rieur dans une multitude de pays (en plus des pays Nordiques, pr\u00e9curseurs de cette m\u00e9thode) tels que la Suisse, la Belgique ou l&#8217;Allemagne. <br>La crise sanitaire a eu un effet acc\u00e9l\u00e9rateur en France. Et pour cause, profiter du grand air c&#8217;est moins de contaminations et de d\u00e9sinfection. <\/p>\n\n\n\n<h2 class=\"wp-block-heading\">Et si on s&#8217;a\u00e9rait&nbsp;?<\/h2>\n\n\n\n<p>Aujourd\u2019hui, nous passons environ 90&nbsp;% de notre temps \u00e0 l&#8217;int\u00e9rieur.<br>En 2016, <a href=\"https:\/\/www.franceinter.fr\/emissions\/l-edito-carre\/l-edito-carre-11-septembre-2019\" target=\"_blank\" rel=\"noreferrer noopener\">une \u00e9tude de l\u2019institut de veille sanitaire<\/a> met en lumi\u00e8re que 4 enfants sur 10 ne sortent jamais jouer dehors en semaine. Les \u00e9crans y sont \u00e9videmment pour beaucoup. On assiste alors a une flamb\u00e9e de cas d&#8217;ob\u00e8ses, de troubles du comportements ou m\u00eame d&#8217;hypertension. <br>Le fait de ne jamais \u00eatre en contact avec l\u2019environnement ext\u00e9rieur peut provoquer des troubles du d\u00e9veloppement sensori-moteur ainsi qu\u2019une avanc\u00e9e moins rapide de l\u2019apprentissage de la motricit\u00e9 fine. <\/p>\n\n\n\n<p><a href=\"https:\/\/www.cairn.info\/la-psychologie-de-l-enfant--9782130591597-page-3.htm\" target=\"_blank\" rel=\"noreferrer noopener\">Le terme sensori-moteur,<\/a> \u00e9tape importante du d\u00e9veloppement du tout-petit, a \u00e9t\u00e9 employ\u00e9 par le psychologue Jean Piaget en 1936 pour d\u00e9finir le premier palier d\u2019acquisition du d\u00e9veloppement cognitif de l\u2019enfant, c\u2019est-\u00e0-dire sur la p\u00e9riode entre la naissance et les 2 ans de l\u2019enfant. On parle alors de coordination des informations sensorielles et motrices pour r\u00e9soudre de simples probl\u00e8mes. <\/p>\n\n\n\n<p>C&#8217;est une \u00e9tape non n\u00e9gligeable pour le d\u00e9veloppement du tout-petit. <\/p>\n\n\n\n<h2 class=\"wp-block-heading\">Les bienfaits du plein air pour le d\u00e9veloppement de l\u2019enfant<\/h2>\n\n\n\n<h3 class=\"wp-block-heading\">Le plein air, un espace&nbsp;de d\u00e9veloppement en toute autonomie<\/h3>\n\n\n\n<p>Lorsqu\u2019un enfant \u00e9volue en ext\u00e9rieur, il a davantage de libert\u00e9 et d&#8217;autonomie qu\u2019en int\u00e9rieur. En int\u00e9rieur, il se retrouve plus facilement avec des freins, des directives et de nombreux &#8220;dangers&#8221; : produits chimiques, prises \u00e9lectriques, four chaud etc&#8230; En ext\u00e9rieur, l&#8217;adulte qui l&#8217;entoure a donc naturellement moins de stress et moins peur que l&#8217;enfant se fasse mal. cela va cr\u00e9er plus d&#8217;autonomie chez l&#8217;enfant qui sera moins dans la retenue et qui va prendre plaisir \u00e0 d\u00e9couvrir par lui-m\u00eame. Bien \u00e9videmment, il faut veiller \u00e0 proposer un cadre s\u00e9curis\u00e9 en ext\u00e9rieur. <\/p>\n\n\n\n<h3 class=\"wp-block-heading\">\u00c9voluer en plein air, la libert\u00e9&nbsp;!<\/h3>\n\n\n\n<p>\u00catre en plein air, c\u2019est la libert\u00e9 pour un enfant. Il peut crier, courir et s\u2019exprimer plus facilement, l\u2019espace \u00e9tant aussi plus grand pour laisser passer le bruit. Jouer en ext\u00e9rieur c&#8217;est aussi explorer, conna\u00eetre l&#8217;ind\u00e9pendance pour apprendre et imaginer des sc\u00e9narios. L&#8217;enfant voit par lui-m\u00eame, en toute autonomie, ce qu&#8217;il est capable de faire ou non. Soutenez-le, encouragez-le et faites tout simplement confiance \u00e0 l&#8217;enfant qui ne demande qu&#8217;\u00e0 stimuler sa curiosit\u00e9. <\/p>\n\n\n\n<h3 class=\"wp-block-heading\">La sieste en plein air, un regain d\u2019\u00e9nergie<\/h3>\n\n\n\n<p>La sieste dehors a \u00e9galement fait ses preuves. Toutes les cr\u00e8ches qui ont test\u00e9 la sieste en plein air sont unanimes et en approuvent les bienfaits.<br>Entre 8 et 10 degr\u00e9s, l\u2019enfant s\u2019endort plus facilement et les siestes en plein air sont plus longues et plus r\u00e9paratrices.<br>L\u2019enfant sera alors plus apais\u00e9, plus r\u00e9sistant et plus autonome pour la suite de sa journ\u00e9e.<br>Les parents retrouvent g\u00e9n\u00e9ralement leur enfant de bonne humeur et en forme en fin de soir\u00e9e.<\/p>\n\n\n\n<p><strong>Quelques chercheurs et de p\u00e9dagogues ont travaill\u00e9 sur la sieste dehors.<\/strong><\/p>\n\n\n\n<p><strong>Marjo Tourula<\/strong>, chercheur Finnois, a pr\u00e9sent\u00e9 en 2011 une \u00e9tude sur la sieste dehors. Il a tout simplement d\u00e9montr\u00e9 que le fait d\u2019\u00eatre bien couvert augmente la dur\u00e9e de sommeil du tout-petit, car bien <a href=\"https:\/\/naitreetgrandir.com\/fr\/etape\/0_12_mois\/soins\/fiche.aspx?doc=emmaillotage#:~:text=L'emmaillotage%20rappelle%20la%20vie,crise%2C%20irrit%C3%A9%20ou%20tr%C3%A8s%20agit%C3%A9.\" target=\"_blank\" rel=\"noreferrer noopener\">emmaillot\u00e9<\/a>, l\u2019enfant fait ainsi moins de mouvements brusques. Rassurez-vous, cela n\u2019est en aucun cas une technique barbare.<br>Le Professeur Finnois <strong>Rint\u00e4maki<\/strong> de l\u2019institut de la sant\u00e9 au travail a confirm\u00e9 cela en 2015. Il a \u00e9galement affirm\u00e9 que les enfants ont un meilleur app\u00e9tit et sont plus actifs.<\/p>\n\n\n\n<p><strong>Emmi Pikler<\/strong> a \u00e9galement mis en place la sieste en ext\u00e9rieur dans sa <a href=\"https:\/\/www.pikler.fr\/emmi-pikler\/la-motricite-libre-selon-emmi-pikler\/\" target=\"_blank\" rel=\"noreferrer noopener\">p\u00e9dagogie Loczy<\/a> (nom de la pouponni\u00e8re Hongroise o\u00f9 la p\u00e9diatre a fait son exp\u00e9rimentation). La p\u00e9dagogie Montessori s\u2019int\u00e9resse essentiellement \u00e0 l\u2019autonomie de l\u2019enfant \u00e0 partir de 2 ans, quant \u00e0 la p\u00e9dagogie Pikler ou Loczy (nom des cr\u00e8ches d\u00e9velopp\u00e9es par Emmi Pikler), on vise avant tout, les b\u00e9b\u00e9s et les nourrissons en cr\u00e8che. Cette p\u00e9dagogie cherche \u00e0 d\u00e9velopper les comp\u00e9tences naturelles des enfants avec leurs besoins d\u2019agir en autonomie et en motricit\u00e9 libre.<\/p>\n\n\n\n<h2 class=\"wp-block-heading\">Qui dit cr\u00e8che en ext\u00e9rieur, dit, on s\u2019\u00e9quipe&nbsp;!<\/h2>\n\n\n\n<p>Lorsque le tout-petit s\u2019appr\u00eate \u00e0 ramper ou \u00e0 gambader \u00e0 la cr\u00e8che en ext\u00e9rieur, il faut l\u2019\u00e9quiper. L&#8217;enfant doit \u00eatre \u00e0 son aise pour explorer tous les recoins fascinants de la nature. Des v\u00eatements chauds en hiver, des <a href=\"https:\/\/www.wesco.fr\/puericulture\/puericulture\/vetements-de-protection\/vetements-de-pluie.html\" target=\"_blank\" rel=\"noreferrer noopener\">v\u00eatements imperm\u00e9ables<\/a> et des bottes lorsqu\u2019il pleut. Et lorsqu&#8217;il fait beau et chaud, veillez \u00e0 mettre le tout-petit \u00e0 l&#8217;abri du soleil et dans un espace ou l&#8217;air circule. Bien \u00e9videmment, il faut garder du bon sens. S&#8217;il fait trop chaud ou trop froid, on rentre \u00e0 l&#8217;int\u00e9rieur. Pas question d&#8217;attraper un coup de chaud ou un coup de froid.<\/p>\n\n\n\n<p>Il en est de m\u00eame pour le temps de sommeil, pensez \u00e0 \u00e9quiper le tout-petit d\u2019une gigoteuse suffisamment chaude pour passer une bonne sieste au chaud et en plein air lorsqu\u2019il fait plus frais. Quelques pr\u00e9cautions Scandinaves : B\u00e9b\u00e9 doit avoir plus de 14 jours, faire plus de 4 kilos et la temp\u00e9rature ext\u00e9rieure ne doit pas \u00eatre inf\u00e9rieure \u00e0 -10\u00b0C, parfois m\u00eame 0 degr\u00e9 pour certains \u00e9tablissements.<\/p>\n\n\n\n<div class=\"wp-block-media-text alignwide has-media-on-the-right is-stacked-on-mobile is-vertically-aligned-center\"><div class=\"wp-block-media-text__content\">\n<div class=\"wp-block-buttons alignwide is-content-justification-center is-layout-flex wp-container-core-buttons-is-layout-16018d1d wp-block-buttons-is-layout-flex\">\n<div class=\"wp-block-button\"><a class=\"wp-block-button__link wp-element-button\" href=\"https:\/\/www.wesco.fr\/of67287-turbulette-coton-0-6-mois-wesco.html\" target=\"_blank\" rel=\"noreferrer noopener\">Voir la turbulette 0\/6 mois <\/a><\/div>\n<\/div>\n<\/div><figure class=\"wp-block-media-text__media\"><img loading=\"lazy\" decoding=\"async\" width=\"800\" height=\"600\" src=\"https:\/\/leblog.wesco.fr\/fr\/wp-content\/uploads\/2022\/12\/67287_c223_231003_pd_p.jpg\" alt=\"TURBULETTE COTON 0 - 6 mois le blog wesco\" class=\"wp-image-130463 size-full\" srcset=\"https:\/\/leblog.wesco.fr\/fr\/wp-content\/uploads\/2022\/12\/67287_c223_231003_pd_p.jpg 800w, https:\/\/leblog.wesco.fr\/fr\/wp-content\/uploads\/2022\/12\/67287_c223_231003_pd_p-300x225.jpg 300w, https:\/\/leblog.wesco.fr\/fr\/wp-content\/uploads\/2022\/12\/67287_c223_231003_pd_p-768x576.jpg 768w\" sizes=\"auto, (max-width: 800px) 100vw, 800px\" \/><\/figure><\/div>\n\n\n\n<h2 class=\"wp-block-heading\">Nos id\u00e9es d\u2019espaces pour cr\u00e9er une cr\u00e8che en ext\u00e9rieur<\/h2>\n\n\n\n<h3 class=\"wp-block-heading\">L\u2019espace sieste<\/h3>\n\n\n\n<p>M\u00eame s&#8217;il est pr\u00e9f\u00e9rable de privil\u00e9gier un espace semi couvert (en cas de pluie, de vent ou m\u00eame de chaleur), il est recommand\u00e9 d&#8217;utiliser du mobilier con\u00e7u pour r\u00e9sister aux intemp\u00e9ries, variations de temp\u00e9ratures, facilement lavables\u2026 <\/p>\n\n\n\n<p>Nous vous conseillons le mobilier rotomoul\u00e9 qui reste la mati\u00e8re la plus appropri\u00e9e et durable dans le temps. Une mati\u00e8re 100% hygi\u00e9nique qui se <a href=\"https:\/\/www.wesco.fr\/43055171-mousse-detergente-desinfectante-surfa-safe-r-premium-anios.html\" target=\"_blank\" rel=\"noreferrer noopener\">d\u00e9sinfecte<\/a> enti\u00e8rement. Attention toutefois aux d\u00e9colorations avec le temps : pluie, soleil, lune. Les couleurs peuvent parfois ternir. <\/p>\n\n\n\n<div class=\"wp-block-media-text is-stacked-on-mobile is-vertically-aligned-center\"><figure class=\"wp-block-media-text__media\"><img loading=\"lazy\" decoding=\"async\" width=\"300\" height=\"200\" src=\"https:\/\/leblog.wesco.fr\/fr\/wp-content\/uploads\/2022\/04\/creche_dehors_3.jpg\" alt=\"lit dreamy cr\u00e8che en ext\u00e9rieur blog wesco\" class=\"wp-image-125177 size-full\"\/><\/figure><div class=\"wp-block-media-text__content\">\n<div class=\"wp-block-buttons alignwide is-content-justification-center is-layout-flex wp-container-core-buttons-is-layout-16018d1d wp-block-buttons-is-layout-flex\">\n<div class=\"wp-block-button\"><a class=\"wp-block-button__link wp-element-button\" href=\"https:\/\/www.wesco.fr\/of51965-lit-dreamy-wesco.html\" target=\"_blank\" rel=\"noreferrer noopener\">VOIr le lit dreamy<\/a><\/div>\n<\/div>\n<\/div><\/div>\n\n\n\n<div class=\"wp-block-media-text alignwide has-media-on-the-right is-stacked-on-mobile is-vertically-aligned-center\" style=\"grid-template-columns:auto 40%\"><div class=\"wp-block-media-text__content\">\n<div class=\"wp-block-buttons alignwide is-content-justification-center is-layout-flex wp-container-core-buttons-is-layout-16018d1d wp-block-buttons-is-layout-flex\">\n<div class=\"wp-block-button\"><a class=\"wp-block-button__link wp-element-button\" href=\"https:\/\/www.wesco.fr\/of47718-lit-bas-teddy-wesco.html\" target=\"_blank\" rel=\"noreferrer noopener\">voir le lit bas teddy<\/a><\/div>\n<\/div>\n<\/div><figure class=\"wp-block-media-text__media\"><img loading=\"lazy\" decoding=\"async\" width=\"300\" height=\"200\" src=\"https:\/\/leblog.wesco.fr\/fr\/wp-content\/uploads\/2022\/04\/creche_dehors_2.jpg\" alt=\"lit bas teddy\" class=\"wp-image-125178 size-full\"\/><\/figure><\/div>\n\n\n\n<p>Vous pouvez \u00e9galement utiliser notre <a href=\"https:\/\/www.wesco.fr\/of56428-couchette-speciale-petite-enfance-105-x-54-cm-wesco.html\" target=\"_blank\" rel=\"noreferrer noopener\">couchette<\/a> facilement d\u00e9pla\u00e7able de l&#8217;int\u00e9rieur vers l&#8217;ext\u00e9rieur si vous ne voulez pas laisser le mobilier en ext\u00e9rieur. <\/p>\n\n\n\n<h3 class=\"wp-block-heading\">Le jardin potager<\/h3>\n\n\n\n<p>Vous pouvez opter pour un espace potager dans votre cr\u00e8che. L\u2019enfant pourra ainsi d\u00e9velopper de nombreuses comp\u00e9tences&nbsp;: toucher la terre, manipuler des outils adapt\u00e9s, semer des graines, arroser ses plantations et patienter pour voir enfin les graines sortir de terre.<\/p>\n\n\n\n<div class=\"wp-block-media-text is-stacked-on-mobile is-vertically-aligned-center\" style=\"grid-template-columns:40% auto\"><figure class=\"wp-block-media-text__media\"><img loading=\"lazy\" decoding=\"async\" width=\"300\" height=\"200\" src=\"https:\/\/leblog.wesco.fr\/fr\/wp-content\/uploads\/2022\/04\/creche_dehors_6.jpg\" alt=\"potager ext\u00e9rieur cr\u00e8che en ext\u00e9rieur blog wesco\" class=\"wp-image-125179 size-full\"\/><\/figure><div class=\"wp-block-media-text__content\">\n<div class=\"wp-block-buttons alignwide is-content-justification-center is-layout-flex wp-container-core-buttons-is-layout-16018d1d wp-block-buttons-is-layout-flex\">\n<div class=\"wp-block-button\"><a class=\"wp-block-button__link wp-element-button\" href=\"https:\/\/www.wesco.fr\/60801016-potager-elements-grand-wesco.html\" target=\"_blank\" rel=\"noreferrer noopener\">voir le potager \u00e9l\u00e9ments<\/a><\/div>\n<\/div>\n<\/div><\/div>\n\n\n\n<div class=\"wp-block-media-text alignwide has-media-on-the-right is-stacked-on-mobile is-vertically-aligned-center\" style=\"grid-template-columns:auto 40%\"><div class=\"wp-block-media-text__content\">\n<div class=\"wp-block-buttons alignwide is-content-justification-center is-layout-flex wp-container-core-buttons-is-layout-16018d1d wp-block-buttons-is-layout-flex\">\n<div class=\"wp-block-button\"><a class=\"wp-block-button__link wp-element-button\" href=\"https:\/\/www.wesco.fr\/61706008-petit-potager-a-roulettes-eco-responsable-hauteur-totale-52-cm-wesco.html\" target=\"_blank\" rel=\"noreferrer noopener\">voir le potager \u00e0 roulettes<\/a><\/div>\n<\/div>\n<\/div><figure class=\"wp-block-media-text__media\"><img loading=\"lazy\" decoding=\"async\" width=\"300\" height=\"200\" src=\"https:\/\/leblog.wesco.fr\/fr\/wp-content\/uploads\/2022\/04\/creche_dehors_8.jpg\" alt=\"potager \u00e0 roulettes\" class=\"wp-image-125180 size-full\"\/><\/figure><\/div>\n\n\n\n<h3 class=\"wp-block-heading\">L\u2019espace sensoriel ou d\u2019exploration<\/h3>\n\n\n\n<p>Un espace sensoriel est un indispensable pour que le tout-petit d\u00e9couvre par lui-m\u00eame et explore de nouvelles sensations. Toucher diff\u00e9rentes textures, manipuler du sable, transvaser de l\u2019eau d\u2019un r\u00e9cipient \u00e0 un autre, remplir, vider\u2026<\/p>\n\n\n\n<div class=\"wp-block-media-text is-stacked-on-mobile is-vertically-aligned-center\" style=\"grid-template-columns:40% auto\"><figure class=\"wp-block-media-text__media\"><img loading=\"lazy\" decoding=\"async\" width=\"300\" height=\"200\" src=\"https:\/\/leblog.wesco.fr\/fr\/wp-content\/uploads\/2022\/04\/creche_dehors_7.jpg\" alt=\"table exploration cr\u00e8che en ext\u00e9rieur blog wesco\" class=\"wp-image-125181 size-full\"\/><\/figure><div class=\"wp-block-media-text__content\">\n<div class=\"wp-block-buttons alignwide is-content-justification-center is-layout-flex wp-container-core-buttons-is-layout-16018d1d wp-block-buttons-is-layout-flex\">\n<div class=\"wp-block-button\"><a class=\"wp-block-button__link wp-element-button\" href=\"https:\/\/www.wesco.fr\/60803016-table-d-exploration-elements-wesco.html\" target=\"_blank\" rel=\"noreferrer noopener\">Voir la table d&#8217;exploration \u00e9l\u00e9ments<\/a><\/div>\n<\/div>\n<\/div><\/div>\n\n\n\n<div class=\"wp-block-media-text alignwide has-media-on-the-right is-stacked-on-mobile is-vertically-aligned-center\" style=\"grid-template-columns:auto 40%\"><div class=\"wp-block-media-text__content\">\n<div class=\"wp-block-buttons alignwide is-content-justification-center is-layout-flex wp-container-core-buttons-is-layout-16018d1d wp-block-buttons-is-layout-flex\">\n<div class=\"wp-block-button\"><a class=\"wp-block-button__link wp-element-button\" href=\"https:\/\/www.wesco.fr\/71027020-kit-table-sensorielle-lumineuse-monde-marin-wesco.html?queryID=6bd87cb5191ee4bb74f3c43a7ecbf0dc&amp;objectID=65003&amp;indexName=PRODUCTION_wesco_fr_products\" target=\"_blank\" rel=\"noreferrer noopener\">Voir le kit univers sensoriel<\/a><\/div>\n<\/div>\n<\/div><figure class=\"wp-block-media-text__media\"><img loading=\"lazy\" decoding=\"async\" width=\"300\" height=\"200\" src=\"https:\/\/leblog.wesco.fr\/fr\/wp-content\/uploads\/2022\/04\/creche_dehors_9.jpg\" alt=\"univers sensoriel blog wesco\" class=\"wp-image-125182 size-full\"\/><\/figure><\/div>\n\n\n\n<div class=\"wp-block-media-text is-stacked-on-mobile is-vertically-aligned-center\" style=\"grid-template-columns:40% auto\"><figure class=\"wp-block-media-text__media\"><img loading=\"lazy\" decoding=\"async\" width=\"300\" height=\"200\" src=\"https:\/\/leblog.wesco.fr\/fr\/wp-content\/uploads\/2022\/04\/creche_dehors_10.jpg\" alt=\"aliments sensoriels \" class=\"wp-image-125183 size-full\"\/><\/figure><div class=\"wp-block-media-text__content\">\n<div class=\"wp-block-buttons alignwide is-content-justification-center is-layout-flex wp-container-core-buttons-is-layout-16018d1d wp-block-buttons-is-layout-flex\">\n<div class=\"wp-block-button\"><a class=\"wp-block-button__link wp-element-button\" href=\"https:\/\/www.wesco.fr\/63592171-maxi-lot-aliments-sensoriels-en-pierre.html\" target=\"_blank\" rel=\"noreferrer noopener\">voir les aliments sensoriels en pierre<\/a><\/div>\n<\/div>\n<\/div><\/div>\n\n\n\n<h3 class=\"wp-block-heading\">L\u2019espace de motricit\u00e9<\/h3>\n\n\n\n<p>Pouvoir s\u2019exprimer physiquement et librement est un incontournable pour le tout-petit. En ext\u00e9rieur, la motricit\u00e9 reste plus facile \u00e0 d\u00e9velopper et certains produits pourront aider l&#8217;enfant \u00e0 la travailler plus facilement. M\u00eame si la nature propose \u00e0 elle seule, un vaste terrain de jeux et d&#8217;exp\u00e9rimentations motrices, nous vous proposons diff\u00e9rents produits compl\u00e9mentaires pour varier les apprentissages : rouler, grimper en toute s\u00e9curit\u00e9&#8230; <\/p>\n\n\n\n<div class=\"wp-block-media-text alignwide has-media-on-the-right is-stacked-on-mobile is-vertically-aligned-center\" style=\"grid-template-columns:auto 40%\"><div class=\"wp-block-media-text__content\">\n<div class=\"wp-block-buttons alignwide is-content-justification-center is-layout-flex wp-container-core-buttons-is-layout-16018d1d wp-block-buttons-is-layout-flex\">\n<div class=\"wp-block-button\"><a class=\"wp-block-button__link wp-element-button\" href=\"https:\/\/www.wesco.fr\/of44884-porteur-loco-wesco.html\" target=\"_blank\" rel=\"noreferrer noopener\">voir le porteur loco<\/a><\/div>\n<\/div>\n<\/div><figure class=\"wp-block-media-text__media\"><img loading=\"lazy\" decoding=\"async\" width=\"300\" height=\"200\" src=\"https:\/\/leblog.wesco.fr\/fr\/wp-content\/uploads\/2022\/04\/creche_dehors1-1.jpg\" alt=\"porteur loco\" class=\"wp-image-125184 size-full\"\/><\/figure><\/div>\n\n\n\n<div class=\"wp-block-media-text is-stacked-on-mobile is-vertically-aligned-center\" style=\"grid-template-columns:40% auto\"><figure class=\"wp-block-media-text__media\"><img loading=\"lazy\" decoding=\"async\" width=\"800\" height=\"600\" src=\"https:\/\/leblog.wesco.fr\/fr\/wp-content\/uploads\/2022\/04\/54232_c037_171107_pc-1.jpg\" alt=\"BABI TOBOGGAN blog wesco\" class=\"wp-image-130613 size-full\" srcset=\"https:\/\/leblog.wesco.fr\/fr\/wp-content\/uploads\/2022\/04\/54232_c037_171107_pc-1.jpg 800w, https:\/\/leblog.wesco.fr\/fr\/wp-content\/uploads\/2022\/04\/54232_c037_171107_pc-1-300x225.jpg 300w, https:\/\/leblog.wesco.fr\/fr\/wp-content\/uploads\/2022\/04\/54232_c037_171107_pc-1-768x576.jpg 768w\" sizes=\"auto, (max-width: 800px) 100vw, 800px\" \/><\/figure><div class=\"wp-block-media-text__content\">\n<div class=\"wp-block-buttons alignwide is-content-justification-center is-layout-flex wp-container-core-buttons-is-layout-16018d1d wp-block-buttons-is-layout-flex\">\n<div class=\"wp-block-button\"><a class=\"wp-block-button__link wp-element-button\" href=\"https:\/\/www.wesco.fr\/of54232-babi-toboggan-wesco.html?queryID=8342e756313d3d97c7917c539a1f055c&amp;objectID=24630&amp;indexName=PRODUCTION_wesco_fr_products\" target=\"_blank\" rel=\"noreferrer noopener\">voir le babi toboggan<\/a><\/div>\n<\/div>\n<\/div><\/div>\n\n\n\n<h3 class=\"wp-block-heading\">Aire de jeux<\/h3>\n\n\n\n<div class=\"wp-block-media-text alignwide has-media-on-the-right is-stacked-on-mobile\" style=\"grid-template-columns:auto 40%\"><div class=\"wp-block-media-text__content\">\n<p class=\"has-text-align-center\">Les <a href=\"https:\/\/www.wesco.fr\/tous-les-produits\/jeux-de-plein-air\/equipements-d-aires-de-jeux.html?p=1\" target=\"_blank\" rel=\"noreferrer noopener\">aires de jeux<\/a> font partie des incontournables d\u00e8s le plus jeune \u00e2ge. Adapt\u00e9es selon l\u2019\u00e2ge de l\u2019enfant, elles lui apporteront des heures de jeu et d\u2019\u00e9vasion. Sauter, grimper, ramper, glisser\u2026<\/p>\n\n\n\n<div class=\"wp-block-buttons alignwide is-content-justification-center is-layout-flex wp-container-core-buttons-is-layout-16018d1d wp-block-buttons-is-layout-flex\">\n<div class=\"wp-block-button\"><a class=\"wp-block-button__link wp-element-button\" href=\"https:\/\/www.wesco.fr\/nos-gammes\/gaya.html\" target=\"_blank\" rel=\"noreferrer noopener\">voir les jeux d&#8217;ext\u00e9rieur gaya<\/a><\/div>\n<\/div>\n<\/div><figure class=\"wp-block-media-text__media\"><img loading=\"lazy\" decoding=\"async\" width=\"300\" height=\"200\" src=\"https:\/\/leblog.wesco.fr\/fr\/wp-content\/uploads\/2022\/04\/creche_dehors_11.jpg\" alt=\"structure d'ext\u00e9rieur cr\u00e8che en ext\u00e9rieur\" class=\"wp-image-125187 size-full\"\/><\/figure><\/div>\n\n\n\n<h2 class=\"wp-block-heading\">En bref<\/h2>\n\n\n\n<p>D\u00e9velopper votre cr\u00e8che dehors apportera de nombreux b\u00e9n\u00e9fices sur le tout-petit. Aussi bien pour son autonomie et sa cr\u00e9ativit\u00e9 que sur sa sant\u00e9.<br>Et si vous d\u00e9couvriez maintenant les joies de <a href=\"https:\/\/leblog.wesco.fr\/fr\/lecole-dehors-ou-lart-de-faire-classe-hors-des-murs\/\">l&#8217;\u00e9cole en plein air<\/a>&nbsp;?<\/p>\n\n\n\n<h3 class=\"wp-block-heading\">Nos articles sur la m\u00eame th\u00e9matique<\/h3>\n\n\n\n<ul class=\"wp-block-list\">\n<li><a href=\"https:\/\/leblog.wesco.fr\/fr\/lecole-dehors-ou-lart-de-faire-classe-hors-des-murs\/\">L\u2019\u00e9cole dehors ou l\u2019art de faire classe hors des murs<\/a><\/li>\n\n\n\n<li><a href=\"https:\/\/leblog.wesco.fr\/fr\/linteret-de-la-cabane-pour-lenfant\/\">L\u2019int\u00e9r\u00eat de la cabane pour l\u2019enfant<\/a><\/li>\n\n\n\n<li><a href=\"https:\/\/leblog.wesco.fr\/fr\/pourquoi-jouer-dehors-par-tous-les-temps\/\">Pourquoi jouer dehors par tous les temps&nbsp;?<\/a><\/li>\n<\/ul>\n\n\n\n<h3 class=\"wp-block-heading\">Pour aller plus loin<\/h3>\n\n\n\n<ul class=\"wp-block-list\">\n<li>Lisez l\u2019article des Pros de la petite enfance&nbsp;: <a href=\"https:\/\/lesprosdelapetiteenfance.fr\/vie-professionnelle\/organisation-et-pratiques-professionnelles\/laissons-les-enfants-jouer-dehors?fbclid=IwAR2L2RL3Do7ednO7csVfqjt2nrSB6F0ObxZM9xzPDY4gX7rmP6nG6PexV6I\" target=\"_blank\" rel=\"noreferrer noopener\">Laissons les enfants jouer dehors&nbsp;!<\/a><\/li>\n\n\n\n<li>Regardez une vid\u00e9o sur&nbsp;: <a href=\"https:\/\/www.youtube.com\/watch?v=BXy3ZSNtKRg&amp;t=20s\" target=\"_blank\" rel=\"noreferrer noopener\">La sieste en ext\u00e9rieur pour les enfants de la cr\u00e8che Jean de la Fontaine<\/a><\/li>\n\n\n\n<li>Regardez la vid\u00e9o sur&nbsp;: <a href=\"https:\/\/www.lamaisondesmaternelles.fr\/article\/la-sieste-nordique-pour-les-bebes-qu-est-ce-que-c-est\" target=\"_blank\" rel=\"noreferrer noopener\">La sieste nordique pour les b\u00e9b\u00e9s, qu\u2019est-ce que c\u2019est&nbsp;?<\/a><\/li>\n<\/ul>\n","protected":false},"excerpt":{"rendered":"<p>La cr\u00e8che en ext\u00e9rieur et ses bienfaits &#8211; Le Blog Wesco <\/p>\n","protected":false},"author":13,"featured_media":125165,"comment_status":"open","ping_status":"open","sticky":false,"template":"","format":"standard","meta":{"_lmt_disableupdate":"","_lmt_disable":"","episode_type":"","audio_file":"","podmotor_file_id":"","podmotor_episode_id":"","cover_image":"","cover_image_id":"","duration":"","filesize":"","filesize_raw":"","date_recorded":"","explicit":"","block":"","itunes_episode_number":"","itunes_title":"","itunes_season_number":"","itunes_episode_type":"","footnotes":""},"categories":[63],"tags":[18,29,94,48,118],"class_list":["post-125162","post","type-post","status-publish","format-standard","has-post-thumbnail","hentry","category-amenagement","tag-12-36-mois","tag-bienveillance","tag-lieu-d-accueil-du-tout-petit","tag-motricite-globale","tag-sommeil"],"yoast_head":"<!-- This site is optimized with the Yoast SEO plugin v27.5 - https:\/\/yoast.com\/product\/yoast-seo-wordpress\/ -->\n<title>La cr\u00e8che en ext\u00e9rieur\u00a0: les bienfaits du plein air\u00a0! - Blog Wesco<\/title>\n<meta name=\"description\" content=\"D\u00e9couvrez le concept de la cr\u00e8che en ext\u00e9rieur, les \u00e9quipements id\u00e9aux pour l&#039;am\u00e9nager et quels sont les bienfaits de la sieste en plein air.\" \/>\n<meta name=\"robots\" content=\"index, follow, max-snippet:-1, max-image-preview:large, max-video-preview:-1\" \/>\n<link rel=\"canonical\" href=\"https:\/\/leblog.wesco.fr\/fr\/la-creche-en-exterieur-les-bienfaits-du-plein-air\/\" \/>\n<meta property=\"og:locale\" content=\"fr_FR\" \/>\n<meta property=\"og:type\" content=\"article\" \/>\n<meta property=\"og:title\" content=\"La cr\u00e8che en ext\u00e9rieur\u00a0: les bienfaits du plein air\u00a0! - Blog Wesco\" \/>\n<meta property=\"og:description\" content=\"D\u00e9couvrez le concept de la cr\u00e8che en ext\u00e9rieur, les \u00e9quipements id\u00e9aux pour l&#039;am\u00e9nager et quels sont les bienfaits de la sieste en plein air.\" \/>\n<meta property=\"og:url\" content=\"https:\/\/leblog.wesco.fr\/fr\/la-creche-en-exterieur-les-bienfaits-du-plein-air\/\" \/>\n<meta property=\"og:site_name\" content=\"Blog Wesco\" \/>\n<meta property=\"article:published_time\" content=\"2022-04-06T15:00:06+00:00\" \/>\n<meta property=\"article:modified_time\" content=\"2025-07-11T09:14:59+00:00\" \/>\n<meta property=\"og:image\" content=\"https:\/\/leblog.wesco.fr\/fr\/wp-content\/uploads\/2022\/04\/creche_dehors1.jpg\" \/>\n\t<meta property=\"og:image:width\" content=\"1600\" \/>\n\t<meta property=\"og:image:height\" content=\"800\" \/>\n\t<meta property=\"og:image:type\" content=\"image\/jpeg\" \/>\n<meta name=\"author\" content=\"Caroline Bretaudeau\" \/>\n<meta name=\"twitter:card\" content=\"summary_large_image\" \/>\n<meta name=\"twitter:label1\" content=\"\u00c9crit par\" \/>\n\t<meta name=\"twitter:data1\" content=\"Caroline Bretaudeau\" \/>\n\t<meta name=\"twitter:label2\" content=\"Dur\u00e9e de lecture estim\u00e9e\" \/>\n\t<meta name=\"twitter:data2\" content=\"11 minutes\" \/>\n<!-- \/ Yoast SEO plugin. -->","yoast_head_json":{"title":"La cr\u00e8che en ext\u00e9rieur\u00a0: les bienfaits du plein air\u00a0! - Blog Wesco","description":"D\u00e9couvrez le concept de la cr\u00e8che en ext\u00e9rieur, les \u00e9quipements id\u00e9aux pour l'am\u00e9nager et quels sont les bienfaits de la sieste en plein air.","robots":{"index":"index","follow":"follow","max-snippet":"max-snippet:-1","max-image-preview":"max-image-preview:large","max-video-preview":"max-video-preview:-1"},"canonical":"https:\/\/leblog.wesco.fr\/fr\/la-creche-en-exterieur-les-bienfaits-du-plein-air\/","og_locale":"fr_FR","og_type":"article","og_title":"La cr\u00e8che en ext\u00e9rieur\u00a0: les bienfaits du plein air\u00a0! - Blog Wesco","og_description":"D\u00e9couvrez le concept de la cr\u00e8che en ext\u00e9rieur, les \u00e9quipements id\u00e9aux pour l'am\u00e9nager et quels sont les bienfaits de la sieste en plein air.","og_url":"https:\/\/leblog.wesco.fr\/fr\/la-creche-en-exterieur-les-bienfaits-du-plein-air\/","og_site_name":"Blog Wesco","article_published_time":"2022-04-06T15:00:06+00:00","article_modified_time":"2025-07-11T09:14:59+00:00","og_image":[{"width":1600,"height":800,"url":"https:\/\/leblog.wesco.fr\/fr\/wp-content\/uploads\/2022\/04\/creche_dehors1.jpg","type":"image\/jpeg"}],"author":"Caroline Bretaudeau","twitter_card":"summary_large_image","twitter_misc":{"\u00c9crit par":"Caroline Bretaudeau","Dur\u00e9e de lecture estim\u00e9e":"11 minutes"},"schema":{"@context":"https:\/\/schema.org","@graph":[{"@type":"Article","@id":"https:\/\/leblog.wesco.fr\/fr\/la-creche-en-exterieur-les-bienfaits-du-plein-air\/#article","isPartOf":{"@id":"https:\/\/leblog.wesco.fr\/fr\/la-creche-en-exterieur-les-bienfaits-du-plein-air\/"},"author":{"name":"Caroline Bretaudeau","@id":"https:\/\/leblog.wesco.fr\/fr\/#\/schema\/person\/3e6564df45acb4a6da39864b46a6a3a1"},"headline":"La cr\u00e8che en ext\u00e9rieur\u00a0: les bienfaits du plein air\u00a0!","datePublished":"2022-04-06T15:00:06+00:00","dateModified":"2025-07-11T09:14:59+00:00","mainEntityOfPage":{"@id":"https:\/\/leblog.wesco.fr\/fr\/la-creche-en-exterieur-les-bienfaits-du-plein-air\/"},"wordCount":1731,"commentCount":0,"image":{"@id":"https:\/\/leblog.wesco.fr\/fr\/la-creche-en-exterieur-les-bienfaits-du-plein-air\/#primaryimage"},"thumbnailUrl":"https:\/\/leblog.wesco.fr\/fr\/wp-content\/uploads\/2022\/04\/creche_dehors1.jpg","keywords":["12\/36 mois","Bienveillance","Lieu d\u2019accueil du tout-petit","Motricit\u00e9 globale","Sommeil"],"articleSection":["Am\u00e9nagement"],"inLanguage":"fr-FR","potentialAction":[{"@type":"CommentAction","name":"Comment","target":["https:\/\/leblog.wesco.fr\/fr\/la-creche-en-exterieur-les-bienfaits-du-plein-air\/#respond"]}]},{"@type":"WebPage","@id":"https:\/\/leblog.wesco.fr\/fr\/la-creche-en-exterieur-les-bienfaits-du-plein-air\/","url":"https:\/\/leblog.wesco.fr\/fr\/la-creche-en-exterieur-les-bienfaits-du-plein-air\/","name":"La cr\u00e8che en ext\u00e9rieur\u00a0: les bienfaits du plein air\u00a0! - Blog Wesco","isPartOf":{"@id":"https:\/\/leblog.wesco.fr\/fr\/#website"},"primaryImageOfPage":{"@id":"https:\/\/leblog.wesco.fr\/fr\/la-creche-en-exterieur-les-bienfaits-du-plein-air\/#primaryimage"},"image":{"@id":"https:\/\/leblog.wesco.fr\/fr\/la-creche-en-exterieur-les-bienfaits-du-plein-air\/#primaryimage"},"thumbnailUrl":"https:\/\/leblog.wesco.fr\/fr\/wp-content\/uploads\/2022\/04\/creche_dehors1.jpg","datePublished":"2022-04-06T15:00:06+00:00","dateModified":"2025-07-11T09:14:59+00:00","author":{"@id":"https:\/\/leblog.wesco.fr\/fr\/#\/schema\/person\/3e6564df45acb4a6da39864b46a6a3a1"},"description":"D\u00e9couvrez le concept de la cr\u00e8che en ext\u00e9rieur, les \u00e9quipements id\u00e9aux pour l'am\u00e9nager et quels sont les bienfaits de la sieste en plein air.","breadcrumb":{"@id":"https:\/\/leblog.wesco.fr\/fr\/la-creche-en-exterieur-les-bienfaits-du-plein-air\/#breadcrumb"},"inLanguage":"fr-FR","potentialAction":[{"@type":"ReadAction","target":["https:\/\/leblog.wesco.fr\/fr\/la-creche-en-exterieur-les-bienfaits-du-plein-air\/"]}]},{"@type":"ImageObject","inLanguage":"fr-FR","@id":"https:\/\/leblog.wesco.fr\/fr\/la-creche-en-exterieur-les-bienfaits-du-plein-air\/#primaryimage","url":"https:\/\/leblog.wesco.fr\/fr\/wp-content\/uploads\/2022\/04\/creche_dehors1.jpg","contentUrl":"https:\/\/leblog.wesco.fr\/fr\/wp-content\/uploads\/2022\/04\/creche_dehors1.jpg","width":1600,"height":800,"caption":"enfants qui jouent dans un bac \u00e0 sable am\u00e9nager cr\u00e8che ext\u00e9rieur blog wesco"},{"@type":"BreadcrumbList","@id":"https:\/\/leblog.wesco.fr\/fr\/la-creche-en-exterieur-les-bienfaits-du-plein-air\/#breadcrumb","itemListElement":[{"@type":"ListItem","position":1,"name":"Accueil","item":"https:\/\/leblog.wesco.fr\/fr\/"},{"@type":"ListItem","position":2,"name":"Am\u00e9nagement","item":"https:\/\/leblog.wesco.fr\/fr\/category\/amenagement\/"},{"@type":"ListItem","position":3,"name":"La cr\u00e8che en ext\u00e9rieur\u00a0: les bienfaits du plein air\u00a0!"}]},{"@type":"WebSite","@id":"https:\/\/leblog.wesco.fr\/fr\/#website","url":"https:\/\/leblog.wesco.fr\/fr\/","name":"Blog Wesco","description":"Le rendez-vous des enfants, des parents et des professionnels","potentialAction":[{"@type":"SearchAction","target":{"@type":"EntryPoint","urlTemplate":"https:\/\/leblog.wesco.fr\/fr\/?s={search_term_string}"},"query-input":{"@type":"PropertyValueSpecification","valueRequired":true,"valueName":"search_term_string"}}],"inLanguage":"fr-FR"},{"@type":"Person","@id":"https:\/\/leblog.wesco.fr\/fr\/#\/schema\/person\/3e6564df45acb4a6da39864b46a6a3a1","name":"Caroline Bretaudeau","url":"https:\/\/leblog.wesco.fr\/fr\/author\/cbretaudeau\/"}]}},"modified_by":"Adeline Glotin","_links":{"self":[{"href":"https:\/\/leblog.wesco.fr\/fr\/wp-json\/wp\/v2\/posts\/125162","targetHints":{"allow":["GET"]}}],"collection":[{"href":"https:\/\/leblog.wesco.fr\/fr\/wp-json\/wp\/v2\/posts"}],"about":[{"href":"https:\/\/leblog.wesco.fr\/fr\/wp-json\/wp\/v2\/types\/post"}],"author":[{"embeddable":true,"href":"https:\/\/leblog.wesco.fr\/fr\/wp-json\/wp\/v2\/users\/13"}],"replies":[{"embeddable":true,"href":"https:\/\/leblog.wesco.fr\/fr\/wp-json\/wp\/v2\/comments?post=125162"}],"version-history":[{"count":23,"href":"https:\/\/leblog.wesco.fr\/fr\/wp-json\/wp\/v2\/posts\/125162\/revisions"}],"predecessor-version":[{"id":131353,"href":"https:\/\/leblog.wesco.fr\/fr\/wp-json\/wp\/v2\/posts\/125162\/revisions\/131353"}],"wp:featuredmedia":[{"embeddable":true,"href":"https:\/\/leblog.wesco.fr\/fr\/wp-json\/wp\/v2\/media\/125165"}],"wp:attachment":[{"href":"https:\/\/leblog.wesco.fr\/fr\/wp-json\/wp\/v2\/media?parent=125162"}],"wp:term":[{"taxonomy":"category","embeddable":true,"href":"https:\/\/leblog.wesco.fr\/fr\/wp-json\/wp\/v2\/categories?post=125162"},{"taxonomy":"post_tag","embeddable":true,"href":"https:\/\/leblog.wesco.fr\/fr\/wp-json\/wp\/v2\/tags?post=125162"}],"curies":[{"name":"wp","href":"https:\/\/api.w.org\/{rel}","templated":true}]}}